{"id":9798,"date":"2020-12-15T17:17:42","date_gmt":"2020-12-15T16:17:42","guid":{"rendered":"https:\/\/berrygoodnews.fr\/?p=9798"},"modified":"2020-12-15T17:17:56","modified_gmt":"2020-12-15T16:17:56","slug":"concours-quartiers-cafes-oberry-cafe-est-laureat-une-victoire-meritee","status":"publish","type":"post","link":"https:\/\/berrygoodnews.fr\/index.php\/2020\/12\/15\/concours-quartiers-cafes-oberry-cafe-est-laureat-une-victoire-meritee\/","title":{"rendered":"Concours \u00ab\u00a0Quartiers Caf\u00e9s\u00a0\u00bb: O&rsquo;Berry Caf\u00e9 est Laur\u00e9at, une victoire m\u00e9rit\u00e9e!"},"content":{"rendered":"\n<figure class=\"wp-block-embed-youtube wp-block-embed is-type-video is-provider-youtube wp-embed-aspect-16-9 wp-has-aspect-ratio\"><div class=\"wp-block-embed__wrapper\">\n<iframe loading=\"lazy\" width=\"850\" height=\"478\" src=\"https:\/\/www.youtube.com\/embed\/3OD-Odi3S0I?feature=oembed\" frameborder=\"0\" allow=\"accelerometer; autoplay; clipboard-write; encrypted-media; gyroscope; picture-in-picture; web-share\" allowfullscreen title=\"Quartiers caf\u00e9: Caf\u00e9 O&#39;berry de vierzon est laur\u00e9at\"><\/iframe>\n<\/div><\/figure>\n\n\n\n<p>Notre Caf\u00e9 associatif a \u00e9t\u00e9 r\u00e9compens\u00e9 aupr\u00e8s d&rsquo;un jury de professionnels qui compris l&rsquo;importance grandissante d&rsquo;O&rsquo;Berry Caf\u00e9 qui a su tisser de \u00ab\u00a0vrais\u00a0\u00bb liens sociaux dans la ville de Vierzon. Une victoire m\u00e9rit\u00e9e car l&rsquo;\u00e9quipe  d&rsquo;O&rsquo;Berry Caf\u00e9  est aussi combative qu&rsquo;efficace. Des \u00e9v\u00e9nements, des concerts, des journ\u00e9es et soir\u00e9es \u00ab\u00a0jeux\u00a0\u00bb, des rencontres, des initiations&#8230; Et ce n&rsquo;est que le d\u00e9but! La passions des autres est un moteur des plus positifs. Alors Vierzonnais n&rsquo;oubliez surtout pas que c&rsquo;est un lieu privil\u00e9gi\u00e9 pour se rencontrer et \u00e9changer en toute convivialit\u00e9.  <\/p>\n\n\n\n<p><\/p>\n\n\n\n<figure class=\"wp-block-image\"><img data-recalc-dims=\"1\" loading=\"lazy\" decoding=\"async\" width=\"850\" height=\"478\" data-attachment-id=\"9800\" data-permalink=\"https:\/\/berrygoodnews.fr\/index.php\/2020\/12\/15\/concours-quartiers-cafes-oberry-cafe-est-laureat-une-victoire-meritee\/p1900370\/\" data-orig-file=\"https:\/\/i0.wp.com\/berrygoodnews.fr\/wp-content\/uploads\/2020\/12\/P1900370.jpg?fit=4592%2C2584&amp;ssl=1\" data-orig-size=\"4592,2584\" data-comments-opened=\"1\" data-image-meta=\"{&quot;aperture&quot;:&quot;3.8&quot;,&quot;credit&quot;:&quot;&quot;,&quot;camera&quot;:&quot;DMC-G80&quot;,&quot;caption&quot;:&quot;&quot;,&quot;created_timestamp&quot;:&quot;1607514120&quot;,&quot;copyright&quot;:&quot;&quot;,&quot;focal_length&quot;:&quot;17&quot;,&quot;iso&quot;:&quot;1000&quot;,&quot;shutter_speed&quot;:&quot;0.016666666666667&quot;,&quot;title&quot;:&quot;&quot;,&quot;orientation&quot;:&quot;1&quot;}\" data-image-title=\"P1900370\" data-image-description=\"\" data-image-caption=\"\" data-medium-file=\"https:\/\/i0.wp.com\/berrygoodnews.fr\/wp-content\/uploads\/2020\/12\/P1900370.jpg?fit=300%2C169&amp;ssl=1\" data-large-file=\"https:\/\/i0.wp.com\/berrygoodnews.fr\/wp-content\/uploads\/2020\/12\/P1900370.jpg?fit=850%2C478&amp;ssl=1\" src=\"https:\/\/i0.wp.com\/berrygoodnews.fr\/wp-content\/uploads\/2020\/12\/P1900370.jpg?resize=850%2C478&#038;ssl=1\" alt=\"\" class=\"wp-image-9800\" srcset=\"https:\/\/i0.wp.com\/berrygoodnews.fr\/wp-content\/uploads\/2020\/12\/P1900370.jpg?resize=1024%2C576&amp;ssl=1 1024w, https:\/\/i0.wp.com\/berrygoodnews.fr\/wp-content\/uploads\/2020\/12\/P1900370.jpg?resize=300%2C169&amp;ssl=1 300w, https:\/\/i0.wp.com\/berrygoodnews.fr\/wp-content\/uploads\/2020\/12\/P1900370.jpg?resize=768%2C432&amp;ssl=1 768w, https:\/\/i0.wp.com\/berrygoodnews.fr\/wp-content\/uploads\/2020\/12\/P1900370.jpg?resize=845%2C475&amp;ssl=1 845w, https:\/\/i0.wp.com\/berrygoodnews.fr\/wp-content\/uploads\/2020\/12\/P1900370.jpg?resize=1240%2C698&amp;ssl=1 1240w, https:\/\/i0.wp.com\/berrygoodnews.fr\/wp-content\/uploads\/2020\/12\/P1900370.jpg?w=1700&amp;ssl=1 1700w, https:\/\/i0.wp.com\/berrygoodnews.fr\/wp-content\/uploads\/2020\/12\/P1900370.jpg?w=2550&amp;ssl=1 2550w\" sizes=\"auto, (max-width: 850px) 100vw, 850px\" \/><\/figure>\n\n\n\n<p>Vous ne r\u00eavez pas 10 000 Euros, ce n&rsquo;est pas un jeu de hasard ni une tombola mais un concours o\u00f9 les meilleurs deviennent des laur\u00e9ats au niveau National, et Vierzon galope en t\u00eate pour un tierc\u00e9 gagnant.<\/p>\n\n\n\n<h3 class=\"wp-block-heading\">GROUPE SOS ET COCA\u2011COLA LANCENT:  QUARTIERS CAF\u00c9S <\/h3>\n\n\n\n<p>Port\u00e9 par le GROUPE SOS et Coca\u2011Cola France, Quartiers Caf\u00e9s est un programme en faveur du lien social dans les quartiers prioritaires avec comme objectif de soutenir 50 commerces de proximit\u00e9 d&rsquo;ici la fin de l&rsquo;ann\u00e9e.\u00a0<br>Rendez-vous d\u00e8s maintenant sur\u00a0<a href=\"http:\/\/quartierscafes.org\/\">quartierscafes.org<\/a>\u00a0pour obtenir plus d&rsquo;informations et pour soumettre votre candidature.<\/p>\n\n\n\n<figure class=\"wp-block-image\"><a href=\"http:\/\/quartierscafes.org\/\"><img data-recalc-dims=\"1\" decoding=\"async\" src=\"https:\/\/i0.wp.com\/berrygoodnews.fr\/wp-content\/uploads\/2020\/12\/logo-quartiers-cafes.png?w=850&#038;ssl=1\" alt=\"\"\/><\/a><\/figure>\n\n\n\n<h2 class=\"wp-block-heading\">EN SAVOIR PLUS SUR QUARTIERS CAF\u00c9S<\/h2>\n\n\n\n<h5 class=\"wp-block-heading\">Avec Quartiers Caf\u00e9s, GROUPE SOS et Coca\u2011Cola s\u2019unissent en faveur du lien social<\/h5>\n\n\n\n<p>Apr\u00e8s plusieurs mois de confinement en France, le maintien du lien social est un enjeu majeur. Fort de ce constat, Le GROUPE SOS avec Coca\u2011Cola a imagin\u00e9 Quartiers Caf\u00e9s, une initiative pour soutenir les commerces de proximit\u00e9, des acteurs cl\u00e9s du lien social dans les quartiers prioritaires. <\/p>\n\n\n\n<p><br><\/p>\n","protected":false},"excerpt":{"rendered":"<p>Notre Caf\u00e9 associatif a \u00e9t\u00e9 r\u00e9compens\u00e9 aupr\u00e8s d&rsquo;un jury de professionnels qui compris l&rsquo;importance grandissante d&rsquo;O&rsquo;Berry Caf\u00e9 qui a su tisser de \u00ab\u00a0vrais\u00a0\u00bb liens sociaux dans la ville de Vierzon. Une victoire m\u00e9rit\u00e9e car l&rsquo;\u00e9quipe d&rsquo;O&rsquo;Berry Caf\u00e9 est aussi combative qu&rsquo;efficace. Des \u00e9v\u00e9nements, des concerts, des journ\u00e9es et soir\u00e9es \u00ab\u00a0jeux\u00a0\u00bb, des rencontres, des initiations&#8230; Et &hellip;<\/p>\n","protected":false},"author":2,"featured_media":9802,"comment_status":"open","ping_status":"open","sticky":false,"template":"","format":"standard","meta":{"jetpack_post_was_ever_published":false,"_jetpack_newsletter_access":"","_jetpack_dont_email_post_to_subs":false,"_jetpack_newsletter_tier_id":0,"_jetpack_memberships_contains_paywalled_content":false,"_jetpack_memberships_contains_paid_content":false,"footnotes":"","jetpack_publicize_message":"","jetpack_publicize_feature_enabled":true,"jetpack_social_post_already_shared":true,"jetpack_social_options":{"image_generator_settings":{"template":"highway","default_image_id":0,"font":"","enabled":false},"version":2}},"categories":[34,14,43],"tags":[1317,19,1285,1319,1318,27],"post_format":[],"flags":[],"class_list":["post-9798","post","type-post","status-publish","format-standard","has-post-thumbnail","hentry","category-region-centre","category-vierzon-et-ses-environs","category-vous","tag-berrygoodnewsws-fr","tag-berrygoodvierzon-fr","tag-cafe-oberry","tag-lien-social","tag-quartiers-cafes","tag-vierzon"],"yoast_head":"<!-- This site is optimized with the Yoast SEO plugin v26.8 - https:\/\/yoast.com\/product\/yoast-seo-wordpress\/ -->\n<title>Concours &quot;Quartiers Caf\u00e9s&quot;: O&#039;Berry Caf\u00e9 est Laur\u00e9at, une victoire m\u00e9rit\u00e9e! - Berry Good News<\/title>\n<meta name=\"robots\" content=\"index, follow, max-snippet:-1, max-image-preview:large, max-video-preview:-1\" \/>\n<link rel=\"canonical\" href=\"https:\/\/berrygoodnews.fr\/index.php\/2020\/12\/15\/concours-quartiers-cafes-oberry-cafe-est-laureat-une-victoire-meritee\/\" \/>\n<meta property=\"og:locale\" content=\"fr_FR\" \/>\n<meta property=\"og:type\" content=\"article\" \/>\n<meta property=\"og:title\" content=\"Concours &quot;Quartiers Caf\u00e9s&quot;: O&#039;Berry Caf\u00e9 est Laur\u00e9at, une victoire m\u00e9rit\u00e9e! - Berry Good News\" \/>\n<meta property=\"og:description\" content=\"Notre Caf\u00e9 associatif a \u00e9t\u00e9 r\u00e9compens\u00e9 aupr\u00e8s d&rsquo;un jury de professionnels qui compris l&rsquo;importance grandissante d&rsquo;O&rsquo;Berry Caf\u00e9 qui a su tisser de \u00ab\u00a0vrais\u00a0\u00bb liens sociaux dans la ville de Vierzon. Une victoire m\u00e9rit\u00e9e car l&rsquo;\u00e9quipe d&rsquo;O&rsquo;Berry Caf\u00e9 est aussi combative qu&rsquo;efficace. Des \u00e9v\u00e9nements, des concerts, des journ\u00e9es et soir\u00e9es \u00ab\u00a0jeux\u00a0\u00bb, des rencontres, des initiations&#8230; Et &hellip;\" \/>\n<meta property=\"og:url\" content=\"https:\/\/berrygoodnews.fr\/index.php\/2020\/12\/15\/concours-quartiers-cafes-oberry-cafe-est-laureat-une-victoire-meritee\/\" \/>\n<meta property=\"og:site_name\" content=\"Berry Good News\" \/>\n<meta property=\"article:publisher\" content=\"https:\/\/www.facebook.com\/berrygoodnews\/\" \/>\n<meta property=\"article:published_time\" content=\"2020-12-15T16:17:42+00:00\" \/>\n<meta property=\"article:modified_time\" content=\"2020-12-15T16:17:56+00:00\" \/>\n<meta property=\"og:image\" content=\"https:\/\/berrygoodnews.fr\/wp-content\/uploads\/2020\/12\/P1900353-1024x576.jpg\" \/>\n\t<meta property=\"og:image:width\" content=\"1024\" \/>\n\t<meta property=\"og:image:height\" content=\"576\" \/>\n\t<meta property=\"og:image:type\" content=\"image\/jpeg\" \/>\n<meta name=\"author\" content=\"Berry Good News\" \/>\n<meta name=\"twitter:card\" content=\"summary_large_image\" \/>\n<meta name=\"twitter:label1\" content=\"\u00c9crit par\" \/>\n\t<meta name=\"twitter:data1\" content=\"Berry Good News\" \/>\n\t<meta name=\"twitter:label2\" content=\"Dur\u00e9e de lecture estim\u00e9e\" \/>\n\t<meta name=\"twitter:data2\" content=\"1 minute\" \/>\n<script type=\"application\/ld+json\" class=\"yoast-schema-graph\">{\"@context\":\"https:\/\/schema.org\",\"@graph\":[{\"@type\":\"Article\",\"@id\":\"https:\/\/berrygoodnews.fr\/index.php\/2020\/12\/15\/concours-quartiers-cafes-oberry-cafe-est-laureat-une-victoire-meritee\/#article\",\"isPartOf\":{\"@id\":\"https:\/\/berrygoodnews.fr\/index.php\/2020\/12\/15\/concours-quartiers-cafes-oberry-cafe-est-laureat-une-victoire-meritee\/\"},\"author\":{\"name\":\"Berry Good News\",\"@id\":\"https:\/\/berrygoodnews.fr\/#\/schema\/person\/6dbdc03bea7806cc92376ffe2fcd047d\"},\"headline\":\"Concours \u00ab\u00a0Quartiers Caf\u00e9s\u00a0\u00bb: O&rsquo;Berry Caf\u00e9 est Laur\u00e9at, une victoire m\u00e9rit\u00e9e!\",\"datePublished\":\"2020-12-15T16:17:42+00:00\",\"dateModified\":\"2020-12-15T16:17:56+00:00\",\"mainEntityOfPage\":{\"@id\":\"https:\/\/berrygoodnews.fr\/index.php\/2020\/12\/15\/concours-quartiers-cafes-oberry-cafe-est-laureat-une-victoire-meritee\/\"},\"wordCount\":312,\"commentCount\":0,\"publisher\":{\"@id\":\"https:\/\/berrygoodnews.fr\/#organization\"},\"image\":{\"@id\":\"https:\/\/berrygoodnews.fr\/index.php\/2020\/12\/15\/concours-quartiers-cafes-oberry-cafe-est-laureat-une-victoire-meritee\/#primaryimage\"},\"thumbnailUrl\":\"https:\/\/i0.wp.com\/berrygoodnews.fr\/wp-content\/uploads\/2020\/12\/P1900353.jpg?fit=4592%2C2584&ssl=1\",\"keywords\":[\"berrygoodnewsws.fr\",\"berrygoodvierzon.fr\",\"caf\u00e9 o'berry\",\"lien social\",\"quartiers caf\u00e9s\",\"vierzon\"],\"articleSection\":[\"R\u00e9gion Centre\",\"Vierzon et ses Environs\",\"Vivre mieux\"],\"inLanguage\":\"fr-FR\",\"potentialAction\":[{\"@type\":\"CommentAction\",\"name\":\"Comment\",\"target\":[\"https:\/\/berrygoodnews.fr\/index.php\/2020\/12\/15\/concours-quartiers-cafes-oberry-cafe-est-laureat-une-victoire-meritee\/#respond\"]}]},{\"@type\":\"WebPage\",\"@id\":\"https:\/\/berrygoodnews.fr\/index.php\/2020\/12\/15\/concours-quartiers-cafes-oberry-cafe-est-laureat-une-victoire-meritee\/\",\"url\":\"https:\/\/berrygoodnews.fr\/index.php\/2020\/12\/15\/concours-quartiers-cafes-oberry-cafe-est-laureat-une-victoire-meritee\/\",\"name\":\"Concours \\\"Quartiers Caf\u00e9s\\\": O'Berry Caf\u00e9 est Laur\u00e9at, une victoire m\u00e9rit\u00e9e! - Berry Good News\",\"isPartOf\":{\"@id\":\"https:\/\/berrygoodnews.fr\/#website\"},\"primaryImageOfPage\":{\"@id\":\"https:\/\/berrygoodnews.fr\/index.php\/2020\/12\/15\/concours-quartiers-cafes-oberry-cafe-est-laureat-une-victoire-meritee\/#primaryimage\"},\"image\":{\"@id\":\"https:\/\/berrygoodnews.fr\/index.php\/2020\/12\/15\/concours-quartiers-cafes-oberry-cafe-est-laureat-une-victoire-meritee\/#primaryimage\"},\"thumbnailUrl\":\"https:\/\/i0.wp.com\/berrygoodnews.fr\/wp-content\/uploads\/2020\/12\/P1900353.jpg?fit=4592%2C2584&ssl=1\",\"datePublished\":\"2020-12-15T16:17:42+00:00\",\"dateModified\":\"2020-12-15T16:17:56+00:00\",\"breadcrumb\":{\"@id\":\"https:\/\/berrygoodnews.fr\/index.php\/2020\/12\/15\/concours-quartiers-cafes-oberry-cafe-est-laureat-une-victoire-meritee\/#breadcrumb\"},\"inLanguage\":\"fr-FR\",\"potentialAction\":[{\"@type\":\"ReadAction\",\"target\":[\"https:\/\/berrygoodnews.fr\/index.php\/2020\/12\/15\/concours-quartiers-cafes-oberry-cafe-est-laureat-une-victoire-meritee\/\"]}]},{\"@type\":\"ImageObject\",\"inLanguage\":\"fr-FR\",\"@id\":\"https:\/\/berrygoodnews.fr\/index.php\/2020\/12\/15\/concours-quartiers-cafes-oberry-cafe-est-laureat-une-victoire-meritee\/#primaryimage\",\"url\":\"https:\/\/i0.wp.com\/berrygoodnews.fr\/wp-content\/uploads\/2020\/12\/P1900353.jpg?fit=4592%2C2584&ssl=1\",\"contentUrl\":\"https:\/\/i0.wp.com\/berrygoodnews.fr\/wp-content\/uploads\/2020\/12\/P1900353.jpg?fit=4592%2C2584&ssl=1\",\"width\":4592,\"height\":2584},{\"@type\":\"BreadcrumbList\",\"@id\":\"https:\/\/berrygoodnews.fr\/index.php\/2020\/12\/15\/concours-quartiers-cafes-oberry-cafe-est-laureat-une-victoire-meritee\/#breadcrumb\",\"itemListElement\":[{\"@type\":\"ListItem\",\"position\":1,\"name\":\"Accueil\",\"item\":\"https:\/\/berrygoodnews.fr\/\"},{\"@type\":\"ListItem\",\"position\":2,\"name\":\"Concours \u00ab\u00a0Quartiers Caf\u00e9s\u00a0\u00bb: O&rsquo;Berry Caf\u00e9 est Laur\u00e9at, une victoire m\u00e9rit\u00e9e!\"}]},{\"@type\":\"WebSite\",\"@id\":\"https:\/\/berrygoodnews.fr\/#website\",\"url\":\"https:\/\/berrygoodnews.fr\/\",\"name\":\"Berry Good News\",\"description\":\"Le Centre En Action\",\"publisher\":{\"@id\":\"https:\/\/berrygoodnews.fr\/#organization\"},\"potentialAction\":[{\"@type\":\"SearchAction\",\"target\":{\"@type\":\"EntryPoint\",\"urlTemplate\":\"https:\/\/berrygoodnews.fr\/?s={search_term_string}\"},\"query-input\":{\"@type\":\"PropertyValueSpecification\",\"valueRequired\":true,\"valueName\":\"search_term_string\"}}],\"inLanguage\":\"fr-FR\"},{\"@type\":\"Organization\",\"@id\":\"https:\/\/berrygoodnews.fr\/#organization\",\"name\":\"Berry Good News\",\"url\":\"https:\/\/berrygoodnews.fr\/\",\"logo\":{\"@type\":\"ImageObject\",\"inLanguage\":\"fr-FR\",\"@id\":\"https:\/\/berrygoodnews.fr\/#\/schema\/logo\/image\/\",\"url\":\"https:\/\/i0.wp.com\/berrygoodnews.fr\/wp-content\/uploads\/2023\/05\/LogoBGNCouleur.png?fit=318%2C181&ssl=1\",\"contentUrl\":\"https:\/\/i0.wp.com\/berrygoodnews.fr\/wp-content\/uploads\/2023\/05\/LogoBGNCouleur.png?fit=318%2C181&ssl=1\",\"width\":318,\"height\":181,\"caption\":\"Berry Good News\"},\"image\":{\"@id\":\"https:\/\/berrygoodnews.fr\/#\/schema\/logo\/image\/\"},\"sameAs\":[\"https:\/\/www.facebook.com\/berrygoodnews\/\",\"https:\/\/www.youtube.com\/channel\/UCdNcluXQMXIRcNvap69zaWg\"]},{\"@type\":\"Person\",\"@id\":\"https:\/\/berrygoodnews.fr\/#\/schema\/person\/6dbdc03bea7806cc92376ffe2fcd047d\",\"name\":\"Berry Good News\",\"image\":{\"@type\":\"ImageObject\",\"inLanguage\":\"fr-FR\",\"@id\":\"https:\/\/berrygoodnews.fr\/#\/schema\/person\/image\/\",\"url\":\"https:\/\/secure.gravatar.com\/avatar\/dc97e2c83b7805754cf833611fb0eaf80fd556a613a9819de1842868762ec883?s=96&d=mm&r=g\",\"contentUrl\":\"https:\/\/secure.gravatar.com\/avatar\/dc97e2c83b7805754cf833611fb0eaf80fd556a613a9819de1842868762ec883?s=96&d=mm&r=g\",\"caption\":\"Berry Good News\"},\"description\":\"Ex-parisienne, qui a choisi de s'installer il y a six ans \u00e0 Vierzon avec une activit\u00e9 de chambres d'h\u00f4tes. J'ai d\u00e9cid\u00e9 de montrer les bonnes initiatives. Je suis tr\u00e8s optimiste car on a beaucoup de talents ici. J'avais envie de changer la vision que certains ont sur la ville.\",\"url\":\"https:\/\/berrygoodnews.fr\/index.php\/author\/hv\/\"}]}<\/script>\n<!-- \/ Yoast SEO plugin. -->","yoast_head_json":{"title":"Concours \"Quartiers Caf\u00e9s\": O'Berry Caf\u00e9 est Laur\u00e9at, une victoire m\u00e9rit\u00e9e! - Berry Good News","robots":{"index":"index","follow":"follow","max-snippet":"max-snippet:-1","max-image-preview":"max-image-preview:large","max-video-preview":"max-video-preview:-1"},"canonical":"https:\/\/berrygoodnews.fr\/index.php\/2020\/12\/15\/concours-quartiers-cafes-oberry-cafe-est-laureat-une-victoire-meritee\/","og_locale":"fr_FR","og_type":"article","og_title":"Concours \"Quartiers Caf\u00e9s\": O'Berry Caf\u00e9 est Laur\u00e9at, une victoire m\u00e9rit\u00e9e! - Berry Good News","og_description":"Notre Caf\u00e9 associatif a \u00e9t\u00e9 r\u00e9compens\u00e9 aupr\u00e8s d&rsquo;un jury de professionnels qui compris l&rsquo;importance grandissante d&rsquo;O&rsquo;Berry Caf\u00e9 qui a su tisser de \u00ab\u00a0vrais\u00a0\u00bb liens sociaux dans la ville de Vierzon. Une victoire m\u00e9rit\u00e9e car l&rsquo;\u00e9quipe d&rsquo;O&rsquo;Berry Caf\u00e9 est aussi combative qu&rsquo;efficace. Des \u00e9v\u00e9nements, des concerts, des journ\u00e9es et soir\u00e9es \u00ab\u00a0jeux\u00a0\u00bb, des rencontres, des initiations&#8230; Et &hellip;","og_url":"https:\/\/berrygoodnews.fr\/index.php\/2020\/12\/15\/concours-quartiers-cafes-oberry-cafe-est-laureat-une-victoire-meritee\/","og_site_name":"Berry Good News","article_publisher":"https:\/\/www.facebook.com\/berrygoodnews\/","article_published_time":"2020-12-15T16:17:42+00:00","article_modified_time":"2020-12-15T16:17:56+00:00","og_image":[{"width":1024,"height":576,"url":"https:\/\/berrygoodnews.fr\/wp-content\/uploads\/2020\/12\/P1900353-1024x576.jpg","type":"image\/jpeg"}],"author":"Berry Good News","twitter_card":"summary_large_image","twitter_misc":{"\u00c9crit par":"Berry Good News","Dur\u00e9e de lecture estim\u00e9e":"1 minute"},"schema":{"@context":"https:\/\/schema.org","@graph":[{"@type":"Article","@id":"https:\/\/berrygoodnews.fr\/index.php\/2020\/12\/15\/concours-quartiers-cafes-oberry-cafe-est-laureat-une-victoire-meritee\/#article","isPartOf":{"@id":"https:\/\/berrygoodnews.fr\/index.php\/2020\/12\/15\/concours-quartiers-cafes-oberry-cafe-est-laureat-une-victoire-meritee\/"},"author":{"name":"Berry Good News","@id":"https:\/\/berrygoodnews.fr\/#\/schema\/person\/6dbdc03bea7806cc92376ffe2fcd047d"},"headline":"Concours \u00ab\u00a0Quartiers Caf\u00e9s\u00a0\u00bb: O&rsquo;Berry Caf\u00e9 est Laur\u00e9at, une victoire m\u00e9rit\u00e9e!","datePublished":"2020-12-15T16:17:42+00:00","dateModified":"2020-12-15T16:17:56+00:00","mainEntityOfPage":{"@id":"https:\/\/berrygoodnews.fr\/index.php\/2020\/12\/15\/concours-quartiers-cafes-oberry-cafe-est-laureat-une-victoire-meritee\/"},"wordCount":312,"commentCount":0,"publisher":{"@id":"https:\/\/berrygoodnews.fr\/#organization"},"image":{"@id":"https:\/\/berrygoodnews.fr\/index.php\/2020\/12\/15\/concours-quartiers-cafes-oberry-cafe-est-laureat-une-victoire-meritee\/#primaryimage"},"thumbnailUrl":"https:\/\/i0.wp.com\/berrygoodnews.fr\/wp-content\/uploads\/2020\/12\/P1900353.jpg?fit=4592%2C2584&ssl=1","keywords":["berrygoodnewsws.fr","berrygoodvierzon.fr","caf\u00e9 o'berry","lien social","quartiers caf\u00e9s","vierzon"],"articleSection":["R\u00e9gion Centre","Vierzon et ses Environs","Vivre mieux"],"inLanguage":"fr-FR","potentialAction":[{"@type":"CommentAction","name":"Comment","target":["https:\/\/berrygoodnews.fr\/index.php\/2020\/12\/15\/concours-quartiers-cafes-oberry-cafe-est-laureat-une-victoire-meritee\/#respond"]}]},{"@type":"WebPage","@id":"https:\/\/berrygoodnews.fr\/index.php\/2020\/12\/15\/concours-quartiers-cafes-oberry-cafe-est-laureat-une-victoire-meritee\/","url":"https:\/\/berrygoodnews.fr\/index.php\/2020\/12\/15\/concours-quartiers-cafes-oberry-cafe-est-laureat-une-victoire-meritee\/","name":"Concours \"Quartiers Caf\u00e9s\": O'Berry Caf\u00e9 est Laur\u00e9at, une victoire m\u00e9rit\u00e9e! - Berry Good News","isPartOf":{"@id":"https:\/\/berrygoodnews.fr\/#website"},"primaryImageOfPage":{"@id":"https:\/\/berrygoodnews.fr\/index.php\/2020\/12\/15\/concours-quartiers-cafes-oberry-cafe-est-laureat-une-victoire-meritee\/#primaryimage"},"image":{"@id":"https:\/\/berrygoodnews.fr\/index.php\/2020\/12\/15\/concours-quartiers-cafes-oberry-cafe-est-laureat-une-victoire-meritee\/#primaryimage"},"thumbnailUrl":"https:\/\/i0.wp.com\/berrygoodnews.fr\/wp-content\/uploads\/2020\/12\/P1900353.jpg?fit=4592%2C2584&ssl=1","datePublished":"2020-12-15T16:17:42+00:00","dateModified":"2020-12-15T16:17:56+00:00","breadcrumb":{"@id":"https:\/\/berrygoodnews.fr\/index.php\/2020\/12\/15\/concours-quartiers-cafes-oberry-cafe-est-laureat-une-victoire-meritee\/#breadcrumb"},"inLanguage":"fr-FR","potentialAction":[{"@type":"ReadAction","target":["https:\/\/berrygoodnews.fr\/index.php\/2020\/12\/15\/concours-quartiers-cafes-oberry-cafe-est-laureat-une-victoire-meritee\/"]}]},{"@type":"ImageObject","inLanguage":"fr-FR","@id":"https:\/\/berrygoodnews.fr\/index.php\/2020\/12\/15\/concours-quartiers-cafes-oberry-cafe-est-laureat-une-victoire-meritee\/#primaryimage","url":"https:\/\/i0.wp.com\/berrygoodnews.fr\/wp-content\/uploads\/2020\/12\/P1900353.jpg?fit=4592%2C2584&ssl=1","contentUrl":"https:\/\/i0.wp.com\/berrygoodnews.fr\/wp-content\/uploads\/2020\/12\/P1900353.jpg?fit=4592%2C2584&ssl=1","width":4592,"height":2584},{"@type":"BreadcrumbList","@id":"https:\/\/berrygoodnews.fr\/index.php\/2020\/12\/15\/concours-quartiers-cafes-oberry-cafe-est-laureat-une-victoire-meritee\/#breadcrumb","itemListElement":[{"@type":"ListItem","position":1,"name":"Accueil","item":"https:\/\/berrygoodnews.fr\/"},{"@type":"ListItem","position":2,"name":"Concours \u00ab\u00a0Quartiers Caf\u00e9s\u00a0\u00bb: O&rsquo;Berry Caf\u00e9 est Laur\u00e9at, une victoire m\u00e9rit\u00e9e!"}]},{"@type":"WebSite","@id":"https:\/\/berrygoodnews.fr\/#website","url":"https:\/\/berrygoodnews.fr\/","name":"Berry Good News","description":"Le Centre En Action","publisher":{"@id":"https:\/\/berrygoodnews.fr\/#organization"},"potentialAction":[{"@type":"SearchAction","target":{"@type":"EntryPoint","urlTemplate":"https:\/\/berrygoodnews.fr\/?s={search_term_string}"},"query-input":{"@type":"PropertyValueSpecification","valueRequired":true,"valueName":"search_term_string"}}],"inLanguage":"fr-FR"},{"@type":"Organization","@id":"https:\/\/berrygoodnews.fr\/#organization","name":"Berry Good News","url":"https:\/\/berrygoodnews.fr\/","logo":{"@type":"ImageObject","inLanguage":"fr-FR","@id":"https:\/\/berrygoodnews.fr\/#\/schema\/logo\/image\/","url":"https:\/\/i0.wp.com\/berrygoodnews.fr\/wp-content\/uploads\/2023\/05\/LogoBGNCouleur.png?fit=318%2C181&ssl=1","contentUrl":"https:\/\/i0.wp.com\/berrygoodnews.fr\/wp-content\/uploads\/2023\/05\/LogoBGNCouleur.png?fit=318%2C181&ssl=1","width":318,"height":181,"caption":"Berry Good News"},"image":{"@id":"https:\/\/berrygoodnews.fr\/#\/schema\/logo\/image\/"},"sameAs":["https:\/\/www.facebook.com\/berrygoodnews\/","https:\/\/www.youtube.com\/channel\/UCdNcluXQMXIRcNvap69zaWg"]},{"@type":"Person","@id":"https:\/\/berrygoodnews.fr\/#\/schema\/person\/6dbdc03bea7806cc92376ffe2fcd047d","name":"Berry Good News","image":{"@type":"ImageObject","inLanguage":"fr-FR","@id":"https:\/\/berrygoodnews.fr\/#\/schema\/person\/image\/","url":"https:\/\/secure.gravatar.com\/avatar\/dc97e2c83b7805754cf833611fb0eaf80fd556a613a9819de1842868762ec883?s=96&d=mm&r=g","contentUrl":"https:\/\/secure.gravatar.com\/avatar\/dc97e2c83b7805754cf833611fb0eaf80fd556a613a9819de1842868762ec883?s=96&d=mm&r=g","caption":"Berry Good News"},"description":"Ex-parisienne, qui a choisi de s'installer il y a six ans \u00e0 Vierzon avec une activit\u00e9 de chambres d'h\u00f4tes. J'ai d\u00e9cid\u00e9 de montrer les bonnes initiatives. Je suis tr\u00e8s optimiste car on a beaucoup de talents ici. J'avais envie de changer la vision que certains ont sur la ville.","url":"https:\/\/berrygoodnews.fr\/index.php\/author\/hv\/"}]}},"jetpack_publicize_connections":[],"jetpack_featured_media_url":"https:\/\/i0.wp.com\/berrygoodnews.fr\/wp-content\/uploads\/2020\/12\/P1900353.jpg?fit=4592%2C2584&ssl=1","jetpack_shortlink":"https:\/\/wp.me\/paGqD8-2y2","jetpack-related-posts":[],"jetpack_sharing_enabled":true,"_links":{"self":[{"href":"https:\/\/berrygoodnews.fr\/index.php\/wp-json\/wp\/v2\/posts\/9798","targetHints":{"allow":["GET"]}}],"collection":[{"href":"https:\/\/berrygoodnews.fr\/index.php\/wp-json\/wp\/v2\/posts"}],"about":[{"href":"https:\/\/berrygoodnews.fr\/index.php\/wp-json\/wp\/v2\/types\/post"}],"author":[{"embeddable":true,"href":"https:\/\/berrygoodnews.fr\/index.php\/wp-json\/wp\/v2\/users\/2"}],"replies":[{"embeddable":true,"href":"https:\/\/berrygoodnews.fr\/index.php\/wp-json\/wp\/v2\/comments?post=9798"}],"version-history":[{"count":1,"href":"https:\/\/berrygoodnews.fr\/index.php\/wp-json\/wp\/v2\/posts\/9798\/revisions"}],"predecessor-version":[{"id":9804,"href":"https:\/\/berrygoodnews.fr\/index.php\/wp-json\/wp\/v2\/posts\/9798\/revisions\/9804"}],"wp:featuredmedia":[{"embeddable":true,"href":"https:\/\/berrygoodnews.fr\/index.php\/wp-json\/wp\/v2\/media\/9802"}],"wp:attachment":[{"href":"https:\/\/berrygoodnews.fr\/index.php\/wp-json\/wp\/v2\/media?parent=9798"}],"wp:term":[{"taxonomy":"category","embeddable":true,"href":"https:\/\/berrygoodnews.fr\/index.php\/wp-json\/wp\/v2\/categories?post=9798"},{"taxonomy":"post_tag","embeddable":true,"href":"https:\/\/berrygoodnews.fr\/index.php\/wp-json\/wp\/v2\/tags?post=9798"},{"taxonomy":"post_format","embeddable":true,"href":"https:\/\/berrygoodnews.fr\/index.php\/wp-json\/wp\/v2\/post_format?post=9798"},{"taxonomy":"flags","embeddable":true,"href":"https:\/\/berrygoodnews.fr\/index.php\/wp-json\/wp\/v2\/flags?post=9798"}],"curies":[{"name":"wp","href":"https:\/\/api.w.org\/{rel}","templated":true}]}}