{"id":9679,"date":"2020-11-10T16:20:08","date_gmt":"2020-11-10T15:20:08","guid":{"rendered":"https:\/\/berrygoodnews.fr\/?p=9679"},"modified":"2020-12-09T20:11:39","modified_gmt":"2020-12-09T19:11:39","slug":"thiery-les-photos-de-paris-en-periode-covid19","status":"publish","type":"post","link":"https:\/\/berrygoodnews.fr\/index.php\/2020\/11\/10\/thiery-les-photos-de-paris-en-periode-covid19\/","title":{"rendered":"Thiery les photos de Paris en p\u00e9riode Covid19, magnifique et exceptionnel cadeau de fin d&rsquo;ann\u00e9e"},"content":{"rendered":"\n<h1 class=\"wp-block-heading\">PARIS-COVID 19<\/h1>\n\n\n\n<div class=\"wp-block-image\"><figure class=\"alignright\"><img decoding=\"async\" src=\"https:\/\/berrygoodnews.fr\/wp-content\/uploads\/2020\/11\/interview-thiery-beyne-facebook-amp-a-qui-mieux-mieux-com-300x157.png\" alt=\"\" class=\"wp-image-81354\"\/><\/figure><\/div>\n\n\n\n<p><strong><a href=\"http:\/\/tbeyne.neowordpress.fr\/\/wp-content\/uploads\/sites\/12488\/2020\/05\/1BD.jpg\">Plus qu\u2019un livre, un recueil de tirages de haute qualit\u00e9.&nbsp;<\/a><\/strong><\/p>\n\n\n\n<p class=\"has-drop-cap\">Thiery Beyne, un photographe au fort temp\u00e9rament, nous pr\u00e9sente un Paris insolite, aux aspects rares, un Paris vide comme un r\u00eave inaccessible car improbable. Personne, ni vie, ni couleur rien que la beaut\u00e9 d&rsquo;une ville exceptionnelle capt\u00e9e avec amour \u00e0 travers un objectif amoureux de Paris.&nbsp;Thiery Beyne a su saisir ces moments magiques o\u00f9 fiction et r\u00e9alit\u00e9 se rencontrent dans une alchimie magique.<\/p>\n\n\n\n<p><strong>Par ces temps de confinement g\u00e9n\u00e9ral j\u2019ai eu la chance de pouvoir parcourir avec mon Nikon un Paris vid\u00e9 de ses habitants et de ses touristes.<\/strong><\/p>\n\n\n\n<p><strong>Je vous propose \u00ab&nbsp;Un Paris jamais vu&nbsp;\u00bb.<\/strong><\/p>\n\n\n\n<p>Plus qu&rsquo;un simple livre de photographies,&nbsp; c&rsquo;est surtout un \u00ab\u00a0recueil de tirages photos\u00a0\u00bb tr\u00e8s, tr\u00e8s haut de gamme, qui est d\u00e9j\u00e0 reconnu comme \u00e9tant un cadeau exceptionnel pour les f\u00eates de fin d&rsquo;ann\u00e9e (pour vos collaborateurs par exemple, vos amis, votre famille\u2026). A p\u00e9riode exceptionnelle livre exceptionnel et qui deviendra \u00e0 coup s\u00fbr un bon investissement artistique car Paris vue sous cet angle c&rsquo;est insolite et si rare.&nbsp;<\/p>\n\n\n\n<p>Prix 180 Euros&nbsp;(mars\/avril 2020)&nbsp;<\/p>\n\n\n\n<p>(mars\/avril 2020)&nbsp;<\/p>\n\n\n\n<ul class=\"wp-block-gallery columns-3 is-cropped wp-block-gallery-1 is-layout-flex wp-block-gallery-is-layout-flex\"><li class=\"blocks-gallery-item\"><figure><img loading=\"lazy\" decoding=\"async\" width=\"300\" height=\"200\" src=\"https:\/\/berrygoodnews.fr\/wp-content\/uploads\/2020\/11\/PARIS-CONFINEMENT-25nbnomBD-300x200.jpg\" alt=\"\" data-id=\"9688\" data-link=\"https:\/\/berrygoodnews.fr\/index.php\/2020\/11\/10\/thiery-les-photos-de-paris-en-periode-covid19\/paris-confinement-25nbnombd-300x200\/\" class=\"wp-image-9688\"\/><\/figure><\/li><li class=\"blocks-gallery-item\"><figure><img loading=\"lazy\" decoding=\"async\" width=\"300\" height=\"200\" src=\"https:\/\/berrygoodnews.fr\/wp-content\/uploads\/2020\/11\/PARIS-CONFINEMENT-24nbnomBD-300x200.jpg\" alt=\"\" data-id=\"9687\" data-link=\"https:\/\/berrygoodnews.fr\/index.php\/2020\/11\/10\/thiery-les-photos-de-paris-en-periode-covid19\/paris-confinement-24nbnombd-300x200\/\" class=\"wp-image-9687\"\/><\/figure><\/li><li class=\"blocks-gallery-item\"><figure><img loading=\"lazy\" decoding=\"async\" width=\"300\" height=\"192\" src=\"https:\/\/berrygoodnews.fr\/wp-content\/uploads\/2020\/11\/PARIS-CONFINEMENT-15nbnomBD-300x192.jpg\" alt=\"\" data-id=\"9685\" data-link=\"https:\/\/berrygoodnews.fr\/index.php\/2020\/11\/10\/thiery-les-photos-de-paris-en-periode-covid19\/paris-confinement-15nbnombd-300x192\/\" class=\"wp-image-9685\"\/><\/figure><\/li><li class=\"blocks-gallery-item\"><figure><img loading=\"lazy\" decoding=\"async\" width=\"300\" height=\"207\" src=\"https:\/\/berrygoodnews.fr\/wp-content\/uploads\/2020\/11\/PARIS-CONFINEMENT-30nbnomBD-300x207.jpg\" alt=\"\" data-id=\"9691\" data-link=\"https:\/\/berrygoodnews.fr\/index.php\/2020\/11\/10\/thiery-les-photos-de-paris-en-periode-covid19\/paris-confinement-30nbnombd-300x207\/\" class=\"wp-image-9691\"\/><\/figure><\/li><li class=\"blocks-gallery-item\"><figure><img loading=\"lazy\" decoding=\"async\" width=\"300\" height=\"211\" src=\"https:\/\/berrygoodnews.fr\/wp-content\/uploads\/2020\/11\/PARIS-CONFINEMENT-28nbnomBD-300x211.jpg\" alt=\"\" data-id=\"9689\" data-link=\"https:\/\/berrygoodnews.fr\/index.php\/2020\/11\/10\/thiery-les-photos-de-paris-en-periode-covid19\/paris-confinement-28nbnombd-300x211\/\" class=\"wp-image-9689\" srcset=\"https:\/\/berrygoodnews.fr\/wp-content\/uploads\/2020\/11\/PARIS-CONFINEMENT-28nbnomBD-300x211.jpg 300w, https:\/\/berrygoodnews.fr\/wp-content\/uploads\/2020\/11\/PARIS-CONFINEMENT-28nbnomBD-300x211-104x74.jpg 104w\" sizes=\"auto, (max-width: 300px) 100vw, 300px\" \/><\/figure><\/li><li class=\"blocks-gallery-item\"><figure><img loading=\"lazy\" decoding=\"async\" width=\"300\" height=\"199\" src=\"https:\/\/berrygoodnews.fr\/wp-content\/uploads\/2020\/11\/PARIS-CONFINEMENT-12nbnomBD-1-300x199.jpg\" alt=\"\" data-id=\"9682\" data-link=\"https:\/\/berrygoodnews.fr\/index.php\/2020\/11\/10\/thiery-les-photos-de-paris-en-periode-covid19\/paris-confinement-12nbnombd-1-300x199\/\" class=\"wp-image-9682\"\/><\/figure><\/li><li class=\"blocks-gallery-item\"><figure><img loading=\"lazy\" decoding=\"async\" width=\"300\" height=\"207\" src=\"https:\/\/berrygoodnews.fr\/wp-content\/uploads\/2020\/11\/PARIS-CONFINEMENT-31nbnomBD-300x207.jpg\" alt=\"\" data-id=\"9692\" data-link=\"https:\/\/berrygoodnews.fr\/index.php\/2020\/11\/10\/thiery-les-photos-de-paris-en-periode-covid19\/paris-confinement-31nbnombd-300x207\/\" class=\"wp-image-9692\"\/><\/figure><\/li><li class=\"blocks-gallery-item\"><figure><img loading=\"lazy\" decoding=\"async\" width=\"300\" height=\"200\" src=\"https:\/\/berrygoodnews.fr\/wp-content\/uploads\/2020\/11\/PARIS-CONFINEMENT-29nbnomBD-300x200.jpg\" alt=\"\" data-id=\"9690\" data-link=\"https:\/\/berrygoodnews.fr\/index.php\/2020\/11\/10\/thiery-les-photos-de-paris-en-periode-covid19\/paris-confinement-29nbnombd-300x200\/\" class=\"wp-image-9690\"\/><\/figure><\/li><li class=\"blocks-gallery-item\"><figure><img loading=\"lazy\" decoding=\"async\" width=\"300\" height=\"199\" src=\"https:\/\/berrygoodnews.fr\/wp-content\/uploads\/2020\/11\/PARIS-CONFINEMENT-13nbnomBD-300x199.jpg\" alt=\"\" data-id=\"9683\" data-link=\"https:\/\/berrygoodnews.fr\/index.php\/2020\/11\/10\/thiery-les-photos-de-paris-en-periode-covid19\/paris-confinement-13nbnombd-300x199\/\" class=\"wp-image-9683\"\/><\/figure><\/li><li class=\"blocks-gallery-item\"><figure><img loading=\"lazy\" decoding=\"async\" width=\"300\" height=\"199\" src=\"https:\/\/berrygoodnews.fr\/wp-content\/uploads\/2020\/11\/PARIS-CONFINEMENT-14nomBD-300x199.jpg\" alt=\"\" data-id=\"9684\" data-link=\"https:\/\/berrygoodnews.fr\/index.php\/2020\/11\/10\/thiery-les-photos-de-paris-en-periode-covid19\/paris-confinement-14nombd-300x199\/\" class=\"wp-image-9684\"\/><\/figure><\/li><li class=\"blocks-gallery-item\"><figure><img loading=\"lazy\" decoding=\"async\" width=\"300\" height=\"200\" src=\"https:\/\/berrygoodnews.fr\/wp-content\/uploads\/2020\/11\/PARIS-CONFINEMENT-23nbnomBD-300x200.jpg\" alt=\"\" data-id=\"9686\" data-link=\"https:\/\/berrygoodnews.fr\/index.php\/2020\/11\/10\/thiery-les-photos-de-paris-en-periode-covid19\/paris-confinement-23nbnombd-300x200\/\" class=\"wp-image-9686\"\/><\/figure><\/li><li class=\"blocks-gallery-item\"><figure><img loading=\"lazy\" decoding=\"async\" width=\"300\" height=\"200\" src=\"https:\/\/berrygoodnews.fr\/wp-content\/uploads\/2020\/11\/PARIS-CONFINEMENT-49nbnombd-300x200.jpg\" alt=\"\" data-id=\"9702\" data-link=\"https:\/\/berrygoodnews.fr\/index.php\/2020\/11\/10\/thiery-les-photos-de-paris-en-periode-covid19\/paris-confinement-49nbnombd-300x200\/\" class=\"wp-image-9702\"\/><\/figure><\/li><li class=\"blocks-gallery-item\"><figure><img loading=\"lazy\" decoding=\"async\" width=\"300\" height=\"200\" src=\"https:\/\/berrygoodnews.fr\/wp-content\/uploads\/2020\/11\/PARIS-CONFINEMENT-38nbnombd-300x200.jpg\" alt=\"\" data-id=\"9698\" data-link=\"https:\/\/berrygoodnews.fr\/index.php\/2020\/11\/10\/thiery-les-photos-de-paris-en-periode-covid19\/paris-confinement-38nbnombd-300x200\/\" class=\"wp-image-9698\"\/><\/figure><\/li><li class=\"blocks-gallery-item\"><figure><img loading=\"lazy\" decoding=\"async\" width=\"300\" height=\"200\" src=\"https:\/\/berrygoodnews.fr\/wp-content\/uploads\/2020\/11\/PARIS-CONFINEMENT-35nbnomBD-300x200.jpg\" alt=\"\" data-id=\"9696\" data-link=\"https:\/\/berrygoodnews.fr\/index.php\/2020\/11\/10\/thiery-les-photos-de-paris-en-periode-covid19\/paris-confinement-35nbnombd-300x200\/\" class=\"wp-image-9696\"\/><\/figure><\/li><li class=\"blocks-gallery-item\"><figure><img loading=\"lazy\" decoding=\"async\" width=\"300\" height=\"200\" src=\"https:\/\/berrygoodnews.fr\/wp-content\/uploads\/2020\/11\/PARIS-CONFINEMENT-32nbnomBD-300x200.jpg\" alt=\"\" data-id=\"9693\" data-link=\"https:\/\/berrygoodnews.fr\/index.php\/2020\/11\/10\/thiery-les-photos-de-paris-en-periode-covid19\/paris-confinement-32nbnombd-300x200\/\" class=\"wp-image-9693\"\/><\/figure><\/li><li class=\"blocks-gallery-item\"><figure><img loading=\"lazy\" decoding=\"async\" width=\"300\" height=\"200\" src=\"https:\/\/berrygoodnews.fr\/wp-content\/uploads\/2020\/11\/PARIS-CONFINEMENT-39nbnombd-300x200.jpg\" alt=\"\" data-id=\"9699\" data-link=\"https:\/\/berrygoodnews.fr\/index.php\/2020\/11\/10\/thiery-les-photos-de-paris-en-periode-covid19\/paris-confinement-39nbnombd-300x200\/\" class=\"wp-image-9699\"\/><\/figure><\/li><li class=\"blocks-gallery-item\"><figure><img loading=\"lazy\" decoding=\"async\" width=\"300\" height=\"200\" src=\"https:\/\/berrygoodnews.fr\/wp-content\/uploads\/2020\/11\/PARIS-CONFINEMENT-48nbnombd-300x200.jpg\" alt=\"\" data-id=\"9701\" data-link=\"https:\/\/berrygoodnews.fr\/index.php\/2020\/11\/10\/thiery-les-photos-de-paris-en-periode-covid19\/paris-confinement-48nbnombd-300x200\/\" class=\"wp-image-9701\"\/><\/figure><\/li><li class=\"blocks-gallery-item\"><figure><img loading=\"lazy\" decoding=\"async\" width=\"300\" height=\"200\" src=\"https:\/\/berrygoodnews.fr\/wp-content\/uploads\/2020\/11\/PARIS-CONFINEMENT-34nbnomBD-300x200.jpg\" alt=\"\" data-id=\"9695\" data-link=\"https:\/\/berrygoodnews.fr\/index.php\/2020\/11\/10\/thiery-les-photos-de-paris-en-periode-covid19\/paris-confinement-34nbnombd-300x200\/\" class=\"wp-image-9695\"\/><\/figure><\/li><li class=\"blocks-gallery-item\"><figure><img loading=\"lazy\" decoding=\"async\" width=\"300\" height=\"180\" src=\"https:\/\/berrygoodnews.fr\/wp-content\/uploads\/2020\/11\/PARIS-CONFINEMENT-37nbnombd-300x180.jpg\" alt=\"\" data-id=\"9697\" data-link=\"https:\/\/berrygoodnews.fr\/index.php\/2020\/11\/10\/thiery-les-photos-de-paris-en-periode-covid19\/paris-confinement-37nbnombd-300x180\/\" class=\"wp-image-9697\"\/><\/figure><\/li><li class=\"blocks-gallery-item\"><figure><img loading=\"lazy\" decoding=\"async\" width=\"300\" height=\"199\" src=\"https:\/\/berrygoodnews.fr\/wp-content\/uploads\/2020\/11\/PARIS-CONFINEMENT-8nbnomBD-300x199.jpg\" alt=\"\" data-id=\"9709\" data-link=\"https:\/\/berrygoodnews.fr\/index.php\/2020\/11\/10\/thiery-les-photos-de-paris-en-periode-covid19\/paris-confinement-8nbnombd-300x199\/\" class=\"wp-image-9709\"\/><\/figure><\/li><li class=\"blocks-gallery-item\"><figure><img loading=\"lazy\" decoding=\"async\" width=\"300\" height=\"199\" src=\"https:\/\/berrygoodnews.fr\/wp-content\/uploads\/2020\/11\/PARIS-CONFINEMENT-12nbnomBD-300x199.jpg\" alt=\"\" data-id=\"9706\" data-link=\"https:\/\/berrygoodnews.fr\/index.php\/2020\/11\/10\/thiery-les-photos-de-paris-en-periode-covid19\/paris-confinement-12nbnombd-300x199\/\" class=\"wp-image-9706\"\/><\/figure><\/li><li class=\"blocks-gallery-item\"><figure><img loading=\"lazy\" decoding=\"async\" width=\"300\" height=\"199\" src=\"https:\/\/berrygoodnews.fr\/wp-content\/uploads\/2020\/11\/PARIS-CONFINEMENT-5nbnomBD-300x199.jpg\" alt=\"\" data-id=\"9710\" data-link=\"https:\/\/berrygoodnews.fr\/index.php\/2020\/11\/10\/thiery-les-photos-de-paris-en-periode-covid19\/paris-confinement-5nbnombd-300x199\/\" class=\"wp-image-9710\"\/><\/figure><\/li><li class=\"blocks-gallery-item\"><figure><img loading=\"lazy\" decoding=\"async\" width=\"300\" height=\"195\" src=\"https:\/\/berrygoodnews.fr\/wp-content\/uploads\/2020\/11\/PARIS-CONFINEMENT-10nbnomBD-300x195.jpg\" alt=\"\" data-id=\"9707\" data-link=\"https:\/\/berrygoodnews.fr\/index.php\/2020\/11\/10\/thiery-les-photos-de-paris-en-periode-covid19\/paris-confinement-10nbnombd-300x195\/\" class=\"wp-image-9707\"\/><\/figure><\/li><li class=\"blocks-gallery-item\"><figure><img loading=\"lazy\" decoding=\"async\" width=\"300\" height=\"199\" src=\"https:\/\/berrygoodnews.fr\/wp-content\/uploads\/2020\/11\/PARIS-CONFINEMENT-4nbnomBD-300x199.jpg\" alt=\"\" data-id=\"9711\" data-link=\"https:\/\/berrygoodnews.fr\/index.php\/2020\/11\/10\/thiery-les-photos-de-paris-en-periode-covid19\/paris-confinement-4nbnombd-300x199\/\" class=\"wp-image-9711\"\/><\/figure><\/li><li class=\"blocks-gallery-item\"><figure><img loading=\"lazy\" decoding=\"async\" width=\"300\" height=\"200\" src=\"https:\/\/berrygoodnews.fr\/wp-content\/uploads\/2020\/11\/PARIS-CONFINEMENT-58nbNOMbd-300x200.jpg\" alt=\"\" data-id=\"9704\" data-link=\"https:\/\/berrygoodnews.fr\/index.php\/2020\/11\/10\/thiery-les-photos-de-paris-en-periode-covid19\/paris-confinement-58nbnombd-300x200\/\" class=\"wp-image-9704\"\/><\/figure><\/li><li class=\"blocks-gallery-item\"><figure><img loading=\"lazy\" decoding=\"async\" width=\"300\" height=\"200\" src=\"https:\/\/berrygoodnews.fr\/wp-content\/uploads\/2020\/11\/PARIS-CONFINEMENT-60nbNOMbd-300x200.jpg\" alt=\"\" data-id=\"9714\" data-link=\"https:\/\/berrygoodnews.fr\/index.php\/2020\/11\/10\/thiery-les-photos-de-paris-en-periode-covid19\/paris-confinement-60nbnombd-300x200\/\" class=\"wp-image-9714\"\/><\/figure><\/li><li class=\"blocks-gallery-item\"><figure><img loading=\"lazy\" decoding=\"async\" width=\"300\" height=\"277\" src=\"https:\/\/berrygoodnews.fr\/wp-content\/uploads\/2020\/11\/3BD-300x277.jpg\" alt=\"\" data-id=\"9713\" data-link=\"https:\/\/berrygoodnews.fr\/index.php\/2020\/11\/10\/thiery-les-photos-de-paris-en-periode-covid19\/3bd-300x277\/\" class=\"wp-image-9713\"\/><\/figure><\/li><li class=\"blocks-gallery-item\"><figure><img loading=\"lazy\" decoding=\"async\" width=\"300\" height=\"199\" src=\"https:\/\/berrygoodnews.fr\/wp-content\/uploads\/2020\/11\/PARIS-CONFINEMENT-51NOMbd-300x199.jpg\" alt=\"\" data-id=\"9703\" data-link=\"https:\/\/berrygoodnews.fr\/index.php\/2020\/11\/10\/thiery-les-photos-de-paris-en-periode-covid19\/paris-confinement-51nombd-300x199\/\" class=\"wp-image-9703\"\/><\/figure><\/li><li class=\"blocks-gallery-item\"><figure><img loading=\"lazy\" decoding=\"async\" width=\"300\" height=\"199\" src=\"https:\/\/berrygoodnews.fr\/wp-content\/uploads\/2020\/11\/PARIS-CONFINEMENT-9nbnomBD-300x199.jpg\" alt=\"\" data-id=\"9708\" data-link=\"https:\/\/berrygoodnews.fr\/index.php\/2020\/11\/10\/thiery-les-photos-de-paris-en-periode-covid19\/paris-confinement-9nbnombd-300x199\/\" class=\"wp-image-9708\"\/><\/figure><\/li><li class=\"blocks-gallery-item\"><figure><img loading=\"lazy\" decoding=\"async\" width=\"300\" height=\"195\" src=\"https:\/\/berrygoodnews.fr\/wp-content\/uploads\/2020\/11\/PARIS-CONFINEMENT-1NOMBD-300x195.jpg\" alt=\"\" data-id=\"9705\" data-link=\"https:\/\/berrygoodnews.fr\/index.php\/2020\/11\/10\/thiery-les-photos-de-paris-en-periode-covid19\/paris-confinement-1nombd-300x195\/\" class=\"wp-image-9705\"\/><\/figure><\/li><li class=\"blocks-gallery-item\"><figure><img loading=\"lazy\" decoding=\"async\" width=\"300\" height=\"192\" src=\"https:\/\/berrygoodnews.fr\/wp-content\/uploads\/2020\/11\/PARIS-CONFINEMENT-3nbnomBD-300x192.jpg\" alt=\"\" data-id=\"9712\" data-link=\"https:\/\/berrygoodnews.fr\/index.php\/2020\/11\/10\/thiery-les-photos-de-paris-en-periode-covid19\/paris-confinement-3nbnombd-300x192\/\" class=\"wp-image-9712\"\/><\/figure><\/li><\/ul>\n\n\n\n<h1 class=\"wp-block-heading\" id=\"site-title\"><a href=\"http:\/\/tbeyne.neowordpress.fr\/\">THIERY BEYNE PHOTOGRAPHER<\/a><\/h1>\n\n\n\n<p><strong>THIERY BEYNE<\/strong><\/p>\n\n\n\n<p>Designer &amp; Photographer<\/p>\n\n\n\n<p>PARIS \u2013 France06 26 10 22 92&nbsp;<a href=\"mailto:t.beyne@gmail.com\">t.beyne@gmail.com<\/a>&nbsp;Face Book&nbsp;<strong>thiery beyne<\/strong>Instagram&nbsp;<strong>beynethiery<\/strong><\/p>\n","protected":false},"excerpt":{"rendered":"<p>PARIS-COVID 19 Plus qu\u2019un livre, un recueil de tirages de haute qualit\u00e9.&nbsp; Thiery Beyne, un photographe au fort temp\u00e9rament, nous pr\u00e9sente un Paris insolite, aux aspects rares, un Paris vide comme un r\u00eave inaccessible car improbable. Personne, ni vie, ni couleur rien que la beaut\u00e9 d&rsquo;une ville exceptionnelle capt\u00e9e avec amour \u00e0 travers un objectif &hellip;<\/p>\n","protected":false},"author":2,"featured_media":8827,"comment_status":"open","ping_status":"open","sticky":false,"template":"","format":"standard","meta":{"footnotes":""},"categories":[39],"tags":[1308,1144,1182,1175,1309,351,1311,40,1150,148,1310,1149,1151],"post_format":[],"flags":[],"class_list":["post-9679","post","type-post","status-publish","format-standard","has-post-thumbnail","hentry","category-national","tag-cadeau","tag-corona-virus","tag-covid-19","tag-covid19","tag-exceptionnel","tag-noel","tag-nouvel-an","tag-paris","tag-photographe","tag-photos","tag-rare","tag-thiery-beyne","tag-vietnam"],"yoast_head":"<!-- This site is optimized with the Yoast SEO plugin v27.6 - https:\/\/yoast.com\/product\/yoast-seo-wordpress\/ -->\n<title>Thiery les photos de Paris en p\u00e9riode Covid19, magnifique et exceptionnel cadeau de fin d&#039;ann\u00e9e - Berry Good News<\/title>\n<meta name=\"robots\" content=\"index, follow, max-snippet:-1, max-image-preview:large, max-video-preview:-1\" \/>\n<link rel=\"canonical\" href=\"https:\/\/berrygoodnews.fr\/index.php\/2020\/11\/10\/thiery-les-photos-de-paris-en-periode-covid19\/\" \/>\n<meta property=\"og:locale\" content=\"fr_FR\" \/>\n<meta property=\"og:type\" content=\"article\" \/>\n<meta property=\"og:title\" content=\"Thiery les photos de Paris en p\u00e9riode Covid19, magnifique et exceptionnel cadeau de fin d&#039;ann\u00e9e - Berry Good News\" \/>\n<meta property=\"og:description\" content=\"PARIS-COVID 19 Plus qu\u2019un livre, un recueil de tirages de haute qualit\u00e9.&nbsp; Thiery Beyne, un photographe au fort temp\u00e9rament, nous pr\u00e9sente un Paris insolite, aux aspects rares, un Paris vide comme un r\u00eave inaccessible car improbable. Personne, ni vie, ni couleur rien que la beaut\u00e9 d&rsquo;une ville exceptionnelle capt\u00e9e avec amour \u00e0 travers un objectif &hellip;\" \/>\n<meta property=\"og:url\" content=\"https:\/\/berrygoodnews.fr\/index.php\/2020\/11\/10\/thiery-les-photos-de-paris-en-periode-covid19\/\" \/>\n<meta property=\"og:site_name\" content=\"Berry Good News\" \/>\n<meta property=\"article:publisher\" content=\"https:\/\/www.facebook.com\/berrygoodnews\/\" \/>\n<meta property=\"article:published_time\" content=\"2020-11-10T15:20:08+00:00\" \/>\n<meta property=\"article:modified_time\" content=\"2020-12-09T19:11:39+00:00\" \/>\n<meta property=\"og:image\" content=\"https:\/\/i0.wp.com\/berrygoodnews.fr\/wp-content\/uploads\/2020\/03\/interview-thiery-beyne-facebook-amp-a-qui-mieux-mieux-com.png?fit=300%2C157&ssl=1\" \/>\n\t<meta property=\"og:image:width\" content=\"300\" \/>\n\t<meta property=\"og:image:height\" content=\"157\" \/>\n\t<meta property=\"og:image:type\" content=\"image\/png\" \/>\n<meta name=\"author\" content=\"Berry Good News\" \/>\n<meta name=\"twitter:card\" content=\"summary_large_image\" \/>\n<meta name=\"twitter:label1\" content=\"\u00c9crit par\" \/>\n\t<meta name=\"twitter:data1\" content=\"Berry Good News\" \/>\n\t<meta name=\"twitter:label2\" content=\"Dur\u00e9e de lecture estim\u00e9e\" \/>\n\t<meta name=\"twitter:data2\" content=\"1 minute\" \/>\n<script type=\"application\/ld+json\" class=\"yoast-schema-graph\">{\"@context\":\"https:\\\/\\\/schema.org\",\"@graph\":[{\"@type\":\"Article\",\"@id\":\"https:\\\/\\\/berrygoodnews.fr\\\/index.php\\\/2020\\\/11\\\/10\\\/thiery-les-photos-de-paris-en-periode-covid19\\\/#article\",\"isPartOf\":{\"@id\":\"https:\\\/\\\/berrygoodnews.fr\\\/index.php\\\/2020\\\/11\\\/10\\\/thiery-les-photos-de-paris-en-periode-covid19\\\/\"},\"author\":{\"name\":\"Berry Good News\",\"@id\":\"https:\\\/\\\/berrygoodnews.fr\\\/#\\\/schema\\\/person\\\/6dbdc03bea7806cc92376ffe2fcd047d\"},\"headline\":\"Thiery les photos de Paris en p\u00e9riode Covid19, magnifique et exceptionnel cadeau de fin d&rsquo;ann\u00e9e\",\"datePublished\":\"2020-11-10T15:20:08+00:00\",\"dateModified\":\"2020-12-09T19:11:39+00:00\",\"mainEntityOfPage\":{\"@id\":\"https:\\\/\\\/berrygoodnews.fr\\\/index.php\\\/2020\\\/11\\\/10\\\/thiery-les-photos-de-paris-en-periode-covid19\\\/\"},\"wordCount\":251,\"commentCount\":0,\"publisher\":{\"@id\":\"https:\\\/\\\/berrygoodnews.fr\\\/#organization\"},\"image\":{\"@id\":\"https:\\\/\\\/berrygoodnews.fr\\\/index.php\\\/2020\\\/11\\\/10\\\/thiery-les-photos-de-paris-en-periode-covid19\\\/#primaryimage\"},\"thumbnailUrl\":\"https:\\\/\\\/berrygoodnews.fr\\\/wp-content\\\/uploads\\\/2020\\\/03\\\/interview-thiery-beyne-facebook-amp-a-qui-mieux-mieux-com.png\",\"keywords\":[\"cadeau\",\"Corona virus\",\"covid 19\",\"covid19\",\"exceptionnel\",\"noel\",\"nouvel an\",\"Paris\",\"photographe\",\"photos\",\"rare\",\"Thiery Beyne\",\"vietnam\"],\"articleSection\":[\"National\"],\"inLanguage\":\"fr-FR\",\"potentialAction\":[{\"@type\":\"CommentAction\",\"name\":\"Comment\",\"target\":[\"https:\\\/\\\/berrygoodnews.fr\\\/index.php\\\/2020\\\/11\\\/10\\\/thiery-les-photos-de-paris-en-periode-covid19\\\/#respond\"]}]},{\"@type\":\"WebPage\",\"@id\":\"https:\\\/\\\/berrygoodnews.fr\\\/index.php\\\/2020\\\/11\\\/10\\\/thiery-les-photos-de-paris-en-periode-covid19\\\/\",\"url\":\"https:\\\/\\\/berrygoodnews.fr\\\/index.php\\\/2020\\\/11\\\/10\\\/thiery-les-photos-de-paris-en-periode-covid19\\\/\",\"name\":\"Thiery les photos de Paris en p\u00e9riode Covid19, magnifique et exceptionnel cadeau de fin d'ann\u00e9e - Berry Good News\",\"isPartOf\":{\"@id\":\"https:\\\/\\\/berrygoodnews.fr\\\/#website\"},\"primaryImageOfPage\":{\"@id\":\"https:\\\/\\\/berrygoodnews.fr\\\/index.php\\\/2020\\\/11\\\/10\\\/thiery-les-photos-de-paris-en-periode-covid19\\\/#primaryimage\"},\"image\":{\"@id\":\"https:\\\/\\\/berrygoodnews.fr\\\/index.php\\\/2020\\\/11\\\/10\\\/thiery-les-photos-de-paris-en-periode-covid19\\\/#primaryimage\"},\"thumbnailUrl\":\"https:\\\/\\\/berrygoodnews.fr\\\/wp-content\\\/uploads\\\/2020\\\/03\\\/interview-thiery-beyne-facebook-amp-a-qui-mieux-mieux-com.png\",\"datePublished\":\"2020-11-10T15:20:08+00:00\",\"dateModified\":\"2020-12-09T19:11:39+00:00\",\"breadcrumb\":{\"@id\":\"https:\\\/\\\/berrygoodnews.fr\\\/index.php\\\/2020\\\/11\\\/10\\\/thiery-les-photos-de-paris-en-periode-covid19\\\/#breadcrumb\"},\"inLanguage\":\"fr-FR\",\"potentialAction\":[{\"@type\":\"ReadAction\",\"target\":[\"https:\\\/\\\/berrygoodnews.fr\\\/index.php\\\/2020\\\/11\\\/10\\\/thiery-les-photos-de-paris-en-periode-covid19\\\/\"]}]},{\"@type\":\"ImageObject\",\"inLanguage\":\"fr-FR\",\"@id\":\"https:\\\/\\\/berrygoodnews.fr\\\/index.php\\\/2020\\\/11\\\/10\\\/thiery-les-photos-de-paris-en-periode-covid19\\\/#primaryimage\",\"url\":\"https:\\\/\\\/berrygoodnews.fr\\\/wp-content\\\/uploads\\\/2020\\\/03\\\/interview-thiery-beyne-facebook-amp-a-qui-mieux-mieux-com.png\",\"contentUrl\":\"https:\\\/\\\/berrygoodnews.fr\\\/wp-content\\\/uploads\\\/2020\\\/03\\\/interview-thiery-beyne-facebook-amp-a-qui-mieux-mieux-com.png\",\"width\":300,\"height\":157},{\"@type\":\"BreadcrumbList\",\"@id\":\"https:\\\/\\\/berrygoodnews.fr\\\/index.php\\\/2020\\\/11\\\/10\\\/thiery-les-photos-de-paris-en-periode-covid19\\\/#breadcrumb\",\"itemListElement\":[{\"@type\":\"ListItem\",\"position\":1,\"name\":\"Accueil\",\"item\":\"https:\\\/\\\/berrygoodnews.fr\\\/\"},{\"@type\":\"ListItem\",\"position\":2,\"name\":\"Thiery les photos de Paris en p\u00e9riode Covid19, magnifique et exceptionnel cadeau de fin d&rsquo;ann\u00e9e\"}]},{\"@type\":\"WebSite\",\"@id\":\"https:\\\/\\\/berrygoodnews.fr\\\/#website\",\"url\":\"https:\\\/\\\/berrygoodnews.fr\\\/\",\"name\":\"Berry Good News\",\"description\":\"Le Centre En Action\",\"publisher\":{\"@id\":\"https:\\\/\\\/berrygoodnews.fr\\\/#organization\"},\"potentialAction\":[{\"@type\":\"SearchAction\",\"target\":{\"@type\":\"EntryPoint\",\"urlTemplate\":\"https:\\\/\\\/berrygoodnews.fr\\\/?s={search_term_string}\"},\"query-input\":{\"@type\":\"PropertyValueSpecification\",\"valueRequired\":true,\"valueName\":\"search_term_string\"}}],\"inLanguage\":\"fr-FR\"},{\"@type\":\"Organization\",\"@id\":\"https:\\\/\\\/berrygoodnews.fr\\\/#organization\",\"name\":\"Berry Good News\",\"url\":\"https:\\\/\\\/berrygoodnews.fr\\\/\",\"logo\":{\"@type\":\"ImageObject\",\"inLanguage\":\"fr-FR\",\"@id\":\"https:\\\/\\\/berrygoodnews.fr\\\/#\\\/schema\\\/logo\\\/image\\\/\",\"url\":\"https:\\\/\\\/i0.wp.com\\\/berrygoodnews.fr\\\/wp-content\\\/uploads\\\/2023\\\/05\\\/LogoBGNCouleur.png?fit=318%2C181&ssl=1\",\"contentUrl\":\"https:\\\/\\\/i0.wp.com\\\/berrygoodnews.fr\\\/wp-content\\\/uploads\\\/2023\\\/05\\\/LogoBGNCouleur.png?fit=318%2C181&ssl=1\",\"width\":318,\"height\":181,\"caption\":\"Berry Good News\"},\"image\":{\"@id\":\"https:\\\/\\\/berrygoodnews.fr\\\/#\\\/schema\\\/logo\\\/image\\\/\"},\"sameAs\":[\"https:\\\/\\\/www.facebook.com\\\/berrygoodnews\\\/\",\"https:\\\/\\\/www.youtube.com\\\/channel\\\/UCdNcluXQMXIRcNvap69zaWg\"]},{\"@type\":\"Person\",\"@id\":\"https:\\\/\\\/berrygoodnews.fr\\\/#\\\/schema\\\/person\\\/6dbdc03bea7806cc92376ffe2fcd047d\",\"name\":\"Berry Good News\",\"image\":{\"@type\":\"ImageObject\",\"inLanguage\":\"fr-FR\",\"@id\":\"https:\\\/\\\/secure.gravatar.com\\\/avatar\\\/dc97e2c83b7805754cf833611fb0eaf80fd556a613a9819de1842868762ec883?s=96&d=mm&r=g\",\"url\":\"https:\\\/\\\/secure.gravatar.com\\\/avatar\\\/dc97e2c83b7805754cf833611fb0eaf80fd556a613a9819de1842868762ec883?s=96&d=mm&r=g\",\"contentUrl\":\"https:\\\/\\\/secure.gravatar.com\\\/avatar\\\/dc97e2c83b7805754cf833611fb0eaf80fd556a613a9819de1842868762ec883?s=96&d=mm&r=g\",\"caption\":\"Berry Good News\"},\"description\":\"Ex-parisienne, qui a choisi de s'installer il y a six ans \u00e0 Vierzon avec une activit\u00e9 de chambres d'h\u00f4tes. J'ai d\u00e9cid\u00e9 de montrer les bonnes initiatives. Je suis tr\u00e8s optimiste car on a beaucoup de talents ici. J'avais envie de changer la vision que certains ont sur la ville.\",\"url\":\"https:\\\/\\\/berrygoodnews.fr\\\/index.php\\\/author\\\/hv\\\/\"}]}<\/script>\n<!-- \/ Yoast SEO plugin. -->","yoast_head_json":{"title":"Thiery les photos de Paris en p\u00e9riode Covid19, magnifique et exceptionnel cadeau de fin d'ann\u00e9e - Berry Good News","robots":{"index":"index","follow":"follow","max-snippet":"max-snippet:-1","max-image-preview":"max-image-preview:large","max-video-preview":"max-video-preview:-1"},"canonical":"https:\/\/berrygoodnews.fr\/index.php\/2020\/11\/10\/thiery-les-photos-de-paris-en-periode-covid19\/","og_locale":"fr_FR","og_type":"article","og_title":"Thiery les photos de Paris en p\u00e9riode Covid19, magnifique et exceptionnel cadeau de fin d'ann\u00e9e - Berry Good News","og_description":"PARIS-COVID 19 Plus qu\u2019un livre, un recueil de tirages de haute qualit\u00e9.&nbsp; Thiery Beyne, un photographe au fort temp\u00e9rament, nous pr\u00e9sente un Paris insolite, aux aspects rares, un Paris vide comme un r\u00eave inaccessible car improbable. Personne, ni vie, ni couleur rien que la beaut\u00e9 d&rsquo;une ville exceptionnelle capt\u00e9e avec amour \u00e0 travers un objectif &hellip;","og_url":"https:\/\/berrygoodnews.fr\/index.php\/2020\/11\/10\/thiery-les-photos-de-paris-en-periode-covid19\/","og_site_name":"Berry Good News","article_publisher":"https:\/\/www.facebook.com\/berrygoodnews\/","article_published_time":"2020-11-10T15:20:08+00:00","article_modified_time":"2020-12-09T19:11:39+00:00","og_image":[{"width":300,"height":157,"url":"https:\/\/i0.wp.com\/berrygoodnews.fr\/wp-content\/uploads\/2020\/03\/interview-thiery-beyne-facebook-amp-a-qui-mieux-mieux-com.png?fit=300%2C157&ssl=1","type":"image\/png"}],"author":"Berry Good News","twitter_card":"summary_large_image","twitter_misc":{"\u00c9crit par":"Berry Good News","Dur\u00e9e de lecture estim\u00e9e":"1 minute"},"schema":{"@context":"https:\/\/schema.org","@graph":[{"@type":"Article","@id":"https:\/\/berrygoodnews.fr\/index.php\/2020\/11\/10\/thiery-les-photos-de-paris-en-periode-covid19\/#article","isPartOf":{"@id":"https:\/\/berrygoodnews.fr\/index.php\/2020\/11\/10\/thiery-les-photos-de-paris-en-periode-covid19\/"},"author":{"name":"Berry Good News","@id":"https:\/\/berrygoodnews.fr\/#\/schema\/person\/6dbdc03bea7806cc92376ffe2fcd047d"},"headline":"Thiery les photos de Paris en p\u00e9riode Covid19, magnifique et exceptionnel cadeau de fin d&rsquo;ann\u00e9e","datePublished":"2020-11-10T15:20:08+00:00","dateModified":"2020-12-09T19:11:39+00:00","mainEntityOfPage":{"@id":"https:\/\/berrygoodnews.fr\/index.php\/2020\/11\/10\/thiery-les-photos-de-paris-en-periode-covid19\/"},"wordCount":251,"commentCount":0,"publisher":{"@id":"https:\/\/berrygoodnews.fr\/#organization"},"image":{"@id":"https:\/\/berrygoodnews.fr\/index.php\/2020\/11\/10\/thiery-les-photos-de-paris-en-periode-covid19\/#primaryimage"},"thumbnailUrl":"https:\/\/berrygoodnews.fr\/wp-content\/uploads\/2020\/03\/interview-thiery-beyne-facebook-amp-a-qui-mieux-mieux-com.png","keywords":["cadeau","Corona virus","covid 19","covid19","exceptionnel","noel","nouvel an","Paris","photographe","photos","rare","Thiery Beyne","vietnam"],"articleSection":["National"],"inLanguage":"fr-FR","potentialAction":[{"@type":"CommentAction","name":"Comment","target":["https:\/\/berrygoodnews.fr\/index.php\/2020\/11\/10\/thiery-les-photos-de-paris-en-periode-covid19\/#respond"]}]},{"@type":"WebPage","@id":"https:\/\/berrygoodnews.fr\/index.php\/2020\/11\/10\/thiery-les-photos-de-paris-en-periode-covid19\/","url":"https:\/\/berrygoodnews.fr\/index.php\/2020\/11\/10\/thiery-les-photos-de-paris-en-periode-covid19\/","name":"Thiery les photos de Paris en p\u00e9riode Covid19, magnifique et exceptionnel cadeau de fin d'ann\u00e9e - Berry Good News","isPartOf":{"@id":"https:\/\/berrygoodnews.fr\/#website"},"primaryImageOfPage":{"@id":"https:\/\/berrygoodnews.fr\/index.php\/2020\/11\/10\/thiery-les-photos-de-paris-en-periode-covid19\/#primaryimage"},"image":{"@id":"https:\/\/berrygoodnews.fr\/index.php\/2020\/11\/10\/thiery-les-photos-de-paris-en-periode-covid19\/#primaryimage"},"thumbnailUrl":"https:\/\/berrygoodnews.fr\/wp-content\/uploads\/2020\/03\/interview-thiery-beyne-facebook-amp-a-qui-mieux-mieux-com.png","datePublished":"2020-11-10T15:20:08+00:00","dateModified":"2020-12-09T19:11:39+00:00","breadcrumb":{"@id":"https:\/\/berrygoodnews.fr\/index.php\/2020\/11\/10\/thiery-les-photos-de-paris-en-periode-covid19\/#breadcrumb"},"inLanguage":"fr-FR","potentialAction":[{"@type":"ReadAction","target":["https:\/\/berrygoodnews.fr\/index.php\/2020\/11\/10\/thiery-les-photos-de-paris-en-periode-covid19\/"]}]},{"@type":"ImageObject","inLanguage":"fr-FR","@id":"https:\/\/berrygoodnews.fr\/index.php\/2020\/11\/10\/thiery-les-photos-de-paris-en-periode-covid19\/#primaryimage","url":"https:\/\/berrygoodnews.fr\/wp-content\/uploads\/2020\/03\/interview-thiery-beyne-facebook-amp-a-qui-mieux-mieux-com.png","contentUrl":"https:\/\/berrygoodnews.fr\/wp-content\/uploads\/2020\/03\/interview-thiery-beyne-facebook-amp-a-qui-mieux-mieux-com.png","width":300,"height":157},{"@type":"BreadcrumbList","@id":"https:\/\/berrygoodnews.fr\/index.php\/2020\/11\/10\/thiery-les-photos-de-paris-en-periode-covid19\/#breadcrumb","itemListElement":[{"@type":"ListItem","position":1,"name":"Accueil","item":"https:\/\/berrygoodnews.fr\/"},{"@type":"ListItem","position":2,"name":"Thiery les photos de Paris en p\u00e9riode Covid19, magnifique et exceptionnel cadeau de fin d&rsquo;ann\u00e9e"}]},{"@type":"WebSite","@id":"https:\/\/berrygoodnews.fr\/#website","url":"https:\/\/berrygoodnews.fr\/","name":"Berry Good News","description":"Le Centre En Action","publisher":{"@id":"https:\/\/berrygoodnews.fr\/#organization"},"potentialAction":[{"@type":"SearchAction","target":{"@type":"EntryPoint","urlTemplate":"https:\/\/berrygoodnews.fr\/?s={search_term_string}"},"query-input":{"@type":"PropertyValueSpecification","valueRequired":true,"valueName":"search_term_string"}}],"inLanguage":"fr-FR"},{"@type":"Organization","@id":"https:\/\/berrygoodnews.fr\/#organization","name":"Berry Good News","url":"https:\/\/berrygoodnews.fr\/","logo":{"@type":"ImageObject","inLanguage":"fr-FR","@id":"https:\/\/berrygoodnews.fr\/#\/schema\/logo\/image\/","url":"https:\/\/i0.wp.com\/berrygoodnews.fr\/wp-content\/uploads\/2023\/05\/LogoBGNCouleur.png?fit=318%2C181&ssl=1","contentUrl":"https:\/\/i0.wp.com\/berrygoodnews.fr\/wp-content\/uploads\/2023\/05\/LogoBGNCouleur.png?fit=318%2C181&ssl=1","width":318,"height":181,"caption":"Berry Good News"},"image":{"@id":"https:\/\/berrygoodnews.fr\/#\/schema\/logo\/image\/"},"sameAs":["https:\/\/www.facebook.com\/berrygoodnews\/","https:\/\/www.youtube.com\/channel\/UCdNcluXQMXIRcNvap69zaWg"]},{"@type":"Person","@id":"https:\/\/berrygoodnews.fr\/#\/schema\/person\/6dbdc03bea7806cc92376ffe2fcd047d","name":"Berry Good News","image":{"@type":"ImageObject","inLanguage":"fr-FR","@id":"https:\/\/secure.gravatar.com\/avatar\/dc97e2c83b7805754cf833611fb0eaf80fd556a613a9819de1842868762ec883?s=96&d=mm&r=g","url":"https:\/\/secure.gravatar.com\/avatar\/dc97e2c83b7805754cf833611fb0eaf80fd556a613a9819de1842868762ec883?s=96&d=mm&r=g","contentUrl":"https:\/\/secure.gravatar.com\/avatar\/dc97e2c83b7805754cf833611fb0eaf80fd556a613a9819de1842868762ec883?s=96&d=mm&r=g","caption":"Berry Good News"},"description":"Ex-parisienne, qui a choisi de s'installer il y a six ans \u00e0 Vierzon avec une activit\u00e9 de chambres d'h\u00f4tes. J'ai d\u00e9cid\u00e9 de montrer les bonnes initiatives. Je suis tr\u00e8s optimiste car on a beaucoup de talents ici. J'avais envie de changer la vision que certains ont sur la ville.","url":"https:\/\/berrygoodnews.fr\/index.php\/author\/hv\/"}]}},"_links":{"self":[{"href":"https:\/\/berrygoodnews.fr\/index.php\/wp-json\/wp\/v2\/posts\/9679","targetHints":{"allow":["GET"]}}],"collection":[{"href":"https:\/\/berrygoodnews.fr\/index.php\/wp-json\/wp\/v2\/posts"}],"about":[{"href":"https:\/\/berrygoodnews.fr\/index.php\/wp-json\/wp\/v2\/types\/post"}],"author":[{"embeddable":true,"href":"https:\/\/berrygoodnews.fr\/index.php\/wp-json\/wp\/v2\/users\/2"}],"replies":[{"embeddable":true,"href":"https:\/\/berrygoodnews.fr\/index.php\/wp-json\/wp\/v2\/comments?post=9679"}],"version-history":[{"count":7,"href":"https:\/\/berrygoodnews.fr\/index.php\/wp-json\/wp\/v2\/posts\/9679\/revisions"}],"predecessor-version":[{"id":9796,"href":"https:\/\/berrygoodnews.fr\/index.php\/wp-json\/wp\/v2\/posts\/9679\/revisions\/9796"}],"wp:featuredmedia":[{"embeddable":true,"href":"https:\/\/berrygoodnews.fr\/index.php\/wp-json\/wp\/v2\/media\/8827"}],"wp:attachment":[{"href":"https:\/\/berrygoodnews.fr\/index.php\/wp-json\/wp\/v2\/media?parent=9679"}],"wp:term":[{"taxonomy":"category","embeddable":true,"href":"https:\/\/berrygoodnews.fr\/index.php\/wp-json\/wp\/v2\/categories?post=9679"},{"taxonomy":"post_tag","embeddable":true,"href":"https:\/\/berrygoodnews.fr\/index.php\/wp-json\/wp\/v2\/tags?post=9679"},{"taxonomy":"post_format","embeddable":true,"href":"https:\/\/berrygoodnews.fr\/index.php\/wp-json\/wp\/v2\/post_format?post=9679"},{"taxonomy":"flags","embeddable":true,"href":"https:\/\/berrygoodnews.fr\/index.php\/wp-json\/wp\/v2\/flags?post=9679"}],"curies":[{"name":"wp","href":"https:\/\/api.w.org\/{rel}","templated":true}]}}