{"id":9098,"date":"2020-04-16T15:00:48","date_gmt":"2020-04-16T13:00:48","guid":{"rendered":"https:\/\/berrygoodnews.fr\/?p=9098"},"modified":"2020-04-16T15:02:04","modified_gmt":"2020-04-16T13:02:04","slug":"guy-coda-une-vie-de-chien","status":"publish","type":"post","link":"https:\/\/berrygoodnews.fr\/index.php\/2020\/04\/16\/guy-coda-une-vie-de-chien\/","title":{"rendered":"Guy Coda: une vie de chien"},"content":{"rendered":"\n<p class=\"has-drop-cap\">Le confinement permet \u00e0 certains artistes de cr\u00e9er des \u0153uvres humoristiques \u00e0 la fois picturales et fort dr\u00f4les. Guy Coda est de ceux l\u00e0 avec ces illustrations originales dont les chiens sont les t\u00e9moins omnipr\u00e9sents de notre nouvelle vie. <\/p>\n\n\n\n<figure class=\"wp-block-image\"><img data-recalc-dims=\"1\" loading=\"lazy\" decoding=\"async\" width=\"850\" height=\"850\" data-attachment-id=\"9102\" data-permalink=\"https:\/\/berrygoodnews.fr\/index.php\/2020\/04\/16\/guy-coda-une-vie-de-chien\/une-vie-de-chien\/\" data-orig-file=\"https:\/\/i0.wp.com\/berrygoodnews.fr\/wp-content\/uploads\/2020\/04\/une-vie-de-chien.jpg?fit=1772%2C1772&amp;ssl=1\" data-orig-size=\"1772,1772\" data-comments-opened=\"1\" data-image-meta=\"{&quot;aperture&quot;:&quot;0&quot;,&quot;credit&quot;:&quot;&quot;,&quot;camera&quot;:&quot;&quot;,&quot;caption&quot;:&quot;&quot;,&quot;created_timestamp&quot;:&quot;0&quot;,&quot;copyright&quot;:&quot;&quot;,&quot;focal_length&quot;:&quot;0&quot;,&quot;iso&quot;:&quot;0&quot;,&quot;shutter_speed&quot;:&quot;0&quot;,&quot;title&quot;:&quot;&quot;,&quot;orientation&quot;:&quot;1&quot;}\" data-image-title=\"une vie de chien\" data-image-description=\"\" data-image-caption=\"\" data-medium-file=\"https:\/\/i0.wp.com\/berrygoodnews.fr\/wp-content\/uploads\/2020\/04\/une-vie-de-chien.jpg?fit=300%2C300&amp;ssl=1\" data-large-file=\"https:\/\/i0.wp.com\/berrygoodnews.fr\/wp-content\/uploads\/2020\/04\/une-vie-de-chien.jpg?fit=850%2C850&amp;ssl=1\" src=\"https:\/\/i0.wp.com\/berrygoodnews.fr\/wp-content\/uploads\/2020\/04\/une-vie-de-chien.jpg?resize=850%2C850&#038;ssl=1\" alt=\"\" class=\"wp-image-9102\" srcset=\"https:\/\/i0.wp.com\/berrygoodnews.fr\/wp-content\/uploads\/2020\/04\/une-vie-de-chien.jpg?resize=1024%2C1024&amp;ssl=1 1024w, https:\/\/i0.wp.com\/berrygoodnews.fr\/wp-content\/uploads\/2020\/04\/une-vie-de-chien.jpg?resize=200%2C200&amp;ssl=1 200w, https:\/\/i0.wp.com\/berrygoodnews.fr\/wp-content\/uploads\/2020\/04\/une-vie-de-chien.jpg?resize=300%2C300&amp;ssl=1 300w, https:\/\/i0.wp.com\/berrygoodnews.fr\/wp-content\/uploads\/2020\/04\/une-vie-de-chien.jpg?resize=768%2C768&amp;ssl=1 768w, https:\/\/i0.wp.com\/berrygoodnews.fr\/wp-content\/uploads\/2020\/04\/une-vie-de-chien.jpg?resize=845%2C845&amp;ssl=1 845w, https:\/\/i0.wp.com\/berrygoodnews.fr\/wp-content\/uploads\/2020\/04\/une-vie-de-chien.jpg?w=1772&amp;ssl=1 1772w, https:\/\/i0.wp.com\/berrygoodnews.fr\/wp-content\/uploads\/2020\/04\/une-vie-de-chien.jpg?w=1700&amp;ssl=1 1700w\" sizes=\"auto, (max-width: 850px) 100vw, 850px\" \/><\/figure>\n\n\n\n<figure class=\"wp-block-image\"><img data-recalc-dims=\"1\" loading=\"lazy\" decoding=\"async\" width=\"850\" height=\"850\" data-attachment-id=\"9105\" data-permalink=\"https:\/\/berrygoodnews.fr\/index.php\/2020\/04\/16\/guy-coda-une-vie-de-chien\/volare\/\" data-orig-file=\"https:\/\/i0.wp.com\/berrygoodnews.fr\/wp-content\/uploads\/2020\/04\/volare-.jpg?fit=1772%2C1772&amp;ssl=1\" data-orig-size=\"1772,1772\" data-comments-opened=\"1\" data-image-meta=\"{&quot;aperture&quot;:&quot;0&quot;,&quot;credit&quot;:&quot;&quot;,&quot;camera&quot;:&quot;&quot;,&quot;caption&quot;:&quot;&quot;,&quot;created_timestamp&quot;:&quot;0&quot;,&quot;copyright&quot;:&quot;&quot;,&quot;focal_length&quot;:&quot;0&quot;,&quot;iso&quot;:&quot;0&quot;,&quot;shutter_speed&quot;:&quot;0&quot;,&quot;title&quot;:&quot;&quot;,&quot;orientation&quot;:&quot;1&quot;}\" data-image-title=\"volare !\" data-image-description=\"\" data-image-caption=\"\" data-medium-file=\"https:\/\/i0.wp.com\/berrygoodnews.fr\/wp-content\/uploads\/2020\/04\/volare-.jpg?fit=300%2C300&amp;ssl=1\" data-large-file=\"https:\/\/i0.wp.com\/berrygoodnews.fr\/wp-content\/uploads\/2020\/04\/volare-.jpg?fit=850%2C850&amp;ssl=1\" src=\"https:\/\/i0.wp.com\/berrygoodnews.fr\/wp-content\/uploads\/2020\/04\/volare-.jpg?resize=850%2C850&#038;ssl=1\" alt=\"\" class=\"wp-image-9105\" srcset=\"https:\/\/i0.wp.com\/berrygoodnews.fr\/wp-content\/uploads\/2020\/04\/volare-.jpg?resize=1024%2C1024&amp;ssl=1 1024w, https:\/\/i0.wp.com\/berrygoodnews.fr\/wp-content\/uploads\/2020\/04\/volare-.jpg?resize=200%2C200&amp;ssl=1 200w, https:\/\/i0.wp.com\/berrygoodnews.fr\/wp-content\/uploads\/2020\/04\/volare-.jpg?resize=300%2C300&amp;ssl=1 300w, https:\/\/i0.wp.com\/berrygoodnews.fr\/wp-content\/uploads\/2020\/04\/volare-.jpg?resize=768%2C768&amp;ssl=1 768w, https:\/\/i0.wp.com\/berrygoodnews.fr\/wp-content\/uploads\/2020\/04\/volare-.jpg?resize=845%2C845&amp;ssl=1 845w, https:\/\/i0.wp.com\/berrygoodnews.fr\/wp-content\/uploads\/2020\/04\/volare-.jpg?w=1772&amp;ssl=1 1772w, https:\/\/i0.wp.com\/berrygoodnews.fr\/wp-content\/uploads\/2020\/04\/volare-.jpg?w=1700&amp;ssl=1 1700w\" sizes=\"auto, (max-width: 850px) 100vw, 850px\" \/><\/figure>\n\n\n\n<p><strong>Source article Wikipedia<\/strong><\/p>\n\n\n\n<p>Dipl\u00f4m\u00e9 de l&rsquo;Institut de peinture d\u00e9corative&nbsp;<a href=\"https:\/\/fr.wikipedia.org\/wiki\/Eug%C3%A8ne_Blot\">Blot<\/a>&nbsp;de&nbsp;<a href=\"https:\/\/fr.wikipedia.org\/wiki\/Reims\">Reims<\/a>, Guy Coda entre \u00e0 l&rsquo;<a href=\"https:\/\/fr.wikipedia.org\/wiki\/%C3%89cole_nationale_sup%C3%A9rieure_des_arts_d%C3%A9coratifs\">\u00c9cole nationale sup\u00e9rieure des arts d\u00e9coratifs<\/a>&nbsp;de&nbsp;<a href=\"https:\/\/fr.wikipedia.org\/wiki\/Paris\">Paris<\/a>, dont il sort dipl\u00f4m\u00e9 en&nbsp;<a href=\"https:\/\/fr.wikipedia.org\/wiki\/Sc%C3%A9nographie\">sc\u00e9nographie<\/a>. D\u00e8s 1975, il se consacre \u00e0 l&rsquo;enseignement, dans les lyc\u00e9es publics puis plus tard dans l&rsquo;\u00e9cole sup\u00e9rieure dont il est issu.<\/p>\n\n\n\n<p>Sa premi\u00e8re illustration connue du public est&nbsp;parue<sup><a href=\"https:\/\/fr.wikipedia.org\/wiki\/Aide:Quand\">[Quand&nbsp;?]<\/a><\/sup>&nbsp;dans&nbsp;<em><a href=\"https:\/\/fr.wikipedia.org\/wiki\/T%C3%A9l%C3%A9rama\">T\u00e9l\u00e9rama<\/a><\/em>. Dans les&nbsp;<a href=\"https:\/\/fr.wikipedia.org\/wiki\/Ann%C3%A9es_1970\">ann\u00e9es 1970<\/a>, il participera aux d\u00e9cors de&nbsp;quatre films<sup><a href=\"https:\/\/fr.wikipedia.org\/wiki\/Aide:Pr%C3%A9ciser_un_fait\">[Lesquels&nbsp;?]<\/a><\/sup>, avant de se consacrer \u00e0 l&rsquo;illustration et \u00e0 la peinture. Il \u0153uvre pour l&rsquo;art&nbsp;<a href=\"https:\/\/fr.wikipedia.org\/wiki\/Philat%C3%A9lie\">philat\u00e9lique<\/a>&nbsp;avec la s\u00e9rie des parcs nationaux en 1995. <\/p>\n\n\n\n<h2 class=\"wp-block-heading\">\u0152uvres<\/h2>\n\n\n\n<h3 class=\"wp-block-heading\">Philat\u00e9lie<\/h3>\n\n\n\n<p>Timbre \u00e0 date des&nbsp;<a href=\"https:\/\/fr.wikipedia.org\/wiki\/Oblit%C3%A9ration\">oblit\u00e9rations<\/a><a href=\"https:\/\/fr.wikipedia.org\/wiki\/Premier_jour_(philat%C3%A9lie)\">premier jour<\/a><\/p>\n\n\n\n<ul class=\"wp-block-list\"><li><em>Coupe du monde de football 2002<\/em>, France, 2002.<\/li><li><em>Milan Ratislav Stefanic<\/em>&nbsp;et&nbsp;<em>Wassily Kandinsky<\/em>, France, 2003.<\/li><\/ul>\n\n\n\n<p>Timbres-poste<\/p>\n\n\n\n<ul class=\"wp-block-list\"><li><em>Nature &#8211; Liste des parcs naturels de France|les parcs nationaux<\/em>, France, quatre timbres en 1996, quatre autres en 1997. Pour ses timbres, il illustra \u00e9galement le document philat\u00e9lique \u00e9dit\u00e9 par La Poste et des enveloppes premier jour de deux \u00e9diteurs. \u00c9lue en 1996 prix du plus beau timbre-poste par les clients de La Poste.<\/li><li><em>H\u00e9ros d&rsquo;aventure<\/em>en collaboration avec S. Hochain, France, s\u00e9rie de six timbres, 1997. \u00c9lue plus belle s\u00e9rie par les clients de La Poste.<\/li><li><em>Jeux olympiques d&rsquo;hiver de 1998|Jeux olympiques de Nagano &#8211; Super G<\/em>, Andorre, 1997.<\/li><li><em>Cinquanti\u00e8me anniversaire du Conseil de l&rsquo;Europe<\/em>, Andorre, 1998.<\/li><li><em>Vive les vacances<\/em>, timbre semi-permanent, France, 1999.<\/li><li>plaquette de dix timbres pour la coupe du monde de football 2006.<\/li><li>deux carnets de douze timbres&nbsp;<em>La France comme j&rsquo;aime<\/em>, 2009.<\/li><\/ul>\n\n\n\n<h3 class=\"wp-block-heading\">Litt\u00e9rature[<a href=\"https:\/\/fr.wikipedia.org\/w\/index.php?title=Guy_Coda&amp;veaction=edit&amp;section=4\">modifier<\/a>&nbsp;|&nbsp;<a href=\"https:\/\/fr.wikipedia.org\/w\/index.php?title=Guy_Coda&amp;action=edit&amp;section=4\">modifier le code<\/a>]<\/h3>\n\n\n\n<ul class=\"wp-block-list\"><li><em>Faut voir<\/em>, nouvelles, \u00c9ditions Le Manuscrit (\u00e0 compte d&rsquo;auteur)<sup><a href=\"https:\/\/fr.wikipedia.org\/wiki\/Aide:Quand\">[Quand&nbsp;?]<\/a><\/sup>.<\/li><li><em>Deux doigts de lumi\u00e8re<\/em>, nouvelles, \u00c9ditions Le Manuscrit (\u00e0 compte d&rsquo;auteur)<sup><a href=\"https:\/\/fr.wikipedia.org\/wiki\/Aide:Quand\">[Quand&nbsp;?]<\/a><\/sup>.<\/li><li><em>L&rsquo;effaceur de couleurs<\/em>, texte et illustrations, album jeunesse aux \u00c9ditions du Mont, 2010.<\/li><\/ul>\n\n\n\n<h3 class=\"wp-block-heading\">Expositions[<a href=\"https:\/\/fr.wikipedia.org\/w\/index.php?title=Guy_Coda&amp;veaction=edit&amp;section=5\">modifier<\/a>&nbsp;|&nbsp;<a href=\"https:\/\/fr.wikipedia.org\/w\/index.php?title=Guy_Coda&amp;action=edit&amp;section=5\">modifier le code<\/a>]<\/h3>\n\n\n\n<ul class=\"wp-block-list\"><li>1992&nbsp;:<ul><li>Galerie Didot, Paris<\/li><li>Galerie Pr\u00e9face, Paris<\/li><\/ul><\/li><li>1992, 1993, 1994&nbsp;: galerie 157, Villemomble<\/li><li>2001&nbsp;: galerie Ls cinq sens, Paris<\/li><li>2002&nbsp;: h\u00f4tel Sofitel-les Halles, Paris<\/li><li>2003&nbsp;:<ul><li>Maison de la Beauce, Org\u00e8res, r\u00e9trospective organis\u00e9e par le conseil g\u00e9n\u00e9ral<\/li><li>Galerie Janos, Paris&nbsp;<abbr title=\"Cinqui\u00e8me\">5<sup>e<\/sup><\/abbr><\/li><\/ul><\/li><li>2005&nbsp;: mus\u00e9e de La Poste, Paris<\/li><li>2007&nbsp;:<ul><li>Galerie Kunstkreis, Berlin<\/li><li>Espace Cardin, Paris<\/li><\/ul><\/li><li>2008&nbsp;: ch\u00e2teau de Chasselas (Sa\u00f4ne et Loire)<\/li><\/ul>\n","protected":false},"excerpt":{"rendered":"<p>Le confinement permet \u00e0 certains artistes de cr\u00e9er des \u0153uvres humoristiques \u00e0 la fois picturales et fort dr\u00f4les. Guy Coda est de ceux l\u00e0 avec ces illustrations originales dont les chiens sont les t\u00e9moins omnipr\u00e9sents de notre nouvelle vie. Source article Wikipedia Dipl\u00f4m\u00e9 de l&rsquo;Institut de peinture d\u00e9corative&nbsp;Blot&nbsp;de&nbsp;Reims, Guy Coda entre \u00e0 l&rsquo;\u00c9cole nationale sup\u00e9rieure &hellip;<\/p>\n","protected":false},"author":2,"featured_media":9101,"comment_status":"open","ping_status":"open","sticky":false,"template":"","format":"standard","meta":{"jetpack_post_was_ever_published":false,"_jetpack_newsletter_access":"","_jetpack_dont_email_post_to_subs":false,"_jetpack_newsletter_tier_id":0,"_jetpack_memberships_contains_paywalled_content":false,"_jetpack_memberships_contains_paid_content":false,"footnotes":"","jetpack_publicize_message":"","jetpack_publicize_feature_enabled":true,"jetpack_social_post_already_shared":true,"jetpack_social_options":{"image_generator_settings":{"template":"highway","default_image_id":0,"font":"","enabled":false},"version":2}},"categories":[1],"tags":[],"post_format":[],"flags":[],"class_list":["post-9098","post","type-post","status-publish","format-standard","has-post-thumbnail","hentry","category-non-classe"],"yoast_head":"<!-- This site is optimized with the Yoast SEO plugin v26.8 - https:\/\/yoast.com\/product\/yoast-seo-wordpress\/ -->\n<title>Guy Coda: une vie de chien - Berry Good News<\/title>\n<meta name=\"robots\" content=\"index, follow, max-snippet:-1, max-image-preview:large, max-video-preview:-1\" \/>\n<link rel=\"canonical\" href=\"https:\/\/berrygoodnews.fr\/index.php\/2020\/04\/16\/guy-coda-une-vie-de-chien\/\" \/>\n<meta property=\"og:locale\" content=\"fr_FR\" \/>\n<meta property=\"og:type\" content=\"article\" \/>\n<meta property=\"og:title\" content=\"Guy Coda: une vie de chien - Berry Good News\" \/>\n<meta property=\"og:description\" content=\"Le confinement permet \u00e0 certains artistes de cr\u00e9er des \u0153uvres humoristiques \u00e0 la fois picturales et fort dr\u00f4les. Guy Coda est de ceux l\u00e0 avec ces illustrations originales dont les chiens sont les t\u00e9moins omnipr\u00e9sents de notre nouvelle vie. Source article Wikipedia Dipl\u00f4m\u00e9 de l&rsquo;Institut de peinture d\u00e9corative&nbsp;Blot&nbsp;de&nbsp;Reims, Guy Coda entre \u00e0 l&rsquo;\u00c9cole nationale sup\u00e9rieure &hellip;\" \/>\n<meta property=\"og:url\" content=\"https:\/\/berrygoodnews.fr\/index.php\/2020\/04\/16\/guy-coda-une-vie-de-chien\/\" \/>\n<meta property=\"og:site_name\" content=\"Berry Good News\" \/>\n<meta property=\"article:publisher\" content=\"https:\/\/www.facebook.com\/berrygoodnews\/\" \/>\n<meta property=\"article:published_time\" content=\"2020-04-16T13:00:48+00:00\" \/>\n<meta property=\"article:modified_time\" content=\"2020-04-16T13:02:04+00:00\" \/>\n<meta property=\"og:image\" content=\"https:\/\/i0.wp.com\/berrygoodnews.fr\/wp-content\/uploads\/2020\/04\/Tonton-karl-1.jpg?fit=1772%2C1772&ssl=1\" \/>\n\t<meta property=\"og:image:width\" content=\"1772\" \/>\n\t<meta property=\"og:image:height\" content=\"1772\" \/>\n\t<meta property=\"og:image:type\" content=\"image\/jpeg\" \/>\n<meta name=\"author\" content=\"Berry Good News\" \/>\n<meta name=\"twitter:card\" content=\"summary_large_image\" \/>\n<meta name=\"twitter:label1\" content=\"\u00c9crit par\" \/>\n\t<meta name=\"twitter:data1\" content=\"Berry Good News\" \/>\n\t<meta name=\"twitter:label2\" content=\"Dur\u00e9e de lecture estim\u00e9e\" \/>\n\t<meta name=\"twitter:data2\" content=\"2 minutes\" \/>\n<script type=\"application\/ld+json\" class=\"yoast-schema-graph\">{\"@context\":\"https:\/\/schema.org\",\"@graph\":[{\"@type\":\"Article\",\"@id\":\"https:\/\/berrygoodnews.fr\/index.php\/2020\/04\/16\/guy-coda-une-vie-de-chien\/#article\",\"isPartOf\":{\"@id\":\"https:\/\/berrygoodnews.fr\/index.php\/2020\/04\/16\/guy-coda-une-vie-de-chien\/\"},\"author\":{\"name\":\"Berry Good News\",\"@id\":\"https:\/\/berrygoodnews.fr\/#\/schema\/person\/6dbdc03bea7806cc92376ffe2fcd047d\"},\"headline\":\"Guy Coda: une vie de chien\",\"datePublished\":\"2020-04-16T13:00:48+00:00\",\"dateModified\":\"2020-04-16T13:02:04+00:00\",\"mainEntityOfPage\":{\"@id\":\"https:\/\/berrygoodnews.fr\/index.php\/2020\/04\/16\/guy-coda-une-vie-de-chien\/\"},\"wordCount\":450,\"commentCount\":0,\"publisher\":{\"@id\":\"https:\/\/berrygoodnews.fr\/#organization\"},\"image\":{\"@id\":\"https:\/\/berrygoodnews.fr\/index.php\/2020\/04\/16\/guy-coda-une-vie-de-chien\/#primaryimage\"},\"thumbnailUrl\":\"https:\/\/i0.wp.com\/berrygoodnews.fr\/wp-content\/uploads\/2020\/04\/Tonton-karl-1.jpg?fit=1772%2C1772&ssl=1\",\"articleSection\":[\"vierzon et ses environs\"],\"inLanguage\":\"fr-FR\",\"potentialAction\":[{\"@type\":\"CommentAction\",\"name\":\"Comment\",\"target\":[\"https:\/\/berrygoodnews.fr\/index.php\/2020\/04\/16\/guy-coda-une-vie-de-chien\/#respond\"]}]},{\"@type\":\"WebPage\",\"@id\":\"https:\/\/berrygoodnews.fr\/index.php\/2020\/04\/16\/guy-coda-une-vie-de-chien\/\",\"url\":\"https:\/\/berrygoodnews.fr\/index.php\/2020\/04\/16\/guy-coda-une-vie-de-chien\/\",\"name\":\"Guy Coda: une vie de chien - Berry Good News\",\"isPartOf\":{\"@id\":\"https:\/\/berrygoodnews.fr\/#website\"},\"primaryImageOfPage\":{\"@id\":\"https:\/\/berrygoodnews.fr\/index.php\/2020\/04\/16\/guy-coda-une-vie-de-chien\/#primaryimage\"},\"image\":{\"@id\":\"https:\/\/berrygoodnews.fr\/index.php\/2020\/04\/16\/guy-coda-une-vie-de-chien\/#primaryimage\"},\"thumbnailUrl\":\"https:\/\/i0.wp.com\/berrygoodnews.fr\/wp-content\/uploads\/2020\/04\/Tonton-karl-1.jpg?fit=1772%2C1772&ssl=1\",\"datePublished\":\"2020-04-16T13:00:48+00:00\",\"dateModified\":\"2020-04-16T13:02:04+00:00\",\"breadcrumb\":{\"@id\":\"https:\/\/berrygoodnews.fr\/index.php\/2020\/04\/16\/guy-coda-une-vie-de-chien\/#breadcrumb\"},\"inLanguage\":\"fr-FR\",\"potentialAction\":[{\"@type\":\"ReadAction\",\"target\":[\"https:\/\/berrygoodnews.fr\/index.php\/2020\/04\/16\/guy-coda-une-vie-de-chien\/\"]}]},{\"@type\":\"ImageObject\",\"inLanguage\":\"fr-FR\",\"@id\":\"https:\/\/berrygoodnews.fr\/index.php\/2020\/04\/16\/guy-coda-une-vie-de-chien\/#primaryimage\",\"url\":\"https:\/\/i0.wp.com\/berrygoodnews.fr\/wp-content\/uploads\/2020\/04\/Tonton-karl-1.jpg?fit=1772%2C1772&ssl=1\",\"contentUrl\":\"https:\/\/i0.wp.com\/berrygoodnews.fr\/wp-content\/uploads\/2020\/04\/Tonton-karl-1.jpg?fit=1772%2C1772&ssl=1\",\"width\":1772,\"height\":1772},{\"@type\":\"BreadcrumbList\",\"@id\":\"https:\/\/berrygoodnews.fr\/index.php\/2020\/04\/16\/guy-coda-une-vie-de-chien\/#breadcrumb\",\"itemListElement\":[{\"@type\":\"ListItem\",\"position\":1,\"name\":\"Accueil\",\"item\":\"https:\/\/berrygoodnews.fr\/\"},{\"@type\":\"ListItem\",\"position\":2,\"name\":\"Guy Coda: une vie de chien\"}]},{\"@type\":\"WebSite\",\"@id\":\"https:\/\/berrygoodnews.fr\/#website\",\"url\":\"https:\/\/berrygoodnews.fr\/\",\"name\":\"Berry Good News\",\"description\":\"Le Centre En Action\",\"publisher\":{\"@id\":\"https:\/\/berrygoodnews.fr\/#organization\"},\"potentialAction\":[{\"@type\":\"SearchAction\",\"target\":{\"@type\":\"EntryPoint\",\"urlTemplate\":\"https:\/\/berrygoodnews.fr\/?s={search_term_string}\"},\"query-input\":{\"@type\":\"PropertyValueSpecification\",\"valueRequired\":true,\"valueName\":\"search_term_string\"}}],\"inLanguage\":\"fr-FR\"},{\"@type\":\"Organization\",\"@id\":\"https:\/\/berrygoodnews.fr\/#organization\",\"name\":\"Berry Good News\",\"url\":\"https:\/\/berrygoodnews.fr\/\",\"logo\":{\"@type\":\"ImageObject\",\"inLanguage\":\"fr-FR\",\"@id\":\"https:\/\/berrygoodnews.fr\/#\/schema\/logo\/image\/\",\"url\":\"https:\/\/i0.wp.com\/berrygoodnews.fr\/wp-content\/uploads\/2023\/05\/LogoBGNCouleur.png?fit=318%2C181&ssl=1\",\"contentUrl\":\"https:\/\/i0.wp.com\/berrygoodnews.fr\/wp-content\/uploads\/2023\/05\/LogoBGNCouleur.png?fit=318%2C181&ssl=1\",\"width\":318,\"height\":181,\"caption\":\"Berry Good News\"},\"image\":{\"@id\":\"https:\/\/berrygoodnews.fr\/#\/schema\/logo\/image\/\"},\"sameAs\":[\"https:\/\/www.facebook.com\/berrygoodnews\/\",\"https:\/\/www.youtube.com\/channel\/UCdNcluXQMXIRcNvap69zaWg\"]},{\"@type\":\"Person\",\"@id\":\"https:\/\/berrygoodnews.fr\/#\/schema\/person\/6dbdc03bea7806cc92376ffe2fcd047d\",\"name\":\"Berry Good News\",\"image\":{\"@type\":\"ImageObject\",\"inLanguage\":\"fr-FR\",\"@id\":\"https:\/\/berrygoodnews.fr\/#\/schema\/person\/image\/\",\"url\":\"https:\/\/secure.gravatar.com\/avatar\/dc97e2c83b7805754cf833611fb0eaf80fd556a613a9819de1842868762ec883?s=96&d=mm&r=g\",\"contentUrl\":\"https:\/\/secure.gravatar.com\/avatar\/dc97e2c83b7805754cf833611fb0eaf80fd556a613a9819de1842868762ec883?s=96&d=mm&r=g\",\"caption\":\"Berry Good News\"},\"description\":\"Ex-parisienne, qui a choisi de s'installer il y a six ans \u00e0 Vierzon avec une activit\u00e9 de chambres d'h\u00f4tes. J'ai d\u00e9cid\u00e9 de montrer les bonnes initiatives. Je suis tr\u00e8s optimiste car on a beaucoup de talents ici. J'avais envie de changer la vision que certains ont sur la ville.\",\"url\":\"https:\/\/berrygoodnews.fr\/index.php\/author\/hv\/\"}]}<\/script>\n<!-- \/ Yoast SEO plugin. -->","yoast_head_json":{"title":"Guy Coda: une vie de chien - Berry Good News","robots":{"index":"index","follow":"follow","max-snippet":"max-snippet:-1","max-image-preview":"max-image-preview:large","max-video-preview":"max-video-preview:-1"},"canonical":"https:\/\/berrygoodnews.fr\/index.php\/2020\/04\/16\/guy-coda-une-vie-de-chien\/","og_locale":"fr_FR","og_type":"article","og_title":"Guy Coda: une vie de chien - Berry Good News","og_description":"Le confinement permet \u00e0 certains artistes de cr\u00e9er des \u0153uvres humoristiques \u00e0 la fois picturales et fort dr\u00f4les. Guy Coda est de ceux l\u00e0 avec ces illustrations originales dont les chiens sont les t\u00e9moins omnipr\u00e9sents de notre nouvelle vie. Source article Wikipedia Dipl\u00f4m\u00e9 de l&rsquo;Institut de peinture d\u00e9corative&nbsp;Blot&nbsp;de&nbsp;Reims, Guy Coda entre \u00e0 l&rsquo;\u00c9cole nationale sup\u00e9rieure &hellip;","og_url":"https:\/\/berrygoodnews.fr\/index.php\/2020\/04\/16\/guy-coda-une-vie-de-chien\/","og_site_name":"Berry Good News","article_publisher":"https:\/\/www.facebook.com\/berrygoodnews\/","article_published_time":"2020-04-16T13:00:48+00:00","article_modified_time":"2020-04-16T13:02:04+00:00","og_image":[{"width":1772,"height":1772,"url":"https:\/\/i0.wp.com\/berrygoodnews.fr\/wp-content\/uploads\/2020\/04\/Tonton-karl-1.jpg?fit=1772%2C1772&ssl=1","type":"image\/jpeg"}],"author":"Berry Good News","twitter_card":"summary_large_image","twitter_misc":{"\u00c9crit par":"Berry Good News","Dur\u00e9e de lecture estim\u00e9e":"2 minutes"},"schema":{"@context":"https:\/\/schema.org","@graph":[{"@type":"Article","@id":"https:\/\/berrygoodnews.fr\/index.php\/2020\/04\/16\/guy-coda-une-vie-de-chien\/#article","isPartOf":{"@id":"https:\/\/berrygoodnews.fr\/index.php\/2020\/04\/16\/guy-coda-une-vie-de-chien\/"},"author":{"name":"Berry Good News","@id":"https:\/\/berrygoodnews.fr\/#\/schema\/person\/6dbdc03bea7806cc92376ffe2fcd047d"},"headline":"Guy Coda: une vie de chien","datePublished":"2020-04-16T13:00:48+00:00","dateModified":"2020-04-16T13:02:04+00:00","mainEntityOfPage":{"@id":"https:\/\/berrygoodnews.fr\/index.php\/2020\/04\/16\/guy-coda-une-vie-de-chien\/"},"wordCount":450,"commentCount":0,"publisher":{"@id":"https:\/\/berrygoodnews.fr\/#organization"},"image":{"@id":"https:\/\/berrygoodnews.fr\/index.php\/2020\/04\/16\/guy-coda-une-vie-de-chien\/#primaryimage"},"thumbnailUrl":"https:\/\/i0.wp.com\/berrygoodnews.fr\/wp-content\/uploads\/2020\/04\/Tonton-karl-1.jpg?fit=1772%2C1772&ssl=1","articleSection":["vierzon et ses environs"],"inLanguage":"fr-FR","potentialAction":[{"@type":"CommentAction","name":"Comment","target":["https:\/\/berrygoodnews.fr\/index.php\/2020\/04\/16\/guy-coda-une-vie-de-chien\/#respond"]}]},{"@type":"WebPage","@id":"https:\/\/berrygoodnews.fr\/index.php\/2020\/04\/16\/guy-coda-une-vie-de-chien\/","url":"https:\/\/berrygoodnews.fr\/index.php\/2020\/04\/16\/guy-coda-une-vie-de-chien\/","name":"Guy Coda: une vie de chien - Berry Good News","isPartOf":{"@id":"https:\/\/berrygoodnews.fr\/#website"},"primaryImageOfPage":{"@id":"https:\/\/berrygoodnews.fr\/index.php\/2020\/04\/16\/guy-coda-une-vie-de-chien\/#primaryimage"},"image":{"@id":"https:\/\/berrygoodnews.fr\/index.php\/2020\/04\/16\/guy-coda-une-vie-de-chien\/#primaryimage"},"thumbnailUrl":"https:\/\/i0.wp.com\/berrygoodnews.fr\/wp-content\/uploads\/2020\/04\/Tonton-karl-1.jpg?fit=1772%2C1772&ssl=1","datePublished":"2020-04-16T13:00:48+00:00","dateModified":"2020-04-16T13:02:04+00:00","breadcrumb":{"@id":"https:\/\/berrygoodnews.fr\/index.php\/2020\/04\/16\/guy-coda-une-vie-de-chien\/#breadcrumb"},"inLanguage":"fr-FR","potentialAction":[{"@type":"ReadAction","target":["https:\/\/berrygoodnews.fr\/index.php\/2020\/04\/16\/guy-coda-une-vie-de-chien\/"]}]},{"@type":"ImageObject","inLanguage":"fr-FR","@id":"https:\/\/berrygoodnews.fr\/index.php\/2020\/04\/16\/guy-coda-une-vie-de-chien\/#primaryimage","url":"https:\/\/i0.wp.com\/berrygoodnews.fr\/wp-content\/uploads\/2020\/04\/Tonton-karl-1.jpg?fit=1772%2C1772&ssl=1","contentUrl":"https:\/\/i0.wp.com\/berrygoodnews.fr\/wp-content\/uploads\/2020\/04\/Tonton-karl-1.jpg?fit=1772%2C1772&ssl=1","width":1772,"height":1772},{"@type":"BreadcrumbList","@id":"https:\/\/berrygoodnews.fr\/index.php\/2020\/04\/16\/guy-coda-une-vie-de-chien\/#breadcrumb","itemListElement":[{"@type":"ListItem","position":1,"name":"Accueil","item":"https:\/\/berrygoodnews.fr\/"},{"@type":"ListItem","position":2,"name":"Guy Coda: une vie de chien"}]},{"@type":"WebSite","@id":"https:\/\/berrygoodnews.fr\/#website","url":"https:\/\/berrygoodnews.fr\/","name":"Berry Good News","description":"Le Centre En Action","publisher":{"@id":"https:\/\/berrygoodnews.fr\/#organization"},"potentialAction":[{"@type":"SearchAction","target":{"@type":"EntryPoint","urlTemplate":"https:\/\/berrygoodnews.fr\/?s={search_term_string}"},"query-input":{"@type":"PropertyValueSpecification","valueRequired":true,"valueName":"search_term_string"}}],"inLanguage":"fr-FR"},{"@type":"Organization","@id":"https:\/\/berrygoodnews.fr\/#organization","name":"Berry Good News","url":"https:\/\/berrygoodnews.fr\/","logo":{"@type":"ImageObject","inLanguage":"fr-FR","@id":"https:\/\/berrygoodnews.fr\/#\/schema\/logo\/image\/","url":"https:\/\/i0.wp.com\/berrygoodnews.fr\/wp-content\/uploads\/2023\/05\/LogoBGNCouleur.png?fit=318%2C181&ssl=1","contentUrl":"https:\/\/i0.wp.com\/berrygoodnews.fr\/wp-content\/uploads\/2023\/05\/LogoBGNCouleur.png?fit=318%2C181&ssl=1","width":318,"height":181,"caption":"Berry Good News"},"image":{"@id":"https:\/\/berrygoodnews.fr\/#\/schema\/logo\/image\/"},"sameAs":["https:\/\/www.facebook.com\/berrygoodnews\/","https:\/\/www.youtube.com\/channel\/UCdNcluXQMXIRcNvap69zaWg"]},{"@type":"Person","@id":"https:\/\/berrygoodnews.fr\/#\/schema\/person\/6dbdc03bea7806cc92376ffe2fcd047d","name":"Berry Good News","image":{"@type":"ImageObject","inLanguage":"fr-FR","@id":"https:\/\/berrygoodnews.fr\/#\/schema\/person\/image\/","url":"https:\/\/secure.gravatar.com\/avatar\/dc97e2c83b7805754cf833611fb0eaf80fd556a613a9819de1842868762ec883?s=96&d=mm&r=g","contentUrl":"https:\/\/secure.gravatar.com\/avatar\/dc97e2c83b7805754cf833611fb0eaf80fd556a613a9819de1842868762ec883?s=96&d=mm&r=g","caption":"Berry Good News"},"description":"Ex-parisienne, qui a choisi de s'installer il y a six ans \u00e0 Vierzon avec une activit\u00e9 de chambres d'h\u00f4tes. J'ai d\u00e9cid\u00e9 de montrer les bonnes initiatives. Je suis tr\u00e8s optimiste car on a beaucoup de talents ici. J'avais envie de changer la vision que certains ont sur la ville.","url":"https:\/\/berrygoodnews.fr\/index.php\/author\/hv\/"}]}},"jetpack_publicize_connections":[],"jetpack_featured_media_url":"https:\/\/i0.wp.com\/berrygoodnews.fr\/wp-content\/uploads\/2020\/04\/Tonton-karl-1.jpg?fit=1772%2C1772&ssl=1","jetpack_shortlink":"https:\/\/wp.me\/paGqD8-2mK","jetpack-related-posts":[],"jetpack_sharing_enabled":true,"_links":{"self":[{"href":"https:\/\/berrygoodnews.fr\/index.php\/wp-json\/wp\/v2\/posts\/9098","targetHints":{"allow":["GET"]}}],"collection":[{"href":"https:\/\/berrygoodnews.fr\/index.php\/wp-json\/wp\/v2\/posts"}],"about":[{"href":"https:\/\/berrygoodnews.fr\/index.php\/wp-json\/wp\/v2\/types\/post"}],"author":[{"embeddable":true,"href":"https:\/\/berrygoodnews.fr\/index.php\/wp-json\/wp\/v2\/users\/2"}],"replies":[{"embeddable":true,"href":"https:\/\/berrygoodnews.fr\/index.php\/wp-json\/wp\/v2\/comments?post=9098"}],"version-history":[{"count":4,"href":"https:\/\/berrygoodnews.fr\/index.php\/wp-json\/wp\/v2\/posts\/9098\/revisions"}],"predecessor-version":[{"id":9106,"href":"https:\/\/berrygoodnews.fr\/index.php\/wp-json\/wp\/v2\/posts\/9098\/revisions\/9106"}],"wp:featuredmedia":[{"embeddable":true,"href":"https:\/\/berrygoodnews.fr\/index.php\/wp-json\/wp\/v2\/media\/9101"}],"wp:attachment":[{"href":"https:\/\/berrygoodnews.fr\/index.php\/wp-json\/wp\/v2\/media?parent=9098"}],"wp:term":[{"taxonomy":"category","embeddable":true,"href":"https:\/\/berrygoodnews.fr\/index.php\/wp-json\/wp\/v2\/categories?post=9098"},{"taxonomy":"post_tag","embeddable":true,"href":"https:\/\/berrygoodnews.fr\/index.php\/wp-json\/wp\/v2\/tags?post=9098"},{"taxonomy":"post_format","embeddable":true,"href":"https:\/\/berrygoodnews.fr\/index.php\/wp-json\/wp\/v2\/post_format?post=9098"},{"taxonomy":"flags","embeddable":true,"href":"https:\/\/berrygoodnews.fr\/index.php\/wp-json\/wp\/v2\/flags?post=9098"}],"curies":[{"name":"wp","href":"https:\/\/api.w.org\/{rel}","templated":true}]}}