{"id":8344,"date":"2019-06-11T11:17:07","date_gmt":"2019-06-11T09:17:07","guid":{"rendered":"https:\/\/berrygoodnews.fr\/?p=8344"},"modified":"2019-06-11T11:30:34","modified_gmt":"2019-06-11T09:30:34","slug":"soiree-festive-pour-la-place-jacques-brel","status":"publish","type":"post","link":"https:\/\/berrygoodnews.fr\/index.php\/2019\/06\/11\/soiree-festive-pour-la-place-jacques-brel\/","title":{"rendered":"Soir\u00e9e festive r\u00e9ussie sur la place Jacques Brel."},"content":{"rendered":"\n<figure class=\"wp-block-embed-youtube wp-block-embed is-type-video is-provider-youtube wp-embed-aspect-16-9 wp-has-aspect-ratio\"><div class=\"wp-block-embed__wrapper\">\n<iframe loading=\"lazy\" width=\"850\" height=\"478\" src=\"https:\/\/www.youtube.com\/embed\/mmYK67MUBeo?feature=oembed\" frameborder=\"0\" allow=\"accelerometer; autoplay; clipboard-write; encrypted-media; gyroscope; picture-in-picture; web-share\" allowfullscreen title=\"Inauguration place Jacque Brel, spectacles du soir avec gersende et Sergent Garcia\"><\/iframe>\n<\/div><\/figure>\n\n\n\n<p class=\"has-drop-cap\">Une journ\u00e9e pleine d&rsquo;\u00e9motion et de spectacles tout au long de<a href=\"https:\/\/berrygoodnews.fr\/index.php\/2019\/06\/08\/la-place-jacques-brel-a-vierzon-inauguration-aujourdhui-et-ne-ratez-pas-la-nuit-maqique-avec-le-groupe-sergent-garcia\/\" target=\"_blank\" rel=\"noreferrer noopener\" aria-label=\" la journ\u00e9e (s\u2019ouvre dans un nouvel onglet)\"> la journ\u00e9e<\/a>. Et pour le soir \u00e9taient pr\u00e9vus le groupe Sergent Garcia avec <a rel=\"noreferrer noopener\" aria-label=\"Gersende (s\u2019ouvre dans un nouvel onglet)\" href=\"https:\/\/youtu.be\/koiPRdZybzk\" target=\"_blank\">Gersende<\/a> la petite prodige en premi\u00e8re partie et un joli  feu d&rsquo;artifice pour cl\u00f4turer cet \u00e9v\u00e9nement si important pour la ville de Vierzon&#8230; Comment ne pas conna\u00eetre le grand Brel, un chanteur \u00e0 la fois si prolifique, avec ce suppl\u00e9ment d&rsquo;\u00e2me qui donne \u00e0 un artiste de vraies lettres de noblesse.<\/p>\n\n\n\n<div class=\"wp-block-image\"><figure class=\"aligncenter\"><img data-recalc-dims=\"1\" loading=\"lazy\" decoding=\"async\" width=\"640\" height=\"480\" data-attachment-id=\"8359\" data-permalink=\"https:\/\/berrygoodnews.fr\/index.php\/2019\/06\/11\/soiree-festive-pour-la-place-jacques-brel\/ob_dee3c1_p1050146\/\" data-orig-file=\"https:\/\/i0.wp.com\/berrygoodnews.fr\/wp-content\/uploads\/2019\/06\/ob_dee3c1_p1050146.jpg?fit=640%2C480&amp;ssl=1\" data-orig-size=\"640,480\" data-comments-opened=\"1\" data-image-meta=\"{&quot;aperture&quot;:&quot;0&quot;,&quot;credit&quot;:&quot;&quot;,&quot;camera&quot;:&quot;&quot;,&quot;caption&quot;:&quot;&quot;,&quot;created_timestamp&quot;:&quot;0&quot;,&quot;copyright&quot;:&quot;&quot;,&quot;focal_length&quot;:&quot;0&quot;,&quot;iso&quot;:&quot;0&quot;,&quot;shutter_speed&quot;:&quot;0&quot;,&quot;title&quot;:&quot;&quot;,&quot;orientation&quot;:&quot;0&quot;}\" data-image-title=\"ob_dee3c1_p1050146\" data-image-description=\"\" data-image-caption=\"\" data-medium-file=\"https:\/\/i0.wp.com\/berrygoodnews.fr\/wp-content\/uploads\/2019\/06\/ob_dee3c1_p1050146.jpg?fit=300%2C225&amp;ssl=1\" data-large-file=\"https:\/\/i0.wp.com\/berrygoodnews.fr\/wp-content\/uploads\/2019\/06\/ob_dee3c1_p1050146.jpg?fit=640%2C480&amp;ssl=1\" src=\"https:\/\/i0.wp.com\/berrygoodnews.fr\/wp-content\/uploads\/2019\/06\/ob_dee3c1_p1050146.jpg?resize=640%2C480&#038;ssl=1\" alt=\"\" class=\"wp-image-8359\" srcset=\"https:\/\/i0.wp.com\/berrygoodnews.fr\/wp-content\/uploads\/2019\/06\/ob_dee3c1_p1050146.jpg?w=640&amp;ssl=1 640w, https:\/\/i0.wp.com\/berrygoodnews.fr\/wp-content\/uploads\/2019\/06\/ob_dee3c1_p1050146.jpg?resize=300%2C225&amp;ssl=1 300w\" sizes=\"auto, (max-width: 640px) 100vw, 640px\" \/><figcaption><em>Swing latino avec Sergent Garcia<\/em><\/figcaption><\/figure><\/div>\n\n\n\n<div class=\"wp-block-image\"><figure class=\"aligncenter\"><img data-recalc-dims=\"1\" loading=\"lazy\" decoding=\"async\" width=\"640\" height=\"480\" data-attachment-id=\"8358\" data-permalink=\"https:\/\/berrygoodnews.fr\/index.php\/2019\/06\/11\/soiree-festive-pour-la-place-jacques-brel\/ob_bd8c88_p1050151\/\" data-orig-file=\"https:\/\/i0.wp.com\/berrygoodnews.fr\/wp-content\/uploads\/2019\/06\/ob_bd8c88_p1050151.jpg?fit=640%2C480&amp;ssl=1\" data-orig-size=\"640,480\" data-comments-opened=\"1\" data-image-meta=\"{&quot;aperture&quot;:&quot;0&quot;,&quot;credit&quot;:&quot;&quot;,&quot;camera&quot;:&quot;&quot;,&quot;caption&quot;:&quot;&quot;,&quot;created_timestamp&quot;:&quot;0&quot;,&quot;copyright&quot;:&quot;&quot;,&quot;focal_length&quot;:&quot;0&quot;,&quot;iso&quot;:&quot;0&quot;,&quot;shutter_speed&quot;:&quot;0&quot;,&quot;title&quot;:&quot;&quot;,&quot;orientation&quot;:&quot;0&quot;}\" data-image-title=\"ob_bd8c88_p1050151\" data-image-description=\"\" data-image-caption=\"\" data-medium-file=\"https:\/\/i0.wp.com\/berrygoodnews.fr\/wp-content\/uploads\/2019\/06\/ob_bd8c88_p1050151.jpg?fit=300%2C225&amp;ssl=1\" data-large-file=\"https:\/\/i0.wp.com\/berrygoodnews.fr\/wp-content\/uploads\/2019\/06\/ob_bd8c88_p1050151.jpg?fit=640%2C480&amp;ssl=1\" src=\"https:\/\/i0.wp.com\/berrygoodnews.fr\/wp-content\/uploads\/2019\/06\/ob_bd8c88_p1050151.jpg?resize=640%2C480&#038;ssl=1\" alt=\"\" class=\"wp-image-8358\" srcset=\"https:\/\/i0.wp.com\/berrygoodnews.fr\/wp-content\/uploads\/2019\/06\/ob_bd8c88_p1050151.jpg?w=640&amp;ssl=1 640w, https:\/\/i0.wp.com\/berrygoodnews.fr\/wp-content\/uploads\/2019\/06\/ob_bd8c88_p1050151.jpg?resize=300%2C225&amp;ssl=1 300w\" sizes=\"auto, (max-width: 640px) 100vw, 640px\" \/><figcaption><em>Bougez donc et en rythme!<\/em><\/figcaption><\/figure><\/div>\n\n\n\n<div class=\"wp-block-image\"><figure class=\"aligncenter\"><img data-recalc-dims=\"1\" loading=\"lazy\" decoding=\"async\" width=\"640\" height=\"480\" data-attachment-id=\"8362\" data-permalink=\"https:\/\/berrygoodnews.fr\/index.php\/2019\/06\/11\/soiree-festive-pour-la-place-jacques-brel\/ob_dd5494_p1050147\/\" data-orig-file=\"https:\/\/i0.wp.com\/berrygoodnews.fr\/wp-content\/uploads\/2019\/06\/ob_dd5494_p1050147.jpg?fit=640%2C480&amp;ssl=1\" data-orig-size=\"640,480\" data-comments-opened=\"1\" data-image-meta=\"{&quot;aperture&quot;:&quot;0&quot;,&quot;credit&quot;:&quot;&quot;,&quot;camera&quot;:&quot;&quot;,&quot;caption&quot;:&quot;&quot;,&quot;created_timestamp&quot;:&quot;0&quot;,&quot;copyright&quot;:&quot;&quot;,&quot;focal_length&quot;:&quot;0&quot;,&quot;iso&quot;:&quot;0&quot;,&quot;shutter_speed&quot;:&quot;0&quot;,&quot;title&quot;:&quot;&quot;,&quot;orientation&quot;:&quot;0&quot;}\" data-image-title=\"ob_dd5494_p1050147\" data-image-description=\"\" data-image-caption=\"\" data-medium-file=\"https:\/\/i0.wp.com\/berrygoodnews.fr\/wp-content\/uploads\/2019\/06\/ob_dd5494_p1050147.jpg?fit=300%2C225&amp;ssl=1\" data-large-file=\"https:\/\/i0.wp.com\/berrygoodnews.fr\/wp-content\/uploads\/2019\/06\/ob_dd5494_p1050147.jpg?fit=640%2C480&amp;ssl=1\" src=\"https:\/\/i0.wp.com\/berrygoodnews.fr\/wp-content\/uploads\/2019\/06\/ob_dd5494_p1050147.jpg?resize=640%2C480&#038;ssl=1\" alt=\"\" class=\"wp-image-8362\" srcset=\"https:\/\/i0.wp.com\/berrygoodnews.fr\/wp-content\/uploads\/2019\/06\/ob_dd5494_p1050147.jpg?w=640&amp;ssl=1 640w, https:\/\/i0.wp.com\/berrygoodnews.fr\/wp-content\/uploads\/2019\/06\/ob_dd5494_p1050147.jpg?resize=300%2C225&amp;ssl=1 300w\" sizes=\"auto, (max-width: 640px) 100vw, 640px\" \/><figcaption><em>Comme moi&#8230;<\/em><\/figcaption><\/figure><\/div>\n\n\n\n<p class=\"has-drop-cap\"> Nous avons rencontr\u00e9 les organisateurs qui semblaient \u00e0 la fois ravis de la belle prestation mais aussi soulag\u00e9s \u00e0 la fin de l\u2019\u00e9v\u00e9nement. Un travail qui avait demand\u00e9 de longues pr\u00e9parations et une logistique fort compliqu\u00e9e.  <br>Une foule nombreuse, un public ravi, une place d\u00e9gag\u00e9e pour les enfants, un lieu de rencontre pour tous les vierzonnais&#8230; Le job est fait! <\/p>\n\n\n\n<div class=\"wp-block-image\"><figure class=\"aligncenter is-resized\"><img data-recalc-dims=\"1\" loading=\"lazy\" decoding=\"async\" data-attachment-id=\"8355\" data-permalink=\"https:\/\/berrygoodnews.fr\/index.php\/2019\/06\/11\/soiree-festive-pour-la-place-jacques-brel\/ob_71d947_p1050141\/\" data-orig-file=\"https:\/\/i0.wp.com\/berrygoodnews.fr\/wp-content\/uploads\/2019\/06\/ob_71d947_p1050141.jpg?fit=1272%2C956&amp;ssl=1\" data-orig-size=\"1272,956\" data-comments-opened=\"1\" data-image-meta=\"{&quot;aperture&quot;:&quot;0&quot;,&quot;credit&quot;:&quot;&quot;,&quot;camera&quot;:&quot;&quot;,&quot;caption&quot;:&quot;&quot;,&quot;created_timestamp&quot;:&quot;0&quot;,&quot;copyright&quot;:&quot;&quot;,&quot;focal_length&quot;:&quot;0&quot;,&quot;iso&quot;:&quot;0&quot;,&quot;shutter_speed&quot;:&quot;0&quot;,&quot;title&quot;:&quot;&quot;,&quot;orientation&quot;:&quot;0&quot;}\" data-image-title=\"ob_71d947_p1050141\" data-image-description=\"\" data-image-caption=\"\" data-medium-file=\"https:\/\/i0.wp.com\/berrygoodnews.fr\/wp-content\/uploads\/2019\/06\/ob_71d947_p1050141.jpg?fit=300%2C225&amp;ssl=1\" data-large-file=\"https:\/\/i0.wp.com\/berrygoodnews.fr\/wp-content\/uploads\/2019\/06\/ob_71d947_p1050141.jpg?fit=850%2C639&amp;ssl=1\" src=\"https:\/\/i0.wp.com\/berrygoodnews.fr\/wp-content\/uploads\/2019\/06\/ob_71d947_p1050141.jpg?resize=641%2C481&#038;ssl=1\" alt=\"\" class=\"wp-image-8355\" width=\"641\" height=\"481\" srcset=\"https:\/\/i0.wp.com\/berrygoodnews.fr\/wp-content\/uploads\/2019\/06\/ob_71d947_p1050141.jpg?resize=1024%2C770&amp;ssl=1 1024w, https:\/\/i0.wp.com\/berrygoodnews.fr\/wp-content\/uploads\/2019\/06\/ob_71d947_p1050141.jpg?resize=300%2C225&amp;ssl=1 300w, https:\/\/i0.wp.com\/berrygoodnews.fr\/wp-content\/uploads\/2019\/06\/ob_71d947_p1050141.jpg?resize=768%2C577&amp;ssl=1 768w, https:\/\/i0.wp.com\/berrygoodnews.fr\/wp-content\/uploads\/2019\/06\/ob_71d947_p1050141.jpg?resize=845%2C635&amp;ssl=1 845w, https:\/\/i0.wp.com\/berrygoodnews.fr\/wp-content\/uploads\/2019\/06\/ob_71d947_p1050141.jpg?w=1272&amp;ssl=1 1272w\" sizes=\"auto, (max-width: 641px) 100vw, 641px\" \/><figcaption><em>Emotion avec Gersende.<\/em>..<\/figcaption><\/figure><\/div>\n\n\n\n<ul class=\"wp-block-gallery columns-3 is-cropped wp-block-gallery-1 is-layout-flex wp-block-gallery-is-layout-flex\"><li class=\"blocks-gallery-item\"><figure><img data-recalc-dims=\"1\" loading=\"lazy\" decoding=\"async\" width=\"640\" height=\"480\" data-attachment-id=\"8357\" data-permalink=\"https:\/\/berrygoodnews.fr\/index.php\/2019\/06\/11\/soiree-festive-pour-la-place-jacques-brel\/ob_499921_p1050125\/\" data-orig-file=\"https:\/\/i0.wp.com\/berrygoodnews.fr\/wp-content\/uploads\/2019\/06\/ob_499921_p1050125.jpg?fit=640%2C480&amp;ssl=1\" data-orig-size=\"640,480\" data-comments-opened=\"1\" data-image-meta=\"{&quot;aperture&quot;:&quot;0&quot;,&quot;credit&quot;:&quot;&quot;,&quot;camera&quot;:&quot;&quot;,&quot;caption&quot;:&quot;&quot;,&quot;created_timestamp&quot;:&quot;0&quot;,&quot;copyright&quot;:&quot;&quot;,&quot;focal_length&quot;:&quot;0&quot;,&quot;iso&quot;:&quot;0&quot;,&quot;shutter_speed&quot;:&quot;0&quot;,&quot;title&quot;:&quot;&quot;,&quot;orientation&quot;:&quot;0&quot;}\" data-image-title=\"ob_499921_p1050125\" data-image-description=\"\" data-image-caption=\"\" data-medium-file=\"https:\/\/i0.wp.com\/berrygoodnews.fr\/wp-content\/uploads\/2019\/06\/ob_499921_p1050125.jpg?fit=300%2C225&amp;ssl=1\" data-large-file=\"https:\/\/i0.wp.com\/berrygoodnews.fr\/wp-content\/uploads\/2019\/06\/ob_499921_p1050125.jpg?fit=640%2C480&amp;ssl=1\" src=\"https:\/\/i0.wp.com\/berrygoodnews.fr\/wp-content\/uploads\/2019\/06\/ob_499921_p1050125.jpg?resize=640%2C480&#038;ssl=1\" alt=\"\" data-id=\"8357\" data-link=\"https:\/\/berrygoodnews.fr\/?attachment_id=8357\" class=\"wp-image-8357\" srcset=\"https:\/\/i0.wp.com\/berrygoodnews.fr\/wp-content\/uploads\/2019\/06\/ob_499921_p1050125.jpg?w=640&amp;ssl=1 640w, https:\/\/i0.wp.com\/berrygoodnews.fr\/wp-content\/uploads\/2019\/06\/ob_499921_p1050125.jpg?resize=300%2C225&amp;ssl=1 300w\" sizes=\"auto, (max-width: 640px) 100vw, 640px\" \/><\/figure><\/li><li class=\"blocks-gallery-item\"><figure><img data-recalc-dims=\"1\" loading=\"lazy\" decoding=\"async\" width=\"640\" height=\"480\" data-attachment-id=\"8351\" data-permalink=\"https:\/\/berrygoodnews.fr\/index.php\/2019\/06\/11\/soiree-festive-pour-la-place-jacques-brel\/ob_1c2d12_p1050128\/\" data-orig-file=\"https:\/\/i0.wp.com\/berrygoodnews.fr\/wp-content\/uploads\/2019\/06\/ob_1c2d12_p1050128.jpg?fit=640%2C480&amp;ssl=1\" data-orig-size=\"640,480\" data-comments-opened=\"1\" data-image-meta=\"{&quot;aperture&quot;:&quot;0&quot;,&quot;credit&quot;:&quot;&quot;,&quot;camera&quot;:&quot;&quot;,&quot;caption&quot;:&quot;&quot;,&quot;created_timestamp&quot;:&quot;0&quot;,&quot;copyright&quot;:&quot;&quot;,&quot;focal_length&quot;:&quot;0&quot;,&quot;iso&quot;:&quot;0&quot;,&quot;shutter_speed&quot;:&quot;0&quot;,&quot;title&quot;:&quot;&quot;,&quot;orientation&quot;:&quot;0&quot;}\" data-image-title=\"ob_1c2d12_p1050128\" data-image-description=\"\" data-image-caption=\"\" data-medium-file=\"https:\/\/i0.wp.com\/berrygoodnews.fr\/wp-content\/uploads\/2019\/06\/ob_1c2d12_p1050128.jpg?fit=300%2C225&amp;ssl=1\" data-large-file=\"https:\/\/i0.wp.com\/berrygoodnews.fr\/wp-content\/uploads\/2019\/06\/ob_1c2d12_p1050128.jpg?fit=640%2C480&amp;ssl=1\" src=\"https:\/\/i0.wp.com\/berrygoodnews.fr\/wp-content\/uploads\/2019\/06\/ob_1c2d12_p1050128.jpg?resize=640%2C480&#038;ssl=1\" alt=\"\" data-id=\"8351\" data-link=\"https:\/\/berrygoodnews.fr\/?attachment_id=8351\" class=\"wp-image-8351\" srcset=\"https:\/\/i0.wp.com\/berrygoodnews.fr\/wp-content\/uploads\/2019\/06\/ob_1c2d12_p1050128.jpg?w=640&amp;ssl=1 640w, https:\/\/i0.wp.com\/berrygoodnews.fr\/wp-content\/uploads\/2019\/06\/ob_1c2d12_p1050128.jpg?resize=300%2C225&amp;ssl=1 300w\" sizes=\"auto, (max-width: 640px) 100vw, 640px\" \/><figcaption><em>Gersende chanteuse mais aussi com\u00e9dienne!<\/em><\/figcaption><\/figure><\/li><li class=\"blocks-gallery-item\"><figure><img data-recalc-dims=\"1\" loading=\"lazy\" decoding=\"async\" width=\"360\" height=\"480\" data-attachment-id=\"8352\" data-permalink=\"https:\/\/berrygoodnews.fr\/index.php\/2019\/06\/11\/soiree-festive-pour-la-place-jacques-brel\/ob_5ee144_p1050123\/\" data-orig-file=\"https:\/\/i0.wp.com\/berrygoodnews.fr\/wp-content\/uploads\/2019\/06\/ob_5ee144_p1050123.jpg?fit=360%2C480&amp;ssl=1\" data-orig-size=\"360,480\" data-comments-opened=\"1\" data-image-meta=\"{&quot;aperture&quot;:&quot;0&quot;,&quot;credit&quot;:&quot;&quot;,&quot;camera&quot;:&quot;&quot;,&quot;caption&quot;:&quot;&quot;,&quot;created_timestamp&quot;:&quot;0&quot;,&quot;copyright&quot;:&quot;&quot;,&quot;focal_length&quot;:&quot;0&quot;,&quot;iso&quot;:&quot;0&quot;,&quot;shutter_speed&quot;:&quot;0&quot;,&quot;title&quot;:&quot;&quot;,&quot;orientation&quot;:&quot;0&quot;}\" data-image-title=\"ob_5ee144_p1050123\" data-image-description=\"\" data-image-caption=\"\" data-medium-file=\"https:\/\/i0.wp.com\/berrygoodnews.fr\/wp-content\/uploads\/2019\/06\/ob_5ee144_p1050123.jpg?fit=225%2C300&amp;ssl=1\" data-large-file=\"https:\/\/i0.wp.com\/berrygoodnews.fr\/wp-content\/uploads\/2019\/06\/ob_5ee144_p1050123.jpg?fit=360%2C480&amp;ssl=1\" src=\"https:\/\/i0.wp.com\/berrygoodnews.fr\/wp-content\/uploads\/2019\/06\/ob_5ee144_p1050123.jpg?resize=360%2C480&#038;ssl=1\" alt=\"\" data-id=\"8352\" data-link=\"https:\/\/berrygoodnews.fr\/?attachment_id=8352\" class=\"wp-image-8352\" srcset=\"https:\/\/i0.wp.com\/berrygoodnews.fr\/wp-content\/uploads\/2019\/06\/ob_5ee144_p1050123.jpg?w=360&amp;ssl=1 360w, https:\/\/i0.wp.com\/berrygoodnews.fr\/wp-content\/uploads\/2019\/06\/ob_5ee144_p1050123.jpg?resize=225%2C300&amp;ssl=1 225w\" sizes=\"auto, (max-width: 360px) 100vw, 360px\" \/><\/figure><\/li><\/ul>\n\n\n\n<div class=\"wp-block-image\"><figure class=\"aligncenter\"><img data-recalc-dims=\"1\" loading=\"lazy\" decoding=\"async\" width=\"640\" height=\"480\" data-attachment-id=\"8353\" data-permalink=\"https:\/\/berrygoodnews.fr\/index.php\/2019\/06\/11\/soiree-festive-pour-la-place-jacques-brel\/ob_7a8c2f_p1050169\/\" data-orig-file=\"https:\/\/i0.wp.com\/berrygoodnews.fr\/wp-content\/uploads\/2019\/06\/ob_7a8c2f_p1050169.jpg?fit=640%2C480&amp;ssl=1\" data-orig-size=\"640,480\" data-comments-opened=\"1\" data-image-meta=\"{&quot;aperture&quot;:&quot;0&quot;,&quot;credit&quot;:&quot;&quot;,&quot;camera&quot;:&quot;&quot;,&quot;caption&quot;:&quot;&quot;,&quot;created_timestamp&quot;:&quot;0&quot;,&quot;copyright&quot;:&quot;&quot;,&quot;focal_length&quot;:&quot;0&quot;,&quot;iso&quot;:&quot;0&quot;,&quot;shutter_speed&quot;:&quot;0&quot;,&quot;title&quot;:&quot;&quot;,&quot;orientation&quot;:&quot;0&quot;}\" data-image-title=\"ob_7a8c2f_p1050169\" data-image-description=\"\" data-image-caption=\"\" data-medium-file=\"https:\/\/i0.wp.com\/berrygoodnews.fr\/wp-content\/uploads\/2019\/06\/ob_7a8c2f_p1050169.jpg?fit=300%2C225&amp;ssl=1\" data-large-file=\"https:\/\/i0.wp.com\/berrygoodnews.fr\/wp-content\/uploads\/2019\/06\/ob_7a8c2f_p1050169.jpg?fit=640%2C480&amp;ssl=1\" src=\"https:\/\/i0.wp.com\/berrygoodnews.fr\/wp-content\/uploads\/2019\/06\/ob_7a8c2f_p1050169.jpg?resize=640%2C480&#038;ssl=1\" alt=\"\" class=\"wp-image-8353\" srcset=\"https:\/\/i0.wp.com\/berrygoodnews.fr\/wp-content\/uploads\/2019\/06\/ob_7a8c2f_p1050169.jpg?w=640&amp;ssl=1 640w, https:\/\/i0.wp.com\/berrygoodnews.fr\/wp-content\/uploads\/2019\/06\/ob_7a8c2f_p1050169.jpg?resize=300%2C225&amp;ssl=1 300w\" sizes=\"auto, (max-width: 640px) 100vw, 640px\" \/><figcaption><em>Merci \u00e0 vierzonitude pour cette superbe photo<\/em><\/figcaption><\/figure><\/div>\n\n\n\n<figure class=\"wp-block-image\"><img data-recalc-dims=\"1\" loading=\"lazy\" decoding=\"async\" width=\"850\" height=\"478\" data-attachment-id=\"8346\" data-permalink=\"https:\/\/berrygoodnews.fr\/vlcsnap-2019-06-10-16h06m22s770\/\" data-orig-file=\"https:\/\/i0.wp.com\/berrygoodnews.fr\/wp-content\/uploads\/2019\/06\/vlcsnap-2019-06-10-16h06m22s770.png?fit=1920%2C1080&amp;ssl=1\" data-orig-size=\"1920,1080\" data-comments-opened=\"1\" data-image-meta=\"{&quot;aperture&quot;:&quot;0&quot;,&quot;credit&quot;:&quot;&quot;,&quot;camera&quot;:&quot;&quot;,&quot;caption&quot;:&quot;&quot;,&quot;created_timestamp&quot;:&quot;0&quot;,&quot;copyright&quot;:&quot;&quot;,&quot;focal_length&quot;:&quot;0&quot;,&quot;iso&quot;:&quot;0&quot;,&quot;shutter_speed&quot;:&quot;0&quot;,&quot;title&quot;:&quot;&quot;,&quot;orientation&quot;:&quot;0&quot;}\" data-image-title=\"vlcsnap-2019-06-10-16h06m22s770\" data-image-description=\"\" data-image-caption=\"\" data-medium-file=\"https:\/\/i0.wp.com\/berrygoodnews.fr\/wp-content\/uploads\/2019\/06\/vlcsnap-2019-06-10-16h06m22s770.png?fit=300%2C169&amp;ssl=1\" data-large-file=\"https:\/\/i0.wp.com\/berrygoodnews.fr\/wp-content\/uploads\/2019\/06\/vlcsnap-2019-06-10-16h06m22s770.png?fit=850%2C478&amp;ssl=1\" src=\"https:\/\/i0.wp.com\/berrygoodnews.fr\/wp-content\/uploads\/2019\/06\/vlcsnap-2019-06-10-16h06m22s770.png?resize=850%2C478&#038;ssl=1\" alt=\"\" class=\"wp-image-8346\" srcset=\"https:\/\/i0.wp.com\/berrygoodnews.fr\/wp-content\/uploads\/2019\/06\/vlcsnap-2019-06-10-16h06m22s770.png?resize=1024%2C576&amp;ssl=1 1024w, https:\/\/i0.wp.com\/berrygoodnews.fr\/wp-content\/uploads\/2019\/06\/vlcsnap-2019-06-10-16h06m22s770.png?resize=300%2C169&amp;ssl=1 300w, https:\/\/i0.wp.com\/berrygoodnews.fr\/wp-content\/uploads\/2019\/06\/vlcsnap-2019-06-10-16h06m22s770.png?resize=768%2C432&amp;ssl=1 768w, https:\/\/i0.wp.com\/berrygoodnews.fr\/wp-content\/uploads\/2019\/06\/vlcsnap-2019-06-10-16h06m22s770.png?resize=845%2C475&amp;ssl=1 845w, https:\/\/i0.wp.com\/berrygoodnews.fr\/wp-content\/uploads\/2019\/06\/vlcsnap-2019-06-10-16h06m22s770.png?resize=1240%2C698&amp;ssl=1 1240w, https:\/\/i0.wp.com\/berrygoodnews.fr\/wp-content\/uploads\/2019\/06\/vlcsnap-2019-06-10-16h06m22s770.png?w=1920&amp;ssl=1 1920w, https:\/\/i0.wp.com\/berrygoodnews.fr\/wp-content\/uploads\/2019\/06\/vlcsnap-2019-06-10-16h06m22s770.png?w=1700&amp;ssl=1 1700w\" sizes=\"auto, (max-width: 850px) 100vw, 850px\" \/><figcaption><em>Des spectateurs enthousiasm\u00e9s&#8230;<\/em><\/figcaption><\/figure>\n\n\n\n<figure class=\"wp-block-image\"><img data-recalc-dims=\"1\" loading=\"lazy\" decoding=\"async\" width=\"850\" height=\"478\" data-attachment-id=\"8348\" data-permalink=\"https:\/\/berrygoodnews.fr\/index.php\/2019\/06\/11\/soiree-festive-pour-la-place-jacques-brel\/vlcsnap-2019-06-10-16h39m15s253\/\" data-orig-file=\"https:\/\/i0.wp.com\/berrygoodnews.fr\/wp-content\/uploads\/2019\/06\/vlcsnap-2019-06-10-16h39m15s253.png?fit=1920%2C1080&amp;ssl=1\" data-orig-size=\"1920,1080\" data-comments-opened=\"1\" data-image-meta=\"{&quot;aperture&quot;:&quot;0&quot;,&quot;credit&quot;:&quot;&quot;,&quot;camera&quot;:&quot;&quot;,&quot;caption&quot;:&quot;&quot;,&quot;created_timestamp&quot;:&quot;0&quot;,&quot;copyright&quot;:&quot;&quot;,&quot;focal_length&quot;:&quot;0&quot;,&quot;iso&quot;:&quot;0&quot;,&quot;shutter_speed&quot;:&quot;0&quot;,&quot;title&quot;:&quot;&quot;,&quot;orientation&quot;:&quot;0&quot;}\" data-image-title=\"vlcsnap-2019-06-10-16h39m15s253\" data-image-description=\"\" data-image-caption=\"\" data-medium-file=\"https:\/\/i0.wp.com\/berrygoodnews.fr\/wp-content\/uploads\/2019\/06\/vlcsnap-2019-06-10-16h39m15s253.png?fit=300%2C169&amp;ssl=1\" data-large-file=\"https:\/\/i0.wp.com\/berrygoodnews.fr\/wp-content\/uploads\/2019\/06\/vlcsnap-2019-06-10-16h39m15s253.png?fit=850%2C478&amp;ssl=1\" src=\"https:\/\/i0.wp.com\/berrygoodnews.fr\/wp-content\/uploads\/2019\/06\/vlcsnap-2019-06-10-16h39m15s253.png?resize=850%2C478&#038;ssl=1\" alt=\"\" class=\"wp-image-8348\" srcset=\"https:\/\/i0.wp.com\/berrygoodnews.fr\/wp-content\/uploads\/2019\/06\/vlcsnap-2019-06-10-16h39m15s253.png?resize=1024%2C576&amp;ssl=1 1024w, https:\/\/i0.wp.com\/berrygoodnews.fr\/wp-content\/uploads\/2019\/06\/vlcsnap-2019-06-10-16h39m15s253.png?resize=300%2C169&amp;ssl=1 300w, https:\/\/i0.wp.com\/berrygoodnews.fr\/wp-content\/uploads\/2019\/06\/vlcsnap-2019-06-10-16h39m15s253.png?resize=768%2C432&amp;ssl=1 768w, https:\/\/i0.wp.com\/berrygoodnews.fr\/wp-content\/uploads\/2019\/06\/vlcsnap-2019-06-10-16h39m15s253.png?resize=845%2C475&amp;ssl=1 845w, https:\/\/i0.wp.com\/berrygoodnews.fr\/wp-content\/uploads\/2019\/06\/vlcsnap-2019-06-10-16h39m15s253.png?resize=1240%2C698&amp;ssl=1 1240w, https:\/\/i0.wp.com\/berrygoodnews.fr\/wp-content\/uploads\/2019\/06\/vlcsnap-2019-06-10-16h39m15s253.png?w=1920&amp;ssl=1 1920w, https:\/\/i0.wp.com\/berrygoodnews.fr\/wp-content\/uploads\/2019\/06\/vlcsnap-2019-06-10-16h39m15s253.png?w=1700&amp;ssl=1 1700w\" sizes=\"auto, (max-width: 850px) 100vw, 850px\" \/><figcaption><em>FR3 cam\u00e9ra au poing!<\/em><\/figcaption><\/figure>\n\n\n\n<figure class=\"wp-block-image\"><img data-recalc-dims=\"1\" loading=\"lazy\" decoding=\"async\" width=\"850\" height=\"478\" data-attachment-id=\"8349\" data-permalink=\"https:\/\/berrygoodnews.fr\/index.php\/2019\/06\/11\/soiree-festive-pour-la-place-jacques-brel\/vlcsnap-2019-06-10-16h40m15s883\/\" data-orig-file=\"https:\/\/i0.wp.com\/berrygoodnews.fr\/wp-content\/uploads\/2019\/06\/vlcsnap-2019-06-10-16h40m15s883.png?fit=1920%2C1080&amp;ssl=1\" data-orig-size=\"1920,1080\" data-comments-opened=\"1\" data-image-meta=\"{&quot;aperture&quot;:&quot;0&quot;,&quot;credit&quot;:&quot;&quot;,&quot;camera&quot;:&quot;&quot;,&quot;caption&quot;:&quot;&quot;,&quot;created_timestamp&quot;:&quot;0&quot;,&quot;copyright&quot;:&quot;&quot;,&quot;focal_length&quot;:&quot;0&quot;,&quot;iso&quot;:&quot;0&quot;,&quot;shutter_speed&quot;:&quot;0&quot;,&quot;title&quot;:&quot;&quot;,&quot;orientation&quot;:&quot;0&quot;}\" data-image-title=\"vlcsnap-2019-06-10-16h40m15s883\" data-image-description=\"\" data-image-caption=\"\" data-medium-file=\"https:\/\/i0.wp.com\/berrygoodnews.fr\/wp-content\/uploads\/2019\/06\/vlcsnap-2019-06-10-16h40m15s883.png?fit=300%2C169&amp;ssl=1\" data-large-file=\"https:\/\/i0.wp.com\/berrygoodnews.fr\/wp-content\/uploads\/2019\/06\/vlcsnap-2019-06-10-16h40m15s883.png?fit=850%2C478&amp;ssl=1\" src=\"https:\/\/i0.wp.com\/berrygoodnews.fr\/wp-content\/uploads\/2019\/06\/vlcsnap-2019-06-10-16h40m15s883.png?resize=850%2C478&#038;ssl=1\" alt=\"\" class=\"wp-image-8349\" srcset=\"https:\/\/i0.wp.com\/berrygoodnews.fr\/wp-content\/uploads\/2019\/06\/vlcsnap-2019-06-10-16h40m15s883.png?resize=1024%2C576&amp;ssl=1 1024w, https:\/\/i0.wp.com\/berrygoodnews.fr\/wp-content\/uploads\/2019\/06\/vlcsnap-2019-06-10-16h40m15s883.png?resize=300%2C169&amp;ssl=1 300w, https:\/\/i0.wp.com\/berrygoodnews.fr\/wp-content\/uploads\/2019\/06\/vlcsnap-2019-06-10-16h40m15s883.png?resize=768%2C432&amp;ssl=1 768w, https:\/\/i0.wp.com\/berrygoodnews.fr\/wp-content\/uploads\/2019\/06\/vlcsnap-2019-06-10-16h40m15s883.png?resize=845%2C475&amp;ssl=1 845w, https:\/\/i0.wp.com\/berrygoodnews.fr\/wp-content\/uploads\/2019\/06\/vlcsnap-2019-06-10-16h40m15s883.png?resize=1240%2C698&amp;ssl=1 1240w, https:\/\/i0.wp.com\/berrygoodnews.fr\/wp-content\/uploads\/2019\/06\/vlcsnap-2019-06-10-16h40m15s883.png?w=1920&amp;ssl=1 1920w, https:\/\/i0.wp.com\/berrygoodnews.fr\/wp-content\/uploads\/2019\/06\/vlcsnap-2019-06-10-16h40m15s883.png?w=1700&amp;ssl=1 1700w\" sizes=\"auto, (max-width: 850px) 100vw, 850px\" \/><figcaption><em>France Brel&#8230;.<\/em><\/figcaption><\/figure>\n\n\n\n<p> <\/p>\n","protected":false},"excerpt":{"rendered":"<p>Une journ\u00e9e pleine d&rsquo;\u00e9motion et de spectacles tout au long de la journ\u00e9e. Et pour le soir \u00e9taient pr\u00e9vus le groupe Sergent Garcia avec Gersende la petite prodige en premi\u00e8re partie et un joli feu d&rsquo;artifice pour cl\u00f4turer cet \u00e9v\u00e9nement si important pour la ville de Vierzon&#8230; Comment ne pas conna\u00eetre le grand Brel, un &hellip;<\/p>\n","protected":false},"author":2,"featured_media":8361,"comment_status":"open","ping_status":"open","sticky":false,"template":"","format":"video","meta":{"jetpack_post_was_ever_published":false,"_jetpack_newsletter_access":"","_jetpack_dont_email_post_to_subs":false,"_jetpack_newsletter_tier_id":0,"_jetpack_memberships_contains_paywalled_content":false,"_jetpack_memberships_contains_paid_content":false,"footnotes":"","jetpack_publicize_message":"","jetpack_publicize_feature_enabled":true,"jetpack_social_post_already_shared":true,"jetpack_social_options":{"image_generator_settings":{"template":"highway","default_image_id":0,"font":"","enabled":false},"version":2}},"categories":[862,39,14],"tags":[],"post_format":[13],"flags":[],"class_list":["post-8344","post","type-post","status-publish","format-video","has-post-thumbnail","hentry","category-central-region","category-national","category-vierzon-et-ses-environs","post_format-post-format-video"],"yoast_head":"<!-- This site is optimized with the Yoast SEO plugin v26.8 - https:\/\/yoast.com\/product\/yoast-seo-wordpress\/ -->\n<title>Soir\u00e9e festive r\u00e9ussie sur la place Jacques Brel. - Berry Good News<\/title>\n<meta name=\"robots\" content=\"index, follow, max-snippet:-1, max-image-preview:large, max-video-preview:-1\" \/>\n<link rel=\"canonical\" href=\"https:\/\/berrygoodnews.fr\/index.php\/2019\/06\/11\/soiree-festive-pour-la-place-jacques-brel\/\" \/>\n<meta property=\"og:locale\" content=\"fr_FR\" \/>\n<meta property=\"og:type\" content=\"article\" \/>\n<meta property=\"og:title\" content=\"Soir\u00e9e festive r\u00e9ussie sur la place Jacques Brel. - Berry Good News\" \/>\n<meta property=\"og:description\" content=\"Une journ\u00e9e pleine d&rsquo;\u00e9motion et de spectacles tout au long de la journ\u00e9e. Et pour le soir \u00e9taient pr\u00e9vus le groupe Sergent Garcia avec Gersende la petite prodige en premi\u00e8re partie et un joli feu d&rsquo;artifice pour cl\u00f4turer cet \u00e9v\u00e9nement si important pour la ville de Vierzon&#8230; Comment ne pas conna\u00eetre le grand Brel, un &hellip;\" \/>\n<meta property=\"og:url\" content=\"https:\/\/berrygoodnews.fr\/index.php\/2019\/06\/11\/soiree-festive-pour-la-place-jacques-brel\/\" \/>\n<meta property=\"og:site_name\" content=\"Berry Good News\" \/>\n<meta property=\"article:publisher\" content=\"https:\/\/www.facebook.com\/berrygoodnews\/\" \/>\n<meta property=\"article:published_time\" content=\"2019-06-11T09:17:07+00:00\" \/>\n<meta property=\"article:modified_time\" content=\"2019-06-11T09:30:34+00:00\" \/>\n<meta property=\"og:image\" content=\"https:\/\/i0.wp.com\/berrygoodnews.fr\/wp-content\/uploads\/2019\/06\/ob_d11c2c_p1050150.jpg?fit=640%2C480&ssl=1\" \/>\n\t<meta property=\"og:image:width\" content=\"640\" \/>\n\t<meta property=\"og:image:height\" content=\"480\" \/>\n\t<meta property=\"og:image:type\" content=\"image\/jpeg\" \/>\n<meta name=\"author\" content=\"Berry Good News\" \/>\n<meta name=\"twitter:card\" content=\"summary_large_image\" \/>\n<meta name=\"twitter:label1\" content=\"\u00c9crit par\" \/>\n\t<meta name=\"twitter:data1\" content=\"Berry Good News\" \/>\n\t<meta name=\"twitter:label2\" content=\"Dur\u00e9e de lecture estim\u00e9e\" \/>\n\t<meta name=\"twitter:data2\" content=\"1 minute\" \/>\n<script type=\"application\/ld+json\" class=\"yoast-schema-graph\">{\"@context\":\"https:\/\/schema.org\",\"@graph\":[{\"@type\":\"Article\",\"@id\":\"https:\/\/berrygoodnews.fr\/index.php\/2019\/06\/11\/soiree-festive-pour-la-place-jacques-brel\/#article\",\"isPartOf\":{\"@id\":\"https:\/\/berrygoodnews.fr\/index.php\/2019\/06\/11\/soiree-festive-pour-la-place-jacques-brel\/\"},\"author\":{\"name\":\"Berry Good News\",\"@id\":\"https:\/\/berrygoodnews.fr\/#\/schema\/person\/6dbdc03bea7806cc92376ffe2fcd047d\"},\"headline\":\"Soir\u00e9e festive r\u00e9ussie sur la place Jacques Brel.\",\"datePublished\":\"2019-06-11T09:17:07+00:00\",\"dateModified\":\"2019-06-11T09:30:34+00:00\",\"mainEntityOfPage\":{\"@id\":\"https:\/\/berrygoodnews.fr\/index.php\/2019\/06\/11\/soiree-festive-pour-la-place-jacques-brel\/\"},\"wordCount\":202,\"commentCount\":0,\"publisher\":{\"@id\":\"https:\/\/berrygoodnews.fr\/#organization\"},\"image\":{\"@id\":\"https:\/\/berrygoodnews.fr\/index.php\/2019\/06\/11\/soiree-festive-pour-la-place-jacques-brel\/#primaryimage\"},\"thumbnailUrl\":\"https:\/\/i0.wp.com\/berrygoodnews.fr\/wp-content\/uploads\/2019\/06\/ob_d11c2c_p1050150.jpg?fit=640%2C480&ssl=1\",\"articleSection\":[\"Central Region\",\"National\",\"Vierzon et ses Environs\"],\"inLanguage\":\"fr-FR\",\"potentialAction\":[{\"@type\":\"CommentAction\",\"name\":\"Comment\",\"target\":[\"https:\/\/berrygoodnews.fr\/index.php\/2019\/06\/11\/soiree-festive-pour-la-place-jacques-brel\/#respond\"]}]},{\"@type\":\"WebPage\",\"@id\":\"https:\/\/berrygoodnews.fr\/index.php\/2019\/06\/11\/soiree-festive-pour-la-place-jacques-brel\/\",\"url\":\"https:\/\/berrygoodnews.fr\/index.php\/2019\/06\/11\/soiree-festive-pour-la-place-jacques-brel\/\",\"name\":\"Soir\u00e9e festive r\u00e9ussie sur la place Jacques Brel. - Berry Good News\",\"isPartOf\":{\"@id\":\"https:\/\/berrygoodnews.fr\/#website\"},\"primaryImageOfPage\":{\"@id\":\"https:\/\/berrygoodnews.fr\/index.php\/2019\/06\/11\/soiree-festive-pour-la-place-jacques-brel\/#primaryimage\"},\"image\":{\"@id\":\"https:\/\/berrygoodnews.fr\/index.php\/2019\/06\/11\/soiree-festive-pour-la-place-jacques-brel\/#primaryimage\"},\"thumbnailUrl\":\"https:\/\/i0.wp.com\/berrygoodnews.fr\/wp-content\/uploads\/2019\/06\/ob_d11c2c_p1050150.jpg?fit=640%2C480&ssl=1\",\"datePublished\":\"2019-06-11T09:17:07+00:00\",\"dateModified\":\"2019-06-11T09:30:34+00:00\",\"breadcrumb\":{\"@id\":\"https:\/\/berrygoodnews.fr\/index.php\/2019\/06\/11\/soiree-festive-pour-la-place-jacques-brel\/#breadcrumb\"},\"inLanguage\":\"fr-FR\",\"potentialAction\":[{\"@type\":\"ReadAction\",\"target\":[\"https:\/\/berrygoodnews.fr\/index.php\/2019\/06\/11\/soiree-festive-pour-la-place-jacques-brel\/\"]}]},{\"@type\":\"ImageObject\",\"inLanguage\":\"fr-FR\",\"@id\":\"https:\/\/berrygoodnews.fr\/index.php\/2019\/06\/11\/soiree-festive-pour-la-place-jacques-brel\/#primaryimage\",\"url\":\"https:\/\/i0.wp.com\/berrygoodnews.fr\/wp-content\/uploads\/2019\/06\/ob_d11c2c_p1050150.jpg?fit=640%2C480&ssl=1\",\"contentUrl\":\"https:\/\/i0.wp.com\/berrygoodnews.fr\/wp-content\/uploads\/2019\/06\/ob_d11c2c_p1050150.jpg?fit=640%2C480&ssl=1\",\"width\":640,\"height\":480},{\"@type\":\"BreadcrumbList\",\"@id\":\"https:\/\/berrygoodnews.fr\/index.php\/2019\/06\/11\/soiree-festive-pour-la-place-jacques-brel\/#breadcrumb\",\"itemListElement\":[{\"@type\":\"ListItem\",\"position\":1,\"name\":\"Accueil\",\"item\":\"https:\/\/berrygoodnews.fr\/\"},{\"@type\":\"ListItem\",\"position\":2,\"name\":\"Soir\u00e9e festive r\u00e9ussie sur la place Jacques Brel.\"}]},{\"@type\":\"WebSite\",\"@id\":\"https:\/\/berrygoodnews.fr\/#website\",\"url\":\"https:\/\/berrygoodnews.fr\/\",\"name\":\"Berry Good News\",\"description\":\"Le Centre En Action\",\"publisher\":{\"@id\":\"https:\/\/berrygoodnews.fr\/#organization\"},\"potentialAction\":[{\"@type\":\"SearchAction\",\"target\":{\"@type\":\"EntryPoint\",\"urlTemplate\":\"https:\/\/berrygoodnews.fr\/?s={search_term_string}\"},\"query-input\":{\"@type\":\"PropertyValueSpecification\",\"valueRequired\":true,\"valueName\":\"search_term_string\"}}],\"inLanguage\":\"fr-FR\"},{\"@type\":\"Organization\",\"@id\":\"https:\/\/berrygoodnews.fr\/#organization\",\"name\":\"Berry Good News\",\"url\":\"https:\/\/berrygoodnews.fr\/\",\"logo\":{\"@type\":\"ImageObject\",\"inLanguage\":\"fr-FR\",\"@id\":\"https:\/\/berrygoodnews.fr\/#\/schema\/logo\/image\/\",\"url\":\"https:\/\/i0.wp.com\/berrygoodnews.fr\/wp-content\/uploads\/2023\/05\/LogoBGNCouleur.png?fit=318%2C181&ssl=1\",\"contentUrl\":\"https:\/\/i0.wp.com\/berrygoodnews.fr\/wp-content\/uploads\/2023\/05\/LogoBGNCouleur.png?fit=318%2C181&ssl=1\",\"width\":318,\"height\":181,\"caption\":\"Berry Good News\"},\"image\":{\"@id\":\"https:\/\/berrygoodnews.fr\/#\/schema\/logo\/image\/\"},\"sameAs\":[\"https:\/\/www.facebook.com\/berrygoodnews\/\",\"https:\/\/www.youtube.com\/channel\/UCdNcluXQMXIRcNvap69zaWg\"]},{\"@type\":\"Person\",\"@id\":\"https:\/\/berrygoodnews.fr\/#\/schema\/person\/6dbdc03bea7806cc92376ffe2fcd047d\",\"name\":\"Berry Good News\",\"image\":{\"@type\":\"ImageObject\",\"inLanguage\":\"fr-FR\",\"@id\":\"https:\/\/berrygoodnews.fr\/#\/schema\/person\/image\/\",\"url\":\"https:\/\/secure.gravatar.com\/avatar\/dc97e2c83b7805754cf833611fb0eaf80fd556a613a9819de1842868762ec883?s=96&d=mm&r=g\",\"contentUrl\":\"https:\/\/secure.gravatar.com\/avatar\/dc97e2c83b7805754cf833611fb0eaf80fd556a613a9819de1842868762ec883?s=96&d=mm&r=g\",\"caption\":\"Berry Good News\"},\"description\":\"Ex-parisienne, qui a choisi de s'installer il y a six ans \u00e0 Vierzon avec une activit\u00e9 de chambres d'h\u00f4tes. J'ai d\u00e9cid\u00e9 de montrer les bonnes initiatives. Je suis tr\u00e8s optimiste car on a beaucoup de talents ici. J'avais envie de changer la vision que certains ont sur la ville.\",\"url\":\"https:\/\/berrygoodnews.fr\/index.php\/author\/hv\/\"}]}<\/script>\n<!-- \/ Yoast SEO plugin. -->","yoast_head_json":{"title":"Soir\u00e9e festive r\u00e9ussie sur la place Jacques Brel. - Berry Good News","robots":{"index":"index","follow":"follow","max-snippet":"max-snippet:-1","max-image-preview":"max-image-preview:large","max-video-preview":"max-video-preview:-1"},"canonical":"https:\/\/berrygoodnews.fr\/index.php\/2019\/06\/11\/soiree-festive-pour-la-place-jacques-brel\/","og_locale":"fr_FR","og_type":"article","og_title":"Soir\u00e9e festive r\u00e9ussie sur la place Jacques Brel. - Berry Good News","og_description":"Une journ\u00e9e pleine d&rsquo;\u00e9motion et de spectacles tout au long de la journ\u00e9e. Et pour le soir \u00e9taient pr\u00e9vus le groupe Sergent Garcia avec Gersende la petite prodige en premi\u00e8re partie et un joli feu d&rsquo;artifice pour cl\u00f4turer cet \u00e9v\u00e9nement si important pour la ville de Vierzon&#8230; Comment ne pas conna\u00eetre le grand Brel, un &hellip;","og_url":"https:\/\/berrygoodnews.fr\/index.php\/2019\/06\/11\/soiree-festive-pour-la-place-jacques-brel\/","og_site_name":"Berry Good News","article_publisher":"https:\/\/www.facebook.com\/berrygoodnews\/","article_published_time":"2019-06-11T09:17:07+00:00","article_modified_time":"2019-06-11T09:30:34+00:00","og_image":[{"width":640,"height":480,"url":"https:\/\/i0.wp.com\/berrygoodnews.fr\/wp-content\/uploads\/2019\/06\/ob_d11c2c_p1050150.jpg?fit=640%2C480&ssl=1","type":"image\/jpeg"}],"author":"Berry Good News","twitter_card":"summary_large_image","twitter_misc":{"\u00c9crit par":"Berry Good News","Dur\u00e9e de lecture estim\u00e9e":"1 minute"},"schema":{"@context":"https:\/\/schema.org","@graph":[{"@type":"Article","@id":"https:\/\/berrygoodnews.fr\/index.php\/2019\/06\/11\/soiree-festive-pour-la-place-jacques-brel\/#article","isPartOf":{"@id":"https:\/\/berrygoodnews.fr\/index.php\/2019\/06\/11\/soiree-festive-pour-la-place-jacques-brel\/"},"author":{"name":"Berry Good News","@id":"https:\/\/berrygoodnews.fr\/#\/schema\/person\/6dbdc03bea7806cc92376ffe2fcd047d"},"headline":"Soir\u00e9e festive r\u00e9ussie sur la place Jacques Brel.","datePublished":"2019-06-11T09:17:07+00:00","dateModified":"2019-06-11T09:30:34+00:00","mainEntityOfPage":{"@id":"https:\/\/berrygoodnews.fr\/index.php\/2019\/06\/11\/soiree-festive-pour-la-place-jacques-brel\/"},"wordCount":202,"commentCount":0,"publisher":{"@id":"https:\/\/berrygoodnews.fr\/#organization"},"image":{"@id":"https:\/\/berrygoodnews.fr\/index.php\/2019\/06\/11\/soiree-festive-pour-la-place-jacques-brel\/#primaryimage"},"thumbnailUrl":"https:\/\/i0.wp.com\/berrygoodnews.fr\/wp-content\/uploads\/2019\/06\/ob_d11c2c_p1050150.jpg?fit=640%2C480&ssl=1","articleSection":["Central Region","National","Vierzon et ses Environs"],"inLanguage":"fr-FR","potentialAction":[{"@type":"CommentAction","name":"Comment","target":["https:\/\/berrygoodnews.fr\/index.php\/2019\/06\/11\/soiree-festive-pour-la-place-jacques-brel\/#respond"]}]},{"@type":"WebPage","@id":"https:\/\/berrygoodnews.fr\/index.php\/2019\/06\/11\/soiree-festive-pour-la-place-jacques-brel\/","url":"https:\/\/berrygoodnews.fr\/index.php\/2019\/06\/11\/soiree-festive-pour-la-place-jacques-brel\/","name":"Soir\u00e9e festive r\u00e9ussie sur la place Jacques Brel. - Berry Good News","isPartOf":{"@id":"https:\/\/berrygoodnews.fr\/#website"},"primaryImageOfPage":{"@id":"https:\/\/berrygoodnews.fr\/index.php\/2019\/06\/11\/soiree-festive-pour-la-place-jacques-brel\/#primaryimage"},"image":{"@id":"https:\/\/berrygoodnews.fr\/index.php\/2019\/06\/11\/soiree-festive-pour-la-place-jacques-brel\/#primaryimage"},"thumbnailUrl":"https:\/\/i0.wp.com\/berrygoodnews.fr\/wp-content\/uploads\/2019\/06\/ob_d11c2c_p1050150.jpg?fit=640%2C480&ssl=1","datePublished":"2019-06-11T09:17:07+00:00","dateModified":"2019-06-11T09:30:34+00:00","breadcrumb":{"@id":"https:\/\/berrygoodnews.fr\/index.php\/2019\/06\/11\/soiree-festive-pour-la-place-jacques-brel\/#breadcrumb"},"inLanguage":"fr-FR","potentialAction":[{"@type":"ReadAction","target":["https:\/\/berrygoodnews.fr\/index.php\/2019\/06\/11\/soiree-festive-pour-la-place-jacques-brel\/"]}]},{"@type":"ImageObject","inLanguage":"fr-FR","@id":"https:\/\/berrygoodnews.fr\/index.php\/2019\/06\/11\/soiree-festive-pour-la-place-jacques-brel\/#primaryimage","url":"https:\/\/i0.wp.com\/berrygoodnews.fr\/wp-content\/uploads\/2019\/06\/ob_d11c2c_p1050150.jpg?fit=640%2C480&ssl=1","contentUrl":"https:\/\/i0.wp.com\/berrygoodnews.fr\/wp-content\/uploads\/2019\/06\/ob_d11c2c_p1050150.jpg?fit=640%2C480&ssl=1","width":640,"height":480},{"@type":"BreadcrumbList","@id":"https:\/\/berrygoodnews.fr\/index.php\/2019\/06\/11\/soiree-festive-pour-la-place-jacques-brel\/#breadcrumb","itemListElement":[{"@type":"ListItem","position":1,"name":"Accueil","item":"https:\/\/berrygoodnews.fr\/"},{"@type":"ListItem","position":2,"name":"Soir\u00e9e festive r\u00e9ussie sur la place Jacques Brel."}]},{"@type":"WebSite","@id":"https:\/\/berrygoodnews.fr\/#website","url":"https:\/\/berrygoodnews.fr\/","name":"Berry Good News","description":"Le Centre En Action","publisher":{"@id":"https:\/\/berrygoodnews.fr\/#organization"},"potentialAction":[{"@type":"SearchAction","target":{"@type":"EntryPoint","urlTemplate":"https:\/\/berrygoodnews.fr\/?s={search_term_string}"},"query-input":{"@type":"PropertyValueSpecification","valueRequired":true,"valueName":"search_term_string"}}],"inLanguage":"fr-FR"},{"@type":"Organization","@id":"https:\/\/berrygoodnews.fr\/#organization","name":"Berry Good News","url":"https:\/\/berrygoodnews.fr\/","logo":{"@type":"ImageObject","inLanguage":"fr-FR","@id":"https:\/\/berrygoodnews.fr\/#\/schema\/logo\/image\/","url":"https:\/\/i0.wp.com\/berrygoodnews.fr\/wp-content\/uploads\/2023\/05\/LogoBGNCouleur.png?fit=318%2C181&ssl=1","contentUrl":"https:\/\/i0.wp.com\/berrygoodnews.fr\/wp-content\/uploads\/2023\/05\/LogoBGNCouleur.png?fit=318%2C181&ssl=1","width":318,"height":181,"caption":"Berry Good News"},"image":{"@id":"https:\/\/berrygoodnews.fr\/#\/schema\/logo\/image\/"},"sameAs":["https:\/\/www.facebook.com\/berrygoodnews\/","https:\/\/www.youtube.com\/channel\/UCdNcluXQMXIRcNvap69zaWg"]},{"@type":"Person","@id":"https:\/\/berrygoodnews.fr\/#\/schema\/person\/6dbdc03bea7806cc92376ffe2fcd047d","name":"Berry Good News","image":{"@type":"ImageObject","inLanguage":"fr-FR","@id":"https:\/\/berrygoodnews.fr\/#\/schema\/person\/image\/","url":"https:\/\/secure.gravatar.com\/avatar\/dc97e2c83b7805754cf833611fb0eaf80fd556a613a9819de1842868762ec883?s=96&d=mm&r=g","contentUrl":"https:\/\/secure.gravatar.com\/avatar\/dc97e2c83b7805754cf833611fb0eaf80fd556a613a9819de1842868762ec883?s=96&d=mm&r=g","caption":"Berry Good News"},"description":"Ex-parisienne, qui a choisi de s'installer il y a six ans \u00e0 Vierzon avec une activit\u00e9 de chambres d'h\u00f4tes. J'ai d\u00e9cid\u00e9 de montrer les bonnes initiatives. Je suis tr\u00e8s optimiste car on a beaucoup de talents ici. J'avais envie de changer la vision que certains ont sur la ville.","url":"https:\/\/berrygoodnews.fr\/index.php\/author\/hv\/"}]}},"jetpack_publicize_connections":[],"jetpack_featured_media_url":"https:\/\/i0.wp.com\/berrygoodnews.fr\/wp-content\/uploads\/2019\/06\/ob_d11c2c_p1050150.jpg?fit=640%2C480&ssl=1","jetpack_shortlink":"https:\/\/wp.me\/paGqD8-2aA","jetpack-related-posts":[],"jetpack_sharing_enabled":true,"_links":{"self":[{"href":"https:\/\/berrygoodnews.fr\/index.php\/wp-json\/wp\/v2\/posts\/8344","targetHints":{"allow":["GET"]}}],"collection":[{"href":"https:\/\/berrygoodnews.fr\/index.php\/wp-json\/wp\/v2\/posts"}],"about":[{"href":"https:\/\/berrygoodnews.fr\/index.php\/wp-json\/wp\/v2\/types\/post"}],"author":[{"embeddable":true,"href":"https:\/\/berrygoodnews.fr\/index.php\/wp-json\/wp\/v2\/users\/2"}],"replies":[{"embeddable":true,"href":"https:\/\/berrygoodnews.fr\/index.php\/wp-json\/wp\/v2\/comments?post=8344"}],"version-history":[{"count":8,"href":"https:\/\/berrygoodnews.fr\/index.php\/wp-json\/wp\/v2\/posts\/8344\/revisions"}],"predecessor-version":[{"id":8374,"href":"https:\/\/berrygoodnews.fr\/index.php\/wp-json\/wp\/v2\/posts\/8344\/revisions\/8374"}],"wp:featuredmedia":[{"embeddable":true,"href":"https:\/\/berrygoodnews.fr\/index.php\/wp-json\/wp\/v2\/media\/8361"}],"wp:attachment":[{"href":"https:\/\/berrygoodnews.fr\/index.php\/wp-json\/wp\/v2\/media?parent=8344"}],"wp:term":[{"taxonomy":"category","embeddable":true,"href":"https:\/\/berrygoodnews.fr\/index.php\/wp-json\/wp\/v2\/categories?post=8344"},{"taxonomy":"post_tag","embeddable":true,"href":"https:\/\/berrygoodnews.fr\/index.php\/wp-json\/wp\/v2\/tags?post=8344"},{"taxonomy":"post_format","embeddable":true,"href":"https:\/\/berrygoodnews.fr\/index.php\/wp-json\/wp\/v2\/post_format?post=8344"},{"taxonomy":"flags","embeddable":true,"href":"https:\/\/berrygoodnews.fr\/index.php\/wp-json\/wp\/v2\/flags?post=8344"}],"curies":[{"name":"wp","href":"https:\/\/api.w.org\/{rel}","templated":true}]}}