{"id":8241,"date":"2019-05-09T17:04:00","date_gmt":"2019-05-09T15:04:00","guid":{"rendered":"https:\/\/berrygoodnews.fr\/?p=8241"},"modified":"2019-05-09T17:04:09","modified_gmt":"2019-05-09T15:04:09","slug":"la-maison-du-blues-tao-ravao-vincent-bucher","status":"publish","type":"post","link":"https:\/\/berrygoodnews.fr\/index.php\/2019\/05\/09\/la-maison-du-blues-tao-ravao-vincent-bucher\/","title":{"rendered":"La maison du Blues, TAO RAVAO &#038; VINCENT BUCHER"},"content":{"rendered":"\n<figure class=\"wp-block-embed-youtube wp-block-embed is-type-video is-provider-youtube wp-embed-aspect-4-3 wp-has-aspect-ratio\"><div class=\"wp-block-embed__wrapper\">\n<iframe loading=\"lazy\" width=\"850\" height=\"638\" src=\"https:\/\/www.youtube.com\/embed\/OrAMmS7FtS0?feature=oembed\" frameborder=\"0\" allow=\"accelerometer; autoplay; clipboard-write; encrypted-media; gyroscope; picture-in-picture; web-share\" allowfullscreen title=\"Tao RAVAO &amp; Vincent BUCHER - Vazo -\"><\/iframe>\n<\/div><\/figure>\n\n\n\n<p>\n\nCe week-end 2 concerts&nbsp;<strong>mais plus qu&rsquo;un seul d&rsquo;ouvert \u00e0 la r\u00e9servation&nbsp;<\/strong>!!&nbsp;<br><strong>\u00ab\u00a0TAO RAVAO &amp; VINCENT BUCHER\u00a0\u00bb<\/strong>Pour le plus grand plaisir de tous un d\u00e9licieux m\u00e9lange de musique Malgache et de&nbsp; Blues des racines pour un cocktail explosif, bien servi par Tao aux instruments malgaches (Vali, cabosse\u2026) et Vincent harmoniciste \u00e9poustouflant, un des meilleurs au monde !!<br><strong>&nbsp;&nbsp;&nbsp;&nbsp;&nbsp;&nbsp;&nbsp;&nbsp;&nbsp;&nbsp;&nbsp;&nbsp;&nbsp;&nbsp;&nbsp;&nbsp;&nbsp;&nbsp;&nbsp;&nbsp;&nbsp;&nbsp;&nbsp;&nbsp;&nbsp;&nbsp; Dimanche 12 mai \u00e0 17h (ouverture \u00e0 16h)<\/strong><br>N&rsquo;h\u00e9sitez pas \u00e0 r\u00e9server votre dimanche apr\u00e8s-midi pour ce tr\u00e8s beau moment !! vous ne le regretterez pas &#8230;<\/p>\n\n\n\n<p><strong>R\u00e9servations n\u00e9cessaires<\/strong>\u00a0:06.24.77.71.58ou par mail :\u00a0<a rel=\"noreferrer noopener\" href=\"mailto:lamaisondublues@gmail.com\" target=\"_blank\">lamaisondublues@gmail.com<\/a><br>Par ailleurs nous vous rappelons que le<strong>\u00a0Mus\u00e9e Europ\u00e9en du Blues<\/strong>\u00a0est ouvert<\/p>\n\n\n\n<p class=\"has-drop-cap\">Tao Ravao  N\u00e9 en 1956 \u00e0 Madagasar de m\u00e8re betsil\u00e9o et de p\u00e8re fran\u00e7ais, Tao Ravao quitte son \u00eele natale pour la France \u00e0 l\u2019\u00e2ge de 12 ans. D\u2019abord mandoliniste puis banjo\u00efste, c\u2019est avec la guitare que le musicien de rue sillonne l\u2019Europe pendant sept ans. La rencontre avec Homesick James, le p\u00e8re du blues \u00e9lectrique, <br>\ndevenu son mentor, sera d\u00e9terminante. Il l\u2019accompagne en tourn\u00e9e en Italie puis \u00e0 Chicago. En 1980, Tao joue au festival de jazz de la Nouvelle-Orl\u00e9ans.  La p\u00e9riode d\u2019initiation continuera jusqu\u2019en 1993. Il accompagne alors Big Walter Horton, Homesick James, Louisiana Red, Grady Gaines, Eddie C. Campbell. En 1988, de retour \u00e0 Madagascar, o\u00f9 il est fascin\u00e9 par la musique de la grande \u00eele, il fonde avec Justin Vali un trio de musique traditionnelle malgache. La kabosy l\u2019entra\u00eene alors autour du monde (Canada, Etats-Unis, Japon, Afrique de l\u2019Est). Son amour pour la musique malgache am\u00e8ne Tao \u00e0 r\u00e9aliser la direction artistique d\u2019albums du grand D\u2019Gary et de Jean \u00c9milien, de Senge et Rajery. Il r\u00e9alise \u00e9galement les disques de Ba Cissoko et S\u00e9kou Diabat\u00e9 du Bembeya Jazz. Tao Ravao participe \u00e0 de nombreux festivals : Vancouver, Toronto, Winnipeg, Montr\u00e9al, Austin, Tokyo, \u201cMusiques m\u00e9tisses\u201d \u00e0 Angoul\u00eame, \u201cAfricolor\u201d, etc. Il se produit r\u00e9guli\u00e8rement dans les clubs parisiens. <\/p>\n\n\n\n<p class=\"has-drop-cap\">Vincent Bucher N\u00e9 le 31mai 1962, Vincent Bucher decouvre le blues et l\u2019harmonica a l\u2019age de 16 ans, un an plus tard il rencontre l\u2019harmoniciste afro-am\u00e9ricain Sugar Blue qui le \u00ab coachera \u00bb et l\u2019initiera a la sc\u00e8ne. Il fait aussi la connaissance de Tao Ravao avec qui il se produit dans les rues et les m\u00e9tros parisiens puis ensuite au sein de divers groupes. Dans les ann\u00e9es 80 seul ou avec le groupe \u00ab HOT\u2019CHA \u00bb, il joue avec de nombreux bluesmen tels: Louisiana red, Eddie Shaw, Jimmy Johnson, Eddie C Campbell, Melvin Taylor etc\u2026 Au cours de plusieurs voyages successifs aux USA, il fr\u00e9quentera et accompagnera bon nombre de piliers de la sc\u00e8ne du Chicago Blues: Carlos Johnson, Charlie love, Lynn Jordan, Little Smokey Smothers. A Chicago, il coproduit \u00e9galement deux albums de l\u2019harmoniciste chanteur Matthwew Skoller. En France, Vincent tourne et enregistre avec des artistes hexagonaux tels Bill Deraime et Charl\u00e9lie Couture. Au fil des ans, Vincent d\u00e9veloppe un int\u00e9r\u00eat pour diff\u00e9rents types de musiques africaines qu\u2019il ressent comme \u00ab cousines \u00bb du Blues; cela l\u2019am\u00e8nera \u00e0 des voyages en Afrique et ailleurs, des tourn\u00e9es et des enregistrements avec des musiciens comme Lobi Traor\u00e9, Adama Namakoro Foumba, Faytinga, Janet n\u2019Dyaye etc\u2026 A l\u2019heure, parall\u00e8llement a sa collaboration avec Tao, Vincent accompagne sur sc\u00e8ne et sur disque le grand Boubacar Traor\u00e9. Ces diff\u00e9rentes rencontres permettent a Vincent de s\u2019exprimer a l\u2019aide de ce petit instrument qu\u2019est l\u2019harmonica sur des musiques d\u2019horizons divers mais au \u00ab feeling \u00bbsimilaire. <\/p>\n\n\n\n<p>Du jeudi au dimanche de\u00a0<strong>10h30 \u00e0 18h en continu<\/strong>\u00a0(derni\u00e8re visite \u00e0 17h maximum du fait du temps n\u00e9cessaire pour la visite 1h30) <\/p>\n\n\n\n<figure class=\"wp-block-embed-youtube wp-block-embed is-type-video is-provider-youtube wp-embed-aspect-16-9 wp-has-aspect-ratio\"><div class=\"wp-block-embed__wrapper\">\n<iframe loading=\"lazy\" width=\"850\" height=\"478\" src=\"https:\/\/www.youtube.com\/embed\/MDJRiSI3Zj0?feature=oembed\" frameborder=\"0\" allow=\"accelerometer; autoplay; clipboard-write; encrypted-media; gyroscope; picture-in-picture; web-share\" allowfullscreen title=\"Mus\u00e9e du Blues inauguration\"><\/iframe>\n<\/div><figcaption><strong>Pour mieux conna\u00eetre le Mus\u00e9e Europ\u00e9en du Blues<\/strong><\/figcaption><\/figure>\n\n\n\n<p class=\"has-medium-font-size\"><\/p>\n","protected":false},"excerpt":{"rendered":"<p>Ce week-end 2 concerts&nbsp;mais plus qu&rsquo;un seul d&rsquo;ouvert \u00e0 la r\u00e9servation&nbsp;!!&nbsp;\u00ab\u00a0TAO RAVAO &amp; VINCENT BUCHER\u00a0\u00bbPour le plus grand plaisir de tous un d\u00e9licieux m\u00e9lange de musique Malgache et de&nbsp; Blues des racines pour un cocktail explosif, bien servi par Tao aux instruments malgaches (Vali, cabosse\u2026) et Vincent harmoniciste \u00e9poustouflant, un des meilleurs au monde !!&nbsp;&nbsp;&nbsp;&nbsp;&nbsp;&nbsp;&nbsp;&nbsp;&nbsp;&nbsp;&nbsp;&nbsp;&nbsp;&nbsp;&nbsp;&nbsp;&nbsp;&nbsp;&nbsp;&nbsp;&nbsp;&nbsp;&nbsp;&nbsp;&nbsp;&nbsp; &hellip;<\/p>\n","protected":false},"author":2,"featured_media":8244,"comment_status":"open","ping_status":"open","sticky":false,"template":"","format":"standard","meta":{"jetpack_post_was_ever_published":false,"_jetpack_newsletter_access":"","_jetpack_dont_email_post_to_subs":false,"_jetpack_newsletter_tier_id":0,"_jetpack_memberships_contains_paywalled_content":false,"_jetpack_memberships_contains_paid_content":false,"footnotes":"","jetpack_publicize_message":"","jetpack_publicize_feature_enabled":true,"jetpack_social_post_already_shared":true,"jetpack_social_options":{"image_generator_settings":{"template":"highway","default_image_id":0,"font":"","enabled":false},"version":2}},"categories":[34,14],"tags":[431,438,434,1018,1015],"post_format":[],"flags":[],"class_list":["post-8241","post","type-post","status-publish","format-standard","has-post-thumbnail","hentry","category-region-centre","category-vierzon-et-ses-environs","tag-blues","tag-chatres-sur-cher","tag-maison-du-blues","tag-musee-europeen-du-blues","tag-tao-ravao-vincent-bucher"],"yoast_head":"<!-- This site is optimized with the Yoast SEO plugin v26.8 - https:\/\/yoast.com\/product\/yoast-seo-wordpress\/ -->\n<title>La maison du Blues, TAO RAVAO &amp; VINCENT BUCHER - Berry Good News<\/title>\n<meta name=\"robots\" content=\"index, follow, max-snippet:-1, max-image-preview:large, max-video-preview:-1\" \/>\n<link rel=\"canonical\" href=\"https:\/\/berrygoodnews.fr\/index.php\/2019\/05\/09\/la-maison-du-blues-tao-ravao-vincent-bucher\/\" \/>\n<meta property=\"og:locale\" content=\"fr_FR\" \/>\n<meta property=\"og:type\" content=\"article\" \/>\n<meta property=\"og:title\" content=\"La maison du Blues, TAO RAVAO &amp; VINCENT BUCHER - Berry Good News\" \/>\n<meta property=\"og:description\" content=\"Ce week-end 2 concerts&nbsp;mais plus qu&rsquo;un seul d&rsquo;ouvert \u00e0 la r\u00e9servation&nbsp;!!&nbsp;\u00ab\u00a0TAO RAVAO &amp; VINCENT BUCHER\u00a0\u00bbPour le plus grand plaisir de tous un d\u00e9licieux m\u00e9lange de musique Malgache et de&nbsp; Blues des racines pour un cocktail explosif, bien servi par Tao aux instruments malgaches (Vali, cabosse\u2026) et Vincent harmoniciste \u00e9poustouflant, un des meilleurs au monde !!&nbsp;&nbsp;&nbsp;&nbsp;&nbsp;&nbsp;&nbsp;&nbsp;&nbsp;&nbsp;&nbsp;&nbsp;&nbsp;&nbsp;&nbsp;&nbsp;&nbsp;&nbsp;&nbsp;&nbsp;&nbsp;&nbsp;&nbsp;&nbsp;&nbsp;&nbsp; &hellip;\" \/>\n<meta property=\"og:url\" content=\"https:\/\/berrygoodnews.fr\/index.php\/2019\/05\/09\/la-maison-du-blues-tao-ravao-vincent-bucher\/\" \/>\n<meta property=\"og:site_name\" content=\"Berry Good News\" \/>\n<meta property=\"article:publisher\" content=\"https:\/\/www.facebook.com\/berrygoodnews\/\" \/>\n<meta property=\"article:published_time\" content=\"2019-05-09T15:04:00+00:00\" \/>\n<meta property=\"article:modified_time\" content=\"2019-05-09T15:04:09+00:00\" \/>\n<meta property=\"og:image\" content=\"https:\/\/i0.wp.com\/berrygoodnews.fr\/wp-content\/uploads\/2019\/05\/image.jpg?fit=447%2C358&ssl=1\" \/>\n\t<meta property=\"og:image:width\" content=\"447\" \/>\n\t<meta property=\"og:image:height\" content=\"358\" \/>\n\t<meta property=\"og:image:type\" content=\"image\/jpeg\" \/>\n<meta name=\"author\" content=\"Berry Good News\" \/>\n<meta name=\"twitter:card\" content=\"summary_large_image\" \/>\n<meta name=\"twitter:label1\" content=\"\u00c9crit par\" \/>\n\t<meta name=\"twitter:data1\" content=\"Berry Good News\" \/>\n\t<meta name=\"twitter:label2\" content=\"Dur\u00e9e de lecture estim\u00e9e\" \/>\n\t<meta name=\"twitter:data2\" content=\"3 minutes\" \/>\n<script type=\"application\/ld+json\" class=\"yoast-schema-graph\">{\"@context\":\"https:\/\/schema.org\",\"@graph\":[{\"@type\":\"Article\",\"@id\":\"https:\/\/berrygoodnews.fr\/index.php\/2019\/05\/09\/la-maison-du-blues-tao-ravao-vincent-bucher\/#article\",\"isPartOf\":{\"@id\":\"https:\/\/berrygoodnews.fr\/index.php\/2019\/05\/09\/la-maison-du-blues-tao-ravao-vincent-bucher\/\"},\"author\":{\"name\":\"Berry Good News\",\"@id\":\"https:\/\/berrygoodnews.fr\/#\/schema\/person\/6dbdc03bea7806cc92376ffe2fcd047d\"},\"headline\":\"La maison du Blues, TAO RAVAO &#038; VINCENT BUCHER\",\"datePublished\":\"2019-05-09T15:04:00+00:00\",\"dateModified\":\"2019-05-09T15:04:09+00:00\",\"mainEntityOfPage\":{\"@id\":\"https:\/\/berrygoodnews.fr\/index.php\/2019\/05\/09\/la-maison-du-blues-tao-ravao-vincent-bucher\/\"},\"wordCount\":694,\"commentCount\":0,\"publisher\":{\"@id\":\"https:\/\/berrygoodnews.fr\/#organization\"},\"image\":{\"@id\":\"https:\/\/berrygoodnews.fr\/index.php\/2019\/05\/09\/la-maison-du-blues-tao-ravao-vincent-bucher\/#primaryimage\"},\"thumbnailUrl\":\"https:\/\/i0.wp.com\/berrygoodnews.fr\/wp-content\/uploads\/2019\/05\/image.jpg?fit=447%2C358&ssl=1\",\"keywords\":[\"blues\",\"Ch\u00e2tres sur Cher\",\"maison du Blues\",\"Mus\u00e9e Europ\u00e9en du Blues\",\"TAO RAVAO &amp; VINCENT BUCHER\"],\"articleSection\":[\"R\u00e9gion Centre\",\"Vierzon et ses Environs\"],\"inLanguage\":\"fr-FR\",\"potentialAction\":[{\"@type\":\"CommentAction\",\"name\":\"Comment\",\"target\":[\"https:\/\/berrygoodnews.fr\/index.php\/2019\/05\/09\/la-maison-du-blues-tao-ravao-vincent-bucher\/#respond\"]}]},{\"@type\":\"WebPage\",\"@id\":\"https:\/\/berrygoodnews.fr\/index.php\/2019\/05\/09\/la-maison-du-blues-tao-ravao-vincent-bucher\/\",\"url\":\"https:\/\/berrygoodnews.fr\/index.php\/2019\/05\/09\/la-maison-du-blues-tao-ravao-vincent-bucher\/\",\"name\":\"La maison du Blues, TAO RAVAO & VINCENT BUCHER - Berry Good News\",\"isPartOf\":{\"@id\":\"https:\/\/berrygoodnews.fr\/#website\"},\"primaryImageOfPage\":{\"@id\":\"https:\/\/berrygoodnews.fr\/index.php\/2019\/05\/09\/la-maison-du-blues-tao-ravao-vincent-bucher\/#primaryimage\"},\"image\":{\"@id\":\"https:\/\/berrygoodnews.fr\/index.php\/2019\/05\/09\/la-maison-du-blues-tao-ravao-vincent-bucher\/#primaryimage\"},\"thumbnailUrl\":\"https:\/\/i0.wp.com\/berrygoodnews.fr\/wp-content\/uploads\/2019\/05\/image.jpg?fit=447%2C358&ssl=1\",\"datePublished\":\"2019-05-09T15:04:00+00:00\",\"dateModified\":\"2019-05-09T15:04:09+00:00\",\"breadcrumb\":{\"@id\":\"https:\/\/berrygoodnews.fr\/index.php\/2019\/05\/09\/la-maison-du-blues-tao-ravao-vincent-bucher\/#breadcrumb\"},\"inLanguage\":\"fr-FR\",\"potentialAction\":[{\"@type\":\"ReadAction\",\"target\":[\"https:\/\/berrygoodnews.fr\/index.php\/2019\/05\/09\/la-maison-du-blues-tao-ravao-vincent-bucher\/\"]}]},{\"@type\":\"ImageObject\",\"inLanguage\":\"fr-FR\",\"@id\":\"https:\/\/berrygoodnews.fr\/index.php\/2019\/05\/09\/la-maison-du-blues-tao-ravao-vincent-bucher\/#primaryimage\",\"url\":\"https:\/\/i0.wp.com\/berrygoodnews.fr\/wp-content\/uploads\/2019\/05\/image.jpg?fit=447%2C358&ssl=1\",\"contentUrl\":\"https:\/\/i0.wp.com\/berrygoodnews.fr\/wp-content\/uploads\/2019\/05\/image.jpg?fit=447%2C358&ssl=1\",\"width\":447,\"height\":358},{\"@type\":\"BreadcrumbList\",\"@id\":\"https:\/\/berrygoodnews.fr\/index.php\/2019\/05\/09\/la-maison-du-blues-tao-ravao-vincent-bucher\/#breadcrumb\",\"itemListElement\":[{\"@type\":\"ListItem\",\"position\":1,\"name\":\"Accueil\",\"item\":\"https:\/\/berrygoodnews.fr\/\"},{\"@type\":\"ListItem\",\"position\":2,\"name\":\"La maison du Blues, TAO RAVAO &#038; VINCENT BUCHER\"}]},{\"@type\":\"WebSite\",\"@id\":\"https:\/\/berrygoodnews.fr\/#website\",\"url\":\"https:\/\/berrygoodnews.fr\/\",\"name\":\"Berry Good News\",\"description\":\"Le Centre En Action\",\"publisher\":{\"@id\":\"https:\/\/berrygoodnews.fr\/#organization\"},\"potentialAction\":[{\"@type\":\"SearchAction\",\"target\":{\"@type\":\"EntryPoint\",\"urlTemplate\":\"https:\/\/berrygoodnews.fr\/?s={search_term_string}\"},\"query-input\":{\"@type\":\"PropertyValueSpecification\",\"valueRequired\":true,\"valueName\":\"search_term_string\"}}],\"inLanguage\":\"fr-FR\"},{\"@type\":\"Organization\",\"@id\":\"https:\/\/berrygoodnews.fr\/#organization\",\"name\":\"Berry Good News\",\"url\":\"https:\/\/berrygoodnews.fr\/\",\"logo\":{\"@type\":\"ImageObject\",\"inLanguage\":\"fr-FR\",\"@id\":\"https:\/\/berrygoodnews.fr\/#\/schema\/logo\/image\/\",\"url\":\"https:\/\/i0.wp.com\/berrygoodnews.fr\/wp-content\/uploads\/2023\/05\/LogoBGNCouleur.png?fit=318%2C181&ssl=1\",\"contentUrl\":\"https:\/\/i0.wp.com\/berrygoodnews.fr\/wp-content\/uploads\/2023\/05\/LogoBGNCouleur.png?fit=318%2C181&ssl=1\",\"width\":318,\"height\":181,\"caption\":\"Berry Good News\"},\"image\":{\"@id\":\"https:\/\/berrygoodnews.fr\/#\/schema\/logo\/image\/\"},\"sameAs\":[\"https:\/\/www.facebook.com\/berrygoodnews\/\",\"https:\/\/www.youtube.com\/channel\/UCdNcluXQMXIRcNvap69zaWg\"]},{\"@type\":\"Person\",\"@id\":\"https:\/\/berrygoodnews.fr\/#\/schema\/person\/6dbdc03bea7806cc92376ffe2fcd047d\",\"name\":\"Berry Good News\",\"image\":{\"@type\":\"ImageObject\",\"inLanguage\":\"fr-FR\",\"@id\":\"https:\/\/berrygoodnews.fr\/#\/schema\/person\/image\/\",\"url\":\"https:\/\/secure.gravatar.com\/avatar\/dc97e2c83b7805754cf833611fb0eaf80fd556a613a9819de1842868762ec883?s=96&d=mm&r=g\",\"contentUrl\":\"https:\/\/secure.gravatar.com\/avatar\/dc97e2c83b7805754cf833611fb0eaf80fd556a613a9819de1842868762ec883?s=96&d=mm&r=g\",\"caption\":\"Berry Good News\"},\"description\":\"Ex-parisienne, qui a choisi de s'installer il y a six ans \u00e0 Vierzon avec une activit\u00e9 de chambres d'h\u00f4tes. J'ai d\u00e9cid\u00e9 de montrer les bonnes initiatives. Je suis tr\u00e8s optimiste car on a beaucoup de talents ici. J'avais envie de changer la vision que certains ont sur la ville.\",\"url\":\"https:\/\/berrygoodnews.fr\/index.php\/author\/hv\/\"}]}<\/script>\n<!-- \/ Yoast SEO plugin. -->","yoast_head_json":{"title":"La maison du Blues, TAO RAVAO & VINCENT BUCHER - Berry Good News","robots":{"index":"index","follow":"follow","max-snippet":"max-snippet:-1","max-image-preview":"max-image-preview:large","max-video-preview":"max-video-preview:-1"},"canonical":"https:\/\/berrygoodnews.fr\/index.php\/2019\/05\/09\/la-maison-du-blues-tao-ravao-vincent-bucher\/","og_locale":"fr_FR","og_type":"article","og_title":"La maison du Blues, TAO RAVAO & VINCENT BUCHER - Berry Good News","og_description":"Ce week-end 2 concerts&nbsp;mais plus qu&rsquo;un seul d&rsquo;ouvert \u00e0 la r\u00e9servation&nbsp;!!&nbsp;\u00ab\u00a0TAO RAVAO &amp; VINCENT BUCHER\u00a0\u00bbPour le plus grand plaisir de tous un d\u00e9licieux m\u00e9lange de musique Malgache et de&nbsp; Blues des racines pour un cocktail explosif, bien servi par Tao aux instruments malgaches (Vali, cabosse\u2026) et Vincent harmoniciste \u00e9poustouflant, un des meilleurs au monde !!&nbsp;&nbsp;&nbsp;&nbsp;&nbsp;&nbsp;&nbsp;&nbsp;&nbsp;&nbsp;&nbsp;&nbsp;&nbsp;&nbsp;&nbsp;&nbsp;&nbsp;&nbsp;&nbsp;&nbsp;&nbsp;&nbsp;&nbsp;&nbsp;&nbsp;&nbsp; &hellip;","og_url":"https:\/\/berrygoodnews.fr\/index.php\/2019\/05\/09\/la-maison-du-blues-tao-ravao-vincent-bucher\/","og_site_name":"Berry Good News","article_publisher":"https:\/\/www.facebook.com\/berrygoodnews\/","article_published_time":"2019-05-09T15:04:00+00:00","article_modified_time":"2019-05-09T15:04:09+00:00","og_image":[{"width":447,"height":358,"url":"https:\/\/i0.wp.com\/berrygoodnews.fr\/wp-content\/uploads\/2019\/05\/image.jpg?fit=447%2C358&ssl=1","type":"image\/jpeg"}],"author":"Berry Good News","twitter_card":"summary_large_image","twitter_misc":{"\u00c9crit par":"Berry Good News","Dur\u00e9e de lecture estim\u00e9e":"3 minutes"},"schema":{"@context":"https:\/\/schema.org","@graph":[{"@type":"Article","@id":"https:\/\/berrygoodnews.fr\/index.php\/2019\/05\/09\/la-maison-du-blues-tao-ravao-vincent-bucher\/#article","isPartOf":{"@id":"https:\/\/berrygoodnews.fr\/index.php\/2019\/05\/09\/la-maison-du-blues-tao-ravao-vincent-bucher\/"},"author":{"name":"Berry Good News","@id":"https:\/\/berrygoodnews.fr\/#\/schema\/person\/6dbdc03bea7806cc92376ffe2fcd047d"},"headline":"La maison du Blues, TAO RAVAO &#038; VINCENT BUCHER","datePublished":"2019-05-09T15:04:00+00:00","dateModified":"2019-05-09T15:04:09+00:00","mainEntityOfPage":{"@id":"https:\/\/berrygoodnews.fr\/index.php\/2019\/05\/09\/la-maison-du-blues-tao-ravao-vincent-bucher\/"},"wordCount":694,"commentCount":0,"publisher":{"@id":"https:\/\/berrygoodnews.fr\/#organization"},"image":{"@id":"https:\/\/berrygoodnews.fr\/index.php\/2019\/05\/09\/la-maison-du-blues-tao-ravao-vincent-bucher\/#primaryimage"},"thumbnailUrl":"https:\/\/i0.wp.com\/berrygoodnews.fr\/wp-content\/uploads\/2019\/05\/image.jpg?fit=447%2C358&ssl=1","keywords":["blues","Ch\u00e2tres sur Cher","maison du Blues","Mus\u00e9e Europ\u00e9en du Blues","TAO RAVAO &amp; VINCENT BUCHER"],"articleSection":["R\u00e9gion Centre","Vierzon et ses Environs"],"inLanguage":"fr-FR","potentialAction":[{"@type":"CommentAction","name":"Comment","target":["https:\/\/berrygoodnews.fr\/index.php\/2019\/05\/09\/la-maison-du-blues-tao-ravao-vincent-bucher\/#respond"]}]},{"@type":"WebPage","@id":"https:\/\/berrygoodnews.fr\/index.php\/2019\/05\/09\/la-maison-du-blues-tao-ravao-vincent-bucher\/","url":"https:\/\/berrygoodnews.fr\/index.php\/2019\/05\/09\/la-maison-du-blues-tao-ravao-vincent-bucher\/","name":"La maison du Blues, TAO RAVAO & VINCENT BUCHER - Berry Good News","isPartOf":{"@id":"https:\/\/berrygoodnews.fr\/#website"},"primaryImageOfPage":{"@id":"https:\/\/berrygoodnews.fr\/index.php\/2019\/05\/09\/la-maison-du-blues-tao-ravao-vincent-bucher\/#primaryimage"},"image":{"@id":"https:\/\/berrygoodnews.fr\/index.php\/2019\/05\/09\/la-maison-du-blues-tao-ravao-vincent-bucher\/#primaryimage"},"thumbnailUrl":"https:\/\/i0.wp.com\/berrygoodnews.fr\/wp-content\/uploads\/2019\/05\/image.jpg?fit=447%2C358&ssl=1","datePublished":"2019-05-09T15:04:00+00:00","dateModified":"2019-05-09T15:04:09+00:00","breadcrumb":{"@id":"https:\/\/berrygoodnews.fr\/index.php\/2019\/05\/09\/la-maison-du-blues-tao-ravao-vincent-bucher\/#breadcrumb"},"inLanguage":"fr-FR","potentialAction":[{"@type":"ReadAction","target":["https:\/\/berrygoodnews.fr\/index.php\/2019\/05\/09\/la-maison-du-blues-tao-ravao-vincent-bucher\/"]}]},{"@type":"ImageObject","inLanguage":"fr-FR","@id":"https:\/\/berrygoodnews.fr\/index.php\/2019\/05\/09\/la-maison-du-blues-tao-ravao-vincent-bucher\/#primaryimage","url":"https:\/\/i0.wp.com\/berrygoodnews.fr\/wp-content\/uploads\/2019\/05\/image.jpg?fit=447%2C358&ssl=1","contentUrl":"https:\/\/i0.wp.com\/berrygoodnews.fr\/wp-content\/uploads\/2019\/05\/image.jpg?fit=447%2C358&ssl=1","width":447,"height":358},{"@type":"BreadcrumbList","@id":"https:\/\/berrygoodnews.fr\/index.php\/2019\/05\/09\/la-maison-du-blues-tao-ravao-vincent-bucher\/#breadcrumb","itemListElement":[{"@type":"ListItem","position":1,"name":"Accueil","item":"https:\/\/berrygoodnews.fr\/"},{"@type":"ListItem","position":2,"name":"La maison du Blues, TAO RAVAO &#038; VINCENT BUCHER"}]},{"@type":"WebSite","@id":"https:\/\/berrygoodnews.fr\/#website","url":"https:\/\/berrygoodnews.fr\/","name":"Berry Good News","description":"Le Centre En Action","publisher":{"@id":"https:\/\/berrygoodnews.fr\/#organization"},"potentialAction":[{"@type":"SearchAction","target":{"@type":"EntryPoint","urlTemplate":"https:\/\/berrygoodnews.fr\/?s={search_term_string}"},"query-input":{"@type":"PropertyValueSpecification","valueRequired":true,"valueName":"search_term_string"}}],"inLanguage":"fr-FR"},{"@type":"Organization","@id":"https:\/\/berrygoodnews.fr\/#organization","name":"Berry Good News","url":"https:\/\/berrygoodnews.fr\/","logo":{"@type":"ImageObject","inLanguage":"fr-FR","@id":"https:\/\/berrygoodnews.fr\/#\/schema\/logo\/image\/","url":"https:\/\/i0.wp.com\/berrygoodnews.fr\/wp-content\/uploads\/2023\/05\/LogoBGNCouleur.png?fit=318%2C181&ssl=1","contentUrl":"https:\/\/i0.wp.com\/berrygoodnews.fr\/wp-content\/uploads\/2023\/05\/LogoBGNCouleur.png?fit=318%2C181&ssl=1","width":318,"height":181,"caption":"Berry Good News"},"image":{"@id":"https:\/\/berrygoodnews.fr\/#\/schema\/logo\/image\/"},"sameAs":["https:\/\/www.facebook.com\/berrygoodnews\/","https:\/\/www.youtube.com\/channel\/UCdNcluXQMXIRcNvap69zaWg"]},{"@type":"Person","@id":"https:\/\/berrygoodnews.fr\/#\/schema\/person\/6dbdc03bea7806cc92376ffe2fcd047d","name":"Berry Good News","image":{"@type":"ImageObject","inLanguage":"fr-FR","@id":"https:\/\/berrygoodnews.fr\/#\/schema\/person\/image\/","url":"https:\/\/secure.gravatar.com\/avatar\/dc97e2c83b7805754cf833611fb0eaf80fd556a613a9819de1842868762ec883?s=96&d=mm&r=g","contentUrl":"https:\/\/secure.gravatar.com\/avatar\/dc97e2c83b7805754cf833611fb0eaf80fd556a613a9819de1842868762ec883?s=96&d=mm&r=g","caption":"Berry Good News"},"description":"Ex-parisienne, qui a choisi de s'installer il y a six ans \u00e0 Vierzon avec une activit\u00e9 de chambres d'h\u00f4tes. J'ai d\u00e9cid\u00e9 de montrer les bonnes initiatives. Je suis tr\u00e8s optimiste car on a beaucoup de talents ici. J'avais envie de changer la vision que certains ont sur la ville.","url":"https:\/\/berrygoodnews.fr\/index.php\/author\/hv\/"}]}},"jetpack_publicize_connections":[],"jetpack_featured_media_url":"https:\/\/i0.wp.com\/berrygoodnews.fr\/wp-content\/uploads\/2019\/05\/image.jpg?fit=447%2C358&ssl=1","jetpack_shortlink":"https:\/\/wp.me\/paGqD8-28V","jetpack-related-posts":[],"jetpack_sharing_enabled":true,"_links":{"self":[{"href":"https:\/\/berrygoodnews.fr\/index.php\/wp-json\/wp\/v2\/posts\/8241","targetHints":{"allow":["GET"]}}],"collection":[{"href":"https:\/\/berrygoodnews.fr\/index.php\/wp-json\/wp\/v2\/posts"}],"about":[{"href":"https:\/\/berrygoodnews.fr\/index.php\/wp-json\/wp\/v2\/types\/post"}],"author":[{"embeddable":true,"href":"https:\/\/berrygoodnews.fr\/index.php\/wp-json\/wp\/v2\/users\/2"}],"replies":[{"embeddable":true,"href":"https:\/\/berrygoodnews.fr\/index.php\/wp-json\/wp\/v2\/comments?post=8241"}],"version-history":[{"count":3,"href":"https:\/\/berrygoodnews.fr\/index.php\/wp-json\/wp\/v2\/posts\/8241\/revisions"}],"predecessor-version":[{"id":8245,"href":"https:\/\/berrygoodnews.fr\/index.php\/wp-json\/wp\/v2\/posts\/8241\/revisions\/8245"}],"wp:featuredmedia":[{"embeddable":true,"href":"https:\/\/berrygoodnews.fr\/index.php\/wp-json\/wp\/v2\/media\/8244"}],"wp:attachment":[{"href":"https:\/\/berrygoodnews.fr\/index.php\/wp-json\/wp\/v2\/media?parent=8241"}],"wp:term":[{"taxonomy":"category","embeddable":true,"href":"https:\/\/berrygoodnews.fr\/index.php\/wp-json\/wp\/v2\/categories?post=8241"},{"taxonomy":"post_tag","embeddable":true,"href":"https:\/\/berrygoodnews.fr\/index.php\/wp-json\/wp\/v2\/tags?post=8241"},{"taxonomy":"post_format","embeddable":true,"href":"https:\/\/berrygoodnews.fr\/index.php\/wp-json\/wp\/v2\/post_format?post=8241"},{"taxonomy":"flags","embeddable":true,"href":"https:\/\/berrygoodnews.fr\/index.php\/wp-json\/wp\/v2\/flags?post=8241"}],"curies":[{"name":"wp","href":"https:\/\/api.w.org\/{rel}","templated":true}]}}