{"id":5524,"date":"2018-12-01T21:46:16","date_gmt":"2018-12-01T20:46:16","guid":{"rendered":"https:\/\/berrygoodvierzon.fr?p=4281"},"modified":"2019-01-23T17:22:19","modified_gmt":"2019-01-23T16:22:19","slug":"forum-solidarite-internationale-conduite-par-le-conseil-departemental-du-cher","status":"publish","type":"post","link":"https:\/\/berrygoodnews.fr\/index.php\/2018\/12\/01\/forum-solidarite-internationale-conduite-par-le-conseil-departemental-du-cher\/","title":{"rendered":"Forum  solidarit\u00e9 internationale conduite par le conseil d\u00e9partemental du Cher"},"content":{"rendered":"<h2><strong>Un forum de qualit\u00e9 pour une solidarit\u00e9 internationale \u00e0 Bourges<\/strong><\/h2>\n<h4><strong><span style=\"color: #ff00ff;\">Jetez un \u0153il \u00e0 cette vid\u00e9o<\/span><\/strong><\/h4>\n<p><iframe loading=\"lazy\" width=\"850\" height=\"478\" src=\"https:\/\/www.youtube.com\/embed\/WGK4QXHtWA0?feature=oembed\" frameborder=\"0\" allow=\"accelerometer; autoplay; encrypted-media; gyroscope; picture-in-picture\" allowfullscreen><\/iframe><\/p>\n<p style=\"font-weight: 400;\">Le festival des solidarit\u00e9s a lieu du 15 novembre au 2 d\u00e9cembre 2018 et est port\u00e9 par le Collectif Monde Solidaire 18. C\u2019est un \u00e9v\u00e9nement national, f\u00e9d\u00e9rateur, qui rassemble les acteurs de la solidarit\u00e9 internationale dans l\u2019optique de mobiliser et de sensibiliser aux valeurs de la coop\u00e9ration et de la solidarit\u00e9, le plus grand nombre de personnes.<\/p>\n<p><img data-recalc-dims=\"1\" loading=\"lazy\" decoding=\"async\" class=\"alignnone size-full wp-image-4302\" src=\"https:\/\/i0.wp.com\/berrygoodnews.fr\/wp-content\/uploads\/2018\/12\/vlcsnap-2018-11-30-19h29m44s988.png?resize=850%2C478\" alt=\"\" width=\"850\" height=\"478\" \/><\/p>\n<p style=\"font-weight: 400;\">La soir\u00e9e du 29 novembre 2018 \u00e0 l&rsquo;IUT de Bourges, s&rsquo;est s\u2019inscrite dans ce festival. Cette initiative permet de mettre en lumi\u00e8re la politique de solidarit\u00e9 internationale conduite par le conseil d\u00e9partemental du Cher.<\/p>\n<p style=\"font-weight: 400;\">Le \u00ab\u00a0Forum Solidarit\u00e9 Internationale\u00a0\u00bb avait pour th\u00e8me cette ann\u00e9e \u00ab\u00a0La sant\u00e9, un droit pour tous\u00a0\u00bb.<\/p>\n<p><img data-recalc-dims=\"1\" loading=\"lazy\" decoding=\"async\" class=\"alignnone size-full wp-image-4299\" src=\"https:\/\/i0.wp.com\/berrygoodnews.fr\/wp-content\/uploads\/2018\/12\/vlcsnap-2018-11-30-19h26m45s134.png?resize=850%2C478\" alt=\"\" width=\"850\" height=\"478\" \/><\/p>\n<p style=\"font-weight: 400;\">5 \u00e9tudiantes en Licence Gestion de la Protection Sociale ont eu en charge l\u2019organisation et la gestion de cette soir\u00e9e festive dans le but de sensibiliser de nouveaux publics et de permettre \u00e0 des associations \u0153uvrant dans la solidarit\u00e9 internationale de pr\u00e9senter leurs structures et\/ou les projets financ\u00e9s en partie par le Conseil D\u00e9partemental du Cher\u00a0:<\/p>\n<p style=\"font-weight: 400;\">&#8211;<span style=\"color: #0000ff;\"><strong> Ghimao<\/strong><\/span><\/p>\n<p style=\"font-weight: 400;\"><span style=\"color: #0000ff;\"><strong>&#8211; Artisans du Monde<\/strong><\/span><\/p>\n<p style=\"font-weight: 400;\"><span style=\"color: #0000ff;\"><strong>&#8211; Humani Cher<\/strong><\/span><\/p>\n<p style=\"font-weight: 400;\"><span style=\"color: #0000ff;\"><strong>&#8211; M\u00e9dina<\/strong><\/span><\/p>\n<p style=\"font-weight: 400;\">En parall\u00e8le de ces pr\u00e9sentations, les participants ont pu d\u00e9couvrir diff\u00e9rents ateliers novateurs en lien avec la sant\u00e9\u00a0:<\/p>\n<p style=\"font-weight: 400;\">&#8211; <strong>atelier socio esth\u00e9tique:\u00a0Elisabeth DE LOYNE est psycho socio esth\u00e9ticienne \u00e0 Veaugues<\/strong><\/p>\n<p style=\"font-weight: 400;\"><strong>&#8211; s\u00e9ances hypnose collective: <a href=\"http:\/\/jevaisbien.net\/\" target=\"_blank\" rel=\"noopener\">Eve-Elisabeth Martin<\/a> Hypnoth\u00e9rapeute certifi\u00e9e et sp\u00e9cialiste PNL<\/strong><\/p>\n<p style=\"font-weight: 400;\"><strong>&#8211; atelier naturopathe:\u00a0\u00a0Sylvie VILLATTE est naturopathe hygi\u00e9niste \u00e0 Cosne sur Loire<\/strong><\/p>\n<p style=\"font-weight: 400;\"><strong>&#8211; pr\u00e9vention tabac avec 2 \u00e9tudiantes b\u00e9n\u00e9voles de l&rsquo;<a href=\"http:\/\/ifsi-vierzon.learneos.fr\/\" target=\"_blank\" rel=\"noopener\">IFSI<\/a> de Vierzon<\/strong><\/p>\n<p style=\"font-weight: 400;\">De plus,<strong> Fanny CHEYROU<\/strong>, journaliste et auteure de \u00abLa libert\u00e9 s\u2019apprend\u00bb, a pu lire des extraits de son livre et d\u00e9dicacer son livre.<\/p>\n<p>La Vice- Pr\u00e9sidente du Conseil R\u00e9gional du Cher a expliqu\u00e9 aux diff\u00e9rents invit\u00e9s l&rsquo;importance et la n\u00e9cessit\u00e9 de la solidarit\u00e9 Internationale.<\/p>\n<p style=\"font-weight: 400;\">Un cocktail a cl\u00f4tur\u00e9 cette soir\u00e9e festive<\/p>\n","protected":false},"excerpt":{"rendered":"<p>Un forum de qualit\u00e9 pour une solidarit\u00e9 internationale \u00e0 Bourges Jetez un \u0153il \u00e0 cette vid\u00e9o Le festival des solidarit\u00e9s a lieu du 15 novembre au 2 d\u00e9cembre 2018 et est port\u00e9 par le Collectif Monde Solidaire 18. C\u2019est un \u00e9v\u00e9nement national, f\u00e9d\u00e9rateur, qui rassemble les acteurs de la solidarit\u00e9 internationale dans l\u2019optique de mobiliser &hellip;<\/p>\n","protected":false},"author":2,"featured_media":5842,"comment_status":"open","ping_status":"open","sticky":false,"template":"","format":"video","meta":{"jetpack_post_was_ever_published":false,"_jetpack_newsletter_access":"","_jetpack_dont_email_post_to_subs":false,"_jetpack_newsletter_tier_id":0,"_jetpack_memberships_contains_paywalled_content":false,"_jetpack_memberships_contains_paid_content":false,"footnotes":"","jetpack_publicize_message":"","jetpack_publicize_feature_enabled":true,"jetpack_social_post_already_shared":true,"jetpack_social_options":{"image_generator_settings":{"template":"highway","default_image_id":0,"font":"","enabled":false},"version":2}},"categories":[34,14,43],"tags":[28,788,29,17,18,19,789,20,21,438,23,31,32,790,791,33,792,27,65,42,44],"post_format":[13],"flags":[],"class_list":["post-5524","post","type-post","status-publish","format-video","has-post-thumbnail","hentry","category-region-centre","category-vierzon-et-ses-environs","category-vous","tag-article-berry-republicain","tag-association-medina","tag-berry","tag-berry-good-vierzon","tag-berry-republicain","tag-berrygoodvierzon-fr","tag-beurself","tag-bgv","tag-centre","tag-chatres-sur-cher","tag-cher","tag-eve-elisabeth-martin","tag-httpswww-open-mag-net","tag-humani-cher","tag-isabelle-le-cleach","tag-je-vierzon-positive","tag-librairie-la-plume-du-sarthate","tag-vierzon","tag-vierzonitude","tag-vierzonnais","tag-youtube","post_format-post-format-video"],"yoast_head":"<!-- This site is optimized with the Yoast SEO plugin v26.8 - https:\/\/yoast.com\/product\/yoast-seo-wordpress\/ -->\n<title>Forum solidarit\u00e9 internationale conduite par le conseil d\u00e9partemental du Cher - Berry Good News<\/title>\n<meta name=\"robots\" content=\"index, follow, max-snippet:-1, max-image-preview:large, max-video-preview:-1\" \/>\n<link rel=\"canonical\" href=\"https:\/\/berrygoodnews.fr\/index.php\/2018\/12\/01\/forum-solidarite-internationale-conduite-par-le-conseil-departemental-du-cher\/\" \/>\n<meta property=\"og:locale\" content=\"fr_FR\" \/>\n<meta property=\"og:type\" content=\"article\" \/>\n<meta property=\"og:title\" content=\"Forum solidarit\u00e9 internationale conduite par le conseil d\u00e9partemental du Cher - Berry Good News\" \/>\n<meta property=\"og:description\" content=\"Un forum de qualit\u00e9 pour une solidarit\u00e9 internationale \u00e0 Bourges Jetez un \u0153il \u00e0 cette vid\u00e9o Le festival des solidarit\u00e9s a lieu du 15 novembre au 2 d\u00e9cembre 2018 et est port\u00e9 par le Collectif Monde Solidaire 18. C\u2019est un \u00e9v\u00e9nement national, f\u00e9d\u00e9rateur, qui rassemble les acteurs de la solidarit\u00e9 internationale dans l\u2019optique de mobiliser &hellip;\" \/>\n<meta property=\"og:url\" content=\"https:\/\/berrygoodnews.fr\/index.php\/2018\/12\/01\/forum-solidarite-internationale-conduite-par-le-conseil-departemental-du-cher\/\" \/>\n<meta property=\"og:site_name\" content=\"Berry Good News\" \/>\n<meta property=\"article:publisher\" content=\"https:\/\/www.facebook.com\/berrygoodnews\/\" \/>\n<meta property=\"article:published_time\" content=\"2018-12-01T20:46:16+00:00\" \/>\n<meta property=\"article:modified_time\" content=\"2019-01-23T16:22:19+00:00\" \/>\n<meta property=\"og:image\" content=\"https:\/\/i0.wp.com\/berrygoodnews.fr\/wp-content\/uploads\/2018\/12\/forum.png?fit=1920%2C1080&ssl=1\" \/>\n\t<meta property=\"og:image:width\" content=\"1920\" \/>\n\t<meta property=\"og:image:height\" content=\"1080\" \/>\n\t<meta property=\"og:image:type\" content=\"image\/png\" \/>\n<meta name=\"author\" content=\"Berry Good News\" \/>\n<meta name=\"twitter:card\" content=\"summary_large_image\" \/>\n<meta name=\"twitter:label1\" content=\"\u00c9crit par\" \/>\n\t<meta name=\"twitter:data1\" content=\"Berry Good News\" \/>\n\t<meta name=\"twitter:label2\" content=\"Dur\u00e9e de lecture estim\u00e9e\" \/>\n\t<meta name=\"twitter:data2\" content=\"2 minutes\" \/>\n<script type=\"application\/ld+json\" class=\"yoast-schema-graph\">{\"@context\":\"https:\/\/schema.org\",\"@graph\":[{\"@type\":\"Article\",\"@id\":\"https:\/\/berrygoodnews.fr\/index.php\/2018\/12\/01\/forum-solidarite-internationale-conduite-par-le-conseil-departemental-du-cher\/#article\",\"isPartOf\":{\"@id\":\"https:\/\/berrygoodnews.fr\/index.php\/2018\/12\/01\/forum-solidarite-internationale-conduite-par-le-conseil-departemental-du-cher\/\"},\"author\":{\"name\":\"Berry Good News\",\"@id\":\"https:\/\/berrygoodnews.fr\/#\/schema\/person\/6dbdc03bea7806cc92376ffe2fcd047d\"},\"headline\":\"Forum solidarit\u00e9 internationale conduite par le conseil d\u00e9partemental du Cher\",\"datePublished\":\"2018-12-01T20:46:16+00:00\",\"dateModified\":\"2019-01-23T16:22:19+00:00\",\"mainEntityOfPage\":{\"@id\":\"https:\/\/berrygoodnews.fr\/index.php\/2018\/12\/01\/forum-solidarite-internationale-conduite-par-le-conseil-departemental-du-cher\/\"},\"wordCount\":363,\"commentCount\":0,\"publisher\":{\"@id\":\"https:\/\/berrygoodnews.fr\/#organization\"},\"image\":{\"@id\":\"https:\/\/berrygoodnews.fr\/index.php\/2018\/12\/01\/forum-solidarite-internationale-conduite-par-le-conseil-departemental-du-cher\/#primaryimage\"},\"thumbnailUrl\":\"https:\/\/i0.wp.com\/berrygoodnews.fr\/wp-content\/uploads\/2018\/12\/forum.png?fit=1920%2C1080&ssl=1\",\"keywords\":[\"article berry republicain\",\"association medina\",\"berry\",\"Berry Good Vierzon\",\"berry republicain\",\"berrygoodvierzon.fr\",\"beurself\",\"bgv\",\"centre\",\"Ch\u00e2tres sur Cher\",\"Cher\",\"Eve- Elisabeth Martin\",\"https:\/\/www.open-mag.net\",\"humani cher\",\"isabelle le cleac'h\",\"Je Vierzon Positive\",\"librairie la plume du sarthate\",\"vierzon\",\"Vierzonitude\",\"vierzonnais\",\"youtube\"],\"articleSection\":[\"R\u00e9gion Centre\",\"Vierzon et ses Environs\",\"Vivre mieux\"],\"inLanguage\":\"fr-FR\",\"potentialAction\":[{\"@type\":\"CommentAction\",\"name\":\"Comment\",\"target\":[\"https:\/\/berrygoodnews.fr\/index.php\/2018\/12\/01\/forum-solidarite-internationale-conduite-par-le-conseil-departemental-du-cher\/#respond\"]}]},{\"@type\":\"WebPage\",\"@id\":\"https:\/\/berrygoodnews.fr\/index.php\/2018\/12\/01\/forum-solidarite-internationale-conduite-par-le-conseil-departemental-du-cher\/\",\"url\":\"https:\/\/berrygoodnews.fr\/index.php\/2018\/12\/01\/forum-solidarite-internationale-conduite-par-le-conseil-departemental-du-cher\/\",\"name\":\"Forum solidarit\u00e9 internationale conduite par le conseil d\u00e9partemental du Cher - Berry Good News\",\"isPartOf\":{\"@id\":\"https:\/\/berrygoodnews.fr\/#website\"},\"primaryImageOfPage\":{\"@id\":\"https:\/\/berrygoodnews.fr\/index.php\/2018\/12\/01\/forum-solidarite-internationale-conduite-par-le-conseil-departemental-du-cher\/#primaryimage\"},\"image\":{\"@id\":\"https:\/\/berrygoodnews.fr\/index.php\/2018\/12\/01\/forum-solidarite-internationale-conduite-par-le-conseil-departemental-du-cher\/#primaryimage\"},\"thumbnailUrl\":\"https:\/\/i0.wp.com\/berrygoodnews.fr\/wp-content\/uploads\/2018\/12\/forum.png?fit=1920%2C1080&ssl=1\",\"datePublished\":\"2018-12-01T20:46:16+00:00\",\"dateModified\":\"2019-01-23T16:22:19+00:00\",\"breadcrumb\":{\"@id\":\"https:\/\/berrygoodnews.fr\/index.php\/2018\/12\/01\/forum-solidarite-internationale-conduite-par-le-conseil-departemental-du-cher\/#breadcrumb\"},\"inLanguage\":\"fr-FR\",\"potentialAction\":[{\"@type\":\"ReadAction\",\"target\":[\"https:\/\/berrygoodnews.fr\/index.php\/2018\/12\/01\/forum-solidarite-internationale-conduite-par-le-conseil-departemental-du-cher\/\"]}]},{\"@type\":\"ImageObject\",\"inLanguage\":\"fr-FR\",\"@id\":\"https:\/\/berrygoodnews.fr\/index.php\/2018\/12\/01\/forum-solidarite-internationale-conduite-par-le-conseil-departemental-du-cher\/#primaryimage\",\"url\":\"https:\/\/i0.wp.com\/berrygoodnews.fr\/wp-content\/uploads\/2018\/12\/forum.png?fit=1920%2C1080&ssl=1\",\"contentUrl\":\"https:\/\/i0.wp.com\/berrygoodnews.fr\/wp-content\/uploads\/2018\/12\/forum.png?fit=1920%2C1080&ssl=1\",\"width\":1920,\"height\":1080},{\"@type\":\"BreadcrumbList\",\"@id\":\"https:\/\/berrygoodnews.fr\/index.php\/2018\/12\/01\/forum-solidarite-internationale-conduite-par-le-conseil-departemental-du-cher\/#breadcrumb\",\"itemListElement\":[{\"@type\":\"ListItem\",\"position\":1,\"name\":\"Accueil\",\"item\":\"https:\/\/berrygoodnews.fr\/\"},{\"@type\":\"ListItem\",\"position\":2,\"name\":\"Forum solidarit\u00e9 internationale conduite par le conseil d\u00e9partemental du Cher\"}]},{\"@type\":\"WebSite\",\"@id\":\"https:\/\/berrygoodnews.fr\/#website\",\"url\":\"https:\/\/berrygoodnews.fr\/\",\"name\":\"Berry Good News\",\"description\":\"Le Centre En Action\",\"publisher\":{\"@id\":\"https:\/\/berrygoodnews.fr\/#organization\"},\"potentialAction\":[{\"@type\":\"SearchAction\",\"target\":{\"@type\":\"EntryPoint\",\"urlTemplate\":\"https:\/\/berrygoodnews.fr\/?s={search_term_string}\"},\"query-input\":{\"@type\":\"PropertyValueSpecification\",\"valueRequired\":true,\"valueName\":\"search_term_string\"}}],\"inLanguage\":\"fr-FR\"},{\"@type\":\"Organization\",\"@id\":\"https:\/\/berrygoodnews.fr\/#organization\",\"name\":\"Berry Good News\",\"url\":\"https:\/\/berrygoodnews.fr\/\",\"logo\":{\"@type\":\"ImageObject\",\"inLanguage\":\"fr-FR\",\"@id\":\"https:\/\/berrygoodnews.fr\/#\/schema\/logo\/image\/\",\"url\":\"https:\/\/i0.wp.com\/berrygoodnews.fr\/wp-content\/uploads\/2023\/05\/LogoBGNCouleur.png?fit=318%2C181&ssl=1\",\"contentUrl\":\"https:\/\/i0.wp.com\/berrygoodnews.fr\/wp-content\/uploads\/2023\/05\/LogoBGNCouleur.png?fit=318%2C181&ssl=1\",\"width\":318,\"height\":181,\"caption\":\"Berry Good News\"},\"image\":{\"@id\":\"https:\/\/berrygoodnews.fr\/#\/schema\/logo\/image\/\"},\"sameAs\":[\"https:\/\/www.facebook.com\/berrygoodnews\/\",\"https:\/\/www.youtube.com\/channel\/UCdNcluXQMXIRcNvap69zaWg\"]},{\"@type\":\"Person\",\"@id\":\"https:\/\/berrygoodnews.fr\/#\/schema\/person\/6dbdc03bea7806cc92376ffe2fcd047d\",\"name\":\"Berry Good News\",\"image\":{\"@type\":\"ImageObject\",\"inLanguage\":\"fr-FR\",\"@id\":\"https:\/\/berrygoodnews.fr\/#\/schema\/person\/image\/\",\"url\":\"https:\/\/secure.gravatar.com\/avatar\/dc97e2c83b7805754cf833611fb0eaf80fd556a613a9819de1842868762ec883?s=96&d=mm&r=g\",\"contentUrl\":\"https:\/\/secure.gravatar.com\/avatar\/dc97e2c83b7805754cf833611fb0eaf80fd556a613a9819de1842868762ec883?s=96&d=mm&r=g\",\"caption\":\"Berry Good News\"},\"description\":\"Ex-parisienne, qui a choisi de s'installer il y a six ans \u00e0 Vierzon avec une activit\u00e9 de chambres d'h\u00f4tes. J'ai d\u00e9cid\u00e9 de montrer les bonnes initiatives. Je suis tr\u00e8s optimiste car on a beaucoup de talents ici. J'avais envie de changer la vision que certains ont sur la ville.\",\"url\":\"https:\/\/berrygoodnews.fr\/index.php\/author\/hv\/\"}]}<\/script>\n<!-- \/ Yoast SEO plugin. -->","yoast_head_json":{"title":"Forum solidarit\u00e9 internationale conduite par le conseil d\u00e9partemental du Cher - Berry Good News","robots":{"index":"index","follow":"follow","max-snippet":"max-snippet:-1","max-image-preview":"max-image-preview:large","max-video-preview":"max-video-preview:-1"},"canonical":"https:\/\/berrygoodnews.fr\/index.php\/2018\/12\/01\/forum-solidarite-internationale-conduite-par-le-conseil-departemental-du-cher\/","og_locale":"fr_FR","og_type":"article","og_title":"Forum solidarit\u00e9 internationale conduite par le conseil d\u00e9partemental du Cher - Berry Good News","og_description":"Un forum de qualit\u00e9 pour une solidarit\u00e9 internationale \u00e0 Bourges Jetez un \u0153il \u00e0 cette vid\u00e9o Le festival des solidarit\u00e9s a lieu du 15 novembre au 2 d\u00e9cembre 2018 et est port\u00e9 par le Collectif Monde Solidaire 18. C\u2019est un \u00e9v\u00e9nement national, f\u00e9d\u00e9rateur, qui rassemble les acteurs de la solidarit\u00e9 internationale dans l\u2019optique de mobiliser &hellip;","og_url":"https:\/\/berrygoodnews.fr\/index.php\/2018\/12\/01\/forum-solidarite-internationale-conduite-par-le-conseil-departemental-du-cher\/","og_site_name":"Berry Good News","article_publisher":"https:\/\/www.facebook.com\/berrygoodnews\/","article_published_time":"2018-12-01T20:46:16+00:00","article_modified_time":"2019-01-23T16:22:19+00:00","og_image":[{"width":1920,"height":1080,"url":"https:\/\/i0.wp.com\/berrygoodnews.fr\/wp-content\/uploads\/2018\/12\/forum.png?fit=1920%2C1080&ssl=1","type":"image\/png"}],"author":"Berry Good News","twitter_card":"summary_large_image","twitter_misc":{"\u00c9crit par":"Berry Good News","Dur\u00e9e de lecture estim\u00e9e":"2 minutes"},"schema":{"@context":"https:\/\/schema.org","@graph":[{"@type":"Article","@id":"https:\/\/berrygoodnews.fr\/index.php\/2018\/12\/01\/forum-solidarite-internationale-conduite-par-le-conseil-departemental-du-cher\/#article","isPartOf":{"@id":"https:\/\/berrygoodnews.fr\/index.php\/2018\/12\/01\/forum-solidarite-internationale-conduite-par-le-conseil-departemental-du-cher\/"},"author":{"name":"Berry Good News","@id":"https:\/\/berrygoodnews.fr\/#\/schema\/person\/6dbdc03bea7806cc92376ffe2fcd047d"},"headline":"Forum solidarit\u00e9 internationale conduite par le conseil d\u00e9partemental du Cher","datePublished":"2018-12-01T20:46:16+00:00","dateModified":"2019-01-23T16:22:19+00:00","mainEntityOfPage":{"@id":"https:\/\/berrygoodnews.fr\/index.php\/2018\/12\/01\/forum-solidarite-internationale-conduite-par-le-conseil-departemental-du-cher\/"},"wordCount":363,"commentCount":0,"publisher":{"@id":"https:\/\/berrygoodnews.fr\/#organization"},"image":{"@id":"https:\/\/berrygoodnews.fr\/index.php\/2018\/12\/01\/forum-solidarite-internationale-conduite-par-le-conseil-departemental-du-cher\/#primaryimage"},"thumbnailUrl":"https:\/\/i0.wp.com\/berrygoodnews.fr\/wp-content\/uploads\/2018\/12\/forum.png?fit=1920%2C1080&ssl=1","keywords":["article berry republicain","association medina","berry","Berry Good Vierzon","berry republicain","berrygoodvierzon.fr","beurself","bgv","centre","Ch\u00e2tres sur Cher","Cher","Eve- Elisabeth Martin","https:\/\/www.open-mag.net","humani cher","isabelle le cleac'h","Je Vierzon Positive","librairie la plume du sarthate","vierzon","Vierzonitude","vierzonnais","youtube"],"articleSection":["R\u00e9gion Centre","Vierzon et ses Environs","Vivre mieux"],"inLanguage":"fr-FR","potentialAction":[{"@type":"CommentAction","name":"Comment","target":["https:\/\/berrygoodnews.fr\/index.php\/2018\/12\/01\/forum-solidarite-internationale-conduite-par-le-conseil-departemental-du-cher\/#respond"]}]},{"@type":"WebPage","@id":"https:\/\/berrygoodnews.fr\/index.php\/2018\/12\/01\/forum-solidarite-internationale-conduite-par-le-conseil-departemental-du-cher\/","url":"https:\/\/berrygoodnews.fr\/index.php\/2018\/12\/01\/forum-solidarite-internationale-conduite-par-le-conseil-departemental-du-cher\/","name":"Forum solidarit\u00e9 internationale conduite par le conseil d\u00e9partemental du Cher - Berry Good News","isPartOf":{"@id":"https:\/\/berrygoodnews.fr\/#website"},"primaryImageOfPage":{"@id":"https:\/\/berrygoodnews.fr\/index.php\/2018\/12\/01\/forum-solidarite-internationale-conduite-par-le-conseil-departemental-du-cher\/#primaryimage"},"image":{"@id":"https:\/\/berrygoodnews.fr\/index.php\/2018\/12\/01\/forum-solidarite-internationale-conduite-par-le-conseil-departemental-du-cher\/#primaryimage"},"thumbnailUrl":"https:\/\/i0.wp.com\/berrygoodnews.fr\/wp-content\/uploads\/2018\/12\/forum.png?fit=1920%2C1080&ssl=1","datePublished":"2018-12-01T20:46:16+00:00","dateModified":"2019-01-23T16:22:19+00:00","breadcrumb":{"@id":"https:\/\/berrygoodnews.fr\/index.php\/2018\/12\/01\/forum-solidarite-internationale-conduite-par-le-conseil-departemental-du-cher\/#breadcrumb"},"inLanguage":"fr-FR","potentialAction":[{"@type":"ReadAction","target":["https:\/\/berrygoodnews.fr\/index.php\/2018\/12\/01\/forum-solidarite-internationale-conduite-par-le-conseil-departemental-du-cher\/"]}]},{"@type":"ImageObject","inLanguage":"fr-FR","@id":"https:\/\/berrygoodnews.fr\/index.php\/2018\/12\/01\/forum-solidarite-internationale-conduite-par-le-conseil-departemental-du-cher\/#primaryimage","url":"https:\/\/i0.wp.com\/berrygoodnews.fr\/wp-content\/uploads\/2018\/12\/forum.png?fit=1920%2C1080&ssl=1","contentUrl":"https:\/\/i0.wp.com\/berrygoodnews.fr\/wp-content\/uploads\/2018\/12\/forum.png?fit=1920%2C1080&ssl=1","width":1920,"height":1080},{"@type":"BreadcrumbList","@id":"https:\/\/berrygoodnews.fr\/index.php\/2018\/12\/01\/forum-solidarite-internationale-conduite-par-le-conseil-departemental-du-cher\/#breadcrumb","itemListElement":[{"@type":"ListItem","position":1,"name":"Accueil","item":"https:\/\/berrygoodnews.fr\/"},{"@type":"ListItem","position":2,"name":"Forum solidarit\u00e9 internationale conduite par le conseil d\u00e9partemental du Cher"}]},{"@type":"WebSite","@id":"https:\/\/berrygoodnews.fr\/#website","url":"https:\/\/berrygoodnews.fr\/","name":"Berry Good News","description":"Le Centre En Action","publisher":{"@id":"https:\/\/berrygoodnews.fr\/#organization"},"potentialAction":[{"@type":"SearchAction","target":{"@type":"EntryPoint","urlTemplate":"https:\/\/berrygoodnews.fr\/?s={search_term_string}"},"query-input":{"@type":"PropertyValueSpecification","valueRequired":true,"valueName":"search_term_string"}}],"inLanguage":"fr-FR"},{"@type":"Organization","@id":"https:\/\/berrygoodnews.fr\/#organization","name":"Berry Good News","url":"https:\/\/berrygoodnews.fr\/","logo":{"@type":"ImageObject","inLanguage":"fr-FR","@id":"https:\/\/berrygoodnews.fr\/#\/schema\/logo\/image\/","url":"https:\/\/i0.wp.com\/berrygoodnews.fr\/wp-content\/uploads\/2023\/05\/LogoBGNCouleur.png?fit=318%2C181&ssl=1","contentUrl":"https:\/\/i0.wp.com\/berrygoodnews.fr\/wp-content\/uploads\/2023\/05\/LogoBGNCouleur.png?fit=318%2C181&ssl=1","width":318,"height":181,"caption":"Berry Good News"},"image":{"@id":"https:\/\/berrygoodnews.fr\/#\/schema\/logo\/image\/"},"sameAs":["https:\/\/www.facebook.com\/berrygoodnews\/","https:\/\/www.youtube.com\/channel\/UCdNcluXQMXIRcNvap69zaWg"]},{"@type":"Person","@id":"https:\/\/berrygoodnews.fr\/#\/schema\/person\/6dbdc03bea7806cc92376ffe2fcd047d","name":"Berry Good News","image":{"@type":"ImageObject","inLanguage":"fr-FR","@id":"https:\/\/berrygoodnews.fr\/#\/schema\/person\/image\/","url":"https:\/\/secure.gravatar.com\/avatar\/dc97e2c83b7805754cf833611fb0eaf80fd556a613a9819de1842868762ec883?s=96&d=mm&r=g","contentUrl":"https:\/\/secure.gravatar.com\/avatar\/dc97e2c83b7805754cf833611fb0eaf80fd556a613a9819de1842868762ec883?s=96&d=mm&r=g","caption":"Berry Good News"},"description":"Ex-parisienne, qui a choisi de s'installer il y a six ans \u00e0 Vierzon avec une activit\u00e9 de chambres d'h\u00f4tes. J'ai d\u00e9cid\u00e9 de montrer les bonnes initiatives. Je suis tr\u00e8s optimiste car on a beaucoup de talents ici. J'avais envie de changer la vision que certains ont sur la ville.","url":"https:\/\/berrygoodnews.fr\/index.php\/author\/hv\/"}]}},"jetpack_publicize_connections":[],"jetpack_featured_media_url":"https:\/\/i0.wp.com\/berrygoodnews.fr\/wp-content\/uploads\/2018\/12\/forum.png?fit=1920%2C1080&ssl=1","jetpack_shortlink":"https:\/\/wp.me\/paGqD8-1r6","jetpack-related-posts":[],"jetpack_sharing_enabled":true,"_links":{"self":[{"href":"https:\/\/berrygoodnews.fr\/index.php\/wp-json\/wp\/v2\/posts\/5524","targetHints":{"allow":["GET"]}}],"collection":[{"href":"https:\/\/berrygoodnews.fr\/index.php\/wp-json\/wp\/v2\/posts"}],"about":[{"href":"https:\/\/berrygoodnews.fr\/index.php\/wp-json\/wp\/v2\/types\/post"}],"author":[{"embeddable":true,"href":"https:\/\/berrygoodnews.fr\/index.php\/wp-json\/wp\/v2\/users\/2"}],"replies":[{"embeddable":true,"href":"https:\/\/berrygoodnews.fr\/index.php\/wp-json\/wp\/v2\/comments?post=5524"}],"version-history":[{"count":2,"href":"https:\/\/berrygoodnews.fr\/index.php\/wp-json\/wp\/v2\/posts\/5524\/revisions"}],"predecessor-version":[{"id":5844,"href":"https:\/\/berrygoodnews.fr\/index.php\/wp-json\/wp\/v2\/posts\/5524\/revisions\/5844"}],"wp:featuredmedia":[{"embeddable":true,"href":"https:\/\/berrygoodnews.fr\/index.php\/wp-json\/wp\/v2\/media\/5842"}],"wp:attachment":[{"href":"https:\/\/berrygoodnews.fr\/index.php\/wp-json\/wp\/v2\/media?parent=5524"}],"wp:term":[{"taxonomy":"category","embeddable":true,"href":"https:\/\/berrygoodnews.fr\/index.php\/wp-json\/wp\/v2\/categories?post=5524"},{"taxonomy":"post_tag","embeddable":true,"href":"https:\/\/berrygoodnews.fr\/index.php\/wp-json\/wp\/v2\/tags?post=5524"},{"taxonomy":"post_format","embeddable":true,"href":"https:\/\/berrygoodnews.fr\/index.php\/wp-json\/wp\/v2\/post_format?post=5524"},{"taxonomy":"flags","embeddable":true,"href":"https:\/\/berrygoodnews.fr\/index.php\/wp-json\/wp\/v2\/flags?post=5524"}],"curies":[{"name":"wp","href":"https:\/\/api.w.org\/{rel}","templated":true}]}}