{"id":5523,"date":"2018-12-02T10:21:38","date_gmt":"2018-12-02T09:21:38","guid":{"rendered":"https:\/\/berrygoodvierzon.fr?p=4258"},"modified":"2018-12-02T10:21:38","modified_gmt":"2018-12-02T09:21:38","slug":"les-predateurs-de-vierzon-la-releve-est-prete","status":"publish","type":"post","link":"https:\/\/berrygoodnews.fr\/index.php\/2018\/12\/02\/les-predateurs-de-vierzon-la-releve-est-prete\/","title":{"rendered":"Les Pr\u00e9dateurs de Vierzon: la rel\u00e8ve est d\u00e9j\u00e0 l\u00e0 et patinez jeunesse!"},"content":{"rendered":"<h1><span style=\"color: #0000ff;\"><strong>De nombreux jeunes sont form\u00e9s au sein des pr\u00e9dateurs de Vierzon pour une nouvelle g\u00e9n\u00e9ration de \u00ab\u00a0Killers\u00a0\u00bb.<\/strong><\/span><\/h1>\n<h4><strong>Au fait victoire \u00e0 Tours contre les Apaches 5 \u00e0 6 (<a href=\"http:\/\/vierzonitude.fr.over-blog.com\/2018\/12\/les-predateurs-ont-plume-les-apaches-de-tours-5-a-6.html\" target=\"_blank\" rel=\"noopener\">voir l&rsquo;article sur Vierzonitude<\/a>)<\/strong><\/h4>\n<h5><strong>Voici les dates des prochaines comp\u00e9titions \u00e0 domicile:<\/strong><\/h5>\n<ul>\n<li><strong>15\/12\/2018\u00a0Vierzon \/ La Chapelle\u00a0 \u00a0 \u00a0 20h N1\u00a0 \u00a0 \u00a0 \u00a0 \u00a0 \u00a0 \u00a0 \u00a0 \u00a0 \u00a0 17h\u00a0 \u00a0N3\u00a0 Ris Orangis<\/strong><\/li>\n<li><strong>12\/01\/ 2019\u00a0Vierzon \/ ST M\u00e9dard\u00a0 \u00a0 \u00a0 \u00a020h N1\u00a0 \u00a0 \u00a0 \u00a0 \u00a0 \u00a0 \u00a0 \u00a0 \u00a0 \u00a0 17h\u00a0 \u00a0N3\u00a0 Garges<\/strong><\/li>\n<li><strong>16\/02\/2019\u00a0 \u00a0Vierzon \/ Toulouse\u00a0 \u00a0 \u00a0 \u00a0 \u00a020h N1<\/strong><\/li>\n<li><strong>09\/03\/2019\u00a0 \u00a0\u00a0Vierzon \/ Tours\u00a0 \u00a0 \u00a0 \u00a0 \u00a0 \u00a0 \u00a0 20h N1\u00a0 \u00a0 \u00a0 \u00a0 \u00a0 \u00a0 \u00a0 \u00a0 \u00a0 \u00a0 17h\u00a0 \u00a0 N3 Tours<\/strong><\/li>\n<\/ul>\n<h3><strong><span style=\"color: #ff00ff;\">Jetez un \u0153il \u00e0 cette vid\u00e9o<\/span><\/strong><\/h3>\n<p><iframe loading=\"lazy\" width=\"850\" height=\"478\" src=\"https:\/\/www.youtube.com\/embed\/Awgc9sXL5jQ?feature=oembed\" frameborder=\"0\" allow=\"accelerometer; autoplay; encrypted-media; gyroscope; picture-in-picture\" allowfullscreen><\/iframe><\/p>\n<ul>\n<li>\u00ab\u00a0on trouve une super ambiance&#8230;\u00a0\u00bb<\/li>\n<li>\u00ab\u00a0c&rsquo;est tr\u00e8s sympa et on s&rsquo;amuse beaucoup&#8230;\u00a0\u00bb<\/li>\n<li>\u00ab\u00a0j&rsquo;ai retrouv\u00e9 de nombreux copains&#8230;\u00a0\u00bb<\/li>\n<li>\u00ab\u00a0les animateurs sont gentils&#8230;\u00a0\u00bb.<\/li>\n<li>\u00ab\u00a0J&rsquo;apprends plein de choses ici&#8230;\u00a0\u00bb<\/li>\n<li>\u00ab\u00a0Ya des jeux et on s&rsquo;\u00e9clate \u00e0 l&rsquo;entra\u00eenement&#8230;\u00a0\u00bb<\/li>\n<li>\u00ab\u00a0J&rsquo;aime bien car c&rsquo;est un sport d&rsquo;\u00e9quipe&#8230;\u00a0\u00bb<\/li>\n<li>\u00ab\u00a0C&rsquo;est vraiment fait pour qu&rsquo;on y prenne du plaisir et m\u00eame aux entra\u00eenements&#8230;.\u00a0\u00bb<\/li>\n<li>\u00ab\u00a0J&rsquo;aime bien , c&rsquo;est un sport collectif et je suis pas seul&#8230;\u00a0\u00bb<\/li>\n<\/ul>\n<p>Voil\u00e0 ce que l&rsquo;on entend durant cet entra\u00eenement des enfants (poussins et benjamins, jusqu&rsquo;\u00e0 14 ans), heureux d&rsquo;\u00eatre l\u00e0, parmi les copains, parmi d&rsquo;autres jeunes de leur \u00e2ge dont l&rsquo;envie est de jouer, de s&rsquo;amuser et de gagner. Dans les diff\u00e9rents jeux organis\u00e9s par l&rsquo;encadrement il y a comme un sentiment de \u00ab\u00a0challenge\u00a0\u00bb constructif . Tous se donnent \u00e0 fond pouss\u00e9s par cet exemple de leurs a\u00een\u00e9s qui ont r\u00e9ussi \u00e0 atteindre des sommets avec l&rsquo;accession en N1.<\/p>\n<p><img data-recalc-dims=\"1\" loading=\"lazy\" decoding=\"async\" class=\"alignnone size-full wp-image-4269\" src=\"https:\/\/i0.wp.com\/berrygoodnews.fr\/wp-content\/uploads\/2018\/12\/P1020090.jpg?resize=850%2C478\" alt='' width=\"850\" height=\"478\" \/><\/p>\n<p>Apprendre par le jeu, donner l&rsquo;esprit d&rsquo;\u00e9quipe, insuffler l&rsquo;ADN des pr\u00e9dateurs, leur technique particuli\u00e8re, leur fa\u00e7on de jouer, leur \u00e9tat d&rsquo;esprit tels sont les objectifs des entra\u00eeneurs et de tous les encadrants. L&rsquo;on ressent bien cette volont\u00e9 de r\u00e9ussir \u00e0 donner \u00e0 la \u00ab\u00a0future g\u00e9n\u00e9ration\u00a0\u00bb des Pr\u00e9dateurs, cette passion de devenir de vrais amateurs de haut niveau et pourquoi pas des pros. Et puis comme le pr\u00e9cisait un entra\u00eeneur s&rsquo;ajoute les notions indispensables de patinage et de pure technique de \u00ab\u00a0jeu dans le jeu\u00a0\u00bb.<\/p>\n<p><img data-recalc-dims=\"1\" loading=\"lazy\" decoding=\"async\" class=\"alignnone size-full wp-image-4265\" src=\"https:\/\/i0.wp.com\/berrygoodnews.fr\/wp-content\/uploads\/2018\/12\/P1020074.jpg?resize=850%2C478\" alt='' width=\"850\" height=\"478\" \/><\/p>\n<p>&nbsp;<\/p>\n<p><img data-recalc-dims=\"1\" loading=\"lazy\" decoding=\"async\" class=\"alignnone size-full wp-image-4268\" src=\"https:\/\/i0.wp.com\/berrygoodnews.fr\/wp-content\/uploads\/2018\/12\/P1020084.jpg?resize=850%2C478\" alt='' width=\"850\" height=\"478\" \/><\/p>\n<p>Du c\u00f4t\u00e9 des parents c&rsquo;est la d\u00e9couverte d&rsquo;une certaine magie qui souvent a op\u00e9r\u00e9 d\u00e8s les premiers contact avec ce sport malheureusement si peu inconnu en France. Et pour les filles c&rsquo;est comme une avanc\u00e9e en un territoire inconnu et celui-ci se d\u00e9voile petit \u00e0 petit r\u00e9v\u00e9lant aussi pour ces derni\u00e8res un c\u00f4t\u00e9 passionnant et ma foi tout \u00e0 fait accessible. Aujourd&rsquo;hui on constate avec plaisir l&rsquo;accession au plus haut niveau des \u00e9quipes f\u00e9minines de Foot, de Rugby (Jessy Tr\u00e8mouli\u00e8re\/ meilleure joueuse de rugby f\u00e9minin), des basketteuses de Bourges etc&#8230; Alors r\u00eavons un peu, pourquoi pas une \u00e9quipe f\u00e9minine de Roller Hockey avec les pr\u00e9datrices au plus haut niveau!!!<\/p>\n<p><img data-recalc-dims=\"1\" loading=\"lazy\" decoding=\"async\" class=\"alignnone size-full wp-image-4261\" src=\"https:\/\/i0.wp.com\/berrygoodnews.fr\/wp-content\/uploads\/2018\/12\/P1020058.jpg?resize=850%2C478\" alt='' width=\"850\" height=\"478\" \/><\/p>\n<p>&nbsp;<\/p>\n<p>Comme le disait l&rsquo;un des encadrants:<\/p>\n<p>\u00ab\u00a0Au moment des rencontres, on essaie de faire jouer tous les enfants afin qu&rsquo;ils ressentent pas l&rsquo;esprit de comp\u00e9titions au \u00ab\u00a0sein m\u00eame des pr\u00e9dateurs\u00a0\u00bb mais un vrai sentiment d&rsquo;appartenir \u00e0 une \u00e9quipe soud\u00e9e dont le but est de conqu\u00e9rir des podiums.\u00a0\u00bb<\/p>\n<p>Alors bon vent aux \u00ab\u00a0mini-Pr\u00e9dateurs de Vierzon\u00a0\u00bb.<\/p>\n<p><img data-recalc-dims=\"1\" loading=\"lazy\" decoding=\"async\" class=\"alignnone size-full wp-image-4264\" src=\"https:\/\/i0.wp.com\/berrygoodnews.fr\/wp-content\/uploads\/2018\/12\/P1020072.jpg?resize=850%2C478\" alt='' width=\"850\" height=\"478\" \/><\/p>\n<h4><span style=\"color: #0000ff;\"><strong>POUR MIEUX CONNA\u00ceTRE LES PR\u00c9DATEURS DE VIERZON<\/strong><\/span><\/h4>\n<p><iframe loading=\"lazy\" width=\"850\" height=\"478\" src=\"https:\/\/www.youtube.com\/embed\/fTkqqskMiBo?feature=oembed\" frameborder=\"0\" allow=\"accelerometer; autoplay; encrypted-media; gyroscope; picture-in-picture\" allowfullscreen><\/iframe><\/p>\n<p><iframe loading=\"lazy\" width=\"850\" height=\"478\" src=\"https:\/\/www.youtube.com\/embed\/48ZCE9Wfeg0?feature=oembed\" frameborder=\"0\" allow=\"accelerometer; autoplay; encrypted-media; gyroscope; picture-in-picture\" allowfullscreen><\/iframe><\/p>\n<p><iframe loading=\"lazy\" width=\"850\" height=\"478\" src=\"https:\/\/www.youtube.com\/embed\/fJ3MQ65NWmw?feature=oembed\" frameborder=\"0\" allow=\"accelerometer; autoplay; encrypted-media; gyroscope; picture-in-picture\" allowfullscreen><\/iframe><\/p>\n<p><iframe loading=\"lazy\" width=\"850\" height=\"478\" src=\"https:\/\/www.youtube.com\/embed\/TTDq5UKa-os?feature=oembed\" frameborder=\"0\" allow=\"accelerometer; autoplay; encrypted-media; gyroscope; picture-in-picture\" allowfullscreen><\/iframe><\/p>\n<p>&nbsp;<\/p>\n","protected":false},"excerpt":{"rendered":"<p>De nombreux jeunes sont form\u00e9s au sein des pr\u00e9dateurs de Vierzon pour une nouvelle g\u00e9n\u00e9ration de \u00ab\u00a0Killers\u00a0\u00bb. Au fait victoire \u00e0 Tours contre les Apaches 5 \u00e0 6 (voir l&rsquo;article sur Vierzonitude) Voici les dates des prochaines comp\u00e9titions \u00e0 domicile: 15\/12\/2018\u00a0Vierzon \/ La Chapelle\u00a0 \u00a0 \u00a0 20h N1\u00a0 \u00a0 \u00a0 \u00a0 \u00a0 \u00a0 \u00a0 \u00a0 &hellip;<\/p>\n","protected":false},"author":2,"featured_media":4262,"comment_status":"open","ping_status":"open","sticky":false,"template":"","format":"video","meta":{"jetpack_post_was_ever_published":false,"_jetpack_newsletter_access":"","_jetpack_dont_email_post_to_subs":false,"_jetpack_newsletter_tier_id":0,"_jetpack_memberships_contains_paywalled_content":false,"_jetpack_memberships_contains_paid_content":false,"footnotes":"","jetpack_publicize_message":"","jetpack_publicize_feature_enabled":true,"jetpack_social_post_already_shared":true,"jetpack_social_options":{"image_generator_settings":{"template":"highway","default_image_id":0,"font":"","enabled":false},"version":2}},"categories":[34,14],"tags":[28,29,17,19,20,21,23,31,32,33,737,26,27,65,42],"post_format":[13],"flags":[],"class_list":["post-5523","post","type-post","status-publish","format-video","has-post-thumbnail","hentry","category-region-centre","category-vierzon-et-ses-environs","tag-article-berry-republicain","tag-berry","tag-berry-good-vierzon","tag-berrygoodvierzon-fr","tag-bgv","tag-centre","tag-cher","tag-eve-elisabeth-martin","tag-httpswww-open-mag-net","tag-je-vierzon-positive","tag-predateurs-de-vierzon","tag-region-centre","tag-vierzon","tag-vierzonitude","tag-vierzonnais","post_format-post-format-video"],"yoast_head":"<!-- This site is optimized with the Yoast SEO plugin v26.8 - https:\/\/yoast.com\/product\/yoast-seo-wordpress\/ -->\n<title>Les Pr\u00e9dateurs de Vierzon: la rel\u00e8ve est d\u00e9j\u00e0 l\u00e0 et patinez jeunesse! - Berry Good News<\/title>\n<meta name=\"robots\" content=\"index, follow, max-snippet:-1, max-image-preview:large, max-video-preview:-1\" \/>\n<link rel=\"canonical\" href=\"https:\/\/berrygoodnews.fr\/index.php\/2018\/12\/02\/les-predateurs-de-vierzon-la-releve-est-prete\/\" \/>\n<meta property=\"og:locale\" content=\"fr_FR\" \/>\n<meta property=\"og:type\" content=\"article\" \/>\n<meta property=\"og:title\" content=\"Les Pr\u00e9dateurs de Vierzon: la rel\u00e8ve est d\u00e9j\u00e0 l\u00e0 et patinez jeunesse! - Berry Good News\" \/>\n<meta property=\"og:description\" content=\"De nombreux jeunes sont form\u00e9s au sein des pr\u00e9dateurs de Vierzon pour une nouvelle g\u00e9n\u00e9ration de \u00ab\u00a0Killers\u00a0\u00bb. Au fait victoire \u00e0 Tours contre les Apaches 5 \u00e0 6 (voir l&rsquo;article sur Vierzonitude) Voici les dates des prochaines comp\u00e9titions \u00e0 domicile: 15\/12\/2018\u00a0Vierzon \/ La Chapelle\u00a0 \u00a0 \u00a0 20h N1\u00a0 \u00a0 \u00a0 \u00a0 \u00a0 \u00a0 \u00a0 \u00a0 &hellip;\" \/>\n<meta property=\"og:url\" content=\"https:\/\/berrygoodnews.fr\/index.php\/2018\/12\/02\/les-predateurs-de-vierzon-la-releve-est-prete\/\" \/>\n<meta property=\"og:site_name\" content=\"Berry Good News\" \/>\n<meta property=\"article:publisher\" content=\"https:\/\/www.facebook.com\/berrygoodnews\/\" \/>\n<meta property=\"article:published_time\" content=\"2018-12-02T09:21:38+00:00\" \/>\n<meta name=\"author\" content=\"Berry Good News\" \/>\n<meta name=\"twitter:card\" content=\"summary_large_image\" \/>\n<meta name=\"twitter:label1\" content=\"\u00c9crit par\" \/>\n\t<meta name=\"twitter:data1\" content=\"Berry Good News\" \/>\n\t<meta name=\"twitter:label2\" content=\"Dur\u00e9e de lecture estim\u00e9e\" \/>\n\t<meta name=\"twitter:data2\" content=\"3 minutes\" \/>\n<script type=\"application\/ld+json\" class=\"yoast-schema-graph\">{\"@context\":\"https:\/\/schema.org\",\"@graph\":[{\"@type\":\"Article\",\"@id\":\"https:\/\/berrygoodnews.fr\/index.php\/2018\/12\/02\/les-predateurs-de-vierzon-la-releve-est-prete\/#article\",\"isPartOf\":{\"@id\":\"https:\/\/berrygoodnews.fr\/index.php\/2018\/12\/02\/les-predateurs-de-vierzon-la-releve-est-prete\/\"},\"author\":{\"name\":\"Berry Good News\",\"@id\":\"https:\/\/berrygoodnews.fr\/#\/schema\/person\/6dbdc03bea7806cc92376ffe2fcd047d\"},\"headline\":\"Les Pr\u00e9dateurs de Vierzon: la rel\u00e8ve est d\u00e9j\u00e0 l\u00e0 et patinez jeunesse!\",\"datePublished\":\"2018-12-02T09:21:38+00:00\",\"mainEntityOfPage\":{\"@id\":\"https:\/\/berrygoodnews.fr\/index.php\/2018\/12\/02\/les-predateurs-de-vierzon-la-releve-est-prete\/\"},\"wordCount\":588,\"commentCount\":0,\"publisher\":{\"@id\":\"https:\/\/berrygoodnews.fr\/#organization\"},\"image\":{\"@id\":\"https:\/\/berrygoodnews.fr\/index.php\/2018\/12\/02\/les-predateurs-de-vierzon-la-releve-est-prete\/#primaryimage\"},\"thumbnailUrl\":\"\",\"keywords\":[\"article berry republicain\",\"berry\",\"Berry Good Vierzon\",\"berrygoodvierzon.fr\",\"bgv\",\"centre\",\"Cher\",\"Eve- Elisabeth Martin\",\"https:\/\/www.open-mag.net\",\"Je Vierzon Positive\",\"Pr\u00e9dateurs de Vierzon\",\"region centre\",\"vierzon\",\"Vierzonitude\",\"vierzonnais\"],\"articleSection\":[\"R\u00e9gion Centre\",\"Vierzon et ses Environs\"],\"inLanguage\":\"fr-FR\",\"potentialAction\":[{\"@type\":\"CommentAction\",\"name\":\"Comment\",\"target\":[\"https:\/\/berrygoodnews.fr\/index.php\/2018\/12\/02\/les-predateurs-de-vierzon-la-releve-est-prete\/#respond\"]}]},{\"@type\":\"WebPage\",\"@id\":\"https:\/\/berrygoodnews.fr\/index.php\/2018\/12\/02\/les-predateurs-de-vierzon-la-releve-est-prete\/\",\"url\":\"https:\/\/berrygoodnews.fr\/index.php\/2018\/12\/02\/les-predateurs-de-vierzon-la-releve-est-prete\/\",\"name\":\"Les Pr\u00e9dateurs de Vierzon: la rel\u00e8ve est d\u00e9j\u00e0 l\u00e0 et patinez jeunesse! - Berry Good News\",\"isPartOf\":{\"@id\":\"https:\/\/berrygoodnews.fr\/#website\"},\"primaryImageOfPage\":{\"@id\":\"https:\/\/berrygoodnews.fr\/index.php\/2018\/12\/02\/les-predateurs-de-vierzon-la-releve-est-prete\/#primaryimage\"},\"image\":{\"@id\":\"https:\/\/berrygoodnews.fr\/index.php\/2018\/12\/02\/les-predateurs-de-vierzon-la-releve-est-prete\/#primaryimage\"},\"thumbnailUrl\":\"\",\"datePublished\":\"2018-12-02T09:21:38+00:00\",\"breadcrumb\":{\"@id\":\"https:\/\/berrygoodnews.fr\/index.php\/2018\/12\/02\/les-predateurs-de-vierzon-la-releve-est-prete\/#breadcrumb\"},\"inLanguage\":\"fr-FR\",\"potentialAction\":[{\"@type\":\"ReadAction\",\"target\":[\"https:\/\/berrygoodnews.fr\/index.php\/2018\/12\/02\/les-predateurs-de-vierzon-la-releve-est-prete\/\"]}]},{\"@type\":\"ImageObject\",\"inLanguage\":\"fr-FR\",\"@id\":\"https:\/\/berrygoodnews.fr\/index.php\/2018\/12\/02\/les-predateurs-de-vierzon-la-releve-est-prete\/#primaryimage\",\"url\":\"\",\"contentUrl\":\"\"},{\"@type\":\"BreadcrumbList\",\"@id\":\"https:\/\/berrygoodnews.fr\/index.php\/2018\/12\/02\/les-predateurs-de-vierzon-la-releve-est-prete\/#breadcrumb\",\"itemListElement\":[{\"@type\":\"ListItem\",\"position\":1,\"name\":\"Accueil\",\"item\":\"https:\/\/berrygoodnews.fr\/\"},{\"@type\":\"ListItem\",\"position\":2,\"name\":\"Les Pr\u00e9dateurs de Vierzon: la rel\u00e8ve est d\u00e9j\u00e0 l\u00e0 et patinez jeunesse!\"}]},{\"@type\":\"WebSite\",\"@id\":\"https:\/\/berrygoodnews.fr\/#website\",\"url\":\"https:\/\/berrygoodnews.fr\/\",\"name\":\"Berry Good News\",\"description\":\"Le Centre En Action\",\"publisher\":{\"@id\":\"https:\/\/berrygoodnews.fr\/#organization\"},\"potentialAction\":[{\"@type\":\"SearchAction\",\"target\":{\"@type\":\"EntryPoint\",\"urlTemplate\":\"https:\/\/berrygoodnews.fr\/?s={search_term_string}\"},\"query-input\":{\"@type\":\"PropertyValueSpecification\",\"valueRequired\":true,\"valueName\":\"search_term_string\"}}],\"inLanguage\":\"fr-FR\"},{\"@type\":\"Organization\",\"@id\":\"https:\/\/berrygoodnews.fr\/#organization\",\"name\":\"Berry Good News\",\"url\":\"https:\/\/berrygoodnews.fr\/\",\"logo\":{\"@type\":\"ImageObject\",\"inLanguage\":\"fr-FR\",\"@id\":\"https:\/\/berrygoodnews.fr\/#\/schema\/logo\/image\/\",\"url\":\"https:\/\/i0.wp.com\/berrygoodnews.fr\/wp-content\/uploads\/2023\/05\/LogoBGNCouleur.png?fit=318%2C181&ssl=1\",\"contentUrl\":\"https:\/\/i0.wp.com\/berrygoodnews.fr\/wp-content\/uploads\/2023\/05\/LogoBGNCouleur.png?fit=318%2C181&ssl=1\",\"width\":318,\"height\":181,\"caption\":\"Berry Good News\"},\"image\":{\"@id\":\"https:\/\/berrygoodnews.fr\/#\/schema\/logo\/image\/\"},\"sameAs\":[\"https:\/\/www.facebook.com\/berrygoodnews\/\",\"https:\/\/www.youtube.com\/channel\/UCdNcluXQMXIRcNvap69zaWg\"]},{\"@type\":\"Person\",\"@id\":\"https:\/\/berrygoodnews.fr\/#\/schema\/person\/6dbdc03bea7806cc92376ffe2fcd047d\",\"name\":\"Berry Good News\",\"image\":{\"@type\":\"ImageObject\",\"inLanguage\":\"fr-FR\",\"@id\":\"https:\/\/berrygoodnews.fr\/#\/schema\/person\/image\/\",\"url\":\"https:\/\/secure.gravatar.com\/avatar\/dc97e2c83b7805754cf833611fb0eaf80fd556a613a9819de1842868762ec883?s=96&d=mm&r=g\",\"contentUrl\":\"https:\/\/secure.gravatar.com\/avatar\/dc97e2c83b7805754cf833611fb0eaf80fd556a613a9819de1842868762ec883?s=96&d=mm&r=g\",\"caption\":\"Berry Good News\"},\"description\":\"Ex-parisienne, qui a choisi de s'installer il y a six ans \u00e0 Vierzon avec une activit\u00e9 de chambres d'h\u00f4tes. J'ai d\u00e9cid\u00e9 de montrer les bonnes initiatives. Je suis tr\u00e8s optimiste car on a beaucoup de talents ici. J'avais envie de changer la vision que certains ont sur la ville.\",\"url\":\"https:\/\/berrygoodnews.fr\/index.php\/author\/hv\/\"}]}<\/script>\n<!-- \/ Yoast SEO plugin. -->","yoast_head_json":{"title":"Les Pr\u00e9dateurs de Vierzon: la rel\u00e8ve est d\u00e9j\u00e0 l\u00e0 et patinez jeunesse! - Berry Good News","robots":{"index":"index","follow":"follow","max-snippet":"max-snippet:-1","max-image-preview":"max-image-preview:large","max-video-preview":"max-video-preview:-1"},"canonical":"https:\/\/berrygoodnews.fr\/index.php\/2018\/12\/02\/les-predateurs-de-vierzon-la-releve-est-prete\/","og_locale":"fr_FR","og_type":"article","og_title":"Les Pr\u00e9dateurs de Vierzon: la rel\u00e8ve est d\u00e9j\u00e0 l\u00e0 et patinez jeunesse! - Berry Good News","og_description":"De nombreux jeunes sont form\u00e9s au sein des pr\u00e9dateurs de Vierzon pour une nouvelle g\u00e9n\u00e9ration de \u00ab\u00a0Killers\u00a0\u00bb. Au fait victoire \u00e0 Tours contre les Apaches 5 \u00e0 6 (voir l&rsquo;article sur Vierzonitude) Voici les dates des prochaines comp\u00e9titions \u00e0 domicile: 15\/12\/2018\u00a0Vierzon \/ La Chapelle\u00a0 \u00a0 \u00a0 20h N1\u00a0 \u00a0 \u00a0 \u00a0 \u00a0 \u00a0 \u00a0 \u00a0 &hellip;","og_url":"https:\/\/berrygoodnews.fr\/index.php\/2018\/12\/02\/les-predateurs-de-vierzon-la-releve-est-prete\/","og_site_name":"Berry Good News","article_publisher":"https:\/\/www.facebook.com\/berrygoodnews\/","article_published_time":"2018-12-02T09:21:38+00:00","author":"Berry Good News","twitter_card":"summary_large_image","twitter_misc":{"\u00c9crit par":"Berry Good News","Dur\u00e9e de lecture estim\u00e9e":"3 minutes"},"schema":{"@context":"https:\/\/schema.org","@graph":[{"@type":"Article","@id":"https:\/\/berrygoodnews.fr\/index.php\/2018\/12\/02\/les-predateurs-de-vierzon-la-releve-est-prete\/#article","isPartOf":{"@id":"https:\/\/berrygoodnews.fr\/index.php\/2018\/12\/02\/les-predateurs-de-vierzon-la-releve-est-prete\/"},"author":{"name":"Berry Good News","@id":"https:\/\/berrygoodnews.fr\/#\/schema\/person\/6dbdc03bea7806cc92376ffe2fcd047d"},"headline":"Les Pr\u00e9dateurs de Vierzon: la rel\u00e8ve est d\u00e9j\u00e0 l\u00e0 et patinez jeunesse!","datePublished":"2018-12-02T09:21:38+00:00","mainEntityOfPage":{"@id":"https:\/\/berrygoodnews.fr\/index.php\/2018\/12\/02\/les-predateurs-de-vierzon-la-releve-est-prete\/"},"wordCount":588,"commentCount":0,"publisher":{"@id":"https:\/\/berrygoodnews.fr\/#organization"},"image":{"@id":"https:\/\/berrygoodnews.fr\/index.php\/2018\/12\/02\/les-predateurs-de-vierzon-la-releve-est-prete\/#primaryimage"},"thumbnailUrl":"","keywords":["article berry republicain","berry","Berry Good Vierzon","berrygoodvierzon.fr","bgv","centre","Cher","Eve- Elisabeth Martin","https:\/\/www.open-mag.net","Je Vierzon Positive","Pr\u00e9dateurs de Vierzon","region centre","vierzon","Vierzonitude","vierzonnais"],"articleSection":["R\u00e9gion Centre","Vierzon et ses Environs"],"inLanguage":"fr-FR","potentialAction":[{"@type":"CommentAction","name":"Comment","target":["https:\/\/berrygoodnews.fr\/index.php\/2018\/12\/02\/les-predateurs-de-vierzon-la-releve-est-prete\/#respond"]}]},{"@type":"WebPage","@id":"https:\/\/berrygoodnews.fr\/index.php\/2018\/12\/02\/les-predateurs-de-vierzon-la-releve-est-prete\/","url":"https:\/\/berrygoodnews.fr\/index.php\/2018\/12\/02\/les-predateurs-de-vierzon-la-releve-est-prete\/","name":"Les Pr\u00e9dateurs de Vierzon: la rel\u00e8ve est d\u00e9j\u00e0 l\u00e0 et patinez jeunesse! - Berry Good News","isPartOf":{"@id":"https:\/\/berrygoodnews.fr\/#website"},"primaryImageOfPage":{"@id":"https:\/\/berrygoodnews.fr\/index.php\/2018\/12\/02\/les-predateurs-de-vierzon-la-releve-est-prete\/#primaryimage"},"image":{"@id":"https:\/\/berrygoodnews.fr\/index.php\/2018\/12\/02\/les-predateurs-de-vierzon-la-releve-est-prete\/#primaryimage"},"thumbnailUrl":"","datePublished":"2018-12-02T09:21:38+00:00","breadcrumb":{"@id":"https:\/\/berrygoodnews.fr\/index.php\/2018\/12\/02\/les-predateurs-de-vierzon-la-releve-est-prete\/#breadcrumb"},"inLanguage":"fr-FR","potentialAction":[{"@type":"ReadAction","target":["https:\/\/berrygoodnews.fr\/index.php\/2018\/12\/02\/les-predateurs-de-vierzon-la-releve-est-prete\/"]}]},{"@type":"ImageObject","inLanguage":"fr-FR","@id":"https:\/\/berrygoodnews.fr\/index.php\/2018\/12\/02\/les-predateurs-de-vierzon-la-releve-est-prete\/#primaryimage","url":"","contentUrl":""},{"@type":"BreadcrumbList","@id":"https:\/\/berrygoodnews.fr\/index.php\/2018\/12\/02\/les-predateurs-de-vierzon-la-releve-est-prete\/#breadcrumb","itemListElement":[{"@type":"ListItem","position":1,"name":"Accueil","item":"https:\/\/berrygoodnews.fr\/"},{"@type":"ListItem","position":2,"name":"Les Pr\u00e9dateurs de Vierzon: la rel\u00e8ve est d\u00e9j\u00e0 l\u00e0 et patinez jeunesse!"}]},{"@type":"WebSite","@id":"https:\/\/berrygoodnews.fr\/#website","url":"https:\/\/berrygoodnews.fr\/","name":"Berry Good News","description":"Le Centre En Action","publisher":{"@id":"https:\/\/berrygoodnews.fr\/#organization"},"potentialAction":[{"@type":"SearchAction","target":{"@type":"EntryPoint","urlTemplate":"https:\/\/berrygoodnews.fr\/?s={search_term_string}"},"query-input":{"@type":"PropertyValueSpecification","valueRequired":true,"valueName":"search_term_string"}}],"inLanguage":"fr-FR"},{"@type":"Organization","@id":"https:\/\/berrygoodnews.fr\/#organization","name":"Berry Good News","url":"https:\/\/berrygoodnews.fr\/","logo":{"@type":"ImageObject","inLanguage":"fr-FR","@id":"https:\/\/berrygoodnews.fr\/#\/schema\/logo\/image\/","url":"https:\/\/i0.wp.com\/berrygoodnews.fr\/wp-content\/uploads\/2023\/05\/LogoBGNCouleur.png?fit=318%2C181&ssl=1","contentUrl":"https:\/\/i0.wp.com\/berrygoodnews.fr\/wp-content\/uploads\/2023\/05\/LogoBGNCouleur.png?fit=318%2C181&ssl=1","width":318,"height":181,"caption":"Berry Good News"},"image":{"@id":"https:\/\/berrygoodnews.fr\/#\/schema\/logo\/image\/"},"sameAs":["https:\/\/www.facebook.com\/berrygoodnews\/","https:\/\/www.youtube.com\/channel\/UCdNcluXQMXIRcNvap69zaWg"]},{"@type":"Person","@id":"https:\/\/berrygoodnews.fr\/#\/schema\/person\/6dbdc03bea7806cc92376ffe2fcd047d","name":"Berry Good News","image":{"@type":"ImageObject","inLanguage":"fr-FR","@id":"https:\/\/berrygoodnews.fr\/#\/schema\/person\/image\/","url":"https:\/\/secure.gravatar.com\/avatar\/dc97e2c83b7805754cf833611fb0eaf80fd556a613a9819de1842868762ec883?s=96&d=mm&r=g","contentUrl":"https:\/\/secure.gravatar.com\/avatar\/dc97e2c83b7805754cf833611fb0eaf80fd556a613a9819de1842868762ec883?s=96&d=mm&r=g","caption":"Berry Good News"},"description":"Ex-parisienne, qui a choisi de s'installer il y a six ans \u00e0 Vierzon avec une activit\u00e9 de chambres d'h\u00f4tes. J'ai d\u00e9cid\u00e9 de montrer les bonnes initiatives. Je suis tr\u00e8s optimiste car on a beaucoup de talents ici. J'avais envie de changer la vision que certains ont sur la ville.","url":"https:\/\/berrygoodnews.fr\/index.php\/author\/hv\/"}]}},"jetpack_publicize_connections":[],"jetpack_featured_media_url":"","jetpack_shortlink":"https:\/\/wp.me\/paGqD8-1r5","jetpack-related-posts":[],"jetpack_sharing_enabled":true,"_links":{"self":[{"href":"https:\/\/berrygoodnews.fr\/index.php\/wp-json\/wp\/v2\/posts\/5523","targetHints":{"allow":["GET"]}}],"collection":[{"href":"https:\/\/berrygoodnews.fr\/index.php\/wp-json\/wp\/v2\/posts"}],"about":[{"href":"https:\/\/berrygoodnews.fr\/index.php\/wp-json\/wp\/v2\/types\/post"}],"author":[{"embeddable":true,"href":"https:\/\/berrygoodnews.fr\/index.php\/wp-json\/wp\/v2\/users\/2"}],"replies":[{"embeddable":true,"href":"https:\/\/berrygoodnews.fr\/index.php\/wp-json\/wp\/v2\/comments?post=5523"}],"version-history":[{"count":0,"href":"https:\/\/berrygoodnews.fr\/index.php\/wp-json\/wp\/v2\/posts\/5523\/revisions"}],"wp:featuredmedia":[{"embeddable":true,"href":"https:\/\/berrygoodnews.fr\/index.php\/wp-json\/"}],"wp:attachment":[{"href":"https:\/\/berrygoodnews.fr\/index.php\/wp-json\/wp\/v2\/media?parent=5523"}],"wp:term":[{"taxonomy":"category","embeddable":true,"href":"https:\/\/berrygoodnews.fr\/index.php\/wp-json\/wp\/v2\/categories?post=5523"},{"taxonomy":"post_tag","embeddable":true,"href":"https:\/\/berrygoodnews.fr\/index.php\/wp-json\/wp\/v2\/tags?post=5523"},{"taxonomy":"post_format","embeddable":true,"href":"https:\/\/berrygoodnews.fr\/index.php\/wp-json\/wp\/v2\/post_format?post=5523"},{"taxonomy":"flags","embeddable":true,"href":"https:\/\/berrygoodnews.fr\/index.php\/wp-json\/wp\/v2\/flags?post=5523"}],"curies":[{"name":"wp","href":"https:\/\/api.w.org\/{rel}","templated":true}]}}