{"id":3374,"date":"2018-06-07T19:59:11","date_gmt":"2018-06-07T17:59:11","guid":{"rendered":"https:\/\/berrygoodvierzon.fr?p=3374"},"modified":"2018-06-07T19:59:11","modified_gmt":"2018-06-07T17:59:11","slug":"georges-folkwald-the-black-witches-a-la-maison-du-blues","status":"publish","type":"post","link":"https:\/\/berrygoodnews.fr\/index.php\/2018\/06\/07\/georges-folkwald-the-black-witches-a-la-maison-du-blues\/","title":{"rendered":"GEORGES FOLKWALD &#038; the Black Witches\u00a0\u00e0 la maison du Blues"},"content":{"rendered":"<div class=\"gE iv gt\"><\/div>\n<div id=\":lj\">\n<div class=\"utdU2e\"><img data-recalc-dims=\"1\" loading=\"lazy\" decoding=\"async\" class=\"alignnone size-full wp-image-3375\" src=\"https:\/\/i0.wp.com\/berrygoodnews.fr\/wp-content\/uploads\/2018\/06\/IMG_1328_DxO-533x500.jpg?resize=533%2C500\" alt='' width=\"533\" height=\"500\" \/><\/div>\n<div class=\"btm\"><\/div>\n<\/div>\n<div class=\"\">\n<div class=\"aHl\"><\/div>\n<div id=\":ly\" tabindex=\"-1\"><span style=\"text-transform: initial;\">Ce week-end :<\/span><\/div>\n<div id=\":ll\" class=\"ii gt adO\">\n<div id=\":lk\" class=\"a3s aXjCH \">\n<div dir=\"ltr\">\n<div class=\"gmail_default\">\n<div class=\"gmail_default\">\n<ul>\n<li><b>vendredi 8 juin : caf\u00e9 associatif de 17h30 \u00e0 23 H :<\/b><\/li>\n<\/ul>\n<\/div>\n<div class=\"gmail_default\">vous pourrez venir finir la semaine autour d&rsquo;un verre<\/div>\n<div class=\"gmail_default\">et pour ceux qui le souhaiteraient<\/div>\n<div class=\"gmail_default\"><b><i>visite du chantier afin de vous donner une id\u00e9e plus con<\/i>cr\u00e8te du projet<\/b><\/div>\n<div class=\"gmail_default\">nous pourrons ainsi \u00e9changer sur ce projet.<\/div>\n<div class=\"gmail_default\"><\/div>\n<div class=\"gmail_default\">\n<ul>\n<li><b>samedi \u00e0 21h concert unique avec :<\/b><\/li>\n<\/ul>\n<\/div>\n<div class=\"gmail_default\"><span style=\"font-size: large;\"><b><span lang=\"EN-US\">GEORGES FOLKWALD &amp; the Black Witches\u00a0<\/span><\/b><b><span lang=\"EN-US\">(FR)<\/span><\/b><\/span><\/div>\n<div class=\"gmail_default\"><span style=\"font-size: large;\"><b><span lang=\"EN-US\">un trio dynamique qui vous proposera beaucoup de compositions originales !<\/span><\/b><\/span><\/div>\n<\/div>\n<\/div>\n<div>\n<div class=\"gmail_default\"><span style=\"font-size: large;\"><span style=\"font-size: small;\">ouverture des portes \u00e0 19h30 pour la petite restauration\u00a0<\/span><br \/>\n<\/span><\/div>\n<div><\/div>\n<div class=\"gmail_default\"><b><span style=\"font-size: small;\">Renseignements et r\u00e9servations :<\/span><\/b><\/div>\n<div class=\"gmail_default\"><span style=\"font-size: small;\">06.24.77.71.58<br \/>\n<\/span><\/div>\n<div class=\"gmail_default\"><span style=\"font-size: large;\"><span style=\"font-size: small;\">Ou par mail :\u00a0<a href=\"mailto:lamaisondubles@gmail.com\" target=\"_blank\" rel=\"noopener\">lamaisondubles@gmail.com<\/a><\/span><br \/>\n<\/span><\/div>\n<div class=\"gmail_default\"><span style=\"font-size: large;\"><span style=\"font-size: small;\">si vous le pouvez, indiquer nous si vous souhaitez vous restaurer.<\/span><\/span><\/div>\n<div><img data-recalc-dims=\"1\" loading=\"lazy\" decoding=\"async\" class=\"alignnone  wp-image-3376\" src=\"https:\/\/i0.wp.com\/berrygoodnews.fr\/wp-content\/uploads\/2018\/06\/maxresdefault-1024x576.jpg?resize=421%2C237\" alt='' width=\"421\" height=\"237\" \/><\/div>\n<\/div>\n<div dir=\"ltr\">\n<div class=\"gmail_default\">\n<div><img data-recalc-dims=\"1\" loading=\"lazy\" decoding=\"async\" class=\"alignnone size-large wp-image-3380\" src=\"https:\/\/i0.wp.com\/berrygoodnews.fr\/wp-content\/uploads\/2018\/06\/0002-2-724x1024.jpg?resize=724%2C1024\" alt='' width=\"724\" height=\"1024\" \/><\/div>\n<div class=\"gmail_default\"><\/div>\n<\/div>\n<\/div>\n<\/div>\n<\/div>\n<\/div>\n","protected":false},"excerpt":{"rendered":"<p>Ce week-end : vendredi 8 juin : caf\u00e9 associatif de 17h30 \u00e0 23 H : vous pourrez venir finir la semaine autour d&rsquo;un verre et pour ceux qui le souhaiteraient visite du chantier afin de vous donner une id\u00e9e plus concr\u00e8te du projet nous pourrons ainsi \u00e9changer sur ce projet. samedi \u00e0 21h concert unique &hellip;<\/p>\n","protected":false},"author":2,"featured_media":3379,"comment_status":"open","ping_status":"open","sticky":false,"template":"","format":"standard","meta":{"jetpack_post_was_ever_published":false,"_jetpack_newsletter_access":"","_jetpack_dont_email_post_to_subs":false,"_jetpack_newsletter_tier_id":0,"_jetpack_memberships_contains_paywalled_content":false,"_jetpack_memberships_contains_paid_content":false,"footnotes":"","jetpack_publicize_message":"","jetpack_publicize_feature_enabled":true,"jetpack_social_post_already_shared":false,"jetpack_social_options":{"image_generator_settings":{"template":"highway","default_image_id":0,"font":"","enabled":false},"version":2}},"categories":[14],"tags":[28,29,17,18,19,20,22,438,31,575,32,33,409,26,576,27,65,42,44],"post_format":[],"flags":[],"class_list":["post-3374","post","type-post","status-publish","format-standard","has-post-thumbnail","hentry","category-vierzon-et-ses-environs","tag-article-berry-republicain","tag-berry","tag-berry-good-vierzon","tag-berry-republicain","tag-berrygoodvierzon-fr","tag-bgv","tag-changer","tag-chatres-sur-cher","tag-eve-elisabeth-martin","tag-georges-folkwald","tag-httpswww-open-mag-net","tag-je-vierzon-positive","tag-la-maison-du-blues","tag-region-centre","tag-the-black-witches","tag-vierzon","tag-vierzonitude","tag-vierzonnais","tag-youtube"],"yoast_head":"<!-- This site is optimized with the Yoast SEO plugin v26.8 - https:\/\/yoast.com\/product\/yoast-seo-wordpress\/ -->\n<title>GEORGES FOLKWALD &amp; the Black Witches\u00a0\u00e0 la maison du Blues - Berry Good News<\/title>\n<meta name=\"robots\" content=\"index, follow, max-snippet:-1, max-image-preview:large, max-video-preview:-1\" \/>\n<link rel=\"canonical\" href=\"https:\/\/berrygoodnews.fr\/index.php\/2018\/06\/07\/georges-folkwald-the-black-witches-a-la-maison-du-blues\/\" \/>\n<meta property=\"og:locale\" content=\"fr_FR\" \/>\n<meta property=\"og:type\" content=\"article\" \/>\n<meta property=\"og:title\" content=\"GEORGES FOLKWALD &amp; the Black Witches\u00a0\u00e0 la maison du Blues - Berry Good News\" \/>\n<meta property=\"og:description\" content=\"Ce week-end : vendredi 8 juin : caf\u00e9 associatif de 17h30 \u00e0 23 H : vous pourrez venir finir la semaine autour d&rsquo;un verre et pour ceux qui le souhaiteraient visite du chantier afin de vous donner une id\u00e9e plus concr\u00e8te du projet nous pourrons ainsi \u00e9changer sur ce projet. samedi \u00e0 21h concert unique &hellip;\" \/>\n<meta property=\"og:url\" content=\"https:\/\/berrygoodnews.fr\/index.php\/2018\/06\/07\/georges-folkwald-the-black-witches-a-la-maison-du-blues\/\" \/>\n<meta property=\"og:site_name\" content=\"Berry Good News\" \/>\n<meta property=\"article:publisher\" content=\"https:\/\/www.facebook.com\/berrygoodnews\/\" \/>\n<meta property=\"article:published_time\" content=\"2018-06-07T17:59:11+00:00\" \/>\n<meta property=\"og:image\" content=\"https:\/\/i0.wp.com\/berrygoodnews.fr\/wp-content\/uploads\/2018\/06\/0001-5.jpg?fit=2481%2C3508&ssl=1\" \/>\n\t<meta property=\"og:image:width\" content=\"2481\" \/>\n\t<meta property=\"og:image:height\" content=\"3508\" \/>\n\t<meta property=\"og:image:type\" content=\"image\/jpeg\" \/>\n<meta name=\"author\" content=\"Berry Good News\" \/>\n<meta name=\"twitter:card\" content=\"summary_large_image\" \/>\n<meta name=\"twitter:label1\" content=\"\u00c9crit par\" \/>\n\t<meta name=\"twitter:data1\" content=\"Berry Good News\" \/>\n<script type=\"application\/ld+json\" class=\"yoast-schema-graph\">{\"@context\":\"https:\/\/schema.org\",\"@graph\":[{\"@type\":\"Article\",\"@id\":\"https:\/\/berrygoodnews.fr\/index.php\/2018\/06\/07\/georges-folkwald-the-black-witches-a-la-maison-du-blues\/#article\",\"isPartOf\":{\"@id\":\"https:\/\/berrygoodnews.fr\/index.php\/2018\/06\/07\/georges-folkwald-the-black-witches-a-la-maison-du-blues\/\"},\"author\":{\"name\":\"Berry Good News\",\"@id\":\"https:\/\/berrygoodnews.fr\/#\/schema\/person\/6dbdc03bea7806cc92376ffe2fcd047d\"},\"headline\":\"GEORGES FOLKWALD &#038; the Black Witches\u00a0\u00e0 la maison du Blues\",\"datePublished\":\"2018-06-07T17:59:11+00:00\",\"mainEntityOfPage\":{\"@id\":\"https:\/\/berrygoodnews.fr\/index.php\/2018\/06\/07\/georges-folkwald-the-black-witches-a-la-maison-du-blues\/\"},\"wordCount\":107,\"commentCount\":0,\"publisher\":{\"@id\":\"https:\/\/berrygoodnews.fr\/#organization\"},\"image\":{\"@id\":\"https:\/\/berrygoodnews.fr\/index.php\/2018\/06\/07\/georges-folkwald-the-black-witches-a-la-maison-du-blues\/#primaryimage\"},\"thumbnailUrl\":\"https:\/\/i0.wp.com\/berrygoodnews.fr\/wp-content\/uploads\/2018\/06\/0001-5.jpg?fit=2481%2C3508&ssl=1\",\"keywords\":[\"article berry republicain\",\"berry\",\"Berry Good Vierzon\",\"berry republicain\",\"berrygoodvierzon.fr\",\"bgv\",\"changer\",\"Ch\u00e2tres sur Cher\",\"Eve- Elisabeth Martin\",\"GEORGES FOLKWALD\",\"https:\/\/www.open-mag.net\",\"Je Vierzon Positive\",\"la\u00a0Maison du Blues\",\"region centre\",\"the Black Witches\",\"vierzon\",\"Vierzonitude\",\"vierzonnais\",\"youtube\"],\"articleSection\":[\"Vierzon et ses Environs\"],\"inLanguage\":\"fr-FR\",\"potentialAction\":[{\"@type\":\"CommentAction\",\"name\":\"Comment\",\"target\":[\"https:\/\/berrygoodnews.fr\/index.php\/2018\/06\/07\/georges-folkwald-the-black-witches-a-la-maison-du-blues\/#respond\"]}]},{\"@type\":\"WebPage\",\"@id\":\"https:\/\/berrygoodnews.fr\/index.php\/2018\/06\/07\/georges-folkwald-the-black-witches-a-la-maison-du-blues\/\",\"url\":\"https:\/\/berrygoodnews.fr\/index.php\/2018\/06\/07\/georges-folkwald-the-black-witches-a-la-maison-du-blues\/\",\"name\":\"GEORGES FOLKWALD & the Black Witches\u00a0\u00e0 la maison du Blues - Berry Good News\",\"isPartOf\":{\"@id\":\"https:\/\/berrygoodnews.fr\/#website\"},\"primaryImageOfPage\":{\"@id\":\"https:\/\/berrygoodnews.fr\/index.php\/2018\/06\/07\/georges-folkwald-the-black-witches-a-la-maison-du-blues\/#primaryimage\"},\"image\":{\"@id\":\"https:\/\/berrygoodnews.fr\/index.php\/2018\/06\/07\/georges-folkwald-the-black-witches-a-la-maison-du-blues\/#primaryimage\"},\"thumbnailUrl\":\"https:\/\/i0.wp.com\/berrygoodnews.fr\/wp-content\/uploads\/2018\/06\/0001-5.jpg?fit=2481%2C3508&ssl=1\",\"datePublished\":\"2018-06-07T17:59:11+00:00\",\"breadcrumb\":{\"@id\":\"https:\/\/berrygoodnews.fr\/index.php\/2018\/06\/07\/georges-folkwald-the-black-witches-a-la-maison-du-blues\/#breadcrumb\"},\"inLanguage\":\"fr-FR\",\"potentialAction\":[{\"@type\":\"ReadAction\",\"target\":[\"https:\/\/berrygoodnews.fr\/index.php\/2018\/06\/07\/georges-folkwald-the-black-witches-a-la-maison-du-blues\/\"]}]},{\"@type\":\"ImageObject\",\"inLanguage\":\"fr-FR\",\"@id\":\"https:\/\/berrygoodnews.fr\/index.php\/2018\/06\/07\/georges-folkwald-the-black-witches-a-la-maison-du-blues\/#primaryimage\",\"url\":\"https:\/\/i0.wp.com\/berrygoodnews.fr\/wp-content\/uploads\/2018\/06\/0001-5.jpg?fit=2481%2C3508&ssl=1\",\"contentUrl\":\"https:\/\/i0.wp.com\/berrygoodnews.fr\/wp-content\/uploads\/2018\/06\/0001-5.jpg?fit=2481%2C3508&ssl=1\",\"width\":2481,\"height\":3508},{\"@type\":\"BreadcrumbList\",\"@id\":\"https:\/\/berrygoodnews.fr\/index.php\/2018\/06\/07\/georges-folkwald-the-black-witches-a-la-maison-du-blues\/#breadcrumb\",\"itemListElement\":[{\"@type\":\"ListItem\",\"position\":1,\"name\":\"Accueil\",\"item\":\"https:\/\/berrygoodnews.fr\/\"},{\"@type\":\"ListItem\",\"position\":2,\"name\":\"GEORGES FOLKWALD &#038; the Black Witches\u00a0\u00e0 la maison du Blues\"}]},{\"@type\":\"WebSite\",\"@id\":\"https:\/\/berrygoodnews.fr\/#website\",\"url\":\"https:\/\/berrygoodnews.fr\/\",\"name\":\"Berry Good News\",\"description\":\"Le Centre En Action\",\"publisher\":{\"@id\":\"https:\/\/berrygoodnews.fr\/#organization\"},\"potentialAction\":[{\"@type\":\"SearchAction\",\"target\":{\"@type\":\"EntryPoint\",\"urlTemplate\":\"https:\/\/berrygoodnews.fr\/?s={search_term_string}\"},\"query-input\":{\"@type\":\"PropertyValueSpecification\",\"valueRequired\":true,\"valueName\":\"search_term_string\"}}],\"inLanguage\":\"fr-FR\"},{\"@type\":\"Organization\",\"@id\":\"https:\/\/berrygoodnews.fr\/#organization\",\"name\":\"Berry Good News\",\"url\":\"https:\/\/berrygoodnews.fr\/\",\"logo\":{\"@type\":\"ImageObject\",\"inLanguage\":\"fr-FR\",\"@id\":\"https:\/\/berrygoodnews.fr\/#\/schema\/logo\/image\/\",\"url\":\"https:\/\/i0.wp.com\/berrygoodnews.fr\/wp-content\/uploads\/2023\/05\/LogoBGNCouleur.png?fit=318%2C181&ssl=1\",\"contentUrl\":\"https:\/\/i0.wp.com\/berrygoodnews.fr\/wp-content\/uploads\/2023\/05\/LogoBGNCouleur.png?fit=318%2C181&ssl=1\",\"width\":318,\"height\":181,\"caption\":\"Berry Good News\"},\"image\":{\"@id\":\"https:\/\/berrygoodnews.fr\/#\/schema\/logo\/image\/\"},\"sameAs\":[\"https:\/\/www.facebook.com\/berrygoodnews\/\",\"https:\/\/www.youtube.com\/channel\/UCdNcluXQMXIRcNvap69zaWg\"]},{\"@type\":\"Person\",\"@id\":\"https:\/\/berrygoodnews.fr\/#\/schema\/person\/6dbdc03bea7806cc92376ffe2fcd047d\",\"name\":\"Berry Good News\",\"image\":{\"@type\":\"ImageObject\",\"inLanguage\":\"fr-FR\",\"@id\":\"https:\/\/berrygoodnews.fr\/#\/schema\/person\/image\/\",\"url\":\"https:\/\/secure.gravatar.com\/avatar\/dc97e2c83b7805754cf833611fb0eaf80fd556a613a9819de1842868762ec883?s=96&d=mm&r=g\",\"contentUrl\":\"https:\/\/secure.gravatar.com\/avatar\/dc97e2c83b7805754cf833611fb0eaf80fd556a613a9819de1842868762ec883?s=96&d=mm&r=g\",\"caption\":\"Berry Good News\"},\"description\":\"Ex-parisienne, qui a choisi de s'installer il y a six ans \u00e0 Vierzon avec une activit\u00e9 de chambres d'h\u00f4tes. J'ai d\u00e9cid\u00e9 de montrer les bonnes initiatives. Je suis tr\u00e8s optimiste car on a beaucoup de talents ici. J'avais envie de changer la vision que certains ont sur la ville.\",\"url\":\"https:\/\/berrygoodnews.fr\/index.php\/author\/hv\/\"}]}<\/script>\n<!-- \/ Yoast SEO plugin. -->","yoast_head_json":{"title":"GEORGES FOLKWALD & the Black Witches\u00a0\u00e0 la maison du Blues - Berry Good News","robots":{"index":"index","follow":"follow","max-snippet":"max-snippet:-1","max-image-preview":"max-image-preview:large","max-video-preview":"max-video-preview:-1"},"canonical":"https:\/\/berrygoodnews.fr\/index.php\/2018\/06\/07\/georges-folkwald-the-black-witches-a-la-maison-du-blues\/","og_locale":"fr_FR","og_type":"article","og_title":"GEORGES FOLKWALD & the Black Witches\u00a0\u00e0 la maison du Blues - Berry Good News","og_description":"Ce week-end : vendredi 8 juin : caf\u00e9 associatif de 17h30 \u00e0 23 H : vous pourrez venir finir la semaine autour d&rsquo;un verre et pour ceux qui le souhaiteraient visite du chantier afin de vous donner une id\u00e9e plus concr\u00e8te du projet nous pourrons ainsi \u00e9changer sur ce projet. samedi \u00e0 21h concert unique &hellip;","og_url":"https:\/\/berrygoodnews.fr\/index.php\/2018\/06\/07\/georges-folkwald-the-black-witches-a-la-maison-du-blues\/","og_site_name":"Berry Good News","article_publisher":"https:\/\/www.facebook.com\/berrygoodnews\/","article_published_time":"2018-06-07T17:59:11+00:00","og_image":[{"width":2481,"height":3508,"url":"https:\/\/i0.wp.com\/berrygoodnews.fr\/wp-content\/uploads\/2018\/06\/0001-5.jpg?fit=2481%2C3508&ssl=1","type":"image\/jpeg"}],"author":"Berry Good News","twitter_card":"summary_large_image","twitter_misc":{"\u00c9crit par":"Berry Good News"},"schema":{"@context":"https:\/\/schema.org","@graph":[{"@type":"Article","@id":"https:\/\/berrygoodnews.fr\/index.php\/2018\/06\/07\/georges-folkwald-the-black-witches-a-la-maison-du-blues\/#article","isPartOf":{"@id":"https:\/\/berrygoodnews.fr\/index.php\/2018\/06\/07\/georges-folkwald-the-black-witches-a-la-maison-du-blues\/"},"author":{"name":"Berry Good News","@id":"https:\/\/berrygoodnews.fr\/#\/schema\/person\/6dbdc03bea7806cc92376ffe2fcd047d"},"headline":"GEORGES FOLKWALD &#038; the Black Witches\u00a0\u00e0 la maison du Blues","datePublished":"2018-06-07T17:59:11+00:00","mainEntityOfPage":{"@id":"https:\/\/berrygoodnews.fr\/index.php\/2018\/06\/07\/georges-folkwald-the-black-witches-a-la-maison-du-blues\/"},"wordCount":107,"commentCount":0,"publisher":{"@id":"https:\/\/berrygoodnews.fr\/#organization"},"image":{"@id":"https:\/\/berrygoodnews.fr\/index.php\/2018\/06\/07\/georges-folkwald-the-black-witches-a-la-maison-du-blues\/#primaryimage"},"thumbnailUrl":"https:\/\/i0.wp.com\/berrygoodnews.fr\/wp-content\/uploads\/2018\/06\/0001-5.jpg?fit=2481%2C3508&ssl=1","keywords":["article berry republicain","berry","Berry Good Vierzon","berry republicain","berrygoodvierzon.fr","bgv","changer","Ch\u00e2tres sur Cher","Eve- Elisabeth Martin","GEORGES FOLKWALD","https:\/\/www.open-mag.net","Je Vierzon Positive","la\u00a0Maison du Blues","region centre","the Black Witches","vierzon","Vierzonitude","vierzonnais","youtube"],"articleSection":["Vierzon et ses Environs"],"inLanguage":"fr-FR","potentialAction":[{"@type":"CommentAction","name":"Comment","target":["https:\/\/berrygoodnews.fr\/index.php\/2018\/06\/07\/georges-folkwald-the-black-witches-a-la-maison-du-blues\/#respond"]}]},{"@type":"WebPage","@id":"https:\/\/berrygoodnews.fr\/index.php\/2018\/06\/07\/georges-folkwald-the-black-witches-a-la-maison-du-blues\/","url":"https:\/\/berrygoodnews.fr\/index.php\/2018\/06\/07\/georges-folkwald-the-black-witches-a-la-maison-du-blues\/","name":"GEORGES FOLKWALD & the Black Witches\u00a0\u00e0 la maison du Blues - Berry Good News","isPartOf":{"@id":"https:\/\/berrygoodnews.fr\/#website"},"primaryImageOfPage":{"@id":"https:\/\/berrygoodnews.fr\/index.php\/2018\/06\/07\/georges-folkwald-the-black-witches-a-la-maison-du-blues\/#primaryimage"},"image":{"@id":"https:\/\/berrygoodnews.fr\/index.php\/2018\/06\/07\/georges-folkwald-the-black-witches-a-la-maison-du-blues\/#primaryimage"},"thumbnailUrl":"https:\/\/i0.wp.com\/berrygoodnews.fr\/wp-content\/uploads\/2018\/06\/0001-5.jpg?fit=2481%2C3508&ssl=1","datePublished":"2018-06-07T17:59:11+00:00","breadcrumb":{"@id":"https:\/\/berrygoodnews.fr\/index.php\/2018\/06\/07\/georges-folkwald-the-black-witches-a-la-maison-du-blues\/#breadcrumb"},"inLanguage":"fr-FR","potentialAction":[{"@type":"ReadAction","target":["https:\/\/berrygoodnews.fr\/index.php\/2018\/06\/07\/georges-folkwald-the-black-witches-a-la-maison-du-blues\/"]}]},{"@type":"ImageObject","inLanguage":"fr-FR","@id":"https:\/\/berrygoodnews.fr\/index.php\/2018\/06\/07\/georges-folkwald-the-black-witches-a-la-maison-du-blues\/#primaryimage","url":"https:\/\/i0.wp.com\/berrygoodnews.fr\/wp-content\/uploads\/2018\/06\/0001-5.jpg?fit=2481%2C3508&ssl=1","contentUrl":"https:\/\/i0.wp.com\/berrygoodnews.fr\/wp-content\/uploads\/2018\/06\/0001-5.jpg?fit=2481%2C3508&ssl=1","width":2481,"height":3508},{"@type":"BreadcrumbList","@id":"https:\/\/berrygoodnews.fr\/index.php\/2018\/06\/07\/georges-folkwald-the-black-witches-a-la-maison-du-blues\/#breadcrumb","itemListElement":[{"@type":"ListItem","position":1,"name":"Accueil","item":"https:\/\/berrygoodnews.fr\/"},{"@type":"ListItem","position":2,"name":"GEORGES FOLKWALD &#038; the Black Witches\u00a0\u00e0 la maison du Blues"}]},{"@type":"WebSite","@id":"https:\/\/berrygoodnews.fr\/#website","url":"https:\/\/berrygoodnews.fr\/","name":"Berry Good News","description":"Le Centre En Action","publisher":{"@id":"https:\/\/berrygoodnews.fr\/#organization"},"potentialAction":[{"@type":"SearchAction","target":{"@type":"EntryPoint","urlTemplate":"https:\/\/berrygoodnews.fr\/?s={search_term_string}"},"query-input":{"@type":"PropertyValueSpecification","valueRequired":true,"valueName":"search_term_string"}}],"inLanguage":"fr-FR"},{"@type":"Organization","@id":"https:\/\/berrygoodnews.fr\/#organization","name":"Berry Good News","url":"https:\/\/berrygoodnews.fr\/","logo":{"@type":"ImageObject","inLanguage":"fr-FR","@id":"https:\/\/berrygoodnews.fr\/#\/schema\/logo\/image\/","url":"https:\/\/i0.wp.com\/berrygoodnews.fr\/wp-content\/uploads\/2023\/05\/LogoBGNCouleur.png?fit=318%2C181&ssl=1","contentUrl":"https:\/\/i0.wp.com\/berrygoodnews.fr\/wp-content\/uploads\/2023\/05\/LogoBGNCouleur.png?fit=318%2C181&ssl=1","width":318,"height":181,"caption":"Berry Good News"},"image":{"@id":"https:\/\/berrygoodnews.fr\/#\/schema\/logo\/image\/"},"sameAs":["https:\/\/www.facebook.com\/berrygoodnews\/","https:\/\/www.youtube.com\/channel\/UCdNcluXQMXIRcNvap69zaWg"]},{"@type":"Person","@id":"https:\/\/berrygoodnews.fr\/#\/schema\/person\/6dbdc03bea7806cc92376ffe2fcd047d","name":"Berry Good News","image":{"@type":"ImageObject","inLanguage":"fr-FR","@id":"https:\/\/berrygoodnews.fr\/#\/schema\/person\/image\/","url":"https:\/\/secure.gravatar.com\/avatar\/dc97e2c83b7805754cf833611fb0eaf80fd556a613a9819de1842868762ec883?s=96&d=mm&r=g","contentUrl":"https:\/\/secure.gravatar.com\/avatar\/dc97e2c83b7805754cf833611fb0eaf80fd556a613a9819de1842868762ec883?s=96&d=mm&r=g","caption":"Berry Good News"},"description":"Ex-parisienne, qui a choisi de s'installer il y a six ans \u00e0 Vierzon avec une activit\u00e9 de chambres d'h\u00f4tes. J'ai d\u00e9cid\u00e9 de montrer les bonnes initiatives. Je suis tr\u00e8s optimiste car on a beaucoup de talents ici. J'avais envie de changer la vision que certains ont sur la ville.","url":"https:\/\/berrygoodnews.fr\/index.php\/author\/hv\/"}]}},"jetpack_publicize_connections":[],"jetpack_featured_media_url":"https:\/\/i0.wp.com\/berrygoodnews.fr\/wp-content\/uploads\/2018\/06\/0001-5.jpg?fit=2481%2C3508&ssl=1","jetpack_shortlink":"https:\/\/wp.me\/paGqD8-Sq","jetpack-related-posts":[],"jetpack_sharing_enabled":true,"_links":{"self":[{"href":"https:\/\/berrygoodnews.fr\/index.php\/wp-json\/wp\/v2\/posts\/3374","targetHints":{"allow":["GET"]}}],"collection":[{"href":"https:\/\/berrygoodnews.fr\/index.php\/wp-json\/wp\/v2\/posts"}],"about":[{"href":"https:\/\/berrygoodnews.fr\/index.php\/wp-json\/wp\/v2\/types\/post"}],"author":[{"embeddable":true,"href":"https:\/\/berrygoodnews.fr\/index.php\/wp-json\/wp\/v2\/users\/2"}],"replies":[{"embeddable":true,"href":"https:\/\/berrygoodnews.fr\/index.php\/wp-json\/wp\/v2\/comments?post=3374"}],"version-history":[{"count":0,"href":"https:\/\/berrygoodnews.fr\/index.php\/wp-json\/wp\/v2\/posts\/3374\/revisions"}],"wp:featuredmedia":[{"embeddable":true,"href":"https:\/\/berrygoodnews.fr\/index.php\/wp-json\/wp\/v2\/media\/3379"}],"wp:attachment":[{"href":"https:\/\/berrygoodnews.fr\/index.php\/wp-json\/wp\/v2\/media?parent=3374"}],"wp:term":[{"taxonomy":"category","embeddable":true,"href":"https:\/\/berrygoodnews.fr\/index.php\/wp-json\/wp\/v2\/categories?post=3374"},{"taxonomy":"post_tag","embeddable":true,"href":"https:\/\/berrygoodnews.fr\/index.php\/wp-json\/wp\/v2\/tags?post=3374"},{"taxonomy":"post_format","embeddable":true,"href":"https:\/\/berrygoodnews.fr\/index.php\/wp-json\/wp\/v2\/post_format?post=3374"},{"taxonomy":"flags","embeddable":true,"href":"https:\/\/berrygoodnews.fr\/index.php\/wp-json\/wp\/v2\/flags?post=3374"}],"curies":[{"name":"wp","href":"https:\/\/api.w.org\/{rel}","templated":true}]}}