{"id":3066,"date":"2018-04-15T17:53:46","date_gmt":"2018-04-15T15:53:46","guid":{"rendered":"https:\/\/berrygoodvierzon.fr?p=3066"},"modified":"2018-04-15T17:53:46","modified_gmt":"2018-04-15T15:53:46","slug":"maison-de-la-presse-de-vierzon","status":"publish","type":"post","link":"https:\/\/berrygoodnews.fr\/index.php\/2018\/04\/15\/maison-de-la-presse-de-vierzon\/","title":{"rendered":"Maison de la presse de Vierzon, 2\u00e8me journ\u00e9e de soutien"},"content":{"rendered":"<h2><strong>Une deuxi\u00e8me journ\u00e9e exceptionnelle de soutien \u00e0 la Maison de la presse de Vierzon<\/strong><\/h2>\n<p><strong><span style=\"color: #ff00ff;\">JETEZ UN COUP D\u2019\u0152IL A CETTE VID\u00c9O<\/span><\/strong><\/p>\n<p><iframe loading=\"lazy\" width=\"850\" height=\"478\" src=\"https:\/\/www.youtube.com\/embed\/SE4W7Ag9b5U?feature=oembed\" frameborder=\"0\" allow=\"accelerometer; autoplay; encrypted-media; gyroscope; picture-in-picture\" allowfullscreen><\/iframe><\/p>\n<p>Il y a 460 noms.<\/p>\n<p>Pour faire partie du comit\u00e9 de soutien c&rsquo;est simple : envoyez un mail avec votre nom, pr\u00e9nom, \u00e9ventuellement profession, \u00e0<br \/>\nsoutienmaisondelapresse@gma<span style=\"text-transform: initial;\">il.com<\/span><span style=\"text-transform: initial;\">\u00a0en pr\u00e9cisant vouloir faire partie du comit\u00e9.<\/span><img data-recalc-dims=\"1\" loading=\"lazy\" decoding=\"async\" class=\"wp-image-3069 aligncenter\" style=\"text-transform: initial;\" src=\"https:\/\/i0.wp.com\/berrygoodnews.fr\/wp-content\/uploads\/2018\/04\/IMG_8233-1024x768.jpg?resize=390%2C292\" alt='' width=\"390\" height=\"292\" \/><\/p>\n<ul>\n<li>Laurent Menard, cadre informatique;<\/li>\n<li>St\u00e9phane Mousset, Alt\u00e9rim Travail Temporaire;<\/li>\n<li>Jean-Luc Vallet, chef d&rsquo;entreprise;<\/li>\n<li>Annie Vigier, chef d&rsquo;entreprise retrait\u00e9e;<\/li>\n<li>Gilles Magr\u00e9au, chevalier des arts et des lettres;<\/li>\n<li>Olivier Raoul, Caf\u00e9 du th\u00e9\u00e2tre;<\/li>\n<li>Jean-Fran\u00e7ois Jacq, auteur;<\/li>\n<li>Jean-Pierre Caligari, ancien libraire;<\/li>\n<li>Andr\u00e9e Brin, ancienne libraire;<\/li>\n<li>R\u00e9my Beurion, journaliste;<\/li>\n<li>Anne Beurion, assistante administrative;<\/li>\n<li>Eva Beurion, coll\u00e9gienne;<\/li>\n<li>Simon Beurion, \u00e9tudiant, ex-employ\u00e9 \u00e0 la Maison de la presse;<\/li>\n<li>Gilles Boizeau, \u00e9diteur;<\/li>\n<li>Christophe Matho, \u00e9diteur;<\/li>\n<li>Jean Tatin, Vins AOC Quincy et AOC Reuilly;<\/li>\n<li>Eddie Ringenbache, National Palace;<\/li>\n<li>C\u00e9line Andrejewski, orthophoniste, Vierzon;<\/li>\n<li>Marcel Lamy;<\/li>\n<li>Micheline Marchon;<\/li>\n<li>Jean-Marie Favi\u00e8re, retrait\u00e9 Education nationale;<\/li>\n<li>Jean-Marc Duguet, chef d&rsquo;entreprise Socatrap, vice-pr\u00e9sident de la communaut\u00e9 de communes Vierzon-Sologne-Berry;<\/li>\n<li>Franck Rolland;<\/li>\n<li>Agn\u00e8s Reine, Etalagiste D\u00e9coratrice, Fo\u00ebcy;<\/li>\n<li>Michel Renzetti;<\/li>\n<li>Pascal Vaugelade;<img data-recalc-dims=\"1\" loading=\"lazy\" decoding=\"async\" class=\"wp-image-3083 aligncenter\" src=\"https:\/\/i0.wp.com\/berrygoodnews.fr\/wp-content\/uploads\/2018\/04\/IMG_8250-1024x768.jpg?resize=460%2C345\" alt='' width=\"460\" height=\"345\" \/><\/li>\n<li>Jean-Paul et Chantal Vadrot;<\/li>\n<li>Bernadette et Jean-Claude Lapersonnerie, retrait\u00e9s;<\/li>\n<li>Nicolas Cormier, employ\u00e9 de bureau, Reuilly;<\/li>\n<li>Pierre Doni\u00e8s;<\/li>\n<li>Camille Dupuy, infirmi\u00e8re;<\/li>\n<li>Fr\u00e9d\u00e9ric Morillon, pr\u00e9sident des Amis du mus\u00e9e;<\/li>\n<li>Andr\u00e9 Spiesser;<\/li>\n<li>Denis Bouchonnet, b\u00e9n\u00e9vole \u00e0 radio tintouin;<\/li>\n<li>F. et C. Follenfant, retrait\u00e9s Vierzon;<\/li>\n<li>Jer\u00f4me et Sylviane Cherrier, commer\u00e7ants;<\/li>\n<li>John Ryan, enseignant retrait\u00e9;<\/li>\n<li>David Desbois, entreprise Amc Cardoso;<\/li>\n<li>Marie-H\u00e9l\u00e8ne Lasserre;<\/li>\n<li>Richard L\u00e9geron;<\/li>\n<li>Jean-Marie et Dorine Balmelli, retrait\u00e9s d\u00e9voreurs de livres;<\/li>\n<li>Simon Rodier conducteur de trains;<\/li>\n<li>Jean-Luc Ardoin, ing\u00e9nieur;<\/li>\n<li>Jocelyne Mourioux, Ch\u00e2tres sur Cher, retrait\u00e9e;<\/li>\n<li>Liliane et Patrick Jamet, retrait\u00e9s;<\/li>\n<li>Redi Gjonej, Expert Comptable Comptafrance, Vierzon;<\/li>\n<li>Arnaud Herv\u00e9, Le Berry R\u00e9publicain &#8211; R\u00e9daction Sportive, Centre de Congr\u00e8s, Vierzon;<\/li>\n<li>Franck Jamet, Ets Jamo Mehun-sur-Y\u00e8vre;<\/li>\n<li>Patrick Gonin, journaliste honoraire;<\/li>\n<li>Alain Hellec, retrait\u00e9;<\/li>\n<li>Jean-Luc et Marie-Fran\u00e7oise Alleron;<\/li>\n<li>Philippe Br\u00e9e, m\u00e9d\u00e9cin g\u00e9n\u00e9raliste;<\/li>\n<li>Nadine Garibal, Syndicaliste chez Orange et artiste miniaturiste;<\/li>\n<li>Isabelle Dallot enseignante;<\/li>\n<li>Jo\u00ebl Mach\u00e8re, professeur;<\/li>\n<li>Patrice Lanote, retrait\u00e9;<\/li>\n<li>Marcel Martineau, retrait\u00e9;<\/li>\n<li>Christine Martineau, secr\u00e9taire de direction;<\/li>\n<li>Ren\u00e9 Grison, expert-comptable, commissaire aux comptes;<\/li>\n<li>Christine Bouchonnet, secr\u00e9taire;<\/li>\n<li>Julie B\u00e9al, graphiste;<\/li>\n<li>Claude Carniche, retrait\u00e9, Vierzon;<\/li>\n<li>Philippe Popineau, g\u00e9rant des Galeries;<\/li>\n<li>Daniel Delavau;<\/li>\n<li>Pierre Fouchard, Vierzonnais d&rsquo;adoption;<\/li>\n<li>Christine et Antoine Laporte;<\/li>\n<li>Pascal Foug\u00e8re, vendeur, Vierzon;<\/li>\n<li>Olivier Cabrera, chef d&rsquo;entreprise;<\/li>\n<li>Ana\u00efs Laporte, Consultante, Bruxelles;<\/li>\n<li>Nadia Essayan, d\u00e9put\u00e9e du Cher;<\/li>\n<li>Marc Lef\u00e8vre, Technicien, Vierzon;<\/li>\n<li>Richard Berthon, fonctionnaire;<\/li>\n<li>Val\u00e9rie Audoire, infographiste, webdesign, Vierzon;<\/li>\n<li>Martine Baert et Didier Trumeau;<\/li>\n<li>Anne Viguier et Fran\u00e7ois De La Colina;<\/li>\n<li>V\u00e9ronique P\u00e9treau, journaliste;<\/li>\n<li>Richard Lopez, retrait\u00e9 (Banque);<\/li>\n<li>Huguette Gousset, retrait\u00e9e;<\/li>\n<li>Ghislaine Camarasa;<\/li>\n<li>Evelyne et Dominique Fougeron;<\/li>\n<li>Solange Albizzati;<\/li>\n<li>Jean-Charles Lefebvre;<\/li>\n<li>Nathalie Chocat, infirmi\u00e8re;<\/li>\n<li>Christophe Matuszczak;<\/li>\n<li>Michel Martin;<\/li>\n<li>Harmonie Gobin, institut de beaut\u00e9, Saint-Hilaire-de-Court;<\/li>\n<li>Jean-Paul Saboureau, retrait\u00e9 Vierzon;<\/li>\n<li>Dylan Blin, AAP s\u00e9curit\u00e9 Vierzon;<\/li>\n<li>Maria Desbois, g\u00e9rante;<\/li>\n<li>Maryse Veillat, g\u00e9rante Aza\u00e9;<\/li>\n<li>Marie-H\u00e9l\u00e8ne et Serge Ducros;<\/li>\n<li>Dominique Arnaud;<\/li>\n<li>Jo\u00ebl Couturier, retrait\u00e9;<\/li>\n<li>Julien Fernault, conducteur de train;<\/li>\n<li>Patrick Gourbeyre, Isabelle, Corinne, Sophanie et Anne Claire; <img data-recalc-dims=\"1\" loading=\"lazy\" decoding=\"async\" class=\"wp-image-3068 aligncenter\" src=\"https:\/\/i0.wp.com\/berrygoodnews.fr\/wp-content\/uploads\/2018\/04\/IMG_8231-e1523799417677-768x1024.jpg?resize=473%2C630\" alt='' width=\"473\" height=\"630\" \/><\/li>\n<li>Julien Tudisco;<\/li>\n<li>La petite agence;<\/li>\n<li>Salon de coiffure Hair Libre;<\/li>\n<li>Emmanuel Letoffet, Centre de Congr\u00e8s de Vierzon;<\/li>\n<li>Angelique Faure, les Tricoteuses du coeur;<\/li>\n<li>Elise Ledroit, professeure des \u00e9coles, Vierzon;<\/li>\n<li>Evelyn et Jacques Breton;<\/li>\n<li>Alain et Sophie Heinimann, retrait\u00e9s et lecteurs assidus;<\/li>\n<li>Kristel Gesset, Vdi;<\/li>\n<li>Jules Bizouarne;<\/li>\n<li>Bernard Mardon et Chantal Mardon;<\/li>\n<li>Alain Clochard, Genouilly;<\/li>\n<li>Fr\u00e9d\u00e9rique Delacroix, Vierzon;<\/li>\n<li>Denis, V\u00e9ronique, et Aurore Berger;<\/li>\n<li>Isabelle Ferreira employ\u00e9e Azae;<\/li>\n<li>Palmira Da Silva;<\/li>\n<li>Karen Moreau;<\/li>\n<li>Nathalie Averty;<\/li>\n<li>Le paradis des d\u00e9lices \u00e0 Chaillot boulanger, p\u00e2tissier;<\/li>\n<li>Sabine Giraud-Mitta, Professeur des \u00c9coles;<\/li>\n<li>Sandy Grochky, Je Vierzon Positive;<\/li>\n<li>Nathalie Doucet;<\/li>\n<li>Brigitte Poron;<\/li>\n<li>Fred Signac;<\/li>\n<li>Claude et Delia Plotton;<\/li>\n<li>Rachel Wiecek, G\u00e9om\u00e8tre-Expert;<\/li>\n<li>Philippe Hubert, chef d&rsquo;entreprise;<\/li>\n<li>Boulais, infirmi\u00e8re, Vierzon;<\/li>\n<li>Patricia Dorizon, retrait\u00e9e;<\/li>\n<li>Isabelle Cort, artiste du National Palace;<\/li>\n<li>Fabienne Diepvens;<\/li>\n<li>G\u00e9rard Laubron, Berry Signs;<\/li>\n<li>Daniel Branger, Sarl Branger, artisan;<\/li>\n<li>Jacques et Bernadette Giraudon, M\u00e9reau;<\/li>\n<li>Aur\u00e9lie Charroppin, monitrice auto-\u00e9cole, Vierzon; Philippe Nottin, docteur; Nicole Mousnier, retrait\u00e9e; Jean-Luc Birski, cadre secteur associatif; Jean Luc Taugourdeau; Val\u00e8re Staraselski; Jessica L\u00e9v\u00eaque; Arlette Vidal-Naquet; Dominique Morin Pardon, commercante; Nicolas Lesage, Opticien; Karine Fugier employ\u00e9e; Philippe Jodet, employ\u00e9; \u200bJean-Luc Sicard, ancien concessionnaire Renault; Martine Polo-Bonacorsi, infirmi\u00e8re; Guilaine Taupin; Mr et Mme Philippon; Daniel Perrin, retrait\u00e9; Marguerite Benain; Muriel Moine; Elisabeth Gilles-Jamot, Maison de la presse d&rsquo;Aubigny-sur-N\u00e8re; Thibaut Le Mouel; Chrystelle Stoffer, aide-m\u00e9dico psychologique et masseuse en Charente Maritime; Christian Lebon, chanteur; Joao Paulo Dos Santos; Agn\u00e8s Choquart; Val\u00e9rie Maurer, infirmi\u00e8re; Patrick Martineau, chauffeur P.L. retrait\u00e9; Mme Gaudry, Mereau; Jerome Verdier; C\u00e9line Millerioux; Marie-Andr\u00e9e Verger, auteure jeunesse; Bernadette Debondant, retrait\u00e9e; Philippe Dessaigne, journaliste; Sylviane Barr\u00e9, Jean-Pierre Barr\u00e9 et J\u00e9r\u00e9my Barr\u00e9; Marie-Christine Migali; Chantal et Jean Claude Grosjean; St\u00e9phane Burte; Philippe Bouchut, photographe; Laurence Alizon Pierre; Jean-Claude Lasserre; Dilan Bicerim; Annie Mill\u00e9rioux; B\u00e9n\u00e9dicte et Jean-Louis Besnard, masseur, kin\u00e9sith\u00e9rapeute et opticien; Sylvie Marchand, Expert-comptable, Lury-sur-Arnon; Marie Budin; Pierre Thiesset, journaliste; Mme et Mr Le Gourrierec; Christophe Simoes; Christian Hume, agent g\u00e9n\u00e9ral Allianz, retrait\u00e9; Josiane Grynia, Association Force Ouvri\u00e8re Consommation (AFOC); Alison Baraton; Fr\u00e9d\u00e9ric Cossu, v\u00e9t\u00e9rinaire; \u00c8ve Fromentin-Cossu, v\u00e9t\u00e9rinaire; Patrice Choquart, v\u00e9t\u00e9rinaire; Clinique v\u00e9t\u00e9rinaire de Sologne; Franck Bizouarn, Fonctionnaire (Paris); Laurent Zanin, La Chaudronnerie Vierzonnaise; Fran\u00e7oise Bauchet, Assistante administrative; Pierre Dhuique; Alain Leclerc, archiviste; Christophe Gehin, Cadre de sant\u00e9; Mathieu L\u00e9v\u00eaque, Transports L\u00e9v\u00eaque;Jo\u00ebl et Monique Foucher, retrait\u00e9s, president des donneurs de sang et encouragement d\u00e9vouement; Daniel Audebert (Tchou); Adeline Buiret, architecte d&rsquo;int\u00e9rieur; Robert Edilber, Carrossier bizarre; Sybille Souchet, Cadre bancaire; Yannick Souchet, G\u00e9rant YsoMATH; Sophie Vivien; Lise Minard, r\u00e9flexologue plantaire; Mich\u00e8le Lasserre, retrait\u00e9e, enseignante de m\u00e9ditation et a\u00efkido; Andr\u00e9 Spiesser, chef d&rsquo;entreprise retrait\u00e9; Annie Spiesser, retrait\u00e9e conseill\u00e8re p\u00e9dagogique; Annick Spiesser Cloteau, retrait\u00e9e St\u00e9 SOCOR\/FRANCE DECAL et co-fondatrice du mus\u00e9e de l\u2019Ocre de St Georges sur la Pr\u00e9e; Melle Spiesser-Vandel, comptable; Mme Jouineau retrait\u00e9e EDF; Danielle Sommier; J\u00e9r\u00f4me Arnaud de Wolf, g\u00e9rant franchis\u00e9 Pizza Plazza; Nathalie Devot, salari\u00e9e; Hugo Foug\u00e8re, \u00e9tudiant; Maud Glandier, secr\u00e9taire m\u00e9dicale; Marie Duguet, retrait\u00e9e; Jacky Lasnier; Lydie Cartaud; Alcina Gaspar, ouvrier; J\u00f6elle Legras, retrait\u00e9e; Annick Moricel, retrait\u00e9e; Monique Giton, retrait\u00e9e; Rose-Marie Legendre, employ\u00e9e de bureau; Alexandra Boisseau, fonctionnaire; Colette et Daniel Descreux, retrait\u00e9s; Jean-Marie Breton, retrait\u00e9; Suzie Meussier, retrait\u00e9e; Mich\u00e8le Parat, tr\u00e9sori\u00e8re municipale; Maryl\u00e8ne Texier, commer\u00e7ante; Maryl\u00e8ne Duguet, secr\u00e9taire; M. et Mme G\u00e9rard Bochereau, m\u00e9decin en retraite; Elisabeth Hovasse-Pr\u00e9ly, retrait\u00e9e; M et Mme Emmanuel Mion, enseignants; M et Mme Jean-Francis Aussudre, Monique et leurs enfants, retrait\u00e9s; Hugues Dallois, retrait\u00e9; Evelyne Dallois, retrait\u00e9e; Pierrette et Roger Chauveau, retrait\u00e9s; St\u00e9phane Jelic, artisan taxi; St\u00e9phane Enouf, Vierzon triathlon 18; Alain Forget, retrait\u00e9; Didier Cendri\u00e9, stagiaire \u00e0 la ville; Th\u00e9r\u00e8se Dupont, retrait\u00e9e; Lilan Dollet, ing\u00e9nieur; Magali Jacob, mairie de Vouzeron; Jacques Pinier, retrait\u00e9; Daniel et Annie Montagu, retrait\u00e9s, charcutier; G\u00e9rard et Marie-France Legros, retrait\u00e9s; Delphine Voinot, agricultrice; Jacqueline et Michel D\u00e9borde, retrait\u00e9s; Daniel Tanguy, artisan; Christian Grimon, retrait\u00e9; St\u00e9phane Renou, technicien; Isabelle Renou, agent municipal; Josette Morinet, retrait\u00e9e; Jacques Rouet, retrait\u00e9; Elisabeth Brossard, enseignante; Michel Sornin, retrait\u00e9; Jocelyne Marinet, retrait\u00e9e; Froncas et Clodette Couturier; Mme Baert; Myriam Lucas, aide-soignante; Mme M\u00e9riau, technicienne de surface; Jeannette Pointrenaux, retrait\u00e9e; Liliane Penault, retrait\u00e9e; Aurore Gouez, demandeuse d&#8217;emploi; Jacques Chavalarias, retrait\u00e9; Jo\u00ebl et Laurence Cendrier, artisans; Dominique Faucheux, retrait\u00e9e; St\u00e9phanie Sall\u00e9, conseill\u00e8re emploi; Solange Porracchia, retrait\u00e9e; Fran\u00e7oise Courcelles, retrait\u00e9e; Natacha Renaud; Philippe Foussard, c\u00e2bleur; Maguy Renaud, retrait\u00e9e; Marie-Odette Ture, Cadre retrait\u00e9e de la Fonction Publique Territoriale; Suzanne et Marc F\u00e8ve; Ir\u00e8ne Chappuis, conseill\u00e8re municipale; Patricia Gagno, infirmi\u00e8re pu\u00e9ricultrice; Sandrine Piffard, infirmi\u00e8re et th\u00e9rapeute en relaxation, M\u00e9reau; Denis Piffard, aide-soignant, M\u00e9reau; Christian (m\u00e9decin) et Nicole Fline; Damien Pr\u00e9ly, maire de Ch\u00e9ry; V\u00e9ronique Aud\u00e9; Angelina et Claude Quintaes; Radosav Cvetanovic, retrait\u00e9 et Fabienne Cvetanovic, secr\u00e9taire; Sylvie Dubois infirmi\u00e8re; Fritjof Wilken, Conseiller de Rendsburg; Annick Develle; Dany Pannier, employ\u00e9e Parker Vierzon; Elisabeth Lagonotte, Coordinatrice d\u00e9partementale Lire et Faire Lire, UDAF du Cher; Jacques Toru, Vignoux-sur-Barangeon; Michel Benoit, \u00e9crivain, Saint-Pierre-le-Moutier; V\u00e9ronique Berger; Corinne Babillot, secr\u00e9taire administrative, Vierzon; No\u00e9mie Chevrin, \u00e9tudiante, Vierzon; R\u00e9mi Chevrin, lyc\u00e9en, Vierzon; Bernard Epailly, inspecteur d\u2019acad\u00e9mie retrait\u00e9; Michel Closier, retrait\u00e9; Dominique Thaens; Mary-Claude Grison, auto-entrepreneur (musique-yoga); Jean-Robert Drougard, Suisse; Claire Espanel, m\u00e9decin, Vierzon; Olivier Fouquenet, kin\u00e9; Mme Blondeau; Mr et Mme Lamouroux; Mireille Garsault; Reine Requillard; Mme Lavil\u00e9nie; Monsieur et Madame Roger Coulon; Claude Ferrieux, professeur retrait\u00e9 et auteur; Mireille Maillard, esth\u00e9ticienne; C\u00e9line Gendrier; Fran\u00e7ois et No\u00eblle Perrault; Julien Goujon, entrepreneur solidaire; Lilian Dollet; Rolland Yarosslawa, retrait\u00e9; Brigitte Lhonneur; Lionel Simon; Eug\u00e9nie Deroir; Roger Fimana; V\u00e9ronique et Eric Guignement; Marie-Christine Lef\u00e8vre; Marie-Th\u00e9r\u00e8se Contarin; Michel Van Landeghem; Christiane Tabalard-Prot; Jacques Prot; Sylvie Degay, retrait\u00e9e de la fonction publique; Hocine Bessahli, employ\u00e9 mairie de Vierzon; Catherine et Sylvain Barth\u00e9lemy; Marie-Pierre Sen\u00e9e; Joel Rodde, auteur soci\u00e9taire Sacem; G\u00e9rard Coureau, retrait\u00e9, Vierzon; Daniel Aupetit; Marie-Marguerite Leclerc, retrait\u00e9e; Yannick Souchet, Vierzon, Chef d&rsquo;entreprise; Yolann Souchet, Vierzon, \u00c9l\u00e8ve de Terminale; Oph\u00e9lie Souchet, Tours, \u00c9tudiante-Salari\u00e9e; Christophe Huaulm\u00e9, H\u00e9rault; No\u00eblle Berlanga; Nicole R\u00e9gnard; Yves R\u00e9gnard; Jean-Pierre et Genevi\u00e8ve Mion, retrait\u00e9s; Jacques Brousse, retrait\u00e9; Jelic Tomismavz, retrait\u00e9; Michel Dubourg, Judo-Club; Jean et Evelyne Fouquet; M. Mabilleau, Saint-Hilaire-de-Court; Monique Cellies; Andr\u00e9 Babillot; Isabelle Chevallier; Gilberte Zimmermann, Th\u00e9nioux; Michelle Havard; Anita Leday, retrait\u00e9e; Guy Perrot, caviste \u00e0 Saint Doulchard. Aline Perrot-Guyader, bijouti\u00e8re \u00e0 Mehun-sur-Y\u00e9vre; Thomas Perrot, \u00e9tudiant \u00e0 Henri-Brisson; Antoine Perrot, \u00e9tudiant en troisi\u00e8me \u00e0 Notre Dame; G\u00e9rard Marchais, cadre commercial \u00e0 la retraite; Huguette Gousset, retrait\u00e9e; Sylvie Lev\u00eaque, comptable; Paulette Oliver, enseignante retrait\u00e9e; Sylviane Limoges, retrait\u00e9e; Marc Limoges, employ\u00e9; Mme Germain; Gilles Durand, professeur; Sylvie Dias, infirmi\u00e8re; Pierre et Monique Duterrail, retrait\u00e9s; Louin Dominique, retrait\u00e9 de la marine marchande; Christine Sazerat, enseignante; Louis Cun\u00e9o; Mme Boitard; Evelyne Pivert; Sophie Brunet; Fran\u00e7oise Joly, retrait\u00e9e; Martine Peyrinaud-Laporte, retrait\u00e9e; Jean Marlon, auteur; Jenny Rovela, \u00e9tudiante en sciences de l&rsquo;\u00e9ducation; Pierre-Michel Rochault, fondateur de Pimis; Marie-Claude Vite; Dominique Josserand, artisan vierzonnais; Fran\u00e7ois Perrault; Apolline G\u00e9hin, \u00e9tudiante; Bernard Mesjan; Maguy Paul-Hazard; Bernard Bailly, retrait\u00e9; Catherine Delavall\u00e9e, m\u00e9decin; Liliane Penault, retrait\u00e9e; Ghislaine Foss\u00e9, commerciale; Roger Lamoureux, retrait\u00e9; Annick Lamoureux, retrait\u00e9e; Maguy Paul-Hazard; Nad\u00e8ge H\u00e9rault, aide m\u00e9nag\u00e8re, Romorantin; Cedric Poupat, agent SNCF; Pierre-Michel, PIMIS; Michel Coquery, \u00e9crivain et historien; Maryse Vayssi\u00e9, Vierzon; Alexia Colladant, Vierzon; Maryse Colladant, Vierzon, retrait\u00e9; S\u00e9bastien Delaveau, \u00e9diteur, Issoudun; Dani\u00e8le et Jean-Claude Laubron; Johanne Tatin-Wilk, Strasbourg; Marit\u00e9 Gomez, decoratrice \u00e9v\u00e9nementielle; Pascal Poinnat, technicien de maintenance; Bouchra Massouaghou, aide-soignante \u00e0 l\u2019h\u00f4pital de Vierzon; Mohamed Massouaghou en reconversion professionnelle de c\u00e2bleur \u00e9lectronicien; Franck Piffault; Arnaud Berbessou (agent SNCF); TOUTIF coiffure; Fran\u00e7ois Talbot, Directeur des cours \u00e0 Durban ; Christelle Deneken, enseignante \u00e0 Vierzon; 460<\/li>\n<\/ul>\n","protected":false},"excerpt":{"rendered":"<p>Une deuxi\u00e8me journ\u00e9e exceptionnelle de soutien \u00e0 la Maison de la presse de Vierzon JETEZ UN COUP D\u2019\u0152IL A CETTE VID\u00c9O Il y a 460 noms. Pour faire partie du comit\u00e9 de soutien c&rsquo;est simple : envoyez un mail avec votre nom, pr\u00e9nom, \u00e9ventuellement profession, \u00e0 soutienmaisondelapresse@gmail.com\u00a0en pr\u00e9cisant vouloir faire partie du comit\u00e9. Laurent Menard, &hellip;<\/p>\n","protected":false},"author":2,"featured_media":3067,"comment_status":"open","ping_status":"open","sticky":false,"template":"","format":"video","meta":{"jetpack_post_was_ever_published":false,"_jetpack_newsletter_access":"","_jetpack_dont_email_post_to_subs":false,"_jetpack_newsletter_tier_id":0,"_jetpack_memberships_contains_paywalled_content":false,"_jetpack_memberships_contains_paid_content":false,"footnotes":"","jetpack_publicize_message":"","jetpack_publicize_feature_enabled":true,"jetpack_social_post_already_shared":false,"jetpack_social_options":{"image_generator_settings":{"template":"highway","default_image_id":0,"font":"","enabled":false},"version":2}},"categories":[34,14],"tags":[28,29,17,18,19,20,21,426,31,32,33,473,26,27,65,42,44],"post_format":[13],"flags":[],"class_list":["post-3066","post","type-post","status-publish","format-video","has-post-thumbnail","hentry","category-region-centre","category-vierzon-et-ses-environs","tag-article-berry-republicain","tag-berry","tag-berry-good-vierzon","tag-berry-republicain","tag-berrygoodvierzon-fr","tag-bgv","tag-centre","tag-comite-de-soutien","tag-eve-elisabeth-martin","tag-httpswww-open-mag-net","tag-je-vierzon-positive","tag-maison-de-la-presse","tag-region-centre","tag-vierzon","tag-vierzonitude","tag-vierzonnais","tag-youtube","post_format-post-format-video"],"yoast_head":"<!-- This site is optimized with the Yoast SEO plugin v26.8 - https:\/\/yoast.com\/product\/yoast-seo-wordpress\/ -->\n<title>Maison de la presse de Vierzon, 2\u00e8me journ\u00e9e de soutien - Berry Good News<\/title>\n<meta name=\"robots\" content=\"index, follow, max-snippet:-1, max-image-preview:large, max-video-preview:-1\" \/>\n<link rel=\"canonical\" href=\"https:\/\/berrygoodnews.fr\/index.php\/2018\/04\/15\/maison-de-la-presse-de-vierzon\/\" \/>\n<meta property=\"og:locale\" content=\"fr_FR\" \/>\n<meta property=\"og:type\" content=\"article\" \/>\n<meta property=\"og:title\" content=\"Maison de la presse de Vierzon, 2\u00e8me journ\u00e9e de soutien - Berry Good News\" \/>\n<meta property=\"og:description\" content=\"Une deuxi\u00e8me journ\u00e9e exceptionnelle de soutien \u00e0 la Maison de la presse de Vierzon JETEZ UN COUP D\u2019\u0152IL A CETTE VID\u00c9O Il y a 460 noms. Pour faire partie du comit\u00e9 de soutien c&rsquo;est simple : envoyez un mail avec votre nom, pr\u00e9nom, \u00e9ventuellement profession, \u00e0 soutienmaisondelapresse@gmail.com\u00a0en pr\u00e9cisant vouloir faire partie du comit\u00e9. Laurent Menard, &hellip;\" \/>\n<meta property=\"og:url\" content=\"https:\/\/berrygoodnews.fr\/index.php\/2018\/04\/15\/maison-de-la-presse-de-vierzon\/\" \/>\n<meta property=\"og:site_name\" content=\"Berry Good News\" \/>\n<meta property=\"article:publisher\" content=\"https:\/\/www.facebook.com\/berrygoodnews\/\" \/>\n<meta property=\"article:published_time\" content=\"2018-04-15T15:53:46+00:00\" \/>\n<meta name=\"author\" content=\"Berry Good News\" \/>\n<meta name=\"twitter:card\" content=\"summary_large_image\" \/>\n<meta name=\"twitter:label1\" content=\"\u00c9crit par\" \/>\n\t<meta name=\"twitter:data1\" content=\"Berry Good News\" \/>\n\t<meta name=\"twitter:label2\" content=\"Dur\u00e9e de lecture estim\u00e9e\" \/>\n\t<meta name=\"twitter:data2\" content=\"10 minutes\" \/>\n<script type=\"application\/ld+json\" class=\"yoast-schema-graph\">{\"@context\":\"https:\/\/schema.org\",\"@graph\":[{\"@type\":\"Article\",\"@id\":\"https:\/\/berrygoodnews.fr\/index.php\/2018\/04\/15\/maison-de-la-presse-de-vierzon\/#article\",\"isPartOf\":{\"@id\":\"https:\/\/berrygoodnews.fr\/index.php\/2018\/04\/15\/maison-de-la-presse-de-vierzon\/\"},\"author\":{\"name\":\"Berry Good News\",\"@id\":\"https:\/\/berrygoodnews.fr\/#\/schema\/person\/6dbdc03bea7806cc92376ffe2fcd047d\"},\"headline\":\"Maison de la presse de Vierzon, 2\u00e8me journ\u00e9e de soutien\",\"datePublished\":\"2018-04-15T15:53:46+00:00\",\"mainEntityOfPage\":{\"@id\":\"https:\/\/berrygoodnews.fr\/index.php\/2018\/04\/15\/maison-de-la-presse-de-vierzon\/\"},\"wordCount\":1943,\"commentCount\":0,\"publisher\":{\"@id\":\"https:\/\/berrygoodnews.fr\/#organization\"},\"image\":{\"@id\":\"https:\/\/berrygoodnews.fr\/index.php\/2018\/04\/15\/maison-de-la-presse-de-vierzon\/#primaryimage\"},\"thumbnailUrl\":\"\",\"keywords\":[\"article berry republicain\",\"berry\",\"Berry Good Vierzon\",\"berry republicain\",\"berrygoodvierzon.fr\",\"bgv\",\"centre\",\"comit\u00e9 de soutien\",\"Eve- Elisabeth Martin\",\"https:\/\/www.open-mag.net\",\"Je Vierzon Positive\",\"maison de la presse\",\"region centre\",\"vierzon\",\"Vierzonitude\",\"vierzonnais\",\"youtube\"],\"articleSection\":[\"R\u00e9gion Centre\",\"Vierzon et ses Environs\"],\"inLanguage\":\"fr-FR\",\"potentialAction\":[{\"@type\":\"CommentAction\",\"name\":\"Comment\",\"target\":[\"https:\/\/berrygoodnews.fr\/index.php\/2018\/04\/15\/maison-de-la-presse-de-vierzon\/#respond\"]}]},{\"@type\":\"WebPage\",\"@id\":\"https:\/\/berrygoodnews.fr\/index.php\/2018\/04\/15\/maison-de-la-presse-de-vierzon\/\",\"url\":\"https:\/\/berrygoodnews.fr\/index.php\/2018\/04\/15\/maison-de-la-presse-de-vierzon\/\",\"name\":\"Maison de la presse de Vierzon, 2\u00e8me journ\u00e9e de soutien - Berry Good News\",\"isPartOf\":{\"@id\":\"https:\/\/berrygoodnews.fr\/#website\"},\"primaryImageOfPage\":{\"@id\":\"https:\/\/berrygoodnews.fr\/index.php\/2018\/04\/15\/maison-de-la-presse-de-vierzon\/#primaryimage\"},\"image\":{\"@id\":\"https:\/\/berrygoodnews.fr\/index.php\/2018\/04\/15\/maison-de-la-presse-de-vierzon\/#primaryimage\"},\"thumbnailUrl\":\"\",\"datePublished\":\"2018-04-15T15:53:46+00:00\",\"breadcrumb\":{\"@id\":\"https:\/\/berrygoodnews.fr\/index.php\/2018\/04\/15\/maison-de-la-presse-de-vierzon\/#breadcrumb\"},\"inLanguage\":\"fr-FR\",\"potentialAction\":[{\"@type\":\"ReadAction\",\"target\":[\"https:\/\/berrygoodnews.fr\/index.php\/2018\/04\/15\/maison-de-la-presse-de-vierzon\/\"]}]},{\"@type\":\"ImageObject\",\"inLanguage\":\"fr-FR\",\"@id\":\"https:\/\/berrygoodnews.fr\/index.php\/2018\/04\/15\/maison-de-la-presse-de-vierzon\/#primaryimage\",\"url\":\"\",\"contentUrl\":\"\"},{\"@type\":\"BreadcrumbList\",\"@id\":\"https:\/\/berrygoodnews.fr\/index.php\/2018\/04\/15\/maison-de-la-presse-de-vierzon\/#breadcrumb\",\"itemListElement\":[{\"@type\":\"ListItem\",\"position\":1,\"name\":\"Accueil\",\"item\":\"https:\/\/berrygoodnews.fr\/\"},{\"@type\":\"ListItem\",\"position\":2,\"name\":\"Maison de la presse de Vierzon, 2\u00e8me journ\u00e9e de soutien\"}]},{\"@type\":\"WebSite\",\"@id\":\"https:\/\/berrygoodnews.fr\/#website\",\"url\":\"https:\/\/berrygoodnews.fr\/\",\"name\":\"Berry Good News\",\"description\":\"Le Centre En Action\",\"publisher\":{\"@id\":\"https:\/\/berrygoodnews.fr\/#organization\"},\"potentialAction\":[{\"@type\":\"SearchAction\",\"target\":{\"@type\":\"EntryPoint\",\"urlTemplate\":\"https:\/\/berrygoodnews.fr\/?s={search_term_string}\"},\"query-input\":{\"@type\":\"PropertyValueSpecification\",\"valueRequired\":true,\"valueName\":\"search_term_string\"}}],\"inLanguage\":\"fr-FR\"},{\"@type\":\"Organization\",\"@id\":\"https:\/\/berrygoodnews.fr\/#organization\",\"name\":\"Berry Good News\",\"url\":\"https:\/\/berrygoodnews.fr\/\",\"logo\":{\"@type\":\"ImageObject\",\"inLanguage\":\"fr-FR\",\"@id\":\"https:\/\/berrygoodnews.fr\/#\/schema\/logo\/image\/\",\"url\":\"https:\/\/i0.wp.com\/berrygoodnews.fr\/wp-content\/uploads\/2023\/05\/LogoBGNCouleur.png?fit=318%2C181&ssl=1\",\"contentUrl\":\"https:\/\/i0.wp.com\/berrygoodnews.fr\/wp-content\/uploads\/2023\/05\/LogoBGNCouleur.png?fit=318%2C181&ssl=1\",\"width\":318,\"height\":181,\"caption\":\"Berry Good News\"},\"image\":{\"@id\":\"https:\/\/berrygoodnews.fr\/#\/schema\/logo\/image\/\"},\"sameAs\":[\"https:\/\/www.facebook.com\/berrygoodnews\/\",\"https:\/\/www.youtube.com\/channel\/UCdNcluXQMXIRcNvap69zaWg\"]},{\"@type\":\"Person\",\"@id\":\"https:\/\/berrygoodnews.fr\/#\/schema\/person\/6dbdc03bea7806cc92376ffe2fcd047d\",\"name\":\"Berry Good News\",\"image\":{\"@type\":\"ImageObject\",\"inLanguage\":\"fr-FR\",\"@id\":\"https:\/\/berrygoodnews.fr\/#\/schema\/person\/image\/\",\"url\":\"https:\/\/secure.gravatar.com\/avatar\/dc97e2c83b7805754cf833611fb0eaf80fd556a613a9819de1842868762ec883?s=96&d=mm&r=g\",\"contentUrl\":\"https:\/\/secure.gravatar.com\/avatar\/dc97e2c83b7805754cf833611fb0eaf80fd556a613a9819de1842868762ec883?s=96&d=mm&r=g\",\"caption\":\"Berry Good News\"},\"description\":\"Ex-parisienne, qui a choisi de s'installer il y a six ans \u00e0 Vierzon avec une activit\u00e9 de chambres d'h\u00f4tes. J'ai d\u00e9cid\u00e9 de montrer les bonnes initiatives. Je suis tr\u00e8s optimiste car on a beaucoup de talents ici. J'avais envie de changer la vision que certains ont sur la ville.\",\"url\":\"https:\/\/berrygoodnews.fr\/index.php\/author\/hv\/\"}]}<\/script>\n<!-- \/ Yoast SEO plugin. -->","yoast_head_json":{"title":"Maison de la presse de Vierzon, 2\u00e8me journ\u00e9e de soutien - Berry Good News","robots":{"index":"index","follow":"follow","max-snippet":"max-snippet:-1","max-image-preview":"max-image-preview:large","max-video-preview":"max-video-preview:-1"},"canonical":"https:\/\/berrygoodnews.fr\/index.php\/2018\/04\/15\/maison-de-la-presse-de-vierzon\/","og_locale":"fr_FR","og_type":"article","og_title":"Maison de la presse de Vierzon, 2\u00e8me journ\u00e9e de soutien - Berry Good News","og_description":"Une deuxi\u00e8me journ\u00e9e exceptionnelle de soutien \u00e0 la Maison de la presse de Vierzon JETEZ UN COUP D\u2019\u0152IL A CETTE VID\u00c9O Il y a 460 noms. Pour faire partie du comit\u00e9 de soutien c&rsquo;est simple : envoyez un mail avec votre nom, pr\u00e9nom, \u00e9ventuellement profession, \u00e0 soutienmaisondelapresse@gmail.com\u00a0en pr\u00e9cisant vouloir faire partie du comit\u00e9. Laurent Menard, &hellip;","og_url":"https:\/\/berrygoodnews.fr\/index.php\/2018\/04\/15\/maison-de-la-presse-de-vierzon\/","og_site_name":"Berry Good News","article_publisher":"https:\/\/www.facebook.com\/berrygoodnews\/","article_published_time":"2018-04-15T15:53:46+00:00","author":"Berry Good News","twitter_card":"summary_large_image","twitter_misc":{"\u00c9crit par":"Berry Good News","Dur\u00e9e de lecture estim\u00e9e":"10 minutes"},"schema":{"@context":"https:\/\/schema.org","@graph":[{"@type":"Article","@id":"https:\/\/berrygoodnews.fr\/index.php\/2018\/04\/15\/maison-de-la-presse-de-vierzon\/#article","isPartOf":{"@id":"https:\/\/berrygoodnews.fr\/index.php\/2018\/04\/15\/maison-de-la-presse-de-vierzon\/"},"author":{"name":"Berry Good News","@id":"https:\/\/berrygoodnews.fr\/#\/schema\/person\/6dbdc03bea7806cc92376ffe2fcd047d"},"headline":"Maison de la presse de Vierzon, 2\u00e8me journ\u00e9e de soutien","datePublished":"2018-04-15T15:53:46+00:00","mainEntityOfPage":{"@id":"https:\/\/berrygoodnews.fr\/index.php\/2018\/04\/15\/maison-de-la-presse-de-vierzon\/"},"wordCount":1943,"commentCount":0,"publisher":{"@id":"https:\/\/berrygoodnews.fr\/#organization"},"image":{"@id":"https:\/\/berrygoodnews.fr\/index.php\/2018\/04\/15\/maison-de-la-presse-de-vierzon\/#primaryimage"},"thumbnailUrl":"","keywords":["article berry republicain","berry","Berry Good Vierzon","berry republicain","berrygoodvierzon.fr","bgv","centre","comit\u00e9 de soutien","Eve- Elisabeth Martin","https:\/\/www.open-mag.net","Je Vierzon Positive","maison de la presse","region centre","vierzon","Vierzonitude","vierzonnais","youtube"],"articleSection":["R\u00e9gion Centre","Vierzon et ses Environs"],"inLanguage":"fr-FR","potentialAction":[{"@type":"CommentAction","name":"Comment","target":["https:\/\/berrygoodnews.fr\/index.php\/2018\/04\/15\/maison-de-la-presse-de-vierzon\/#respond"]}]},{"@type":"WebPage","@id":"https:\/\/berrygoodnews.fr\/index.php\/2018\/04\/15\/maison-de-la-presse-de-vierzon\/","url":"https:\/\/berrygoodnews.fr\/index.php\/2018\/04\/15\/maison-de-la-presse-de-vierzon\/","name":"Maison de la presse de Vierzon, 2\u00e8me journ\u00e9e de soutien - Berry Good News","isPartOf":{"@id":"https:\/\/berrygoodnews.fr\/#website"},"primaryImageOfPage":{"@id":"https:\/\/berrygoodnews.fr\/index.php\/2018\/04\/15\/maison-de-la-presse-de-vierzon\/#primaryimage"},"image":{"@id":"https:\/\/berrygoodnews.fr\/index.php\/2018\/04\/15\/maison-de-la-presse-de-vierzon\/#primaryimage"},"thumbnailUrl":"","datePublished":"2018-04-15T15:53:46+00:00","breadcrumb":{"@id":"https:\/\/berrygoodnews.fr\/index.php\/2018\/04\/15\/maison-de-la-presse-de-vierzon\/#breadcrumb"},"inLanguage":"fr-FR","potentialAction":[{"@type":"ReadAction","target":["https:\/\/berrygoodnews.fr\/index.php\/2018\/04\/15\/maison-de-la-presse-de-vierzon\/"]}]},{"@type":"ImageObject","inLanguage":"fr-FR","@id":"https:\/\/berrygoodnews.fr\/index.php\/2018\/04\/15\/maison-de-la-presse-de-vierzon\/#primaryimage","url":"","contentUrl":""},{"@type":"BreadcrumbList","@id":"https:\/\/berrygoodnews.fr\/index.php\/2018\/04\/15\/maison-de-la-presse-de-vierzon\/#breadcrumb","itemListElement":[{"@type":"ListItem","position":1,"name":"Accueil","item":"https:\/\/berrygoodnews.fr\/"},{"@type":"ListItem","position":2,"name":"Maison de la presse de Vierzon, 2\u00e8me journ\u00e9e de soutien"}]},{"@type":"WebSite","@id":"https:\/\/berrygoodnews.fr\/#website","url":"https:\/\/berrygoodnews.fr\/","name":"Berry Good News","description":"Le Centre En Action","publisher":{"@id":"https:\/\/berrygoodnews.fr\/#organization"},"potentialAction":[{"@type":"SearchAction","target":{"@type":"EntryPoint","urlTemplate":"https:\/\/berrygoodnews.fr\/?s={search_term_string}"},"query-input":{"@type":"PropertyValueSpecification","valueRequired":true,"valueName":"search_term_string"}}],"inLanguage":"fr-FR"},{"@type":"Organization","@id":"https:\/\/berrygoodnews.fr\/#organization","name":"Berry Good News","url":"https:\/\/berrygoodnews.fr\/","logo":{"@type":"ImageObject","inLanguage":"fr-FR","@id":"https:\/\/berrygoodnews.fr\/#\/schema\/logo\/image\/","url":"https:\/\/i0.wp.com\/berrygoodnews.fr\/wp-content\/uploads\/2023\/05\/LogoBGNCouleur.png?fit=318%2C181&ssl=1","contentUrl":"https:\/\/i0.wp.com\/berrygoodnews.fr\/wp-content\/uploads\/2023\/05\/LogoBGNCouleur.png?fit=318%2C181&ssl=1","width":318,"height":181,"caption":"Berry Good News"},"image":{"@id":"https:\/\/berrygoodnews.fr\/#\/schema\/logo\/image\/"},"sameAs":["https:\/\/www.facebook.com\/berrygoodnews\/","https:\/\/www.youtube.com\/channel\/UCdNcluXQMXIRcNvap69zaWg"]},{"@type":"Person","@id":"https:\/\/berrygoodnews.fr\/#\/schema\/person\/6dbdc03bea7806cc92376ffe2fcd047d","name":"Berry Good News","image":{"@type":"ImageObject","inLanguage":"fr-FR","@id":"https:\/\/berrygoodnews.fr\/#\/schema\/person\/image\/","url":"https:\/\/secure.gravatar.com\/avatar\/dc97e2c83b7805754cf833611fb0eaf80fd556a613a9819de1842868762ec883?s=96&d=mm&r=g","contentUrl":"https:\/\/secure.gravatar.com\/avatar\/dc97e2c83b7805754cf833611fb0eaf80fd556a613a9819de1842868762ec883?s=96&d=mm&r=g","caption":"Berry Good News"},"description":"Ex-parisienne, qui a choisi de s'installer il y a six ans \u00e0 Vierzon avec une activit\u00e9 de chambres d'h\u00f4tes. J'ai d\u00e9cid\u00e9 de montrer les bonnes initiatives. Je suis tr\u00e8s optimiste car on a beaucoup de talents ici. J'avais envie de changer la vision que certains ont sur la ville.","url":"https:\/\/berrygoodnews.fr\/index.php\/author\/hv\/"}]}},"jetpack_publicize_connections":[],"jetpack_featured_media_url":"","jetpack_shortlink":"https:\/\/wp.me\/paGqD8-Ns","jetpack-related-posts":[],"jetpack_sharing_enabled":true,"_links":{"self":[{"href":"https:\/\/berrygoodnews.fr\/index.php\/wp-json\/wp\/v2\/posts\/3066","targetHints":{"allow":["GET"]}}],"collection":[{"href":"https:\/\/berrygoodnews.fr\/index.php\/wp-json\/wp\/v2\/posts"}],"about":[{"href":"https:\/\/berrygoodnews.fr\/index.php\/wp-json\/wp\/v2\/types\/post"}],"author":[{"embeddable":true,"href":"https:\/\/berrygoodnews.fr\/index.php\/wp-json\/wp\/v2\/users\/2"}],"replies":[{"embeddable":true,"href":"https:\/\/berrygoodnews.fr\/index.php\/wp-json\/wp\/v2\/comments?post=3066"}],"version-history":[{"count":0,"href":"https:\/\/berrygoodnews.fr\/index.php\/wp-json\/wp\/v2\/posts\/3066\/revisions"}],"wp:featuredmedia":[{"embeddable":true,"href":"https:\/\/berrygoodnews.fr\/index.php\/wp-json\/"}],"wp:attachment":[{"href":"https:\/\/berrygoodnews.fr\/index.php\/wp-json\/wp\/v2\/media?parent=3066"}],"wp:term":[{"taxonomy":"category","embeddable":true,"href":"https:\/\/berrygoodnews.fr\/index.php\/wp-json\/wp\/v2\/categories?post=3066"},{"taxonomy":"post_tag","embeddable":true,"href":"https:\/\/berrygoodnews.fr\/index.php\/wp-json\/wp\/v2\/tags?post=3066"},{"taxonomy":"post_format","embeddable":true,"href":"https:\/\/berrygoodnews.fr\/index.php\/wp-json\/wp\/v2\/post_format?post=3066"},{"taxonomy":"flags","embeddable":true,"href":"https:\/\/berrygoodnews.fr\/index.php\/wp-json\/wp\/v2\/flags?post=3066"}],"curies":[{"name":"wp","href":"https:\/\/api.w.org\/{rel}","templated":true}]}}