{"id":2326,"date":"2017-11-26T10:57:23","date_gmt":"2017-11-26T09:57:23","guid":{"rendered":"https:\/\/berrygoodvierzon.fr?p=2326"},"modified":"2017-11-26T10:57:23","modified_gmt":"2017-11-26T09:57:23","slug":"la-soiree-des-metiers-2017-un-succes-pour-cette-3-eme-edition","status":"publish","type":"post","link":"https:\/\/berrygoodnews.fr\/index.php\/2017\/11\/26\/la-soiree-des-metiers-2017-un-succes-pour-cette-3-eme-edition\/","title":{"rendered":"La soir\u00e9e des m\u00e9tiers de Vierzon, un succ\u00e8s"},"content":{"rendered":"<blockquote>\n<h2 style=\"text-align: center;\"><strong>LA \u00ab\u00a0SOIR\u00c9E DES M\u00c9TIERS 2017\u00a0\u00bb<\/strong><\/h2>\n<\/blockquote>\n<h3 style=\"text-align: center;\"><span style=\"color: #ff00ff;\"><strong>Jetez un coup d\u2019\u0153il \u00e0 la vid\u00e9o<\/strong><\/span><\/h3>\n<p><iframe loading=\"lazy\" width=\"850\" height=\"478\" src=\"https:\/\/www.youtube.com\/embed\/nezAdVX1cVk?feature=oembed\" frameborder=\"0\" allow=\"accelerometer; autoplay; encrypted-media; gyroscope; picture-in-picture\" allowfullscreen><\/iframe><\/p>\n<p>&nbsp;<\/p>\n<figure id=\"attachment_2332\" aria-describedby=\"caption-attachment-2332\" style=\"width: 391px\" class=\"wp-caption aligncenter\"><img data-recalc-dims=\"1\" loading=\"lazy\" decoding=\"async\" class=\"wp-image-2332\" src=\"https:\/\/i0.wp.com\/berrygoodnews.fr\/wp-content\/uploads\/2017\/11\/travail_1511651772-1024x681.jpg?resize=391%2C260\" alt='' width=\"391\" height=\"260\" \/><figcaption id=\"caption-attachment-2332\" class=\"wp-caption-text\"><a href=\"https:\/\/pixabay.com\/users\/Alexas_Fotos\/\">Alexas_Fotos<\/a><\/figcaption><\/figure>\n<p>La 3\u00e8me \u00e9dition de la Soir\u00e9e des M\u00e9tiers de Vierzon c&rsquo;\u00e9tait le\u00a0<strong>vendredi 24 novembre 2017<\/strong>\u00a0au Centre des Congr\u00e8s!<\/p>\n<p>Du monde, encore du monde et toujours du monde dans un brouhaha sympathique! On se serait cru \u00e0 la foire de Paris! Ils \u00e9taient nombreux les visiteurs, d\u00e9sireux de s&rsquo;informer, de comprendre, de d\u00e9couvrir les coulisses de certains m\u00e9tiers. Une effervescence contagieuse pleine de d\u00e9couvertes professionnelles, de contacts importants, de rendez- vous.<\/p>\n<p>Les stands sont assi\u00e9g\u00e9s par un public attentif et curieux; des files d&rsquo;attente qui donnent le tournis pour enfin conna\u00eetre, peut- \u00eatre, son futur \u00ab\u00a0job\u00a0\u00bb . Les professionnels parlent avec passion de leurs m\u00e9tiers et veulent transmettre un vrai \u00ab\u00a0savoir- faire\u00a0\u00bb, une envie, la passion. Les \u00e9tudiants, seuls ou accompagn\u00e9s des parents, d\u00e9couvrent des m\u00e9tiers insoup\u00e7onn\u00e9s: ceux de la communication \u00e9v\u00e9nementielle,\u00a0 de certaines formations sp\u00e9cifiques de l&rsquo;Arm\u00e9e de terre, de la cr\u00e9ation&#8230;<\/p>\n<p>Une fois de plus, les professionnels recherchent les futurs employ\u00e9s de demain et \u00eatre pr\u00e9sents aujourd&rsquo;hui \u00e0 cette soir\u00e9e des M\u00e9tiers de Vierzon est dor\u00e9navant indispensable.<\/p>\n<p>Les jeunes, attentifs aux explications des pros, d\u00e9couvrent dans ce salon une large vitrine qui leur pr\u00e9sente un \u00e9chantillon grandeur nature du monde de l&rsquo;entreprise.<\/p>\n<p>Le \u00ab\u00a0Berry R\u00e9publicain\u00a0\u00bb \u00e9tait aussi pr\u00e9sent dans le carr\u00e9 consacr\u00e9 \u00e0 la communication. Ils ont pu donner de tr\u00e8s amples\u00a0renseignements aux tr\u00e8s nombreux jeunes d\u00e9sireux de mieux conna\u00eetre le m\u00e9tier de journaliste.<\/p>\n<figure id=\"attachment_2335\" aria-describedby=\"caption-attachment-2335\" style=\"width: 402px\" class=\"wp-caption alignright\"><img data-recalc-dims=\"1\" loading=\"lazy\" decoding=\"async\" class=\"wp-image-2335\" src=\"https:\/\/i0.wp.com\/berrygoodnews.fr\/wp-content\/uploads\/2017\/11\/work_1511652190-1024x682.jpg?resize=402%2C268\" alt='' width=\"402\" height=\"268\" \/><figcaption id=\"caption-attachment-2335\" class=\"wp-caption-text\"><a href=\"https:\/\/pixabay.com\/users\/geralt\/\">geralt<\/a> \/ Pixabay<\/figcaption><\/figure>\n<p>De nombreux stands: notaires, juristes, animateurs radio, Arm\u00e9e (TAM), A\u00e9ronautique, l&rsquo;aide \u00e0 la personne, l&rsquo;enseignement, paysagistes, milieu hospitalier &#8230; proposent \u00e0 nos \u00ab\u00a0jeunes\u00a0\u00bb un avenir prometteur. Du choix, des suggestions, des conseils judicieux, un large panel qui donne de nouvelles perspectives &#8230;<\/p>\n<p>Le Lyc\u00e9e\u00a0 technique Henri Brisson est venu en force cette ann\u00e9e avec armes et bagages pour pr\u00e9senter un aper\u00e7u des plus complets de sa \u00ab\u00a0panoplie de formations\u00a0\u00bb.<\/p>\n<p>Un conseil \u00e0 nos \u00e9tudiants et leurs parents: venez nombreux l&rsquo;ann\u00e9e prochaine car cette rencontre avec le monde de l&rsquo;entreprise est non seulement extr\u00eamement instructive mais aussi indispensable.<\/p>\n<p style=\"text-align: center;\"><span style=\"color: #ffff00; background-color: #000000;\"><b>Confucius<\/b><strong>\u00a0disait: \u00ab\u00a0Choisis un m\u00e9tier qui te pla\u00eet et plus jamais tu ne travailleras\u00a0\u00bb.<\/strong><\/span><\/p>\n<p>&nbsp;<\/p>\n","protected":false},"excerpt":{"rendered":"<p>LA \u00ab\u00a0SOIR\u00c9E DES M\u00c9TIERS 2017\u00a0\u00bb Jetez un coup d\u2019\u0153il \u00e0 la vid\u00e9o &nbsp; La 3\u00e8me \u00e9dition de la Soir\u00e9e des M\u00e9tiers de Vierzon c&rsquo;\u00e9tait le\u00a0vendredi 24 novembre 2017\u00a0au Centre des Congr\u00e8s! Du monde, encore du monde et toujours du monde dans un brouhaha sympathique! On se serait cru \u00e0 la foire de Paris! Ils \u00e9taient &hellip;<\/p>\n","protected":false},"author":2,"featured_media":2333,"comment_status":"open","ping_status":"open","sticky":false,"template":"","format":"video","meta":{"jetpack_post_was_ever_published":false,"_jetpack_newsletter_access":"","_jetpack_dont_email_post_to_subs":false,"_jetpack_newsletter_tier_id":0,"_jetpack_memberships_contains_paywalled_content":false,"_jetpack_memberships_contains_paid_content":false,"footnotes":"","jetpack_publicize_message":"","jetpack_publicize_feature_enabled":true,"jetpack_social_post_already_shared":true,"jetpack_social_options":{"image_generator_settings":{"template":"highway","default_image_id":0,"font":"","enabled":false},"version":2}},"categories":[34,14,43],"tags":[28,124,29,17,18,19,20,21,22,23,343,344,31,32,33,26,345,346,347,27,65,42,44],"post_format":[13],"flags":[],"class_list":["post-2326","post","type-post","status-publish","format-video","has-post-thumbnail","hentry","category-region-centre","category-vierzon-et-ses-environs","category-vous","tag-article-berry-republicain","tag-atout-cher","tag-berry","tag-berry-good-vierzon","tag-berry-republicain","tag-berrygoodvierzon-fr","tag-bgv","tag-centre","tag-changer","tag-cher","tag-emploi","tag-enytreprise","tag-eve-elisabeth-martin","tag-httpswww-open-mag-net","tag-je-vierzon-positive","tag-region-centre","tag-soiree-de-lemploi","tag-soiree-des-muetiers","tag-travail","tag-vierzon","tag-vierzonitude","tag-vierzonnais","tag-youtube","post_format-post-format-video"],"yoast_head":"<!-- This site is optimized with the Yoast SEO plugin v26.8 - https:\/\/yoast.com\/product\/yoast-seo-wordpress\/ -->\n<title>La soir\u00e9e des m\u00e9tiers de Vierzon, un succ\u00e8s - Berry Good News<\/title>\n<meta name=\"description\" content=\"Soir\u00e9e des M\u00e9tiers: Confucius\u00a0disait: &quot;Choisies un m\u00e9tier qui te pla\u00eet et plus jamais tu ne travailleras&quot;. Et oui le choix est important!\" \/>\n<meta name=\"robots\" content=\"index, follow, max-snippet:-1, max-image-preview:large, max-video-preview:-1\" \/>\n<link rel=\"canonical\" href=\"https:\/\/berrygoodnews.fr\/index.php\/2017\/11\/26\/la-soiree-des-metiers-2017-un-succes-pour-cette-3-eme-edition\/\" \/>\n<meta property=\"og:locale\" content=\"fr_FR\" \/>\n<meta property=\"og:type\" content=\"article\" \/>\n<meta property=\"og:title\" content=\"La soir\u00e9e des m\u00e9tiers de Vierzon, un succ\u00e8s - Berry Good News\" \/>\n<meta property=\"og:description\" content=\"Soir\u00e9e des M\u00e9tiers: Confucius\u00a0disait: &quot;Choisies un m\u00e9tier qui te pla\u00eet et plus jamais tu ne travailleras&quot;. Et oui le choix est important!\" \/>\n<meta property=\"og:url\" content=\"https:\/\/berrygoodnews.fr\/index.php\/2017\/11\/26\/la-soiree-des-metiers-2017-un-succes-pour-cette-3-eme-edition\/\" \/>\n<meta property=\"og:site_name\" content=\"Berry Good News\" \/>\n<meta property=\"article:publisher\" content=\"https:\/\/www.facebook.com\/berrygoodnews\/\" \/>\n<meta property=\"article:published_time\" content=\"2017-11-26T09:57:23+00:00\" \/>\n<meta property=\"og:image\" content=\"https:\/\/i0.wp.com\/berrygoodnews.fr\/wp-content\/uploads\/2017\/11\/emploi_1511651870.jpg?fit=935%2C1280&ssl=1\" \/>\n\t<meta property=\"og:image:width\" content=\"935\" \/>\n\t<meta property=\"og:image:height\" content=\"1280\" \/>\n\t<meta property=\"og:image:type\" content=\"image\/jpeg\" \/>\n<meta name=\"author\" content=\"Berry Good News\" \/>\n<meta name=\"twitter:card\" content=\"summary_large_image\" \/>\n<meta name=\"twitter:label1\" content=\"\u00c9crit par\" \/>\n\t<meta name=\"twitter:data1\" content=\"Berry Good News\" \/>\n\t<meta name=\"twitter:label2\" content=\"Dur\u00e9e de lecture estim\u00e9e\" \/>\n\t<meta name=\"twitter:data2\" content=\"2 minutes\" \/>\n<script type=\"application\/ld+json\" class=\"yoast-schema-graph\">{\"@context\":\"https:\/\/schema.org\",\"@graph\":[{\"@type\":\"Article\",\"@id\":\"https:\/\/berrygoodnews.fr\/index.php\/2017\/11\/26\/la-soiree-des-metiers-2017-un-succes-pour-cette-3-eme-edition\/#article\",\"isPartOf\":{\"@id\":\"https:\/\/berrygoodnews.fr\/index.php\/2017\/11\/26\/la-soiree-des-metiers-2017-un-succes-pour-cette-3-eme-edition\/\"},\"author\":{\"name\":\"Berry Good News\",\"@id\":\"https:\/\/berrygoodnews.fr\/#\/schema\/person\/6dbdc03bea7806cc92376ffe2fcd047d\"},\"headline\":\"La soir\u00e9e des m\u00e9tiers de Vierzon, un succ\u00e8s\",\"datePublished\":\"2017-11-26T09:57:23+00:00\",\"mainEntityOfPage\":{\"@id\":\"https:\/\/berrygoodnews.fr\/index.php\/2017\/11\/26\/la-soiree-des-metiers-2017-un-succes-pour-cette-3-eme-edition\/\"},\"wordCount\":435,\"commentCount\":0,\"publisher\":{\"@id\":\"https:\/\/berrygoodnews.fr\/#organization\"},\"image\":{\"@id\":\"https:\/\/berrygoodnews.fr\/index.php\/2017\/11\/26\/la-soiree-des-metiers-2017-un-succes-pour-cette-3-eme-edition\/#primaryimage\"},\"thumbnailUrl\":\"https:\/\/i0.wp.com\/berrygoodnews.fr\/wp-content\/uploads\/2017\/11\/emploi_1511651870.jpg?fit=935%2C1280&ssl=1\",\"keywords\":[\"article berry republicain\",\"atout cher\",\"berry\",\"Berry Good Vierzon\",\"berry republicain\",\"berrygoodvierzon.fr\",\"bgv\",\"centre\",\"changer\",\"Cher\",\"emploi\",\"enytreprise\",\"Eve- Elisabeth Martin\",\"https:\/\/www.open-mag.net\",\"Je Vierzon Positive\",\"region centre\",\"soir\u00e9e de l'emploi\",\"soir\u00e9e des m\u00f9\u00e9tiers\",\"travail\",\"vierzon\",\"Vierzonitude\",\"vierzonnais\",\"youtube\"],\"articleSection\":[\"R\u00e9gion Centre\",\"Vierzon et ses Environs\",\"Vivre mieux\"],\"inLanguage\":\"fr-FR\",\"potentialAction\":[{\"@type\":\"CommentAction\",\"name\":\"Comment\",\"target\":[\"https:\/\/berrygoodnews.fr\/index.php\/2017\/11\/26\/la-soiree-des-metiers-2017-un-succes-pour-cette-3-eme-edition\/#respond\"]}]},{\"@type\":\"WebPage\",\"@id\":\"https:\/\/berrygoodnews.fr\/index.php\/2017\/11\/26\/la-soiree-des-metiers-2017-un-succes-pour-cette-3-eme-edition\/\",\"url\":\"https:\/\/berrygoodnews.fr\/index.php\/2017\/11\/26\/la-soiree-des-metiers-2017-un-succes-pour-cette-3-eme-edition\/\",\"name\":\"La soir\u00e9e des m\u00e9tiers de Vierzon, un succ\u00e8s - Berry Good News\",\"isPartOf\":{\"@id\":\"https:\/\/berrygoodnews.fr\/#website\"},\"primaryImageOfPage\":{\"@id\":\"https:\/\/berrygoodnews.fr\/index.php\/2017\/11\/26\/la-soiree-des-metiers-2017-un-succes-pour-cette-3-eme-edition\/#primaryimage\"},\"image\":{\"@id\":\"https:\/\/berrygoodnews.fr\/index.php\/2017\/11\/26\/la-soiree-des-metiers-2017-un-succes-pour-cette-3-eme-edition\/#primaryimage\"},\"thumbnailUrl\":\"https:\/\/i0.wp.com\/berrygoodnews.fr\/wp-content\/uploads\/2017\/11\/emploi_1511651870.jpg?fit=935%2C1280&ssl=1\",\"datePublished\":\"2017-11-26T09:57:23+00:00\",\"description\":\"Soir\u00e9e des M\u00e9tiers: Confucius\u00a0disait: \\\"Choisies un m\u00e9tier qui te pla\u00eet et plus jamais tu ne travailleras\\\". Et oui le choix est important!\",\"breadcrumb\":{\"@id\":\"https:\/\/berrygoodnews.fr\/index.php\/2017\/11\/26\/la-soiree-des-metiers-2017-un-succes-pour-cette-3-eme-edition\/#breadcrumb\"},\"inLanguage\":\"fr-FR\",\"potentialAction\":[{\"@type\":\"ReadAction\",\"target\":[\"https:\/\/berrygoodnews.fr\/index.php\/2017\/11\/26\/la-soiree-des-metiers-2017-un-succes-pour-cette-3-eme-edition\/\"]}]},{\"@type\":\"ImageObject\",\"inLanguage\":\"fr-FR\",\"@id\":\"https:\/\/berrygoodnews.fr\/index.php\/2017\/11\/26\/la-soiree-des-metiers-2017-un-succes-pour-cette-3-eme-edition\/#primaryimage\",\"url\":\"https:\/\/i0.wp.com\/berrygoodnews.fr\/wp-content\/uploads\/2017\/11\/emploi_1511651870.jpg?fit=935%2C1280&ssl=1\",\"contentUrl\":\"https:\/\/i0.wp.com\/berrygoodnews.fr\/wp-content\/uploads\/2017\/11\/emploi_1511651870.jpg?fit=935%2C1280&ssl=1\",\"width\":935,\"height\":1280,\"caption\":\"Fotomek \/ Pixabay\"},{\"@type\":\"BreadcrumbList\",\"@id\":\"https:\/\/berrygoodnews.fr\/index.php\/2017\/11\/26\/la-soiree-des-metiers-2017-un-succes-pour-cette-3-eme-edition\/#breadcrumb\",\"itemListElement\":[{\"@type\":\"ListItem\",\"position\":1,\"name\":\"Accueil\",\"item\":\"https:\/\/berrygoodnews.fr\/\"},{\"@type\":\"ListItem\",\"position\":2,\"name\":\"La soir\u00e9e des m\u00e9tiers de Vierzon, un succ\u00e8s\"}]},{\"@type\":\"WebSite\",\"@id\":\"https:\/\/berrygoodnews.fr\/#website\",\"url\":\"https:\/\/berrygoodnews.fr\/\",\"name\":\"Berry Good News\",\"description\":\"Le Centre En Action\",\"publisher\":{\"@id\":\"https:\/\/berrygoodnews.fr\/#organization\"},\"potentialAction\":[{\"@type\":\"SearchAction\",\"target\":{\"@type\":\"EntryPoint\",\"urlTemplate\":\"https:\/\/berrygoodnews.fr\/?s={search_term_string}\"},\"query-input\":{\"@type\":\"PropertyValueSpecification\",\"valueRequired\":true,\"valueName\":\"search_term_string\"}}],\"inLanguage\":\"fr-FR\"},{\"@type\":\"Organization\",\"@id\":\"https:\/\/berrygoodnews.fr\/#organization\",\"name\":\"Berry Good News\",\"url\":\"https:\/\/berrygoodnews.fr\/\",\"logo\":{\"@type\":\"ImageObject\",\"inLanguage\":\"fr-FR\",\"@id\":\"https:\/\/berrygoodnews.fr\/#\/schema\/logo\/image\/\",\"url\":\"https:\/\/i0.wp.com\/berrygoodnews.fr\/wp-content\/uploads\/2023\/05\/LogoBGNCouleur.png?fit=318%2C181&ssl=1\",\"contentUrl\":\"https:\/\/i0.wp.com\/berrygoodnews.fr\/wp-content\/uploads\/2023\/05\/LogoBGNCouleur.png?fit=318%2C181&ssl=1\",\"width\":318,\"height\":181,\"caption\":\"Berry Good News\"},\"image\":{\"@id\":\"https:\/\/berrygoodnews.fr\/#\/schema\/logo\/image\/\"},\"sameAs\":[\"https:\/\/www.facebook.com\/berrygoodnews\/\",\"https:\/\/www.youtube.com\/channel\/UCdNcluXQMXIRcNvap69zaWg\"]},{\"@type\":\"Person\",\"@id\":\"https:\/\/berrygoodnews.fr\/#\/schema\/person\/6dbdc03bea7806cc92376ffe2fcd047d\",\"name\":\"Berry Good News\",\"image\":{\"@type\":\"ImageObject\",\"inLanguage\":\"fr-FR\",\"@id\":\"https:\/\/berrygoodnews.fr\/#\/schema\/person\/image\/\",\"url\":\"https:\/\/secure.gravatar.com\/avatar\/dc97e2c83b7805754cf833611fb0eaf80fd556a613a9819de1842868762ec883?s=96&d=mm&r=g\",\"contentUrl\":\"https:\/\/secure.gravatar.com\/avatar\/dc97e2c83b7805754cf833611fb0eaf80fd556a613a9819de1842868762ec883?s=96&d=mm&r=g\",\"caption\":\"Berry Good News\"},\"description\":\"Ex-parisienne, qui a choisi de s'installer il y a six ans \u00e0 Vierzon avec une activit\u00e9 de chambres d'h\u00f4tes. J'ai d\u00e9cid\u00e9 de montrer les bonnes initiatives. Je suis tr\u00e8s optimiste car on a beaucoup de talents ici. J'avais envie de changer la vision que certains ont sur la ville.\",\"url\":\"https:\/\/berrygoodnews.fr\/index.php\/author\/hv\/\"}]}<\/script>\n<!-- \/ Yoast SEO plugin. -->","yoast_head_json":{"title":"La soir\u00e9e des m\u00e9tiers de Vierzon, un succ\u00e8s - Berry Good News","description":"Soir\u00e9e des M\u00e9tiers: Confucius\u00a0disait: \"Choisies un m\u00e9tier qui te pla\u00eet et plus jamais tu ne travailleras\". Et oui le choix est important!","robots":{"index":"index","follow":"follow","max-snippet":"max-snippet:-1","max-image-preview":"max-image-preview:large","max-video-preview":"max-video-preview:-1"},"canonical":"https:\/\/berrygoodnews.fr\/index.php\/2017\/11\/26\/la-soiree-des-metiers-2017-un-succes-pour-cette-3-eme-edition\/","og_locale":"fr_FR","og_type":"article","og_title":"La soir\u00e9e des m\u00e9tiers de Vierzon, un succ\u00e8s - Berry Good News","og_description":"Soir\u00e9e des M\u00e9tiers: Confucius\u00a0disait: \"Choisies un m\u00e9tier qui te pla\u00eet et plus jamais tu ne travailleras\". Et oui le choix est important!","og_url":"https:\/\/berrygoodnews.fr\/index.php\/2017\/11\/26\/la-soiree-des-metiers-2017-un-succes-pour-cette-3-eme-edition\/","og_site_name":"Berry Good News","article_publisher":"https:\/\/www.facebook.com\/berrygoodnews\/","article_published_time":"2017-11-26T09:57:23+00:00","og_image":[{"width":935,"height":1280,"url":"https:\/\/i0.wp.com\/berrygoodnews.fr\/wp-content\/uploads\/2017\/11\/emploi_1511651870.jpg?fit=935%2C1280&ssl=1","type":"image\/jpeg"}],"author":"Berry Good News","twitter_card":"summary_large_image","twitter_misc":{"\u00c9crit par":"Berry Good News","Dur\u00e9e de lecture estim\u00e9e":"2 minutes"},"schema":{"@context":"https:\/\/schema.org","@graph":[{"@type":"Article","@id":"https:\/\/berrygoodnews.fr\/index.php\/2017\/11\/26\/la-soiree-des-metiers-2017-un-succes-pour-cette-3-eme-edition\/#article","isPartOf":{"@id":"https:\/\/berrygoodnews.fr\/index.php\/2017\/11\/26\/la-soiree-des-metiers-2017-un-succes-pour-cette-3-eme-edition\/"},"author":{"name":"Berry Good News","@id":"https:\/\/berrygoodnews.fr\/#\/schema\/person\/6dbdc03bea7806cc92376ffe2fcd047d"},"headline":"La soir\u00e9e des m\u00e9tiers de Vierzon, un succ\u00e8s","datePublished":"2017-11-26T09:57:23+00:00","mainEntityOfPage":{"@id":"https:\/\/berrygoodnews.fr\/index.php\/2017\/11\/26\/la-soiree-des-metiers-2017-un-succes-pour-cette-3-eme-edition\/"},"wordCount":435,"commentCount":0,"publisher":{"@id":"https:\/\/berrygoodnews.fr\/#organization"},"image":{"@id":"https:\/\/berrygoodnews.fr\/index.php\/2017\/11\/26\/la-soiree-des-metiers-2017-un-succes-pour-cette-3-eme-edition\/#primaryimage"},"thumbnailUrl":"https:\/\/i0.wp.com\/berrygoodnews.fr\/wp-content\/uploads\/2017\/11\/emploi_1511651870.jpg?fit=935%2C1280&ssl=1","keywords":["article berry republicain","atout cher","berry","Berry Good Vierzon","berry republicain","berrygoodvierzon.fr","bgv","centre","changer","Cher","emploi","enytreprise","Eve- Elisabeth Martin","https:\/\/www.open-mag.net","Je Vierzon Positive","region centre","soir\u00e9e de l'emploi","soir\u00e9e des m\u00f9\u00e9tiers","travail","vierzon","Vierzonitude","vierzonnais","youtube"],"articleSection":["R\u00e9gion Centre","Vierzon et ses Environs","Vivre mieux"],"inLanguage":"fr-FR","potentialAction":[{"@type":"CommentAction","name":"Comment","target":["https:\/\/berrygoodnews.fr\/index.php\/2017\/11\/26\/la-soiree-des-metiers-2017-un-succes-pour-cette-3-eme-edition\/#respond"]}]},{"@type":"WebPage","@id":"https:\/\/berrygoodnews.fr\/index.php\/2017\/11\/26\/la-soiree-des-metiers-2017-un-succes-pour-cette-3-eme-edition\/","url":"https:\/\/berrygoodnews.fr\/index.php\/2017\/11\/26\/la-soiree-des-metiers-2017-un-succes-pour-cette-3-eme-edition\/","name":"La soir\u00e9e des m\u00e9tiers de Vierzon, un succ\u00e8s - Berry Good News","isPartOf":{"@id":"https:\/\/berrygoodnews.fr\/#website"},"primaryImageOfPage":{"@id":"https:\/\/berrygoodnews.fr\/index.php\/2017\/11\/26\/la-soiree-des-metiers-2017-un-succes-pour-cette-3-eme-edition\/#primaryimage"},"image":{"@id":"https:\/\/berrygoodnews.fr\/index.php\/2017\/11\/26\/la-soiree-des-metiers-2017-un-succes-pour-cette-3-eme-edition\/#primaryimage"},"thumbnailUrl":"https:\/\/i0.wp.com\/berrygoodnews.fr\/wp-content\/uploads\/2017\/11\/emploi_1511651870.jpg?fit=935%2C1280&ssl=1","datePublished":"2017-11-26T09:57:23+00:00","description":"Soir\u00e9e des M\u00e9tiers: Confucius\u00a0disait: \"Choisies un m\u00e9tier qui te pla\u00eet et plus jamais tu ne travailleras\". Et oui le choix est important!","breadcrumb":{"@id":"https:\/\/berrygoodnews.fr\/index.php\/2017\/11\/26\/la-soiree-des-metiers-2017-un-succes-pour-cette-3-eme-edition\/#breadcrumb"},"inLanguage":"fr-FR","potentialAction":[{"@type":"ReadAction","target":["https:\/\/berrygoodnews.fr\/index.php\/2017\/11\/26\/la-soiree-des-metiers-2017-un-succes-pour-cette-3-eme-edition\/"]}]},{"@type":"ImageObject","inLanguage":"fr-FR","@id":"https:\/\/berrygoodnews.fr\/index.php\/2017\/11\/26\/la-soiree-des-metiers-2017-un-succes-pour-cette-3-eme-edition\/#primaryimage","url":"https:\/\/i0.wp.com\/berrygoodnews.fr\/wp-content\/uploads\/2017\/11\/emploi_1511651870.jpg?fit=935%2C1280&ssl=1","contentUrl":"https:\/\/i0.wp.com\/berrygoodnews.fr\/wp-content\/uploads\/2017\/11\/emploi_1511651870.jpg?fit=935%2C1280&ssl=1","width":935,"height":1280,"caption":"Fotomek \/ Pixabay"},{"@type":"BreadcrumbList","@id":"https:\/\/berrygoodnews.fr\/index.php\/2017\/11\/26\/la-soiree-des-metiers-2017-un-succes-pour-cette-3-eme-edition\/#breadcrumb","itemListElement":[{"@type":"ListItem","position":1,"name":"Accueil","item":"https:\/\/berrygoodnews.fr\/"},{"@type":"ListItem","position":2,"name":"La soir\u00e9e des m\u00e9tiers de Vierzon, un succ\u00e8s"}]},{"@type":"WebSite","@id":"https:\/\/berrygoodnews.fr\/#website","url":"https:\/\/berrygoodnews.fr\/","name":"Berry Good News","description":"Le Centre En Action","publisher":{"@id":"https:\/\/berrygoodnews.fr\/#organization"},"potentialAction":[{"@type":"SearchAction","target":{"@type":"EntryPoint","urlTemplate":"https:\/\/berrygoodnews.fr\/?s={search_term_string}"},"query-input":{"@type":"PropertyValueSpecification","valueRequired":true,"valueName":"search_term_string"}}],"inLanguage":"fr-FR"},{"@type":"Organization","@id":"https:\/\/berrygoodnews.fr\/#organization","name":"Berry Good News","url":"https:\/\/berrygoodnews.fr\/","logo":{"@type":"ImageObject","inLanguage":"fr-FR","@id":"https:\/\/berrygoodnews.fr\/#\/schema\/logo\/image\/","url":"https:\/\/i0.wp.com\/berrygoodnews.fr\/wp-content\/uploads\/2023\/05\/LogoBGNCouleur.png?fit=318%2C181&ssl=1","contentUrl":"https:\/\/i0.wp.com\/berrygoodnews.fr\/wp-content\/uploads\/2023\/05\/LogoBGNCouleur.png?fit=318%2C181&ssl=1","width":318,"height":181,"caption":"Berry Good News"},"image":{"@id":"https:\/\/berrygoodnews.fr\/#\/schema\/logo\/image\/"},"sameAs":["https:\/\/www.facebook.com\/berrygoodnews\/","https:\/\/www.youtube.com\/channel\/UCdNcluXQMXIRcNvap69zaWg"]},{"@type":"Person","@id":"https:\/\/berrygoodnews.fr\/#\/schema\/person\/6dbdc03bea7806cc92376ffe2fcd047d","name":"Berry Good News","image":{"@type":"ImageObject","inLanguage":"fr-FR","@id":"https:\/\/berrygoodnews.fr\/#\/schema\/person\/image\/","url":"https:\/\/secure.gravatar.com\/avatar\/dc97e2c83b7805754cf833611fb0eaf80fd556a613a9819de1842868762ec883?s=96&d=mm&r=g","contentUrl":"https:\/\/secure.gravatar.com\/avatar\/dc97e2c83b7805754cf833611fb0eaf80fd556a613a9819de1842868762ec883?s=96&d=mm&r=g","caption":"Berry Good News"},"description":"Ex-parisienne, qui a choisi de s'installer il y a six ans \u00e0 Vierzon avec une activit\u00e9 de chambres d'h\u00f4tes. J'ai d\u00e9cid\u00e9 de montrer les bonnes initiatives. Je suis tr\u00e8s optimiste car on a beaucoup de talents ici. J'avais envie de changer la vision que certains ont sur la ville.","url":"https:\/\/berrygoodnews.fr\/index.php\/author\/hv\/"}]}},"jetpack_publicize_connections":[],"jetpack_featured_media_url":"https:\/\/i0.wp.com\/berrygoodnews.fr\/wp-content\/uploads\/2017\/11\/emploi_1511651870.jpg?fit=935%2C1280&ssl=1","jetpack_shortlink":"https:\/\/wp.me\/paGqD8-Bw","jetpack-related-posts":[],"jetpack_sharing_enabled":true,"_links":{"self":[{"href":"https:\/\/berrygoodnews.fr\/index.php\/wp-json\/wp\/v2\/posts\/2326","targetHints":{"allow":["GET"]}}],"collection":[{"href":"https:\/\/berrygoodnews.fr\/index.php\/wp-json\/wp\/v2\/posts"}],"about":[{"href":"https:\/\/berrygoodnews.fr\/index.php\/wp-json\/wp\/v2\/types\/post"}],"author":[{"embeddable":true,"href":"https:\/\/berrygoodnews.fr\/index.php\/wp-json\/wp\/v2\/users\/2"}],"replies":[{"embeddable":true,"href":"https:\/\/berrygoodnews.fr\/index.php\/wp-json\/wp\/v2\/comments?post=2326"}],"version-history":[{"count":0,"href":"https:\/\/berrygoodnews.fr\/index.php\/wp-json\/wp\/v2\/posts\/2326\/revisions"}],"wp:featuredmedia":[{"embeddable":true,"href":"https:\/\/berrygoodnews.fr\/index.php\/wp-json\/wp\/v2\/media\/2333"}],"wp:attachment":[{"href":"https:\/\/berrygoodnews.fr\/index.php\/wp-json\/wp\/v2\/media?parent=2326"}],"wp:term":[{"taxonomy":"category","embeddable":true,"href":"https:\/\/berrygoodnews.fr\/index.php\/wp-json\/wp\/v2\/categories?post=2326"},{"taxonomy":"post_tag","embeddable":true,"href":"https:\/\/berrygoodnews.fr\/index.php\/wp-json\/wp\/v2\/tags?post=2326"},{"taxonomy":"post_format","embeddable":true,"href":"https:\/\/berrygoodnews.fr\/index.php\/wp-json\/wp\/v2\/post_format?post=2326"},{"taxonomy":"flags","embeddable":true,"href":"https:\/\/berrygoodnews.fr\/index.php\/wp-json\/wp\/v2\/flags?post=2326"}],"curies":[{"name":"wp","href":"https:\/\/api.w.org\/{rel}","templated":true}]}}