{"id":2099,"date":"2017-10-14T15:39:13","date_gmt":"2017-10-14T13:39:13","guid":{"rendered":"https:\/\/berrygoodvierzon.fr\/?p=2099"},"modified":"2017-10-14T15:39:13","modified_gmt":"2017-10-14T13:39:13","slug":"braderie-vierzon-octobre-2017","status":"publish","type":"post","link":"https:\/\/berrygoodnews.fr\/index.php\/2017\/10\/14\/braderie-vierzon-octobre-2017\/","title":{"rendered":"Braderie de Vierzon,  commerce de proximit\u00e9"},"content":{"rendered":"<h2 style=\"text-align: center;\"><span style=\"background-color: #ffffff; color: #ff00ff;\"><strong><span style=\"color: #0000ff;\"><img data-recalc-dims=\"1\" loading=\"lazy\" decoding=\"async\" class=\"wp-image-2095 alignleft\" src=\"https:\/\/i0.wp.com\/berrygoodnews.fr\/wp-content\/uploads\/2017\/10\/17022359_1053713754734545_1654568163549135543_n.jpg?resize=50%2C50\" alt='' width=\"50\" height=\"50\" \/>Octobre 2017\u00a0Braderie Vierzon et journ\u00e9e nationale du commerce de proximit\u00e9\u00a0 avec l&rsquo;OCAV (office du commerce et de l&rsquo;artisanat de Vierzon)<\/span><\/strong><\/span><\/h2>\n<h2 style=\"text-align: center;\"><span style=\"background-color: #ffffff; color: #ff00ff;\"><strong><span style=\"color: #ff00ff;\">JETEZ UN COUP \u0152IL\u00a0A LA VID\u00c9O TOURNEE CE MATIN A VIERZON<\/span><\/strong><\/span><\/h2>\n<p>&nbsp;<\/p>\n<p><iframe loading=\"lazy\" width=\"850\" height=\"478\" src=\"https:\/\/www.youtube.com\/embed\/kTmZzuVE0-U?feature=oembed\" frameborder=\"0\" allow=\"accelerometer; autoplay; clipboard-write; encrypted-media; gyroscope; picture-in-picture; web-share\" allowfullscreen title=\"La Braderie de Vierzon d&#39;Octobre 2017\"><\/iframe><\/p>\n<h2 style=\"text-align: center;\"><span style=\"color: #000080;\"><strong>VIERZON FAIT SON\u00a0<\/strong><b>D\u00c9FIL\u00c9<\/b><\/span><\/h2>\n<h5 style=\"text-align: center;\"><span style=\"background-color: #ffffff; color: #ff00ff;\">\u00a0<strong>Le soleil darde de ses rayons<\/strong><\/span><\/h5>\n<p style=\"text-align: center;\"><span style=\"color: #ff00ff;\"><strong>Notre jolie ville de Vierzon<\/strong><\/span><\/p>\n<p style=\"text-align: center;\"><span style=\"color: #ff00ff;\"><strong>Aujourd&rsquo;hui tout le monde attend<\/strong><\/span><\/p>\n<p style=\"text-align: center;\"><span style=\"color: #ff00ff;\"><strong>Sous le ciel bleu ce grand moment<\/strong><\/span><\/p>\n<p style=\"text-align: center;\"><span style=\"color: #ff00ff;\"><strong>La \u00ab\u00a0fashion week viendra ici\u00a0\u00bb<\/strong><\/span><\/p>\n<p style=\"text-align: center;\"><span style=\"color: #ff00ff;\"><strong>Pour d\u00e9filer dans le Berry<\/strong><\/span><\/p>\n<p style=\"text-align: center;\"><span style=\"color: #ff00ff;\"><strong>Mais pas pour imiter Paris<\/strong><\/span><\/p>\n<p style=\"text-align: center;\"><span style=\"color: #ff00ff;\"><strong>Juste montrer la mode d&rsquo;ici<\/strong><\/span><\/p>\n<p style=\"text-align: center;\"><img data-recalc-dims=\"1\" loading=\"lazy\" decoding=\"async\" class=\"alignnone wp-image-2095\" src=\"https:\/\/i0.wp.com\/berrygoodnews.fr\/wp-content\/uploads\/2017\/10\/17022359_1053713754734545_1654568163549135543_n.jpg?resize=111%2C111\" alt='' width=\"111\" height=\"111\" \/><\/p>\n<p style=\"text-align: center;\">Voil\u00e0 il fait beau, la ville reprend des couleurs et Vierzon revit. De nouveau gr\u00e2ce \u00e0 l&rsquo;Ocav (office du commerce et de l&rsquo;artisanat de Vierzon) cette braderie est un grand succ\u00e8s. D\u00e9j\u00e0 plusieurs \u00e9ditions d&rsquo;un d\u00e9fil\u00e9 de mode d\u00e9contract\u00e9 et convivial dans un Vierzon en f\u00eate o\u00f9 la foule des grands jours est pr\u00e9sent. Ils sont l\u00e0, amass\u00e9s, l\u2019\u0153il aux aguets car des proches, des fr\u00e8res, des s\u0153urs sont aujourd&rsquo;hui des mannequins d&rsquo;un jour.<\/p>\n<p style=\"text-align: center;\">D\u00e9filer devant tant de monde est un grand moment pour chacun d&rsquo;eux, le c\u0153ur battant, ils vont fouler ce fameux tapis rouge et devenir des stars d&rsquo;un jour sous le regard admiratif des nombreux vierzonnais.<\/p>\n<p style=\"text-align: center;\">C&rsquo;est parti, v\u00eatus de v\u00eatements pr\u00eat\u00e9s par les nombreux magasins de Vierzon, nos mannequins sont enfin pr\u00eats \u00e0 rentrer en sc\u00e8ne. La pression est forte mais leur d\u00e9sir de bien faire va balayer toute appr\u00e9hension.<\/p>\n<p style=\"text-align: center;\">Dominique Josserand, ma\u00eetre de c\u00e9r\u00e9monie, va orchestrer ce d\u00e9fil\u00e9 d&rsquo;une main experte car avec ses 39 ans d&rsquo;exp\u00e9rience il sait donner du lustre \u00e0 un tel \u00e9v\u00e9nement.<\/p>\n<p style=\"text-align: center;\">Une organisation sans faille, une ambiance du tonnerre pour ce 14 Octobre, la f\u00eate nationale du commerce de proximit\u00e9, de l&rsquo;artisanat et du Centre ville).<\/p>\n<figure id=\"attachment_2107\" aria-describedby=\"caption-attachment-2107\" style=\"width: 696px\" class=\"wp-caption aligncenter\"><img data-recalc-dims=\"1\" loading=\"lazy\" decoding=\"async\" class=\"size-large wp-image-2107\" src=\"https:\/\/i0.wp.com\/berrygoodnews.fr\/wp-content\/uploads\/2017\/10\/buffet__1508000307-1024x634.jpg?resize=696%2C431\" alt='' width=\"696\" height=\"431\" \/><figcaption id=\"caption-attachment-2107\" class=\"wp-caption-text\"><a href=\"https:\/\/pixabay.com\/users\/congerdesign\/\">congerdesign<\/a> \/ Pixabay<\/figcaption><\/figure>\n<p style=\"text-align: center;\">Ocav (office du commerce et de l&rsquo;artisanat de Vierzon) a su donner \u00e0 cette journ\u00e9e particuli\u00e8re, un suppl\u00e9ment d&rsquo;\u00e2me car dans chaque magasin, les commer\u00e7ants offraient un pot, un buffet fraternel aux clients et Vierzonnais de passage (le geste de l&rsquo;amit\u00e9).<\/p>\n<p style=\"text-align: center;\">Avec le groupe \u00ab\u00a0Les Berriauds\u00a0\u00bb<\/p>\n<p style=\"text-align: center;\">Une excellente initiative et vive la braderie de Vierzon!<\/p>\n<p>&nbsp;<\/p>\n<p><img data-recalc-dims=\"1\" loading=\"lazy\" decoding=\"async\" class=\"size-full wp-image-2094 aligncenter\" src=\"https:\/\/i0.wp.com\/berrygoodnews.fr\/wp-content\/uploads\/2017\/10\/0541841001488299818.png?resize=266%2C146\" alt='' width=\"266\" height=\"146\" \/><\/p>\n<p>&nbsp;<\/p>\n<p>&nbsp;<\/p>\n<p>&nbsp;<\/p>\n<p>&nbsp;<\/p>\n<p>&nbsp;<\/p>\n<p>&nbsp;<\/p>\n<p>&nbsp;<\/p>\n<p>&nbsp;<\/p>\n<p>&nbsp;<\/p>\n<h4 style=\"text-align: left;\"><span style=\"background-color: #ffffff; color: #ff00ff;\"><strong><span style=\"color: #ff00ff;\">\u00a0<\/span><\/strong><span style=\"color: #ff00ff;\">\u00a0<\/span><\/span><\/h4>\n","protected":false},"excerpt":{"rendered":"<p>Octobre 2017\u00a0Braderie Vierzon et journ\u00e9e nationale du commerce de proximit\u00e9\u00a0 avec l&rsquo;OCAV (office du commerce et de l&rsquo;artisanat de Vierzon) JETEZ UN COUP \u0152IL\u00a0A LA VID\u00c9O TOURNEE CE MATIN A VIERZON &nbsp; VIERZON FAIT SON\u00a0D\u00c9FIL\u00c9 \u00a0Le soleil darde de ses rayons Notre jolie ville de Vierzon Aujourd&rsquo;hui tout le monde attend Sous le ciel bleu &hellip;<\/p>\n","protected":false},"author":2,"featured_media":2109,"comment_status":"open","ping_status":"open","sticky":false,"template":"","format":"video","meta":{"jetpack_post_was_ever_published":false,"_jetpack_newsletter_access":"","_jetpack_dont_email_post_to_subs":false,"_jetpack_newsletter_tier_id":0,"_jetpack_memberships_contains_paywalled_content":false,"_jetpack_memberships_contains_paid_content":false,"footnotes":"","jetpack_publicize_message":"","jetpack_publicize_feature_enabled":true,"jetpack_social_post_already_shared":true,"jetpack_social_options":{"image_generator_settings":{"template":"highway","default_image_id":0,"font":"","enabled":false},"version":2}},"categories":[34,14],"tags":[28,29,17,18,19,305,21,22,306,307,31,308,32,309,310,200,250,26,27,42,44],"post_format":[13],"flags":[],"class_list":["post-2099","post","type-post","status-publish","format-video","has-post-thumbnail","hentry","category-region-centre","category-vierzon-et-ses-environs","tag-article-berry-republicain","tag-berry","tag-berry-good-vierzon","tag-berry-republicain","tag-berrygoodvierzon-fr","tag-braderie-de-vierzon","tag-centre","tag-changer","tag-de-lartisanat-et-du-centre-ville","tag-defile","tag-eve-elisabeth-martin","tag-fete-nationale-du-commerce-de-proximite","tag-httpswww-open-mag-net","tag-les-berriauds","tag-mode","tag-ocav","tag-office-du-commerce-et-de-lartisanat-de-vierzon","tag-region-centre","tag-vierzon","tag-vierzonnais","tag-youtube","post_format-post-format-video"],"yoast_head":"<!-- This site is optimized with the Yoast SEO plugin v26.8 - https:\/\/yoast.com\/product\/yoast-seo-wordpress\/ -->\n<title>Braderie de Vierzon, commerce de proximit\u00e9 - Berry Good News<\/title>\n<meta name=\"description\" content=\"la braderie de Vierzon, cette journ\u00e9e particuli\u00e8re, un suppl\u00e9ment d&#039;\u00e2me car dans chaque magasin, les commer\u00e7ants offraient un pot, un buffet fraternel\" \/>\n<meta name=\"robots\" content=\"index, follow, max-snippet:-1, max-image-preview:large, max-video-preview:-1\" \/>\n<link rel=\"canonical\" href=\"https:\/\/berrygoodnews.fr\/index.php\/2017\/10\/14\/braderie-vierzon-octobre-2017\/\" \/>\n<meta property=\"og:locale\" content=\"fr_FR\" \/>\n<meta property=\"og:type\" content=\"article\" \/>\n<meta property=\"og:title\" content=\"Braderie de Vierzon, commerce de proximit\u00e9 - Berry Good News\" \/>\n<meta property=\"og:description\" content=\"la braderie de Vierzon, cette journ\u00e9e particuli\u00e8re, un suppl\u00e9ment d&#039;\u00e2me car dans chaque magasin, les commer\u00e7ants offraient un pot, un buffet fraternel\" \/>\n<meta property=\"og:url\" content=\"https:\/\/berrygoodnews.fr\/index.php\/2017\/10\/14\/braderie-vierzon-octobre-2017\/\" \/>\n<meta property=\"og:site_name\" content=\"Berry Good News\" \/>\n<meta property=\"article:publisher\" content=\"https:\/\/www.facebook.com\/berrygoodnews\/\" \/>\n<meta property=\"article:published_time\" content=\"2017-10-14T13:39:13+00:00\" \/>\n<meta property=\"og:image\" content=\"https:\/\/i0.wp.com\/berrygoodnews.fr\/wp-content\/uploads\/2017\/10\/charcuterie_1508000448.jpg?fit=1280%2C908&ssl=1\" \/>\n\t<meta property=\"og:image:width\" content=\"1280\" \/>\n\t<meta property=\"og:image:height\" content=\"908\" \/>\n\t<meta property=\"og:image:type\" content=\"image\/jpeg\" \/>\n<meta name=\"author\" content=\"Berry Good News\" \/>\n<meta name=\"twitter:card\" content=\"summary_large_image\" \/>\n<meta name=\"twitter:label1\" content=\"\u00c9crit par\" \/>\n\t<meta name=\"twitter:data1\" content=\"Berry Good News\" \/>\n\t<meta name=\"twitter:label2\" content=\"Dur\u00e9e de lecture estim\u00e9e\" \/>\n\t<meta name=\"twitter:data2\" content=\"2 minutes\" \/>\n<script type=\"application\/ld+json\" class=\"yoast-schema-graph\">{\"@context\":\"https:\/\/schema.org\",\"@graph\":[{\"@type\":\"Article\",\"@id\":\"https:\/\/berrygoodnews.fr\/index.php\/2017\/10\/14\/braderie-vierzon-octobre-2017\/#article\",\"isPartOf\":{\"@id\":\"https:\/\/berrygoodnews.fr\/index.php\/2017\/10\/14\/braderie-vierzon-octobre-2017\/\"},\"author\":{\"name\":\"Berry Good News\",\"@id\":\"https:\/\/berrygoodnews.fr\/#\/schema\/person\/6dbdc03bea7806cc92376ffe2fcd047d\"},\"headline\":\"Braderie de Vierzon, commerce de proximit\u00e9\",\"datePublished\":\"2017-10-14T13:39:13+00:00\",\"mainEntityOfPage\":{\"@id\":\"https:\/\/berrygoodnews.fr\/index.php\/2017\/10\/14\/braderie-vierzon-octobre-2017\/\"},\"wordCount\":409,\"commentCount\":0,\"publisher\":{\"@id\":\"https:\/\/berrygoodnews.fr\/#organization\"},\"image\":{\"@id\":\"https:\/\/berrygoodnews.fr\/index.php\/2017\/10\/14\/braderie-vierzon-octobre-2017\/#primaryimage\"},\"thumbnailUrl\":\"https:\/\/i0.wp.com\/berrygoodnews.fr\/wp-content\/uploads\/2017\/10\/charcuterie_1508000448.jpg?fit=1280%2C908&ssl=1\",\"keywords\":[\"article berry republicain\",\"berry\",\"Berry Good Vierzon\",\"berry republicain\",\"berrygoodvierzon.fr\",\"braderie de Vierzon\",\"centre\",\"changer\",\"de l'artisanat et du Centre ville)\",\"d\u00e9fil\u00e9\",\"Eve- Elisabeth Martin\",\"f\u00eate nationale du commerce de proximit\u00e9\",\"https:\/\/www.open-mag.net\",\"les berriauds\",\"mode\",\"OCAV\",\"Office du Commerce et de l'Artisanat de Vierzon.\",\"region centre\",\"vierzon\",\"vierzonnais\",\"youtube\"],\"articleSection\":[\"R\u00e9gion Centre\",\"Vierzon et ses Environs\"],\"inLanguage\":\"fr-FR\",\"potentialAction\":[{\"@type\":\"CommentAction\",\"name\":\"Comment\",\"target\":[\"https:\/\/berrygoodnews.fr\/index.php\/2017\/10\/14\/braderie-vierzon-octobre-2017\/#respond\"]}]},{\"@type\":\"WebPage\",\"@id\":\"https:\/\/berrygoodnews.fr\/index.php\/2017\/10\/14\/braderie-vierzon-octobre-2017\/\",\"url\":\"https:\/\/berrygoodnews.fr\/index.php\/2017\/10\/14\/braderie-vierzon-octobre-2017\/\",\"name\":\"Braderie de Vierzon, commerce de proximit\u00e9 - Berry Good News\",\"isPartOf\":{\"@id\":\"https:\/\/berrygoodnews.fr\/#website\"},\"primaryImageOfPage\":{\"@id\":\"https:\/\/berrygoodnews.fr\/index.php\/2017\/10\/14\/braderie-vierzon-octobre-2017\/#primaryimage\"},\"image\":{\"@id\":\"https:\/\/berrygoodnews.fr\/index.php\/2017\/10\/14\/braderie-vierzon-octobre-2017\/#primaryimage\"},\"thumbnailUrl\":\"https:\/\/i0.wp.com\/berrygoodnews.fr\/wp-content\/uploads\/2017\/10\/charcuterie_1508000448.jpg?fit=1280%2C908&ssl=1\",\"datePublished\":\"2017-10-14T13:39:13+00:00\",\"description\":\"la braderie de Vierzon, cette journ\u00e9e particuli\u00e8re, un suppl\u00e9ment d'\u00e2me car dans chaque magasin, les commer\u00e7ants offraient un pot, un buffet fraternel\",\"breadcrumb\":{\"@id\":\"https:\/\/berrygoodnews.fr\/index.php\/2017\/10\/14\/braderie-vierzon-octobre-2017\/#breadcrumb\"},\"inLanguage\":\"fr-FR\",\"potentialAction\":[{\"@type\":\"ReadAction\",\"target\":[\"https:\/\/berrygoodnews.fr\/index.php\/2017\/10\/14\/braderie-vierzon-octobre-2017\/\"]}]},{\"@type\":\"ImageObject\",\"inLanguage\":\"fr-FR\",\"@id\":\"https:\/\/berrygoodnews.fr\/index.php\/2017\/10\/14\/braderie-vierzon-octobre-2017\/#primaryimage\",\"url\":\"https:\/\/i0.wp.com\/berrygoodnews.fr\/wp-content\/uploads\/2017\/10\/charcuterie_1508000448.jpg?fit=1280%2C908&ssl=1\",\"contentUrl\":\"https:\/\/i0.wp.com\/berrygoodnews.fr\/wp-content\/uploads\/2017\/10\/charcuterie_1508000448.jpg?fit=1280%2C908&ssl=1\",\"width\":1280,\"height\":908,\"caption\":\"FotoshopTofs \/ Pixabay\"},{\"@type\":\"BreadcrumbList\",\"@id\":\"https:\/\/berrygoodnews.fr\/index.php\/2017\/10\/14\/braderie-vierzon-octobre-2017\/#breadcrumb\",\"itemListElement\":[{\"@type\":\"ListItem\",\"position\":1,\"name\":\"Accueil\",\"item\":\"https:\/\/berrygoodnews.fr\/\"},{\"@type\":\"ListItem\",\"position\":2,\"name\":\"Braderie de Vierzon, commerce de proximit\u00e9\"}]},{\"@type\":\"WebSite\",\"@id\":\"https:\/\/berrygoodnews.fr\/#website\",\"url\":\"https:\/\/berrygoodnews.fr\/\",\"name\":\"Berry Good News\",\"description\":\"Le Centre En Action\",\"publisher\":{\"@id\":\"https:\/\/berrygoodnews.fr\/#organization\"},\"potentialAction\":[{\"@type\":\"SearchAction\",\"target\":{\"@type\":\"EntryPoint\",\"urlTemplate\":\"https:\/\/berrygoodnews.fr\/?s={search_term_string}\"},\"query-input\":{\"@type\":\"PropertyValueSpecification\",\"valueRequired\":true,\"valueName\":\"search_term_string\"}}],\"inLanguage\":\"fr-FR\"},{\"@type\":\"Organization\",\"@id\":\"https:\/\/berrygoodnews.fr\/#organization\",\"name\":\"Berry Good News\",\"url\":\"https:\/\/berrygoodnews.fr\/\",\"logo\":{\"@type\":\"ImageObject\",\"inLanguage\":\"fr-FR\",\"@id\":\"https:\/\/berrygoodnews.fr\/#\/schema\/logo\/image\/\",\"url\":\"https:\/\/i0.wp.com\/berrygoodnews.fr\/wp-content\/uploads\/2023\/05\/LogoBGNCouleur.png?fit=318%2C181&ssl=1\",\"contentUrl\":\"https:\/\/i0.wp.com\/berrygoodnews.fr\/wp-content\/uploads\/2023\/05\/LogoBGNCouleur.png?fit=318%2C181&ssl=1\",\"width\":318,\"height\":181,\"caption\":\"Berry Good News\"},\"image\":{\"@id\":\"https:\/\/berrygoodnews.fr\/#\/schema\/logo\/image\/\"},\"sameAs\":[\"https:\/\/www.facebook.com\/berrygoodnews\/\",\"https:\/\/www.youtube.com\/channel\/UCdNcluXQMXIRcNvap69zaWg\"]},{\"@type\":\"Person\",\"@id\":\"https:\/\/berrygoodnews.fr\/#\/schema\/person\/6dbdc03bea7806cc92376ffe2fcd047d\",\"name\":\"Berry Good News\",\"image\":{\"@type\":\"ImageObject\",\"inLanguage\":\"fr-FR\",\"@id\":\"https:\/\/berrygoodnews.fr\/#\/schema\/person\/image\/\",\"url\":\"https:\/\/secure.gravatar.com\/avatar\/dc97e2c83b7805754cf833611fb0eaf80fd556a613a9819de1842868762ec883?s=96&d=mm&r=g\",\"contentUrl\":\"https:\/\/secure.gravatar.com\/avatar\/dc97e2c83b7805754cf833611fb0eaf80fd556a613a9819de1842868762ec883?s=96&d=mm&r=g\",\"caption\":\"Berry Good News\"},\"description\":\"Ex-parisienne, qui a choisi de s'installer il y a six ans \u00e0 Vierzon avec une activit\u00e9 de chambres d'h\u00f4tes. J'ai d\u00e9cid\u00e9 de montrer les bonnes initiatives. Je suis tr\u00e8s optimiste car on a beaucoup de talents ici. J'avais envie de changer la vision que certains ont sur la ville.\",\"url\":\"https:\/\/berrygoodnews.fr\/index.php\/author\/hv\/\"}]}<\/script>\n<!-- \/ Yoast SEO plugin. -->","yoast_head_json":{"title":"Braderie de Vierzon, commerce de proximit\u00e9 - Berry Good News","description":"la braderie de Vierzon, cette journ\u00e9e particuli\u00e8re, un suppl\u00e9ment d'\u00e2me car dans chaque magasin, les commer\u00e7ants offraient un pot, un buffet fraternel","robots":{"index":"index","follow":"follow","max-snippet":"max-snippet:-1","max-image-preview":"max-image-preview:large","max-video-preview":"max-video-preview:-1"},"canonical":"https:\/\/berrygoodnews.fr\/index.php\/2017\/10\/14\/braderie-vierzon-octobre-2017\/","og_locale":"fr_FR","og_type":"article","og_title":"Braderie de Vierzon, commerce de proximit\u00e9 - Berry Good News","og_description":"la braderie de Vierzon, cette journ\u00e9e particuli\u00e8re, un suppl\u00e9ment d'\u00e2me car dans chaque magasin, les commer\u00e7ants offraient un pot, un buffet fraternel","og_url":"https:\/\/berrygoodnews.fr\/index.php\/2017\/10\/14\/braderie-vierzon-octobre-2017\/","og_site_name":"Berry Good News","article_publisher":"https:\/\/www.facebook.com\/berrygoodnews\/","article_published_time":"2017-10-14T13:39:13+00:00","og_image":[{"width":1280,"height":908,"url":"https:\/\/i0.wp.com\/berrygoodnews.fr\/wp-content\/uploads\/2017\/10\/charcuterie_1508000448.jpg?fit=1280%2C908&ssl=1","type":"image\/jpeg"}],"author":"Berry Good News","twitter_card":"summary_large_image","twitter_misc":{"\u00c9crit par":"Berry Good News","Dur\u00e9e de lecture estim\u00e9e":"2 minutes"},"schema":{"@context":"https:\/\/schema.org","@graph":[{"@type":"Article","@id":"https:\/\/berrygoodnews.fr\/index.php\/2017\/10\/14\/braderie-vierzon-octobre-2017\/#article","isPartOf":{"@id":"https:\/\/berrygoodnews.fr\/index.php\/2017\/10\/14\/braderie-vierzon-octobre-2017\/"},"author":{"name":"Berry Good News","@id":"https:\/\/berrygoodnews.fr\/#\/schema\/person\/6dbdc03bea7806cc92376ffe2fcd047d"},"headline":"Braderie de Vierzon, commerce de proximit\u00e9","datePublished":"2017-10-14T13:39:13+00:00","mainEntityOfPage":{"@id":"https:\/\/berrygoodnews.fr\/index.php\/2017\/10\/14\/braderie-vierzon-octobre-2017\/"},"wordCount":409,"commentCount":0,"publisher":{"@id":"https:\/\/berrygoodnews.fr\/#organization"},"image":{"@id":"https:\/\/berrygoodnews.fr\/index.php\/2017\/10\/14\/braderie-vierzon-octobre-2017\/#primaryimage"},"thumbnailUrl":"https:\/\/i0.wp.com\/berrygoodnews.fr\/wp-content\/uploads\/2017\/10\/charcuterie_1508000448.jpg?fit=1280%2C908&ssl=1","keywords":["article berry republicain","berry","Berry Good Vierzon","berry republicain","berrygoodvierzon.fr","braderie de Vierzon","centre","changer","de l'artisanat et du Centre ville)","d\u00e9fil\u00e9","Eve- Elisabeth Martin","f\u00eate nationale du commerce de proximit\u00e9","https:\/\/www.open-mag.net","les berriauds","mode","OCAV","Office du Commerce et de l'Artisanat de Vierzon.","region centre","vierzon","vierzonnais","youtube"],"articleSection":["R\u00e9gion Centre","Vierzon et ses Environs"],"inLanguage":"fr-FR","potentialAction":[{"@type":"CommentAction","name":"Comment","target":["https:\/\/berrygoodnews.fr\/index.php\/2017\/10\/14\/braderie-vierzon-octobre-2017\/#respond"]}]},{"@type":"WebPage","@id":"https:\/\/berrygoodnews.fr\/index.php\/2017\/10\/14\/braderie-vierzon-octobre-2017\/","url":"https:\/\/berrygoodnews.fr\/index.php\/2017\/10\/14\/braderie-vierzon-octobre-2017\/","name":"Braderie de Vierzon, commerce de proximit\u00e9 - Berry Good News","isPartOf":{"@id":"https:\/\/berrygoodnews.fr\/#website"},"primaryImageOfPage":{"@id":"https:\/\/berrygoodnews.fr\/index.php\/2017\/10\/14\/braderie-vierzon-octobre-2017\/#primaryimage"},"image":{"@id":"https:\/\/berrygoodnews.fr\/index.php\/2017\/10\/14\/braderie-vierzon-octobre-2017\/#primaryimage"},"thumbnailUrl":"https:\/\/i0.wp.com\/berrygoodnews.fr\/wp-content\/uploads\/2017\/10\/charcuterie_1508000448.jpg?fit=1280%2C908&ssl=1","datePublished":"2017-10-14T13:39:13+00:00","description":"la braderie de Vierzon, cette journ\u00e9e particuli\u00e8re, un suppl\u00e9ment d'\u00e2me car dans chaque magasin, les commer\u00e7ants offraient un pot, un buffet fraternel","breadcrumb":{"@id":"https:\/\/berrygoodnews.fr\/index.php\/2017\/10\/14\/braderie-vierzon-octobre-2017\/#breadcrumb"},"inLanguage":"fr-FR","potentialAction":[{"@type":"ReadAction","target":["https:\/\/berrygoodnews.fr\/index.php\/2017\/10\/14\/braderie-vierzon-octobre-2017\/"]}]},{"@type":"ImageObject","inLanguage":"fr-FR","@id":"https:\/\/berrygoodnews.fr\/index.php\/2017\/10\/14\/braderie-vierzon-octobre-2017\/#primaryimage","url":"https:\/\/i0.wp.com\/berrygoodnews.fr\/wp-content\/uploads\/2017\/10\/charcuterie_1508000448.jpg?fit=1280%2C908&ssl=1","contentUrl":"https:\/\/i0.wp.com\/berrygoodnews.fr\/wp-content\/uploads\/2017\/10\/charcuterie_1508000448.jpg?fit=1280%2C908&ssl=1","width":1280,"height":908,"caption":"FotoshopTofs \/ Pixabay"},{"@type":"BreadcrumbList","@id":"https:\/\/berrygoodnews.fr\/index.php\/2017\/10\/14\/braderie-vierzon-octobre-2017\/#breadcrumb","itemListElement":[{"@type":"ListItem","position":1,"name":"Accueil","item":"https:\/\/berrygoodnews.fr\/"},{"@type":"ListItem","position":2,"name":"Braderie de Vierzon, commerce de proximit\u00e9"}]},{"@type":"WebSite","@id":"https:\/\/berrygoodnews.fr\/#website","url":"https:\/\/berrygoodnews.fr\/","name":"Berry Good News","description":"Le Centre En Action","publisher":{"@id":"https:\/\/berrygoodnews.fr\/#organization"},"potentialAction":[{"@type":"SearchAction","target":{"@type":"EntryPoint","urlTemplate":"https:\/\/berrygoodnews.fr\/?s={search_term_string}"},"query-input":{"@type":"PropertyValueSpecification","valueRequired":true,"valueName":"search_term_string"}}],"inLanguage":"fr-FR"},{"@type":"Organization","@id":"https:\/\/berrygoodnews.fr\/#organization","name":"Berry Good News","url":"https:\/\/berrygoodnews.fr\/","logo":{"@type":"ImageObject","inLanguage":"fr-FR","@id":"https:\/\/berrygoodnews.fr\/#\/schema\/logo\/image\/","url":"https:\/\/i0.wp.com\/berrygoodnews.fr\/wp-content\/uploads\/2023\/05\/LogoBGNCouleur.png?fit=318%2C181&ssl=1","contentUrl":"https:\/\/i0.wp.com\/berrygoodnews.fr\/wp-content\/uploads\/2023\/05\/LogoBGNCouleur.png?fit=318%2C181&ssl=1","width":318,"height":181,"caption":"Berry Good News"},"image":{"@id":"https:\/\/berrygoodnews.fr\/#\/schema\/logo\/image\/"},"sameAs":["https:\/\/www.facebook.com\/berrygoodnews\/","https:\/\/www.youtube.com\/channel\/UCdNcluXQMXIRcNvap69zaWg"]},{"@type":"Person","@id":"https:\/\/berrygoodnews.fr\/#\/schema\/person\/6dbdc03bea7806cc92376ffe2fcd047d","name":"Berry Good News","image":{"@type":"ImageObject","inLanguage":"fr-FR","@id":"https:\/\/berrygoodnews.fr\/#\/schema\/person\/image\/","url":"https:\/\/secure.gravatar.com\/avatar\/dc97e2c83b7805754cf833611fb0eaf80fd556a613a9819de1842868762ec883?s=96&d=mm&r=g","contentUrl":"https:\/\/secure.gravatar.com\/avatar\/dc97e2c83b7805754cf833611fb0eaf80fd556a613a9819de1842868762ec883?s=96&d=mm&r=g","caption":"Berry Good News"},"description":"Ex-parisienne, qui a choisi de s'installer il y a six ans \u00e0 Vierzon avec une activit\u00e9 de chambres d'h\u00f4tes. J'ai d\u00e9cid\u00e9 de montrer les bonnes initiatives. Je suis tr\u00e8s optimiste car on a beaucoup de talents ici. J'avais envie de changer la vision que certains ont sur la ville.","url":"https:\/\/berrygoodnews.fr\/index.php\/author\/hv\/"}]}},"jetpack_publicize_connections":[],"jetpack_featured_media_url":"https:\/\/i0.wp.com\/berrygoodnews.fr\/wp-content\/uploads\/2017\/10\/charcuterie_1508000448.jpg?fit=1280%2C908&ssl=1","jetpack_shortlink":"https:\/\/wp.me\/paGqD8-xR","jetpack-related-posts":[],"jetpack_sharing_enabled":true,"_links":{"self":[{"href":"https:\/\/berrygoodnews.fr\/index.php\/wp-json\/wp\/v2\/posts\/2099","targetHints":{"allow":["GET"]}}],"collection":[{"href":"https:\/\/berrygoodnews.fr\/index.php\/wp-json\/wp\/v2\/posts"}],"about":[{"href":"https:\/\/berrygoodnews.fr\/index.php\/wp-json\/wp\/v2\/types\/post"}],"author":[{"embeddable":true,"href":"https:\/\/berrygoodnews.fr\/index.php\/wp-json\/wp\/v2\/users\/2"}],"replies":[{"embeddable":true,"href":"https:\/\/berrygoodnews.fr\/index.php\/wp-json\/wp\/v2\/comments?post=2099"}],"version-history":[{"count":0,"href":"https:\/\/berrygoodnews.fr\/index.php\/wp-json\/wp\/v2\/posts\/2099\/revisions"}],"wp:featuredmedia":[{"embeddable":true,"href":"https:\/\/berrygoodnews.fr\/index.php\/wp-json\/wp\/v2\/media\/2109"}],"wp:attachment":[{"href":"https:\/\/berrygoodnews.fr\/index.php\/wp-json\/wp\/v2\/media?parent=2099"}],"wp:term":[{"taxonomy":"category","embeddable":true,"href":"https:\/\/berrygoodnews.fr\/index.php\/wp-json\/wp\/v2\/categories?post=2099"},{"taxonomy":"post_tag","embeddable":true,"href":"https:\/\/berrygoodnews.fr\/index.php\/wp-json\/wp\/v2\/tags?post=2099"},{"taxonomy":"post_format","embeddable":true,"href":"https:\/\/berrygoodnews.fr\/index.php\/wp-json\/wp\/v2\/post_format?post=2099"},{"taxonomy":"flags","embeddable":true,"href":"https:\/\/berrygoodnews.fr\/index.php\/wp-json\/wp\/v2\/flags?post=2099"}],"curies":[{"name":"wp","href":"https:\/\/api.w.org\/{rel}","templated":true}]}}