{"id":1932,"date":"2017-09-29T15:33:13","date_gmt":"2017-09-29T13:33:13","guid":{"rendered":"https:\/\/berrygoodvierzon.fr\/?p=1932"},"modified":"2017-09-29T15:33:13","modified_gmt":"2017-09-29T13:33:13","slug":"vierzon-bien-etre-beaute","status":"publish","type":"post","link":"https:\/\/berrygoodnews.fr\/index.php\/2017\/09\/29\/vierzon-bien-etre-beaute\/","title":{"rendered":"Le Salon Beaut\u00e9 et Bien-\u00eatre  \u00e0 Vierzon se d\u00e9roulera le 1er octobre 2017"},"content":{"rendered":"<div id=\"wrap_all\">\n<div id=\"main\" data-scroll-offset=\"48\">\n<div id=\"sticky-sidebar\" class=\"avia-section main_color avia-section-no-padding avia-no-border-styling avia-bg-style-scroll avia-builder-el-3 el_after_av_section el_before_av_section container_wrap fullsize\">\n<div class=\"container\">\n<div class=\"template-page content av-content-full alpha units\">\n<div class=\"post-entry post-entry-type-page post-entry-33\">\n<h1><\/h1>\n<p><img data-recalc-dims=\"1\" loading=\"lazy\" decoding=\"async\" class=\"wp-image-1937 alignleft\" src=\"https:\/\/i0.wp.com\/berrygoodnews.fr\/wp-content\/uploads\/2017\/09\/Salon-du-bien-%C3%AAtre-octobre-2017-724x1024.jpg?resize=315%2C446&#038;ssl=1\" alt='' width=\"315\" height=\"446\" \/><\/p>\n<div class=\"entry-content-wrapper clearfix\">\n<div class=\"flex_column av_two_third no_margin flex_column_div first avia-builder-el-4 el_before_av_one_third avia-builder-el-first sticky-content display_bread\">\n<div class=\"av-special-heading av-special-heading-h1 blockquote modern-quote avia-builder-el-7 el_after_av_hr el_before_av_hr\">\n<h1>Le 1er Octobre 2017 \u00e0 Vierzon<\/h1>\n<h2><strong>Salon Beaut\u00e9 et Bien- \u00eatre<\/strong><\/h2>\n<h4><strong>organis\u00e9 par l&rsquo;association 18 91 \u00a0\u00bb L&rsquo;Abeille et Ses Secrets\u00a0\u00bb<\/strong><\/h4>\n<p><strong>Dans le Cher par Ghislaine Foss\u00e9<\/strong><\/p>\n<h3>\u00a0C&rsquo;est le rendez- vous \u00e0 Vierzon des solutions pour nous soulager de nos maux d&rsquo;aujourd&rsquo;hui sans ab\u00eemer le corps de demain.<\/h3>\n<h4>Vous y rencontrerez des th\u00e9rapeutes qui vous ouvrirons des portes que vous ne soup\u00e7onnez m\u00eame pas.<\/h4>\n<p><strong>Alors pourquoi h\u00e9siter!<\/strong><\/p>\n<p><strong>\u00a0Salles des f\u00eates des Forges\/\u00a0<\/strong><strong>L&rsquo;entr\u00e9e est gratuite<\/strong><\/p>\n<p><strong>Contacts<\/strong>\u00a0<strong>association 18 91 \u00a0\u00bb L&rsquo;Abeille et Ses Secrets\u00a0\u00bb 06 11 98 45 74\/06 15 34 70 98<\/strong><\/p>\n<\/div>\n<\/div>\n<p style=\"text-align: center;\"><span style=\"background-color: #ff00ff;\"><strong>JETEZ UN COUP D\u2019\u0152IL A LA VID\u00c9O<\/strong><\/span><\/p>\n<\/div>\n<p><iframe loading=\"lazy\" width=\"850\" height=\"478\" src=\"https:\/\/www.youtube.com\/embed\/Jq0PSsMM4NI?feature=oembed\" frameborder=\"0\" allow=\"accelerometer; autoplay; encrypted-media; gyroscope; picture-in-picture\" allowfullscreen><\/iframe><\/p>\n<div class=\"entry-content-wrapper clearfix\">\n<div class=\"flex_column av_two_third no_margin flex_column_div first avia-builder-el-4 el_before_av_one_third avia-builder-el-first sticky-content display_bread\">\n<h3 style=\"text-align: center;\">De tr\u00e8s nombreuses et int\u00e9ressantes conf\u00e9rences \u00e0 ne pas rater:<\/h3>\n<p><img data-recalc-dims=\"1\" loading=\"lazy\" decoding=\"async\" class=\"size-large wp-image-1955 aligncenter\" src=\"https:\/\/i0.wp.com\/berrygoodnews.fr\/wp-content\/uploads\/2017\/09\/conf%C3%A9rences-e1506695145415-768x1024.jpg?resize=696%2C928&#038;ssl=1\" alt='' width=\"696\" height=\"928\" \/><\/p>\n<h3><strong>L\u2019Univers Secrets de Miel<\/strong><\/h3>\n<div class=\"special-heading-border\"><\/div>\n<div class=\"special-heading-border\"><img data-recalc-dims=\"1\" loading=\"lazy\" decoding=\"async\" class=\"wp-image-1934 alignright\" src=\"https:\/\/i0.wp.com\/berrygoodnews.fr\/wp-content\/uploads\/2017\/09\/bee-207725_960_720.jpg?resize=459%2C306\" alt='' width=\"459\" height=\"306\" \/><span style=\"color: #111111; font-family: Roboto, sans-serif; font-size: 22px;\">L\u2019ABEILLE, AU C\u0152UR\u00a0DES SECRETS DE BEAUTE<\/span><\/div>\n<section class=\"av_textblock_section\">\n<div class=\"avia_textblock\">\n<p>\u00c0 l\u2019origine de Secrets de Miel, une jeune femme initi\u00e9e depuis l\u2019enfance au langage des abeilles.<br \/>\nUne jeune femme qui a r\u00eav\u00e9 d\u2019extraire de la ruche de nouveaux secrets de bien-\u00eatre et de beaut\u00e9.<br \/>\nCette jeune femme, c\u2019est <strong>Elise Hernaez<\/strong>.<\/p>\n<p>De ses carnets de voyages autour du monde, de son parcours initiatique dans les plus lointaines colonies d\u2019abeilles, Elise a rapport\u00e9 le d\u00e9sir de cr\u00e9er une <strong>entreprise diff\u00e9rente<\/strong>. Au croisement de la cosm\u00e9tique, de l\u2019apiculture et de l\u2019apith\u00e9rapie, <strong>Secrets de Miel<\/strong> est d\u00e9sormais l\u2019ambassadeur de tous les passionn\u00e9s de nature, de beaut\u00e9 et de bien-\u00eatre.<\/p>\n<\/div>\n<\/section>\n<div class=\"hr hr-invisible avia-builder-el-10 el_after_av_textblock el_before_av_textblock\"><span style=\"color: #111111; font-family: Roboto, sans-serif; font-size: 22px;\">UNE LIGNE EXCLUSIVE DE SOINS AUTOUR DE L&rsquo;APITHERAPIE<\/span><\/div>\n<section class=\"av_textblock_section\">\n<div class=\"avia_textblock\">\n<p><img data-recalc-dims=\"1\" loading=\"lazy\" decoding=\"async\" class=\"alignleft size-full wp-image-1657\" src=\"https:\/\/i0.wp.com\/www.secretsdemiel.com\/wp-content\/uploads\/2016\/03\/visu-produit.jpg?resize=330%2C247\" alt=\"visu-produit\" width=\"330\" height=\"247\" \/><\/p>\n<p>Secrets de Miel, c\u2019est une ligne exclusive haut de gamme de soins<br \/>\npour la beaut\u00e9 et le bien-\u00eatre, qui puisent leurs vertus<br \/>\nau c\u0153ur des ruches.<\/p>\n<p>Secrets de Miel fait dialoguer avec complicit\u00e9 le monde des abeilles et celui des femmes,<br \/>\ndes hommes et des enfants. Des produits qui font rimer<br \/>\nun bien-\u00eatre int\u00e9rieur et une beaut\u00e9 \u00e9clatante, pour toute la famille !<\/p>\n<p>Nos produits sont fabriqu\u00e9s en France et con\u00e7us avec une concentration maximale en produits de la ruche et actifs naturels.<\/p>\n<p><span style=\"color: #111111; font-family: Roboto, sans-serif; font-size: 22px;\">LES 5 ENGAGEMENTS SECRETS DE MIEL<\/span><\/p>\n<\/div>\n<\/section>\n<section class=\"av_textblock_section\">\n<div class=\"avia_textblock\">\n<h5>1. Qualit\u00e9 irr\u00e9prochable<\/h5>\n<p>Nos produits sont fran\u00e7ais, haut de gamme, issus d\u2019un savoir-faire familial de 5 g\u00e9n\u00e9rations irr\u00e9prochable.<\/p>\n<h5>2. Commercialisation directe sans interm\u00e9diaire<\/h5>\n<p>Nos produits sont diffus\u00e9s exclusivement en vente \u00e0 domicile car nos conseillers, passionn\u00e9s et form\u00e9s \u00e0 l&rsquo;Apith\u00e9rapie, sont notre<img data-recalc-dims=\"1\" loading=\"lazy\" decoding=\"async\" class=\"wp-image-1957 alignright\" src=\"https:\/\/i0.wp.com\/berrygoodnews.fr\/wp-content\/uploads\/2017\/09\/P1100756-1024x768.jpg?resize=308%2C231\" alt='' width=\"308\" height=\"231\" \/> meilleure publicit\u00e9.<\/p>\n<h5>3. Respect de l\u2019environnement<\/h5>\n<p>Secrets de Miel est engag\u00e9 pour la protection des abeilles et des \u00e9cosyst\u00e8mes et le partage des connaissances en Apith\u00e9rapie.<\/p>\n<h5>4. Respect de la sant\u00e9 publique<\/h5>\n<p>Les produits Secrets de Miel sont sans paraben, sans silicone, sans phenoxyethanol, sans OGM et non test\u00e9s sur les animaux.<\/p>\n<h5>5. L\u2019humain au c\u0153ur de tout<\/h5>\n<p>Nos conseill\u00e8res re\u00e7oivent des formations compl\u00e8tes et r\u00e9guli\u00e8res. Une ligne t\u00e9l\u00e9phonique est d\u00e9di\u00e9e 5 jours sur 7 \u00e0 nos clients, que nous souhaitons \u00e9galement, \u00e0 travers nos produits, sensibiliser \u00e0 l\u2019importance de vivre en accord avec la Nature.<\/p>\n<p>A Vierzon le 1er Octobre\u00a0 Salon Beaut\u00e9 et Bien- \u00eatre<\/p>\n<\/div>\n<\/section>\n<\/div>\n<\/div>\n<\/div>\n<\/div>\n<\/div>\n<\/div>\n<\/div>\n<\/div>\n","protected":false},"excerpt":{"rendered":"<p>Le 1er Octobre 2017 \u00e0 Vierzon Salon Beaut\u00e9 et Bien- \u00eatre organis\u00e9 par l&rsquo;association 18 91 \u00a0\u00bb L&rsquo;Abeille et Ses Secrets\u00a0\u00bb Dans le Cher par Ghislaine Foss\u00e9 \u00a0C&rsquo;est le rendez- vous \u00e0 Vierzon des solutions pour nous soulager de nos maux d&rsquo;aujourd&rsquo;hui sans ab\u00eemer le corps de demain. Vous y rencontrerez des th\u00e9rapeutes qui vous &hellip;<\/p>\n","protected":false},"author":2,"featured_media":1935,"comment_status":"open","ping_status":"open","sticky":false,"template":"","format":"video","meta":{"jetpack_post_was_ever_published":false,"_jetpack_newsletter_access":"","_jetpack_dont_email_post_to_subs":false,"_jetpack_newsletter_tier_id":0,"_jetpack_memberships_contains_paywalled_content":false,"_jetpack_memberships_contains_paid_content":false,"footnotes":"","jetpack_publicize_message":"","jetpack_publicize_feature_enabled":true,"jetpack_social_post_already_shared":true,"jetpack_social_options":{"image_generator_settings":{"template":"highway","default_image_id":0,"font":"","enabled":false},"version":2}},"categories":[14,43],"tags":[253,28,29,17,18,19,20,21,23,254,31,32,33,26,255,256,27,65,42,44],"post_format":[13],"flags":[],"class_list":["post-1932","post","type-post","status-publish","format-video","has-post-thumbnail","hentry","category-vierzon-et-ses-environs","category-vous","tag-abeilles","tag-article-berry-republicain","tag-berry","tag-berry-good-vierzon","tag-berry-republicain","tag-berrygoodvierzon-fr","tag-bgv","tag-centre","tag-cher","tag-dietetique","tag-eve-elisabeth-martin","tag-httpswww-open-mag-net","tag-je-vierzon-positive","tag-region-centre","tag-salon","tag-therapie-alternative","tag-vierzon","tag-vierzonitude","tag-vierzonnais","tag-youtube","post_format-post-format-video"],"yoast_head":"<!-- This site is optimized with the Yoast SEO plugin v26.8 - https:\/\/yoast.com\/product\/yoast-seo-wordpress\/ -->\n<title>Le Salon Beaut\u00e9 et Bien-\u00eatre \u00e0 Vierzon se d\u00e9roulera le 1er octobre 2017 - Berry Good News<\/title>\n<meta name=\"description\" content=\"Le 1er Le 1er Octobre 2017 \u00e0 Vierzon\u00a0 le salon du\u00a0 Bien- \u00eatre et de la beaut\u00e9Le 1er Octobre 2017 \u00e0 Vierzon\u00a0 le salon du\u00a0 Bien- \u00eatre et de la beaut\u00e9e\" \/>\n<meta name=\"robots\" content=\"index, follow, max-snippet:-1, max-image-preview:large, max-video-preview:-1\" \/>\n<link rel=\"canonical\" href=\"https:\/\/berrygoodnews.fr\/index.php\/2017\/09\/29\/vierzon-bien-etre-beaute\/\" \/>\n<meta property=\"og:locale\" content=\"fr_FR\" \/>\n<meta property=\"og:type\" content=\"article\" \/>\n<meta property=\"og:title\" content=\"Le Salon Beaut\u00e9 et Bien-\u00eatre \u00e0 Vierzon se d\u00e9roulera le 1er octobre 2017 - Berry Good News\" \/>\n<meta property=\"og:description\" content=\"Le 1er Le 1er Octobre 2017 \u00e0 Vierzon\u00a0 le salon du\u00a0 Bien- \u00eatre et de la beaut\u00e9Le 1er Octobre 2017 \u00e0 Vierzon\u00a0 le salon du\u00a0 Bien- \u00eatre et de la beaut\u00e9e\" \/>\n<meta property=\"og:url\" content=\"https:\/\/berrygoodnews.fr\/index.php\/2017\/09\/29\/vierzon-bien-etre-beaute\/\" \/>\n<meta property=\"og:site_name\" content=\"Berry Good News\" \/>\n<meta property=\"article:publisher\" content=\"https:\/\/www.facebook.com\/berrygoodnews\/\" \/>\n<meta property=\"article:published_time\" content=\"2017-09-29T13:33:13+00:00\" \/>\n<meta property=\"og:image\" content=\"https:\/\/i0.wp.com\/berrygoodnews.fr\/wp-content\/uploads\/2017\/09\/bee-2023849_960_720.jpg?fit=903%2C720&ssl=1\" \/>\n\t<meta property=\"og:image:width\" content=\"903\" \/>\n\t<meta property=\"og:image:height\" content=\"720\" \/>\n\t<meta property=\"og:image:type\" content=\"image\/jpeg\" \/>\n<meta name=\"author\" content=\"Berry Good News\" \/>\n<meta name=\"twitter:card\" content=\"summary_large_image\" \/>\n<meta name=\"twitter:label1\" content=\"\u00c9crit par\" \/>\n\t<meta name=\"twitter:data1\" content=\"Berry Good News\" \/>\n\t<meta name=\"twitter:label2\" content=\"Dur\u00e9e de lecture estim\u00e9e\" \/>\n\t<meta name=\"twitter:data2\" content=\"3 minutes\" \/>\n<script type=\"application\/ld+json\" class=\"yoast-schema-graph\">{\"@context\":\"https:\/\/schema.org\",\"@graph\":[{\"@type\":\"Article\",\"@id\":\"https:\/\/berrygoodnews.fr\/index.php\/2017\/09\/29\/vierzon-bien-etre-beaute\/#article\",\"isPartOf\":{\"@id\":\"https:\/\/berrygoodnews.fr\/index.php\/2017\/09\/29\/vierzon-bien-etre-beaute\/\"},\"author\":{\"name\":\"Berry Good News\",\"@id\":\"https:\/\/berrygoodnews.fr\/#\/schema\/person\/6dbdc03bea7806cc92376ffe2fcd047d\"},\"headline\":\"Le Salon Beaut\u00e9 et Bien-\u00eatre \u00e0 Vierzon se d\u00e9roulera le 1er octobre 2017\",\"datePublished\":\"2017-09-29T13:33:13+00:00\",\"mainEntityOfPage\":{\"@id\":\"https:\/\/berrygoodnews.fr\/index.php\/2017\/09\/29\/vierzon-bien-etre-beaute\/\"},\"wordCount\":522,\"commentCount\":0,\"publisher\":{\"@id\":\"https:\/\/berrygoodnews.fr\/#organization\"},\"image\":{\"@id\":\"https:\/\/berrygoodnews.fr\/index.php\/2017\/09\/29\/vierzon-bien-etre-beaute\/#primaryimage\"},\"thumbnailUrl\":\"https:\/\/i0.wp.com\/berrygoodnews.fr\/wp-content\/uploads\/2017\/09\/bee-2023849_960_720.jpg?fit=903%2C720&ssl=1\",\"keywords\":[\"abeilles\",\"article berry republicain\",\"berry\",\"Berry Good Vierzon\",\"berry republicain\",\"berrygoodvierzon.fr\",\"bgv\",\"centre\",\"Cher\",\"di\u00e9t\u00e9tique\",\"Eve- Elisabeth Martin\",\"https:\/\/www.open-mag.net\",\"Je Vierzon Positive\",\"region centre\",\"salon\",\"th\u00e9rapie alternative\",\"vierzon\",\"Vierzonitude\",\"vierzonnais\",\"youtube\"],\"articleSection\":[\"Vierzon et ses Environs\",\"Vivre mieux\"],\"inLanguage\":\"fr-FR\",\"potentialAction\":[{\"@type\":\"CommentAction\",\"name\":\"Comment\",\"target\":[\"https:\/\/berrygoodnews.fr\/index.php\/2017\/09\/29\/vierzon-bien-etre-beaute\/#respond\"]}]},{\"@type\":\"WebPage\",\"@id\":\"https:\/\/berrygoodnews.fr\/index.php\/2017\/09\/29\/vierzon-bien-etre-beaute\/\",\"url\":\"https:\/\/berrygoodnews.fr\/index.php\/2017\/09\/29\/vierzon-bien-etre-beaute\/\",\"name\":\"Le Salon Beaut\u00e9 et Bien-\u00eatre \u00e0 Vierzon se d\u00e9roulera le 1er octobre 2017 - Berry Good News\",\"isPartOf\":{\"@id\":\"https:\/\/berrygoodnews.fr\/#website\"},\"primaryImageOfPage\":{\"@id\":\"https:\/\/berrygoodnews.fr\/index.php\/2017\/09\/29\/vierzon-bien-etre-beaute\/#primaryimage\"},\"image\":{\"@id\":\"https:\/\/berrygoodnews.fr\/index.php\/2017\/09\/29\/vierzon-bien-etre-beaute\/#primaryimage\"},\"thumbnailUrl\":\"https:\/\/i0.wp.com\/berrygoodnews.fr\/wp-content\/uploads\/2017\/09\/bee-2023849_960_720.jpg?fit=903%2C720&ssl=1\",\"datePublished\":\"2017-09-29T13:33:13+00:00\",\"description\":\"Le 1er Le 1er Octobre 2017 \u00e0 Vierzon\u00a0 le salon du\u00a0 Bien- \u00eatre et de la beaut\u00e9Le 1er Octobre 2017 \u00e0 Vierzon\u00a0 le salon du\u00a0 Bien- \u00eatre et de la beaut\u00e9e\",\"breadcrumb\":{\"@id\":\"https:\/\/berrygoodnews.fr\/index.php\/2017\/09\/29\/vierzon-bien-etre-beaute\/#breadcrumb\"},\"inLanguage\":\"fr-FR\",\"potentialAction\":[{\"@type\":\"ReadAction\",\"target\":[\"https:\/\/berrygoodnews.fr\/index.php\/2017\/09\/29\/vierzon-bien-etre-beaute\/\"]}]},{\"@type\":\"ImageObject\",\"inLanguage\":\"fr-FR\",\"@id\":\"https:\/\/berrygoodnews.fr\/index.php\/2017\/09\/29\/vierzon-bien-etre-beaute\/#primaryimage\",\"url\":\"https:\/\/i0.wp.com\/berrygoodnews.fr\/wp-content\/uploads\/2017\/09\/bee-2023849_960_720.jpg?fit=903%2C720&ssl=1\",\"contentUrl\":\"https:\/\/i0.wp.com\/berrygoodnews.fr\/wp-content\/uploads\/2017\/09\/bee-2023849_960_720.jpg?fit=903%2C720&ssl=1\",\"width\":903,\"height\":720},{\"@type\":\"BreadcrumbList\",\"@id\":\"https:\/\/berrygoodnews.fr\/index.php\/2017\/09\/29\/vierzon-bien-etre-beaute\/#breadcrumb\",\"itemListElement\":[{\"@type\":\"ListItem\",\"position\":1,\"name\":\"Accueil\",\"item\":\"https:\/\/berrygoodnews.fr\/\"},{\"@type\":\"ListItem\",\"position\":2,\"name\":\"Le Salon Beaut\u00e9 et Bien-\u00eatre \u00e0 Vierzon se d\u00e9roulera le 1er octobre 2017\"}]},{\"@type\":\"WebSite\",\"@id\":\"https:\/\/berrygoodnews.fr\/#website\",\"url\":\"https:\/\/berrygoodnews.fr\/\",\"name\":\"Berry Good News\",\"description\":\"Le Centre En Action\",\"publisher\":{\"@id\":\"https:\/\/berrygoodnews.fr\/#organization\"},\"potentialAction\":[{\"@type\":\"SearchAction\",\"target\":{\"@type\":\"EntryPoint\",\"urlTemplate\":\"https:\/\/berrygoodnews.fr\/?s={search_term_string}\"},\"query-input\":{\"@type\":\"PropertyValueSpecification\",\"valueRequired\":true,\"valueName\":\"search_term_string\"}}],\"inLanguage\":\"fr-FR\"},{\"@type\":\"Organization\",\"@id\":\"https:\/\/berrygoodnews.fr\/#organization\",\"name\":\"Berry Good News\",\"url\":\"https:\/\/berrygoodnews.fr\/\",\"logo\":{\"@type\":\"ImageObject\",\"inLanguage\":\"fr-FR\",\"@id\":\"https:\/\/berrygoodnews.fr\/#\/schema\/logo\/image\/\",\"url\":\"https:\/\/i0.wp.com\/berrygoodnews.fr\/wp-content\/uploads\/2023\/05\/LogoBGNCouleur.png?fit=318%2C181&ssl=1\",\"contentUrl\":\"https:\/\/i0.wp.com\/berrygoodnews.fr\/wp-content\/uploads\/2023\/05\/LogoBGNCouleur.png?fit=318%2C181&ssl=1\",\"width\":318,\"height\":181,\"caption\":\"Berry Good News\"},\"image\":{\"@id\":\"https:\/\/berrygoodnews.fr\/#\/schema\/logo\/image\/\"},\"sameAs\":[\"https:\/\/www.facebook.com\/berrygoodnews\/\",\"https:\/\/www.youtube.com\/channel\/UCdNcluXQMXIRcNvap69zaWg\"]},{\"@type\":\"Person\",\"@id\":\"https:\/\/berrygoodnews.fr\/#\/schema\/person\/6dbdc03bea7806cc92376ffe2fcd047d\",\"name\":\"Berry Good News\",\"image\":{\"@type\":\"ImageObject\",\"inLanguage\":\"fr-FR\",\"@id\":\"https:\/\/berrygoodnews.fr\/#\/schema\/person\/image\/\",\"url\":\"https:\/\/secure.gravatar.com\/avatar\/dc97e2c83b7805754cf833611fb0eaf80fd556a613a9819de1842868762ec883?s=96&d=mm&r=g\",\"contentUrl\":\"https:\/\/secure.gravatar.com\/avatar\/dc97e2c83b7805754cf833611fb0eaf80fd556a613a9819de1842868762ec883?s=96&d=mm&r=g\",\"caption\":\"Berry Good News\"},\"description\":\"Ex-parisienne, qui a choisi de s'installer il y a six ans \u00e0 Vierzon avec une activit\u00e9 de chambres d'h\u00f4tes. J'ai d\u00e9cid\u00e9 de montrer les bonnes initiatives. Je suis tr\u00e8s optimiste car on a beaucoup de talents ici. J'avais envie de changer la vision que certains ont sur la ville.\",\"url\":\"https:\/\/berrygoodnews.fr\/index.php\/author\/hv\/\"}]}<\/script>\n<!-- \/ Yoast SEO plugin. -->","yoast_head_json":{"title":"Le Salon Beaut\u00e9 et Bien-\u00eatre \u00e0 Vierzon se d\u00e9roulera le 1er octobre 2017 - Berry Good News","description":"Le 1er Le 1er Octobre 2017 \u00e0 Vierzon\u00a0 le salon du\u00a0 Bien- \u00eatre et de la beaut\u00e9Le 1er Octobre 2017 \u00e0 Vierzon\u00a0 le salon du\u00a0 Bien- \u00eatre et de la beaut\u00e9e","robots":{"index":"index","follow":"follow","max-snippet":"max-snippet:-1","max-image-preview":"max-image-preview:large","max-video-preview":"max-video-preview:-1"},"canonical":"https:\/\/berrygoodnews.fr\/index.php\/2017\/09\/29\/vierzon-bien-etre-beaute\/","og_locale":"fr_FR","og_type":"article","og_title":"Le Salon Beaut\u00e9 et Bien-\u00eatre \u00e0 Vierzon se d\u00e9roulera le 1er octobre 2017 - Berry Good News","og_description":"Le 1er Le 1er Octobre 2017 \u00e0 Vierzon\u00a0 le salon du\u00a0 Bien- \u00eatre et de la beaut\u00e9Le 1er Octobre 2017 \u00e0 Vierzon\u00a0 le salon du\u00a0 Bien- \u00eatre et de la beaut\u00e9e","og_url":"https:\/\/berrygoodnews.fr\/index.php\/2017\/09\/29\/vierzon-bien-etre-beaute\/","og_site_name":"Berry Good News","article_publisher":"https:\/\/www.facebook.com\/berrygoodnews\/","article_published_time":"2017-09-29T13:33:13+00:00","og_image":[{"width":903,"height":720,"url":"https:\/\/i0.wp.com\/berrygoodnews.fr\/wp-content\/uploads\/2017\/09\/bee-2023849_960_720.jpg?fit=903%2C720&ssl=1","type":"image\/jpeg"}],"author":"Berry Good News","twitter_card":"summary_large_image","twitter_misc":{"\u00c9crit par":"Berry Good News","Dur\u00e9e de lecture estim\u00e9e":"3 minutes"},"schema":{"@context":"https:\/\/schema.org","@graph":[{"@type":"Article","@id":"https:\/\/berrygoodnews.fr\/index.php\/2017\/09\/29\/vierzon-bien-etre-beaute\/#article","isPartOf":{"@id":"https:\/\/berrygoodnews.fr\/index.php\/2017\/09\/29\/vierzon-bien-etre-beaute\/"},"author":{"name":"Berry Good News","@id":"https:\/\/berrygoodnews.fr\/#\/schema\/person\/6dbdc03bea7806cc92376ffe2fcd047d"},"headline":"Le Salon Beaut\u00e9 et Bien-\u00eatre \u00e0 Vierzon se d\u00e9roulera le 1er octobre 2017","datePublished":"2017-09-29T13:33:13+00:00","mainEntityOfPage":{"@id":"https:\/\/berrygoodnews.fr\/index.php\/2017\/09\/29\/vierzon-bien-etre-beaute\/"},"wordCount":522,"commentCount":0,"publisher":{"@id":"https:\/\/berrygoodnews.fr\/#organization"},"image":{"@id":"https:\/\/berrygoodnews.fr\/index.php\/2017\/09\/29\/vierzon-bien-etre-beaute\/#primaryimage"},"thumbnailUrl":"https:\/\/i0.wp.com\/berrygoodnews.fr\/wp-content\/uploads\/2017\/09\/bee-2023849_960_720.jpg?fit=903%2C720&ssl=1","keywords":["abeilles","article berry republicain","berry","Berry Good Vierzon","berry republicain","berrygoodvierzon.fr","bgv","centre","Cher","di\u00e9t\u00e9tique","Eve- Elisabeth Martin","https:\/\/www.open-mag.net","Je Vierzon Positive","region centre","salon","th\u00e9rapie alternative","vierzon","Vierzonitude","vierzonnais","youtube"],"articleSection":["Vierzon et ses Environs","Vivre mieux"],"inLanguage":"fr-FR","potentialAction":[{"@type":"CommentAction","name":"Comment","target":["https:\/\/berrygoodnews.fr\/index.php\/2017\/09\/29\/vierzon-bien-etre-beaute\/#respond"]}]},{"@type":"WebPage","@id":"https:\/\/berrygoodnews.fr\/index.php\/2017\/09\/29\/vierzon-bien-etre-beaute\/","url":"https:\/\/berrygoodnews.fr\/index.php\/2017\/09\/29\/vierzon-bien-etre-beaute\/","name":"Le Salon Beaut\u00e9 et Bien-\u00eatre \u00e0 Vierzon se d\u00e9roulera le 1er octobre 2017 - Berry Good News","isPartOf":{"@id":"https:\/\/berrygoodnews.fr\/#website"},"primaryImageOfPage":{"@id":"https:\/\/berrygoodnews.fr\/index.php\/2017\/09\/29\/vierzon-bien-etre-beaute\/#primaryimage"},"image":{"@id":"https:\/\/berrygoodnews.fr\/index.php\/2017\/09\/29\/vierzon-bien-etre-beaute\/#primaryimage"},"thumbnailUrl":"https:\/\/i0.wp.com\/berrygoodnews.fr\/wp-content\/uploads\/2017\/09\/bee-2023849_960_720.jpg?fit=903%2C720&ssl=1","datePublished":"2017-09-29T13:33:13+00:00","description":"Le 1er Le 1er Octobre 2017 \u00e0 Vierzon\u00a0 le salon du\u00a0 Bien- \u00eatre et de la beaut\u00e9Le 1er Octobre 2017 \u00e0 Vierzon\u00a0 le salon du\u00a0 Bien- \u00eatre et de la beaut\u00e9e","breadcrumb":{"@id":"https:\/\/berrygoodnews.fr\/index.php\/2017\/09\/29\/vierzon-bien-etre-beaute\/#breadcrumb"},"inLanguage":"fr-FR","potentialAction":[{"@type":"ReadAction","target":["https:\/\/berrygoodnews.fr\/index.php\/2017\/09\/29\/vierzon-bien-etre-beaute\/"]}]},{"@type":"ImageObject","inLanguage":"fr-FR","@id":"https:\/\/berrygoodnews.fr\/index.php\/2017\/09\/29\/vierzon-bien-etre-beaute\/#primaryimage","url":"https:\/\/i0.wp.com\/berrygoodnews.fr\/wp-content\/uploads\/2017\/09\/bee-2023849_960_720.jpg?fit=903%2C720&ssl=1","contentUrl":"https:\/\/i0.wp.com\/berrygoodnews.fr\/wp-content\/uploads\/2017\/09\/bee-2023849_960_720.jpg?fit=903%2C720&ssl=1","width":903,"height":720},{"@type":"BreadcrumbList","@id":"https:\/\/berrygoodnews.fr\/index.php\/2017\/09\/29\/vierzon-bien-etre-beaute\/#breadcrumb","itemListElement":[{"@type":"ListItem","position":1,"name":"Accueil","item":"https:\/\/berrygoodnews.fr\/"},{"@type":"ListItem","position":2,"name":"Le Salon Beaut\u00e9 et Bien-\u00eatre \u00e0 Vierzon se d\u00e9roulera le 1er octobre 2017"}]},{"@type":"WebSite","@id":"https:\/\/berrygoodnews.fr\/#website","url":"https:\/\/berrygoodnews.fr\/","name":"Berry Good News","description":"Le Centre En Action","publisher":{"@id":"https:\/\/berrygoodnews.fr\/#organization"},"potentialAction":[{"@type":"SearchAction","target":{"@type":"EntryPoint","urlTemplate":"https:\/\/berrygoodnews.fr\/?s={search_term_string}"},"query-input":{"@type":"PropertyValueSpecification","valueRequired":true,"valueName":"search_term_string"}}],"inLanguage":"fr-FR"},{"@type":"Organization","@id":"https:\/\/berrygoodnews.fr\/#organization","name":"Berry Good News","url":"https:\/\/berrygoodnews.fr\/","logo":{"@type":"ImageObject","inLanguage":"fr-FR","@id":"https:\/\/berrygoodnews.fr\/#\/schema\/logo\/image\/","url":"https:\/\/i0.wp.com\/berrygoodnews.fr\/wp-content\/uploads\/2023\/05\/LogoBGNCouleur.png?fit=318%2C181&ssl=1","contentUrl":"https:\/\/i0.wp.com\/berrygoodnews.fr\/wp-content\/uploads\/2023\/05\/LogoBGNCouleur.png?fit=318%2C181&ssl=1","width":318,"height":181,"caption":"Berry Good News"},"image":{"@id":"https:\/\/berrygoodnews.fr\/#\/schema\/logo\/image\/"},"sameAs":["https:\/\/www.facebook.com\/berrygoodnews\/","https:\/\/www.youtube.com\/channel\/UCdNcluXQMXIRcNvap69zaWg"]},{"@type":"Person","@id":"https:\/\/berrygoodnews.fr\/#\/schema\/person\/6dbdc03bea7806cc92376ffe2fcd047d","name":"Berry Good News","image":{"@type":"ImageObject","inLanguage":"fr-FR","@id":"https:\/\/berrygoodnews.fr\/#\/schema\/person\/image\/","url":"https:\/\/secure.gravatar.com\/avatar\/dc97e2c83b7805754cf833611fb0eaf80fd556a613a9819de1842868762ec883?s=96&d=mm&r=g","contentUrl":"https:\/\/secure.gravatar.com\/avatar\/dc97e2c83b7805754cf833611fb0eaf80fd556a613a9819de1842868762ec883?s=96&d=mm&r=g","caption":"Berry Good News"},"description":"Ex-parisienne, qui a choisi de s'installer il y a six ans \u00e0 Vierzon avec une activit\u00e9 de chambres d'h\u00f4tes. J'ai d\u00e9cid\u00e9 de montrer les bonnes initiatives. Je suis tr\u00e8s optimiste car on a beaucoup de talents ici. J'avais envie de changer la vision que certains ont sur la ville.","url":"https:\/\/berrygoodnews.fr\/index.php\/author\/hv\/"}]}},"jetpack_publicize_connections":[],"jetpack_featured_media_url":"https:\/\/i0.wp.com\/berrygoodnews.fr\/wp-content\/uploads\/2017\/09\/bee-2023849_960_720.jpg?fit=903%2C720&ssl=1","jetpack_shortlink":"https:\/\/wp.me\/paGqD8-va","jetpack-related-posts":[],"jetpack_sharing_enabled":true,"_links":{"self":[{"href":"https:\/\/berrygoodnews.fr\/index.php\/wp-json\/wp\/v2\/posts\/1932","targetHints":{"allow":["GET"]}}],"collection":[{"href":"https:\/\/berrygoodnews.fr\/index.php\/wp-json\/wp\/v2\/posts"}],"about":[{"href":"https:\/\/berrygoodnews.fr\/index.php\/wp-json\/wp\/v2\/types\/post"}],"author":[{"embeddable":true,"href":"https:\/\/berrygoodnews.fr\/index.php\/wp-json\/wp\/v2\/users\/2"}],"replies":[{"embeddable":true,"href":"https:\/\/berrygoodnews.fr\/index.php\/wp-json\/wp\/v2\/comments?post=1932"}],"version-history":[{"count":0,"href":"https:\/\/berrygoodnews.fr\/index.php\/wp-json\/wp\/v2\/posts\/1932\/revisions"}],"wp:featuredmedia":[{"embeddable":true,"href":"https:\/\/berrygoodnews.fr\/index.php\/wp-json\/wp\/v2\/media\/1935"}],"wp:attachment":[{"href":"https:\/\/berrygoodnews.fr\/index.php\/wp-json\/wp\/v2\/media?parent=1932"}],"wp:term":[{"taxonomy":"category","embeddable":true,"href":"https:\/\/berrygoodnews.fr\/index.php\/wp-json\/wp\/v2\/categories?post=1932"},{"taxonomy":"post_tag","embeddable":true,"href":"https:\/\/berrygoodnews.fr\/index.php\/wp-json\/wp\/v2\/tags?post=1932"},{"taxonomy":"post_format","embeddable":true,"href":"https:\/\/berrygoodnews.fr\/index.php\/wp-json\/wp\/v2\/post_format?post=1932"},{"taxonomy":"flags","embeddable":true,"href":"https:\/\/berrygoodnews.fr\/index.php\/wp-json\/wp\/v2\/flags?post=1932"}],"curies":[{"name":"wp","href":"https:\/\/api.w.org\/{rel}","templated":true}]}}