{"id":14863,"date":"2026-09-05T01:08:02","date_gmt":"2026-09-04T23:08:02","guid":{"rendered":"https:\/\/berrygoodnews.fr\/?p=14863"},"modified":"2026-09-05T01:14:22","modified_gmt":"2026-09-04T23:14:22","slug":"message-personnel-de-gersende","status":"publish","type":"post","link":"https:\/\/berrygoodnews.fr\/index.php\/2026\/09\/05\/message-personnel-de-gersende\/","title":{"rendered":"\u00ab\u00a0Message personnel\u00a0\u00bb de Gersende"},"content":{"rendered":"\n<p>Coucou tout le monde,<br>\u00c7a y est, le grand jour est arriv\u00e9 ! Comme beaucoup d&rsquo;entre vous le savent, tout a commenc\u00e9 il y a quelques ann\u00e9es avec The Voice Kids, o\u00f9 j&rsquo;avais chant\u00e9 un chant traditionnel chinois \u2014 une aventure qui a chang\u00e9 ma vie et qui m&rsquo;a donn\u00e9 le courage de continuer \u00e0 chanter, \u00e0 r\u00eaver, et \u00e0 croire en moi.<\/p>\n\n\n\n<figure class=\"wp-block-image size-large\"><img loading=\"lazy\" decoding=\"async\" width=\"1024\" height=\"586\" src=\"https:\/\/berrygoodnews.fr\/wp-content\/uploads\/2026\/09\/The-Voice-Kids-1024x586.png\" alt=\"\" class=\"wp-image-14864\" srcset=\"https:\/\/berrygoodnews.fr\/wp-content\/uploads\/2026\/09\/The-Voice-Kids-1024x586.png 1024w, https:\/\/berrygoodnews.fr\/wp-content\/uploads\/2026\/09\/The-Voice-Kids-300x172.png 300w, https:\/\/berrygoodnews.fr\/wp-content\/uploads\/2026\/09\/The-Voice-Kids-768x439.png 768w, https:\/\/berrygoodnews.fr\/wp-content\/uploads\/2026\/09\/The-Voice-Kids-406x233.png 406w, https:\/\/berrygoodnews.fr\/wp-content\/uploads\/2026\/09\/The-Voice-Kids.png 1131w\" sizes=\"auto, (max-width: 1024px) 100vw, 1024px\" \/><\/figure>\n\n\n\n<p><br>Aujourd&rsquo;hui, je m&rsquo;appr\u00eate \u00e0 quitter mon Berry natal, ma ch\u00e8re Vierzon, pour un an entier direction Shanghai ! Je pars apprendre le chinois, d\u00e9couvrir une culture incroyablement riche, et j&rsquo;esp\u00e8re faire de tr\u00e8s belles rencontres artistiques l\u00e0-bas, dans la continuit\u00e9 de mon parcours dans les \u00e9changes culturels sino-fran\u00e7ais.<\/p>\n\n\n<div class=\"wp-block-image\">\n<figure class=\"aligncenter size-large is-resized\"><img loading=\"lazy\" decoding=\"async\" width=\"819\" height=\"1024\" src=\"https:\/\/berrygoodnews.fr\/wp-content\/uploads\/2026\/09\/Nouveau-projet-59-819x1024.png\" alt=\"\" class=\"wp-image-14865\" style=\"aspect-ratio:0.7998167086709296;width:375px;height:auto\" srcset=\"https:\/\/berrygoodnews.fr\/wp-content\/uploads\/2026\/09\/Nouveau-projet-59-819x1024.png 819w, https:\/\/berrygoodnews.fr\/wp-content\/uploads\/2026\/09\/Nouveau-projet-59-240x300.png 240w, https:\/\/berrygoodnews.fr\/wp-content\/uploads\/2026\/09\/Nouveau-projet-59-768x960.png 768w, https:\/\/berrygoodnews.fr\/wp-content\/uploads\/2026\/09\/Nouveau-projet-59.png 1080w\" sizes=\"auto, (max-width: 819px) 100vw, 819px\" \/><\/figure>\n<\/div>\n\n\n<p><br>C&rsquo;est un peu \u00e9trange d&rsquo;\u00e9crire ces lignes. Tellement de souvenirs me reviennent : les premi\u00e8res sc\u00e8nes, vos messages d&rsquo;encouragement, votre fid\u00e9lit\u00e9 depuis toutes ces ann\u00e9es. Vous avez \u00e9t\u00e9 \u00e0 mes c\u00f4t\u00e9s \u00e0 chaque \u00e9tape, et \u00e7a compte \u00e9norm\u00e9ment pour moi.<\/p>\n\n\n\n<figure class=\"wp-block-image size-large\"><img loading=\"lazy\" decoding=\"async\" width=\"1024\" height=\"687\" src=\"https:\/\/berrygoodnews.fr\/wp-content\/uploads\/2026\/09\/jap-3-1024x687.jpeg\" alt=\"\" class=\"wp-image-14866\" srcset=\"https:\/\/berrygoodnews.fr\/wp-content\/uploads\/2026\/09\/jap-3-1024x687.jpeg 1024w, https:\/\/berrygoodnews.fr\/wp-content\/uploads\/2026\/09\/jap-3-300x201.jpeg 300w, https:\/\/berrygoodnews.fr\/wp-content\/uploads\/2026\/09\/jap-3-768x515.jpeg 768w, https:\/\/berrygoodnews.fr\/wp-content\/uploads\/2026\/09\/jap-3.jpeg 1496w\" sizes=\"auto, (max-width: 1024px) 100vw, 1024px\" \/><\/figure>\n\n\n\n<p><br>Je pars la t\u00eate pleine de projets et le c\u0153ur un peu serr\u00e9 de vous laisser, m\u00eame pour un temps. Mais je vous promets de vous raconter mes aventures chinoises d\u00e8s que possible, et qui sait, peut-\u00eatre reviendrai-je avec de nouvelles chansons inspir\u00e9es de ce voyage !<\/p>\n\n\n<div class=\"wp-block-image\">\n<figure class=\"aligncenter size-full is-resized\"><img loading=\"lazy\" decoding=\"async\" width=\"1024\" height=\"740\" src=\"https:\/\/berrygoodnews.fr\/wp-content\/uploads\/2026\/09\/Gemini-7.jpg\" alt=\"Gersende festival vent de chine 2026 \u00e0 Coutances\" class=\"wp-image-14867\" style=\"aspect-ratio:1.3838086344371812;width:760px;height:auto\" srcset=\"https:\/\/berrygoodnews.fr\/wp-content\/uploads\/2026\/09\/Gemini-7.jpg 1024w, https:\/\/berrygoodnews.fr\/wp-content\/uploads\/2026\/09\/Gemini-7-300x217.jpg 300w, https:\/\/berrygoodnews.fr\/wp-content\/uploads\/2026\/09\/Gemini-7-768x555.jpg 768w, https:\/\/berrygoodnews.fr\/wp-content\/uploads\/2026\/09\/Gemini-7-104x74.jpg 104w\" sizes=\"auto, (max-width: 1024px) 100vw, 1024px\" \/><figcaption class=\"wp-element-caption\">Gersende festival vent de chine 2026 \u00e0 Coutances<\/figcaption><\/figure>\n<\/div>\n\n\n<p><br>Pour clore ce petit mot avant mon d\u00e9part, je voulais partager avec vous une chanson mongole devenue immens\u00e9ment populaire en Chine : \u00ab\u00a0Nuit \u00e0 Oulan-Bator\u00a0\u00bb. Une m\u00e9lodie magnifique, pleine d&rsquo;\u00e9motion, qui donne un bel aper\u00e7u de ce que je vais d\u00e9couvrir l\u00e0-bas.<\/p>\n\n\n\n<figure class=\"wp-block-embed is-type-video is-provider-youtube wp-block-embed-youtube wp-embed-aspect-16-9 wp-has-aspect-ratio\"><div class=\"wp-block-embed__wrapper\">\n<iframe loading=\"lazy\" title=\"Nuit \u00e0 Oulan Bator (\u4e4c\u5170\u5df4\u6258\u7684\u591c) \u2014 Gersende reprend ce classique mongol bouleversant +++\" width=\"850\" height=\"478\" src=\"https:\/\/www.youtube.com\/embed\/MoWrxtGgn78?feature=oembed\" frameborder=\"0\" allow=\"accelerometer; autoplay; clipboard-write; encrypted-media; gyroscope; picture-in-picture; web-share\" referrerpolicy=\"strict-origin-when-cross-origin\" allowfullscreen><\/iframe>\n<\/div><\/figure>\n\n\n\n<p><br>Merci \u00e0 vous, fid\u00e8les lecteurs et lectrices de Berry Good News, merci \u00e0 tous mes fans qui me suivent depuis le d\u00e9but. Vous allez me manquer !<br>Z\u00e0i ji\u00e0n (\u518d\u89c1), \u00e0 bient\u00f4t !<br>Avec tout mon c\u0153ur,<br>Gersende<\/p>\n\n\n<div class=\"wp-block-image\">\n<figure class=\"aligncenter size-large is-resized\"><img loading=\"lazy\" decoding=\"async\" width=\"683\" height=\"1024\" src=\"https:\/\/berrygoodnews.fr\/wp-content\/uploads\/2026\/09\/bbdab3a5-af24-4674-88fe-d6fe9ca35f54-683x1024.jpg\" alt=\"Gersende chanteuse et mannequin\" class=\"wp-image-14868\" style=\"width:293px;height:auto\" srcset=\"https:\/\/berrygoodnews.fr\/wp-content\/uploads\/2026\/09\/bbdab3a5-af24-4674-88fe-d6fe9ca35f54-683x1024.jpg 683w, https:\/\/berrygoodnews.fr\/wp-content\/uploads\/2026\/09\/bbdab3a5-af24-4674-88fe-d6fe9ca35f54-200x300.jpg 200w, https:\/\/berrygoodnews.fr\/wp-content\/uploads\/2026\/09\/bbdab3a5-af24-4674-88fe-d6fe9ca35f54-768x1151.jpg 768w, https:\/\/berrygoodnews.fr\/wp-content\/uploads\/2026\/09\/bbdab3a5-af24-4674-88fe-d6fe9ca35f54-1025x1536.jpg 1025w, https:\/\/berrygoodnews.fr\/wp-content\/uploads\/2026\/09\/bbdab3a5-af24-4674-88fe-d6fe9ca35f54.jpg 1366w\" sizes=\"auto, (max-width: 683px) 100vw, 683px\" \/><figcaption class=\"wp-element-caption\">Gersende chanteuse et mannequin<\/figcaption><\/figure>\n<\/div>","protected":false},"excerpt":{"rendered":"<p>Coucou tout le monde,\u00c7a y est, le grand jour est arriv\u00e9 ! Comme beaucoup d&rsquo;entre vous le savent, tout a commenc\u00e9 il y a quelques ann\u00e9es avec The Voice Kids, o\u00f9 j&rsquo;avais chant\u00e9 un chant traditionnel chinois \u2014 une aventure qui a chang\u00e9 ma vie et qui m&rsquo;a donn\u00e9 le courage de continuer \u00e0 chanter, &hellip;<\/p>\n","protected":false},"author":2,"featured_media":14871,"comment_status":"open","ping_status":"open","sticky":false,"template":"","format":"standard","meta":{"footnotes":""},"categories":[39,14],"tags":[],"post_format":[],"flags":[],"class_list":["post-14863","post","type-post","status-publish","format-standard","has-post-thumbnail","hentry","category-national","category-vierzon-et-ses-environs"],"yoast_head":"<!-- This site is optimized with the Yoast SEO plugin v27.6 - https:\/\/yoast.com\/product\/yoast-seo-wordpress\/ -->\n<title>&quot;Message personnel&quot; de Gersende - Berry Good News<\/title>\n<meta name=\"robots\" content=\"index, follow, max-snippet:-1, max-image-preview:large, max-video-preview:-1\" \/>\n<link rel=\"canonical\" href=\"https:\/\/berrygoodnews.fr\/index.php\/2026\/09\/05\/message-personnel-de-gersende\/\" \/>\n<meta property=\"og:locale\" content=\"fr_FR\" \/>\n<meta property=\"og:type\" content=\"article\" \/>\n<meta property=\"og:title\" content=\"&quot;Message personnel&quot; de Gersende - Berry Good News\" \/>\n<meta property=\"og:description\" content=\"Coucou tout le monde,\u00c7a y est, le grand jour est arriv\u00e9 ! Comme beaucoup d&rsquo;entre vous le savent, tout a commenc\u00e9 il y a quelques ann\u00e9es avec The Voice Kids, o\u00f9 j&rsquo;avais chant\u00e9 un chant traditionnel chinois \u2014 une aventure qui a chang\u00e9 ma vie et qui m&rsquo;a donn\u00e9 le courage de continuer \u00e0 chanter, &hellip;\" \/>\n<meta property=\"og:url\" content=\"https:\/\/berrygoodnews.fr\/index.php\/2026\/09\/05\/message-personnel-de-gersende\/\" \/>\n<meta property=\"og:site_name\" content=\"Berry Good News\" \/>\n<meta property=\"article:publisher\" content=\"https:\/\/www.facebook.com\/berrygoodnews\/\" \/>\n<meta property=\"article:published_time\" content=\"2026-09-04T23:08:02+00:00\" \/>\n<meta property=\"article:modified_time\" content=\"2026-09-04T23:14:22+00:00\" \/>\n<meta property=\"og:image\" content=\"https:\/\/berrygoodnews.fr\/wp-content\/uploads\/2026\/09\/1.jpeg\" \/>\n\t<meta property=\"og:image:width\" content=\"1284\" \/>\n\t<meta property=\"og:image:height\" content=\"1662\" \/>\n\t<meta property=\"og:image:type\" content=\"image\/jpeg\" \/>\n<meta name=\"author\" content=\"Berry Good News\" \/>\n<meta name=\"twitter:card\" content=\"summary_large_image\" \/>\n<meta name=\"twitter:label1\" content=\"\u00c9crit par\" \/>\n\t<meta name=\"twitter:data1\" content=\"Berry Good News\" \/>\n\t<meta name=\"twitter:label2\" content=\"Dur\u00e9e de lecture estim\u00e9e\" \/>\n\t<meta name=\"twitter:data2\" content=\"3 minutes\" \/>\n<script type=\"application\/ld+json\" class=\"yoast-schema-graph\">{\"@context\":\"https:\\\/\\\/schema.org\",\"@graph\":[{\"@type\":\"Article\",\"@id\":\"https:\\\/\\\/berrygoodnews.fr\\\/index.php\\\/2026\\\/09\\\/05\\\/message-personnel-de-gersende\\\/#article\",\"isPartOf\":{\"@id\":\"https:\\\/\\\/berrygoodnews.fr\\\/index.php\\\/2026\\\/09\\\/05\\\/message-personnel-de-gersende\\\/\"},\"author\":{\"name\":\"Berry Good News\",\"@id\":\"https:\\\/\\\/berrygoodnews.fr\\\/#\\\/schema\\\/person\\\/6dbdc03bea7806cc92376ffe2fcd047d\"},\"headline\":\"\u00ab\u00a0Message personnel\u00a0\u00bb de Gersende\",\"datePublished\":\"2026-09-04T23:08:02+00:00\",\"dateModified\":\"2026-09-04T23:14:22+00:00\",\"mainEntityOfPage\":{\"@id\":\"https:\\\/\\\/berrygoodnews.fr\\\/index.php\\\/2026\\\/09\\\/05\\\/message-personnel-de-gersende\\\/\"},\"wordCount\":321,\"commentCount\":0,\"publisher\":{\"@id\":\"https:\\\/\\\/berrygoodnews.fr\\\/#organization\"},\"image\":{\"@id\":\"https:\\\/\\\/berrygoodnews.fr\\\/index.php\\\/2026\\\/09\\\/05\\\/message-personnel-de-gersende\\\/#primaryimage\"},\"thumbnailUrl\":\"https:\\\/\\\/berrygoodnews.fr\\\/wp-content\\\/uploads\\\/2026\\\/09\\\/1.jpeg\",\"articleSection\":[\"National\",\"Vierzon et ses Environs\"],\"inLanguage\":\"fr-FR\",\"potentialAction\":[{\"@type\":\"CommentAction\",\"name\":\"Comment\",\"target\":[\"https:\\\/\\\/berrygoodnews.fr\\\/index.php\\\/2026\\\/09\\\/05\\\/message-personnel-de-gersende\\\/#respond\"]}]},{\"@type\":\"WebPage\",\"@id\":\"https:\\\/\\\/berrygoodnews.fr\\\/index.php\\\/2026\\\/09\\\/05\\\/message-personnel-de-gersende\\\/\",\"url\":\"https:\\\/\\\/berrygoodnews.fr\\\/index.php\\\/2026\\\/09\\\/05\\\/message-personnel-de-gersende\\\/\",\"name\":\"\\\"Message personnel\\\" de Gersende - Berry Good News\",\"isPartOf\":{\"@id\":\"https:\\\/\\\/berrygoodnews.fr\\\/#website\"},\"primaryImageOfPage\":{\"@id\":\"https:\\\/\\\/berrygoodnews.fr\\\/index.php\\\/2026\\\/09\\\/05\\\/message-personnel-de-gersende\\\/#primaryimage\"},\"image\":{\"@id\":\"https:\\\/\\\/berrygoodnews.fr\\\/index.php\\\/2026\\\/09\\\/05\\\/message-personnel-de-gersende\\\/#primaryimage\"},\"thumbnailUrl\":\"https:\\\/\\\/berrygoodnews.fr\\\/wp-content\\\/uploads\\\/2026\\\/09\\\/1.jpeg\",\"datePublished\":\"2026-09-04T23:08:02+00:00\",\"dateModified\":\"2026-09-04T23:14:22+00:00\",\"breadcrumb\":{\"@id\":\"https:\\\/\\\/berrygoodnews.fr\\\/index.php\\\/2026\\\/09\\\/05\\\/message-personnel-de-gersende\\\/#breadcrumb\"},\"inLanguage\":\"fr-FR\",\"potentialAction\":[{\"@type\":\"ReadAction\",\"target\":[\"https:\\\/\\\/berrygoodnews.fr\\\/index.php\\\/2026\\\/09\\\/05\\\/message-personnel-de-gersende\\\/\"]}]},{\"@type\":\"ImageObject\",\"inLanguage\":\"fr-FR\",\"@id\":\"https:\\\/\\\/berrygoodnews.fr\\\/index.php\\\/2026\\\/09\\\/05\\\/message-personnel-de-gersende\\\/#primaryimage\",\"url\":\"https:\\\/\\\/berrygoodnews.fr\\\/wp-content\\\/uploads\\\/2026\\\/09\\\/1.jpeg\",\"contentUrl\":\"https:\\\/\\\/berrygoodnews.fr\\\/wp-content\\\/uploads\\\/2026\\\/09\\\/1.jpeg\",\"width\":1284,\"height\":1662,\"caption\":\"Gersende chanteuse et mannequin\"},{\"@type\":\"BreadcrumbList\",\"@id\":\"https:\\\/\\\/berrygoodnews.fr\\\/index.php\\\/2026\\\/09\\\/05\\\/message-personnel-de-gersende\\\/#breadcrumb\",\"itemListElement\":[{\"@type\":\"ListItem\",\"position\":1,\"name\":\"Accueil\",\"item\":\"https:\\\/\\\/berrygoodnews.fr\\\/\"},{\"@type\":\"ListItem\",\"position\":2,\"name\":\"\u00ab\u00a0Message personnel\u00a0\u00bb de Gersende\"}]},{\"@type\":\"WebSite\",\"@id\":\"https:\\\/\\\/berrygoodnews.fr\\\/#website\",\"url\":\"https:\\\/\\\/berrygoodnews.fr\\\/\",\"name\":\"Berry Good News\",\"description\":\"Le Centre En Action\",\"publisher\":{\"@id\":\"https:\\\/\\\/berrygoodnews.fr\\\/#organization\"},\"potentialAction\":[{\"@type\":\"SearchAction\",\"target\":{\"@type\":\"EntryPoint\",\"urlTemplate\":\"https:\\\/\\\/berrygoodnews.fr\\\/?s={search_term_string}\"},\"query-input\":{\"@type\":\"PropertyValueSpecification\",\"valueRequired\":true,\"valueName\":\"search_term_string\"}}],\"inLanguage\":\"fr-FR\"},{\"@type\":\"Organization\",\"@id\":\"https:\\\/\\\/berrygoodnews.fr\\\/#organization\",\"name\":\"Berry Good News\",\"url\":\"https:\\\/\\\/berrygoodnews.fr\\\/\",\"logo\":{\"@type\":\"ImageObject\",\"inLanguage\":\"fr-FR\",\"@id\":\"https:\\\/\\\/berrygoodnews.fr\\\/#\\\/schema\\\/logo\\\/image\\\/\",\"url\":\"https:\\\/\\\/i0.wp.com\\\/berrygoodnews.fr\\\/wp-content\\\/uploads\\\/2023\\\/05\\\/LogoBGNCouleur.png?fit=318%2C181&ssl=1\",\"contentUrl\":\"https:\\\/\\\/i0.wp.com\\\/berrygoodnews.fr\\\/wp-content\\\/uploads\\\/2023\\\/05\\\/LogoBGNCouleur.png?fit=318%2C181&ssl=1\",\"width\":318,\"height\":181,\"caption\":\"Berry Good News\"},\"image\":{\"@id\":\"https:\\\/\\\/berrygoodnews.fr\\\/#\\\/schema\\\/logo\\\/image\\\/\"},\"sameAs\":[\"https:\\\/\\\/www.facebook.com\\\/berrygoodnews\\\/\",\"https:\\\/\\\/www.youtube.com\\\/channel\\\/UCdNcluXQMXIRcNvap69zaWg\"]},{\"@type\":\"Person\",\"@id\":\"https:\\\/\\\/berrygoodnews.fr\\\/#\\\/schema\\\/person\\\/6dbdc03bea7806cc92376ffe2fcd047d\",\"name\":\"Berry Good News\",\"image\":{\"@type\":\"ImageObject\",\"inLanguage\":\"fr-FR\",\"@id\":\"https:\\\/\\\/secure.gravatar.com\\\/avatar\\\/dc97e2c83b7805754cf833611fb0eaf80fd556a613a9819de1842868762ec883?s=96&d=mm&r=g\",\"url\":\"https:\\\/\\\/secure.gravatar.com\\\/avatar\\\/dc97e2c83b7805754cf833611fb0eaf80fd556a613a9819de1842868762ec883?s=96&d=mm&r=g\",\"contentUrl\":\"https:\\\/\\\/secure.gravatar.com\\\/avatar\\\/dc97e2c83b7805754cf833611fb0eaf80fd556a613a9819de1842868762ec883?s=96&d=mm&r=g\",\"caption\":\"Berry Good News\"},\"description\":\"Ex-parisienne, qui a choisi de s'installer il y a six ans \u00e0 Vierzon avec une activit\u00e9 de chambres d'h\u00f4tes. J'ai d\u00e9cid\u00e9 de montrer les bonnes initiatives. Je suis tr\u00e8s optimiste car on a beaucoup de talents ici. J'avais envie de changer la vision que certains ont sur la ville.\",\"url\":\"https:\\\/\\\/berrygoodnews.fr\\\/index.php\\\/author\\\/hv\\\/\"}]}<\/script>\n<!-- \/ Yoast SEO plugin. -->","yoast_head_json":{"title":"\"Message personnel\" de Gersende - Berry Good News","robots":{"index":"index","follow":"follow","max-snippet":"max-snippet:-1","max-image-preview":"max-image-preview:large","max-video-preview":"max-video-preview:-1"},"canonical":"https:\/\/berrygoodnews.fr\/index.php\/2026\/09\/05\/message-personnel-de-gersende\/","og_locale":"fr_FR","og_type":"article","og_title":"\"Message personnel\" de Gersende - Berry Good News","og_description":"Coucou tout le monde,\u00c7a y est, le grand jour est arriv\u00e9 ! Comme beaucoup d&rsquo;entre vous le savent, tout a commenc\u00e9 il y a quelques ann\u00e9es avec The Voice Kids, o\u00f9 j&rsquo;avais chant\u00e9 un chant traditionnel chinois \u2014 une aventure qui a chang\u00e9 ma vie et qui m&rsquo;a donn\u00e9 le courage de continuer \u00e0 chanter, &hellip;","og_url":"https:\/\/berrygoodnews.fr\/index.php\/2026\/09\/05\/message-personnel-de-gersende\/","og_site_name":"Berry Good News","article_publisher":"https:\/\/www.facebook.com\/berrygoodnews\/","article_published_time":"2026-09-04T23:08:02+00:00","article_modified_time":"2026-09-04T23:14:22+00:00","og_image":[{"width":1284,"height":1662,"url":"https:\/\/berrygoodnews.fr\/wp-content\/uploads\/2026\/09\/1.jpeg","type":"image\/jpeg"}],"author":"Berry Good News","twitter_card":"summary_large_image","twitter_misc":{"\u00c9crit par":"Berry Good News","Dur\u00e9e de lecture estim\u00e9e":"3 minutes"},"schema":{"@context":"https:\/\/schema.org","@graph":[{"@type":"Article","@id":"https:\/\/berrygoodnews.fr\/index.php\/2026\/09\/05\/message-personnel-de-gersende\/#article","isPartOf":{"@id":"https:\/\/berrygoodnews.fr\/index.php\/2026\/09\/05\/message-personnel-de-gersende\/"},"author":{"name":"Berry Good News","@id":"https:\/\/berrygoodnews.fr\/#\/schema\/person\/6dbdc03bea7806cc92376ffe2fcd047d"},"headline":"\u00ab\u00a0Message personnel\u00a0\u00bb de Gersende","datePublished":"2026-09-04T23:08:02+00:00","dateModified":"2026-09-04T23:14:22+00:00","mainEntityOfPage":{"@id":"https:\/\/berrygoodnews.fr\/index.php\/2026\/09\/05\/message-personnel-de-gersende\/"},"wordCount":321,"commentCount":0,"publisher":{"@id":"https:\/\/berrygoodnews.fr\/#organization"},"image":{"@id":"https:\/\/berrygoodnews.fr\/index.php\/2026\/09\/05\/message-personnel-de-gersende\/#primaryimage"},"thumbnailUrl":"https:\/\/berrygoodnews.fr\/wp-content\/uploads\/2026\/09\/1.jpeg","articleSection":["National","Vierzon et ses Environs"],"inLanguage":"fr-FR","potentialAction":[{"@type":"CommentAction","name":"Comment","target":["https:\/\/berrygoodnews.fr\/index.php\/2026\/09\/05\/message-personnel-de-gersende\/#respond"]}]},{"@type":"WebPage","@id":"https:\/\/berrygoodnews.fr\/index.php\/2026\/09\/05\/message-personnel-de-gersende\/","url":"https:\/\/berrygoodnews.fr\/index.php\/2026\/09\/05\/message-personnel-de-gersende\/","name":"\"Message personnel\" de Gersende - Berry Good News","isPartOf":{"@id":"https:\/\/berrygoodnews.fr\/#website"},"primaryImageOfPage":{"@id":"https:\/\/berrygoodnews.fr\/index.php\/2026\/09\/05\/message-personnel-de-gersende\/#primaryimage"},"image":{"@id":"https:\/\/berrygoodnews.fr\/index.php\/2026\/09\/05\/message-personnel-de-gersende\/#primaryimage"},"thumbnailUrl":"https:\/\/berrygoodnews.fr\/wp-content\/uploads\/2026\/09\/1.jpeg","datePublished":"2026-09-04T23:08:02+00:00","dateModified":"2026-09-04T23:14:22+00:00","breadcrumb":{"@id":"https:\/\/berrygoodnews.fr\/index.php\/2026\/09\/05\/message-personnel-de-gersende\/#breadcrumb"},"inLanguage":"fr-FR","potentialAction":[{"@type":"ReadAction","target":["https:\/\/berrygoodnews.fr\/index.php\/2026\/09\/05\/message-personnel-de-gersende\/"]}]},{"@type":"ImageObject","inLanguage":"fr-FR","@id":"https:\/\/berrygoodnews.fr\/index.php\/2026\/09\/05\/message-personnel-de-gersende\/#primaryimage","url":"https:\/\/berrygoodnews.fr\/wp-content\/uploads\/2026\/09\/1.jpeg","contentUrl":"https:\/\/berrygoodnews.fr\/wp-content\/uploads\/2026\/09\/1.jpeg","width":1284,"height":1662,"caption":"Gersende chanteuse et mannequin"},{"@type":"BreadcrumbList","@id":"https:\/\/berrygoodnews.fr\/index.php\/2026\/09\/05\/message-personnel-de-gersende\/#breadcrumb","itemListElement":[{"@type":"ListItem","position":1,"name":"Accueil","item":"https:\/\/berrygoodnews.fr\/"},{"@type":"ListItem","position":2,"name":"\u00ab\u00a0Message personnel\u00a0\u00bb de Gersende"}]},{"@type":"WebSite","@id":"https:\/\/berrygoodnews.fr\/#website","url":"https:\/\/berrygoodnews.fr\/","name":"Berry Good News","description":"Le Centre En Action","publisher":{"@id":"https:\/\/berrygoodnews.fr\/#organization"},"potentialAction":[{"@type":"SearchAction","target":{"@type":"EntryPoint","urlTemplate":"https:\/\/berrygoodnews.fr\/?s={search_term_string}"},"query-input":{"@type":"PropertyValueSpecification","valueRequired":true,"valueName":"search_term_string"}}],"inLanguage":"fr-FR"},{"@type":"Organization","@id":"https:\/\/berrygoodnews.fr\/#organization","name":"Berry Good News","url":"https:\/\/berrygoodnews.fr\/","logo":{"@type":"ImageObject","inLanguage":"fr-FR","@id":"https:\/\/berrygoodnews.fr\/#\/schema\/logo\/image\/","url":"https:\/\/i0.wp.com\/berrygoodnews.fr\/wp-content\/uploads\/2023\/05\/LogoBGNCouleur.png?fit=318%2C181&ssl=1","contentUrl":"https:\/\/i0.wp.com\/berrygoodnews.fr\/wp-content\/uploads\/2023\/05\/LogoBGNCouleur.png?fit=318%2C181&ssl=1","width":318,"height":181,"caption":"Berry Good News"},"image":{"@id":"https:\/\/berrygoodnews.fr\/#\/schema\/logo\/image\/"},"sameAs":["https:\/\/www.facebook.com\/berrygoodnews\/","https:\/\/www.youtube.com\/channel\/UCdNcluXQMXIRcNvap69zaWg"]},{"@type":"Person","@id":"https:\/\/berrygoodnews.fr\/#\/schema\/person\/6dbdc03bea7806cc92376ffe2fcd047d","name":"Berry Good News","image":{"@type":"ImageObject","inLanguage":"fr-FR","@id":"https:\/\/secure.gravatar.com\/avatar\/dc97e2c83b7805754cf833611fb0eaf80fd556a613a9819de1842868762ec883?s=96&d=mm&r=g","url":"https:\/\/secure.gravatar.com\/avatar\/dc97e2c83b7805754cf833611fb0eaf80fd556a613a9819de1842868762ec883?s=96&d=mm&r=g","contentUrl":"https:\/\/secure.gravatar.com\/avatar\/dc97e2c83b7805754cf833611fb0eaf80fd556a613a9819de1842868762ec883?s=96&d=mm&r=g","caption":"Berry Good News"},"description":"Ex-parisienne, qui a choisi de s'installer il y a six ans \u00e0 Vierzon avec une activit\u00e9 de chambres d'h\u00f4tes. J'ai d\u00e9cid\u00e9 de montrer les bonnes initiatives. Je suis tr\u00e8s optimiste car on a beaucoup de talents ici. J'avais envie de changer la vision que certains ont sur la ville.","url":"https:\/\/berrygoodnews.fr\/index.php\/author\/hv\/"}]}},"_links":{"self":[{"href":"https:\/\/berrygoodnews.fr\/index.php\/wp-json\/wp\/v2\/posts\/14863","targetHints":{"allow":["GET"]}}],"collection":[{"href":"https:\/\/berrygoodnews.fr\/index.php\/wp-json\/wp\/v2\/posts"}],"about":[{"href":"https:\/\/berrygoodnews.fr\/index.php\/wp-json\/wp\/v2\/types\/post"}],"author":[{"embeddable":true,"href":"https:\/\/berrygoodnews.fr\/index.php\/wp-json\/wp\/v2\/users\/2"}],"replies":[{"embeddable":true,"href":"https:\/\/berrygoodnews.fr\/index.php\/wp-json\/wp\/v2\/comments?post=14863"}],"version-history":[{"count":2,"href":"https:\/\/berrygoodnews.fr\/index.php\/wp-json\/wp\/v2\/posts\/14863\/revisions"}],"predecessor-version":[{"id":14872,"href":"https:\/\/berrygoodnews.fr\/index.php\/wp-json\/wp\/v2\/posts\/14863\/revisions\/14872"}],"wp:featuredmedia":[{"embeddable":true,"href":"https:\/\/berrygoodnews.fr\/index.php\/wp-json\/wp\/v2\/media\/14871"}],"wp:attachment":[{"href":"https:\/\/berrygoodnews.fr\/index.php\/wp-json\/wp\/v2\/media?parent=14863"}],"wp:term":[{"taxonomy":"category","embeddable":true,"href":"https:\/\/berrygoodnews.fr\/index.php\/wp-json\/wp\/v2\/categories?post=14863"},{"taxonomy":"post_tag","embeddable":true,"href":"https:\/\/berrygoodnews.fr\/index.php\/wp-json\/wp\/v2\/tags?post=14863"},{"taxonomy":"post_format","embeddable":true,"href":"https:\/\/berrygoodnews.fr\/index.php\/wp-json\/wp\/v2\/post_format?post=14863"},{"taxonomy":"flags","embeddable":true,"href":"https:\/\/berrygoodnews.fr\/index.php\/wp-json\/wp\/v2\/flags?post=14863"}],"curies":[{"name":"wp","href":"https:\/\/api.w.org\/{rel}","templated":true}]}}