{"id":14464,"date":"2025-10-24T21:05:56","date_gmt":"2025-10-24T19:05:56","guid":{"rendered":"https:\/\/berrygoodnews.fr\/?p=14464"},"modified":"2025-10-24T21:05:57","modified_gmt":"2025-10-24T19:05:57","slug":"carre-noir-est-le-salon-officiel-des-miss","status":"publish","type":"post","link":"https:\/\/berrygoodnews.fr\/index.php\/2025\/10\/24\/carre-noir-est-le-salon-officiel-des-miss\/","title":{"rendered":"Carr\u00e9 Noir est le salon officiel des Miss"},"content":{"rendered":"\n<figure class=\"wp-block-embed is-type-video is-provider-youtube wp-block-embed-youtube wp-embed-aspect-16-9 wp-has-aspect-ratio\"><div class=\"wp-block-embed__wrapper\">\n<iframe loading=\"lazy\" title=\"Carr\u00e9 Noir le salon Officiel de Miss Pays de Vierzon, Cher et Miss Indre, de la chanteuse Gersende\" width=\"850\" height=\"478\" src=\"https:\/\/www.youtube.com\/embed\/zG3mX3mwAhg?feature=oembed\" frameborder=\"0\" allow=\"accelerometer; autoplay; clipboard-write; encrypted-media; gyroscope; picture-in-picture; web-share\" referrerpolicy=\"strict-origin-when-cross-origin\" allowfullscreen><\/iframe>\n<\/div><\/figure>\n\n\n\n<p>Un lieu incroyable pour un salon de coiffure. Nich\u00e9 au milieu d&rsquo;une campagne verdoyante, le salon de St\u00e9phanie nous accueille dans un lieu magique et l&rsquo;on a cette impression \u00e9trange d&rsquo;\u00eatre \u00e0 la maison. La ma\u00eetresse des lieux nous re\u00e7oit avec un sourire, pas celui du commer\u00e7ant affable, mais avec naturel et gentillesse. <\/p>\n\n\n\n<p><br><\/p>\n\n\n\n<figure class=\"wp-block-image size-large\"><img loading=\"lazy\" decoding=\"async\" width=\"1024\" height=\"768\" src=\"https:\/\/berrygoodnews.fr\/wp-content\/uploads\/2025\/10\/PXL_20251011_120229295-1-1024x768.jpg\" alt=\"\" class=\"wp-image-14480\" srcset=\"https:\/\/berrygoodnews.fr\/wp-content\/uploads\/2025\/10\/PXL_20251011_120229295-1-1024x768.jpg 1024w, https:\/\/berrygoodnews.fr\/wp-content\/uploads\/2025\/10\/PXL_20251011_120229295-1-300x225.jpg 300w, https:\/\/berrygoodnews.fr\/wp-content\/uploads\/2025\/10\/PXL_20251011_120229295-1-768x576.jpg 768w, https:\/\/berrygoodnews.fr\/wp-content\/uploads\/2025\/10\/PXL_20251011_120229295-1-1536x1152.jpg 1536w, https:\/\/berrygoodnews.fr\/wp-content\/uploads\/2025\/10\/PXL_20251011_120229295-1-2048x1536.jpg 2048w\" sizes=\"auto, (max-width: 1024px) 100vw, 1024px\" \/><\/figure>\n\n\n\n<figure class=\"wp-block-image size-large\"><img loading=\"lazy\" decoding=\"async\" width=\"1024\" height=\"768\" src=\"https:\/\/berrygoodnews.fr\/wp-content\/uploads\/2025\/10\/PXL_20251011_115728362-1024x768.jpg\" alt=\"\" class=\"wp-image-14479\" srcset=\"https:\/\/berrygoodnews.fr\/wp-content\/uploads\/2025\/10\/PXL_20251011_115728362-1024x768.jpg 1024w, https:\/\/berrygoodnews.fr\/wp-content\/uploads\/2025\/10\/PXL_20251011_115728362-300x225.jpg 300w, https:\/\/berrygoodnews.fr\/wp-content\/uploads\/2025\/10\/PXL_20251011_115728362-768x576.jpg 768w, https:\/\/berrygoodnews.fr\/wp-content\/uploads\/2025\/10\/PXL_20251011_115728362-1536x1152.jpg 1536w, https:\/\/berrygoodnews.fr\/wp-content\/uploads\/2025\/10\/PXL_20251011_115728362-2048x1536.jpg 2048w\" sizes=\"auto, (max-width: 1024px) 100vw, 1024px\" \/><\/figure>\n\n\n\n<p>Un d\u00e9cor convivial o\u00f9 le confort est roi et la d\u00e9coration d\u00e9licate con\u00e7ue avec go\u00fbt, sans ostentation\u00a0: on est \u00e0 la maison. Chaque \u00ab\u00a0Miss\u00a0\u00bb est pour St\u00e9phanie une personnalit\u00e9 et il faut que la coiffure soit en ad\u00e9quation avec sa personnalit\u00e9. Aujourd&rsquo;hui notre jeune chanteuse Verzonnaise Gersende d\u00e9sire avoir un chignon. Un vrai travail d&rsquo;orf\u00e8vre que les doigts agiles d&rsquo;une pro sait manier avec d\u00e9licatesse et talent. Le salon propose coiffure femme\/homme\/enfant Chignon Extension de cheveux Rehaussement de cils Semi-permanent.<\/p>\n\n\n\n<figure class=\"wp-block-image size-large\"><img loading=\"lazy\" decoding=\"async\" width=\"1024\" height=\"597\" src=\"https:\/\/berrygoodnews.fr\/wp-content\/uploads\/2025\/10\/PXL_20251011_120224530-1-1024x597.jpg\" alt=\"\" class=\"wp-image-14478\" srcset=\"https:\/\/berrygoodnews.fr\/wp-content\/uploads\/2025\/10\/PXL_20251011_120224530-1-1024x597.jpg 1024w, https:\/\/berrygoodnews.fr\/wp-content\/uploads\/2025\/10\/PXL_20251011_120224530-1-300x175.jpg 300w, https:\/\/berrygoodnews.fr\/wp-content\/uploads\/2025\/10\/PXL_20251011_120224530-1-768x448.jpg 768w, https:\/\/berrygoodnews.fr\/wp-content\/uploads\/2025\/10\/PXL_20251011_120224530-1-1536x895.jpg 1536w, https:\/\/berrygoodnews.fr\/wp-content\/uploads\/2025\/10\/PXL_20251011_120224530-1-2048x1194.jpg 2048w\" sizes=\"auto, (max-width: 1024px) 100vw, 1024px\" \/><\/figure>\n\n\n\n<figure class=\"wp-block-image size-large\"><img loading=\"lazy\" decoding=\"async\" width=\"1024\" height=\"768\" src=\"https:\/\/berrygoodnews.fr\/wp-content\/uploads\/2025\/10\/PXL_20251011_120206433-Copie-1-1024x768.jpg\" alt=\"\" class=\"wp-image-14476\" srcset=\"https:\/\/berrygoodnews.fr\/wp-content\/uploads\/2025\/10\/PXL_20251011_120206433-Copie-1-1024x768.jpg 1024w, https:\/\/berrygoodnews.fr\/wp-content\/uploads\/2025\/10\/PXL_20251011_120206433-Copie-1-300x225.jpg 300w, https:\/\/berrygoodnews.fr\/wp-content\/uploads\/2025\/10\/PXL_20251011_120206433-Copie-1-768x576.jpg 768w, https:\/\/berrygoodnews.fr\/wp-content\/uploads\/2025\/10\/PXL_20251011_120206433-Copie-1-1536x1152.jpg 1536w, https:\/\/berrygoodnews.fr\/wp-content\/uploads\/2025\/10\/PXL_20251011_120206433-Copie-1-2048x1536.jpg 2048w\" sizes=\"auto, (max-width: 1024px) 100vw, 1024px\" \/><\/figure>\n\n\n\n<p><strong>Carr\u00e9 Noir est le salon Officiel de<br>Miss Pays de Vierzon, de Miss Cher et Miss Indre,<br> et aussi de la chanteuse Gersende<\/strong>.<\/p>\n\n\n\n<p>Salon Carr\u00e9 Noir Au 7 D route d Ainset 18100 Vierzon <\/p>\n\n\n\n<p>Tel 06 77 39 93 43<\/p>\n\n\n\n<p> Facebook saloncarrenoirstephanie<\/p>\n\n\n\n<p><\/p>\n","protected":false},"excerpt":{"rendered":"<p>Un lieu incroyable pour un salon de coiffure. Nich\u00e9 au milieu d&rsquo;une campagne verdoyante, le salon de St\u00e9phanie nous accueille dans un lieu magique et l&rsquo;on a cette impression \u00e9trange d&rsquo;\u00eatre \u00e0 la maison. La ma\u00eetresse des lieux nous re\u00e7oit avec un sourire, pas celui du commer\u00e7ant affable, mais avec naturel et gentillesse. Un d\u00e9cor &hellip;<\/p>\n","protected":false},"author":2,"featured_media":14474,"comment_status":"open","ping_status":"open","sticky":false,"template":"","format":"standard","meta":{"footnotes":""},"categories":[1],"tags":[],"post_format":[],"flags":[],"class_list":["post-14464","post","type-post","status-publish","format-standard","has-post-thumbnail","hentry","category-non-classe"],"yoast_head":"<!-- This site is optimized with the Yoast SEO plugin v27.6 - https:\/\/yoast.com\/product\/yoast-seo-wordpress\/ -->\n<title>Carr\u00e9 Noir est le salon officiel des Miss - Berry Good News<\/title>\n<meta name=\"robots\" content=\"index, follow, max-snippet:-1, max-image-preview:large, max-video-preview:-1\" \/>\n<link rel=\"canonical\" href=\"https:\/\/berrygoodnews.fr\/index.php\/2025\/10\/24\/carre-noir-est-le-salon-officiel-des-miss\/\" \/>\n<meta property=\"og:locale\" content=\"fr_FR\" \/>\n<meta property=\"og:type\" content=\"article\" \/>\n<meta property=\"og:title\" content=\"Carr\u00e9 Noir est le salon officiel des Miss - Berry Good News\" \/>\n<meta property=\"og:description\" content=\"Un lieu incroyable pour un salon de coiffure. Nich\u00e9 au milieu d&rsquo;une campagne verdoyante, le salon de St\u00e9phanie nous accueille dans un lieu magique et l&rsquo;on a cette impression \u00e9trange d&rsquo;\u00eatre \u00e0 la maison. La ma\u00eetresse des lieux nous re\u00e7oit avec un sourire, pas celui du commer\u00e7ant affable, mais avec naturel et gentillesse. Un d\u00e9cor &hellip;\" \/>\n<meta property=\"og:url\" content=\"https:\/\/berrygoodnews.fr\/index.php\/2025\/10\/24\/carre-noir-est-le-salon-officiel-des-miss\/\" \/>\n<meta property=\"og:site_name\" content=\"Berry Good News\" \/>\n<meta property=\"article:publisher\" content=\"https:\/\/www.facebook.com\/berrygoodnews\/\" \/>\n<meta property=\"article:published_time\" content=\"2025-10-24T19:05:56+00:00\" \/>\n<meta property=\"article:modified_time\" content=\"2025-10-24T19:05:57+00:00\" \/>\n<meta property=\"og:image\" content=\"https:\/\/berrygoodnews.fr\/wp-content\/uploads\/2025\/10\/PXL_20251011_121048017-scaled.jpg\" \/>\n\t<meta property=\"og:image:width\" content=\"2560\" \/>\n\t<meta property=\"og:image:height\" content=\"1920\" \/>\n\t<meta property=\"og:image:type\" content=\"image\/jpeg\" \/>\n<meta name=\"author\" content=\"Berry Good News\" \/>\n<meta name=\"twitter:card\" content=\"summary_large_image\" \/>\n<meta name=\"twitter:label1\" content=\"\u00c9crit par\" \/>\n\t<meta name=\"twitter:data1\" content=\"Berry Good News\" \/>\n\t<meta name=\"twitter:label2\" content=\"Dur\u00e9e de lecture estim\u00e9e\" \/>\n\t<meta name=\"twitter:data2\" content=\"2 minutes\" \/>\n<script type=\"application\/ld+json\" class=\"yoast-schema-graph\">{\"@context\":\"https:\\\/\\\/schema.org\",\"@graph\":[{\"@type\":\"Article\",\"@id\":\"https:\\\/\\\/berrygoodnews.fr\\\/index.php\\\/2025\\\/10\\\/24\\\/carre-noir-est-le-salon-officiel-des-miss\\\/#article\",\"isPartOf\":{\"@id\":\"https:\\\/\\\/berrygoodnews.fr\\\/index.php\\\/2025\\\/10\\\/24\\\/carre-noir-est-le-salon-officiel-des-miss\\\/\"},\"author\":{\"name\":\"Berry Good News\",\"@id\":\"https:\\\/\\\/berrygoodnews.fr\\\/#\\\/schema\\\/person\\\/6dbdc03bea7806cc92376ffe2fcd047d\"},\"headline\":\"Carr\u00e9 Noir est le salon officiel des Miss\",\"datePublished\":\"2025-10-24T19:05:56+00:00\",\"dateModified\":\"2025-10-24T19:05:57+00:00\",\"mainEntityOfPage\":{\"@id\":\"https:\\\/\\\/berrygoodnews.fr\\\/index.php\\\/2025\\\/10\\\/24\\\/carre-noir-est-le-salon-officiel-des-miss\\\/\"},\"wordCount\":201,\"commentCount\":0,\"publisher\":{\"@id\":\"https:\\\/\\\/berrygoodnews.fr\\\/#organization\"},\"image\":{\"@id\":\"https:\\\/\\\/berrygoodnews.fr\\\/index.php\\\/2025\\\/10\\\/24\\\/carre-noir-est-le-salon-officiel-des-miss\\\/#primaryimage\"},\"thumbnailUrl\":\"https:\\\/\\\/berrygoodnews.fr\\\/wp-content\\\/uploads\\\/2025\\\/10\\\/PXL_20251011_121048017-scaled.jpg\",\"articleSection\":[\"vierzon et ses environs\"],\"inLanguage\":\"fr-FR\",\"potentialAction\":[{\"@type\":\"CommentAction\",\"name\":\"Comment\",\"target\":[\"https:\\\/\\\/berrygoodnews.fr\\\/index.php\\\/2025\\\/10\\\/24\\\/carre-noir-est-le-salon-officiel-des-miss\\\/#respond\"]}]},{\"@type\":\"WebPage\",\"@id\":\"https:\\\/\\\/berrygoodnews.fr\\\/index.php\\\/2025\\\/10\\\/24\\\/carre-noir-est-le-salon-officiel-des-miss\\\/\",\"url\":\"https:\\\/\\\/berrygoodnews.fr\\\/index.php\\\/2025\\\/10\\\/24\\\/carre-noir-est-le-salon-officiel-des-miss\\\/\",\"name\":\"Carr\u00e9 Noir est le salon officiel des Miss - Berry Good News\",\"isPartOf\":{\"@id\":\"https:\\\/\\\/berrygoodnews.fr\\\/#website\"},\"primaryImageOfPage\":{\"@id\":\"https:\\\/\\\/berrygoodnews.fr\\\/index.php\\\/2025\\\/10\\\/24\\\/carre-noir-est-le-salon-officiel-des-miss\\\/#primaryimage\"},\"image\":{\"@id\":\"https:\\\/\\\/berrygoodnews.fr\\\/index.php\\\/2025\\\/10\\\/24\\\/carre-noir-est-le-salon-officiel-des-miss\\\/#primaryimage\"},\"thumbnailUrl\":\"https:\\\/\\\/berrygoodnews.fr\\\/wp-content\\\/uploads\\\/2025\\\/10\\\/PXL_20251011_121048017-scaled.jpg\",\"datePublished\":\"2025-10-24T19:05:56+00:00\",\"dateModified\":\"2025-10-24T19:05:57+00:00\",\"breadcrumb\":{\"@id\":\"https:\\\/\\\/berrygoodnews.fr\\\/index.php\\\/2025\\\/10\\\/24\\\/carre-noir-est-le-salon-officiel-des-miss\\\/#breadcrumb\"},\"inLanguage\":\"fr-FR\",\"potentialAction\":[{\"@type\":\"ReadAction\",\"target\":[\"https:\\\/\\\/berrygoodnews.fr\\\/index.php\\\/2025\\\/10\\\/24\\\/carre-noir-est-le-salon-officiel-des-miss\\\/\"]}]},{\"@type\":\"ImageObject\",\"inLanguage\":\"fr-FR\",\"@id\":\"https:\\\/\\\/berrygoodnews.fr\\\/index.php\\\/2025\\\/10\\\/24\\\/carre-noir-est-le-salon-officiel-des-miss\\\/#primaryimage\",\"url\":\"https:\\\/\\\/berrygoodnews.fr\\\/wp-content\\\/uploads\\\/2025\\\/10\\\/PXL_20251011_121048017-scaled.jpg\",\"contentUrl\":\"https:\\\/\\\/berrygoodnews.fr\\\/wp-content\\\/uploads\\\/2025\\\/10\\\/PXL_20251011_121048017-scaled.jpg\",\"width\":2560,\"height\":1920},{\"@type\":\"BreadcrumbList\",\"@id\":\"https:\\\/\\\/berrygoodnews.fr\\\/index.php\\\/2025\\\/10\\\/24\\\/carre-noir-est-le-salon-officiel-des-miss\\\/#breadcrumb\",\"itemListElement\":[{\"@type\":\"ListItem\",\"position\":1,\"name\":\"Accueil\",\"item\":\"https:\\\/\\\/berrygoodnews.fr\\\/\"},{\"@type\":\"ListItem\",\"position\":2,\"name\":\"Carr\u00e9 Noir est le salon officiel des Miss\"}]},{\"@type\":\"WebSite\",\"@id\":\"https:\\\/\\\/berrygoodnews.fr\\\/#website\",\"url\":\"https:\\\/\\\/berrygoodnews.fr\\\/\",\"name\":\"Berry Good News\",\"description\":\"Le Centre En Action\",\"publisher\":{\"@id\":\"https:\\\/\\\/berrygoodnews.fr\\\/#organization\"},\"potentialAction\":[{\"@type\":\"SearchAction\",\"target\":{\"@type\":\"EntryPoint\",\"urlTemplate\":\"https:\\\/\\\/berrygoodnews.fr\\\/?s={search_term_string}\"},\"query-input\":{\"@type\":\"PropertyValueSpecification\",\"valueRequired\":true,\"valueName\":\"search_term_string\"}}],\"inLanguage\":\"fr-FR\"},{\"@type\":\"Organization\",\"@id\":\"https:\\\/\\\/berrygoodnews.fr\\\/#organization\",\"name\":\"Berry Good News\",\"url\":\"https:\\\/\\\/berrygoodnews.fr\\\/\",\"logo\":{\"@type\":\"ImageObject\",\"inLanguage\":\"fr-FR\",\"@id\":\"https:\\\/\\\/berrygoodnews.fr\\\/#\\\/schema\\\/logo\\\/image\\\/\",\"url\":\"https:\\\/\\\/i0.wp.com\\\/berrygoodnews.fr\\\/wp-content\\\/uploads\\\/2023\\\/05\\\/LogoBGNCouleur.png?fit=318%2C181&ssl=1\",\"contentUrl\":\"https:\\\/\\\/i0.wp.com\\\/berrygoodnews.fr\\\/wp-content\\\/uploads\\\/2023\\\/05\\\/LogoBGNCouleur.png?fit=318%2C181&ssl=1\",\"width\":318,\"height\":181,\"caption\":\"Berry Good News\"},\"image\":{\"@id\":\"https:\\\/\\\/berrygoodnews.fr\\\/#\\\/schema\\\/logo\\\/image\\\/\"},\"sameAs\":[\"https:\\\/\\\/www.facebook.com\\\/berrygoodnews\\\/\",\"https:\\\/\\\/www.youtube.com\\\/channel\\\/UCdNcluXQMXIRcNvap69zaWg\"]},{\"@type\":\"Person\",\"@id\":\"https:\\\/\\\/berrygoodnews.fr\\\/#\\\/schema\\\/person\\\/6dbdc03bea7806cc92376ffe2fcd047d\",\"name\":\"Berry Good News\",\"image\":{\"@type\":\"ImageObject\",\"inLanguage\":\"fr-FR\",\"@id\":\"https:\\\/\\\/secure.gravatar.com\\\/avatar\\\/dc97e2c83b7805754cf833611fb0eaf80fd556a613a9819de1842868762ec883?s=96&d=mm&r=g\",\"url\":\"https:\\\/\\\/secure.gravatar.com\\\/avatar\\\/dc97e2c83b7805754cf833611fb0eaf80fd556a613a9819de1842868762ec883?s=96&d=mm&r=g\",\"contentUrl\":\"https:\\\/\\\/secure.gravatar.com\\\/avatar\\\/dc97e2c83b7805754cf833611fb0eaf80fd556a613a9819de1842868762ec883?s=96&d=mm&r=g\",\"caption\":\"Berry Good News\"},\"description\":\"Ex-parisienne, qui a choisi de s'installer il y a six ans \u00e0 Vierzon avec une activit\u00e9 de chambres d'h\u00f4tes. J'ai d\u00e9cid\u00e9 de montrer les bonnes initiatives. Je suis tr\u00e8s optimiste car on a beaucoup de talents ici. J'avais envie de changer la vision que certains ont sur la ville.\",\"url\":\"https:\\\/\\\/berrygoodnews.fr\\\/index.php\\\/author\\\/hv\\\/\"}]}<\/script>\n<!-- \/ Yoast SEO plugin. -->","yoast_head_json":{"title":"Carr\u00e9 Noir est le salon officiel des Miss - Berry Good News","robots":{"index":"index","follow":"follow","max-snippet":"max-snippet:-1","max-image-preview":"max-image-preview:large","max-video-preview":"max-video-preview:-1"},"canonical":"https:\/\/berrygoodnews.fr\/index.php\/2025\/10\/24\/carre-noir-est-le-salon-officiel-des-miss\/","og_locale":"fr_FR","og_type":"article","og_title":"Carr\u00e9 Noir est le salon officiel des Miss - Berry Good News","og_description":"Un lieu incroyable pour un salon de coiffure. Nich\u00e9 au milieu d&rsquo;une campagne verdoyante, le salon de St\u00e9phanie nous accueille dans un lieu magique et l&rsquo;on a cette impression \u00e9trange d&rsquo;\u00eatre \u00e0 la maison. La ma\u00eetresse des lieux nous re\u00e7oit avec un sourire, pas celui du commer\u00e7ant affable, mais avec naturel et gentillesse. Un d\u00e9cor &hellip;","og_url":"https:\/\/berrygoodnews.fr\/index.php\/2025\/10\/24\/carre-noir-est-le-salon-officiel-des-miss\/","og_site_name":"Berry Good News","article_publisher":"https:\/\/www.facebook.com\/berrygoodnews\/","article_published_time":"2025-10-24T19:05:56+00:00","article_modified_time":"2025-10-24T19:05:57+00:00","og_image":[{"width":2560,"height":1920,"url":"https:\/\/berrygoodnews.fr\/wp-content\/uploads\/2025\/10\/PXL_20251011_121048017-scaled.jpg","type":"image\/jpeg"}],"author":"Berry Good News","twitter_card":"summary_large_image","twitter_misc":{"\u00c9crit par":"Berry Good News","Dur\u00e9e de lecture estim\u00e9e":"2 minutes"},"schema":{"@context":"https:\/\/schema.org","@graph":[{"@type":"Article","@id":"https:\/\/berrygoodnews.fr\/index.php\/2025\/10\/24\/carre-noir-est-le-salon-officiel-des-miss\/#article","isPartOf":{"@id":"https:\/\/berrygoodnews.fr\/index.php\/2025\/10\/24\/carre-noir-est-le-salon-officiel-des-miss\/"},"author":{"name":"Berry Good News","@id":"https:\/\/berrygoodnews.fr\/#\/schema\/person\/6dbdc03bea7806cc92376ffe2fcd047d"},"headline":"Carr\u00e9 Noir est le salon officiel des Miss","datePublished":"2025-10-24T19:05:56+00:00","dateModified":"2025-10-24T19:05:57+00:00","mainEntityOfPage":{"@id":"https:\/\/berrygoodnews.fr\/index.php\/2025\/10\/24\/carre-noir-est-le-salon-officiel-des-miss\/"},"wordCount":201,"commentCount":0,"publisher":{"@id":"https:\/\/berrygoodnews.fr\/#organization"},"image":{"@id":"https:\/\/berrygoodnews.fr\/index.php\/2025\/10\/24\/carre-noir-est-le-salon-officiel-des-miss\/#primaryimage"},"thumbnailUrl":"https:\/\/berrygoodnews.fr\/wp-content\/uploads\/2025\/10\/PXL_20251011_121048017-scaled.jpg","articleSection":["vierzon et ses environs"],"inLanguage":"fr-FR","potentialAction":[{"@type":"CommentAction","name":"Comment","target":["https:\/\/berrygoodnews.fr\/index.php\/2025\/10\/24\/carre-noir-est-le-salon-officiel-des-miss\/#respond"]}]},{"@type":"WebPage","@id":"https:\/\/berrygoodnews.fr\/index.php\/2025\/10\/24\/carre-noir-est-le-salon-officiel-des-miss\/","url":"https:\/\/berrygoodnews.fr\/index.php\/2025\/10\/24\/carre-noir-est-le-salon-officiel-des-miss\/","name":"Carr\u00e9 Noir est le salon officiel des Miss - Berry Good News","isPartOf":{"@id":"https:\/\/berrygoodnews.fr\/#website"},"primaryImageOfPage":{"@id":"https:\/\/berrygoodnews.fr\/index.php\/2025\/10\/24\/carre-noir-est-le-salon-officiel-des-miss\/#primaryimage"},"image":{"@id":"https:\/\/berrygoodnews.fr\/index.php\/2025\/10\/24\/carre-noir-est-le-salon-officiel-des-miss\/#primaryimage"},"thumbnailUrl":"https:\/\/berrygoodnews.fr\/wp-content\/uploads\/2025\/10\/PXL_20251011_121048017-scaled.jpg","datePublished":"2025-10-24T19:05:56+00:00","dateModified":"2025-10-24T19:05:57+00:00","breadcrumb":{"@id":"https:\/\/berrygoodnews.fr\/index.php\/2025\/10\/24\/carre-noir-est-le-salon-officiel-des-miss\/#breadcrumb"},"inLanguage":"fr-FR","potentialAction":[{"@type":"ReadAction","target":["https:\/\/berrygoodnews.fr\/index.php\/2025\/10\/24\/carre-noir-est-le-salon-officiel-des-miss\/"]}]},{"@type":"ImageObject","inLanguage":"fr-FR","@id":"https:\/\/berrygoodnews.fr\/index.php\/2025\/10\/24\/carre-noir-est-le-salon-officiel-des-miss\/#primaryimage","url":"https:\/\/berrygoodnews.fr\/wp-content\/uploads\/2025\/10\/PXL_20251011_121048017-scaled.jpg","contentUrl":"https:\/\/berrygoodnews.fr\/wp-content\/uploads\/2025\/10\/PXL_20251011_121048017-scaled.jpg","width":2560,"height":1920},{"@type":"BreadcrumbList","@id":"https:\/\/berrygoodnews.fr\/index.php\/2025\/10\/24\/carre-noir-est-le-salon-officiel-des-miss\/#breadcrumb","itemListElement":[{"@type":"ListItem","position":1,"name":"Accueil","item":"https:\/\/berrygoodnews.fr\/"},{"@type":"ListItem","position":2,"name":"Carr\u00e9 Noir est le salon officiel des Miss"}]},{"@type":"WebSite","@id":"https:\/\/berrygoodnews.fr\/#website","url":"https:\/\/berrygoodnews.fr\/","name":"Berry Good News","description":"Le Centre En Action","publisher":{"@id":"https:\/\/berrygoodnews.fr\/#organization"},"potentialAction":[{"@type":"SearchAction","target":{"@type":"EntryPoint","urlTemplate":"https:\/\/berrygoodnews.fr\/?s={search_term_string}"},"query-input":{"@type":"PropertyValueSpecification","valueRequired":true,"valueName":"search_term_string"}}],"inLanguage":"fr-FR"},{"@type":"Organization","@id":"https:\/\/berrygoodnews.fr\/#organization","name":"Berry Good News","url":"https:\/\/berrygoodnews.fr\/","logo":{"@type":"ImageObject","inLanguage":"fr-FR","@id":"https:\/\/berrygoodnews.fr\/#\/schema\/logo\/image\/","url":"https:\/\/i0.wp.com\/berrygoodnews.fr\/wp-content\/uploads\/2023\/05\/LogoBGNCouleur.png?fit=318%2C181&ssl=1","contentUrl":"https:\/\/i0.wp.com\/berrygoodnews.fr\/wp-content\/uploads\/2023\/05\/LogoBGNCouleur.png?fit=318%2C181&ssl=1","width":318,"height":181,"caption":"Berry Good News"},"image":{"@id":"https:\/\/berrygoodnews.fr\/#\/schema\/logo\/image\/"},"sameAs":["https:\/\/www.facebook.com\/berrygoodnews\/","https:\/\/www.youtube.com\/channel\/UCdNcluXQMXIRcNvap69zaWg"]},{"@type":"Person","@id":"https:\/\/berrygoodnews.fr\/#\/schema\/person\/6dbdc03bea7806cc92376ffe2fcd047d","name":"Berry Good News","image":{"@type":"ImageObject","inLanguage":"fr-FR","@id":"https:\/\/secure.gravatar.com\/avatar\/dc97e2c83b7805754cf833611fb0eaf80fd556a613a9819de1842868762ec883?s=96&d=mm&r=g","url":"https:\/\/secure.gravatar.com\/avatar\/dc97e2c83b7805754cf833611fb0eaf80fd556a613a9819de1842868762ec883?s=96&d=mm&r=g","contentUrl":"https:\/\/secure.gravatar.com\/avatar\/dc97e2c83b7805754cf833611fb0eaf80fd556a613a9819de1842868762ec883?s=96&d=mm&r=g","caption":"Berry Good News"},"description":"Ex-parisienne, qui a choisi de s'installer il y a six ans \u00e0 Vierzon avec une activit\u00e9 de chambres d'h\u00f4tes. J'ai d\u00e9cid\u00e9 de montrer les bonnes initiatives. Je suis tr\u00e8s optimiste car on a beaucoup de talents ici. J'avais envie de changer la vision que certains ont sur la ville.","url":"https:\/\/berrygoodnews.fr\/index.php\/author\/hv\/"}]}},"_links":{"self":[{"href":"https:\/\/berrygoodnews.fr\/index.php\/wp-json\/wp\/v2\/posts\/14464","targetHints":{"allow":["GET"]}}],"collection":[{"href":"https:\/\/berrygoodnews.fr\/index.php\/wp-json\/wp\/v2\/posts"}],"about":[{"href":"https:\/\/berrygoodnews.fr\/index.php\/wp-json\/wp\/v2\/types\/post"}],"author":[{"embeddable":true,"href":"https:\/\/berrygoodnews.fr\/index.php\/wp-json\/wp\/v2\/users\/2"}],"replies":[{"embeddable":true,"href":"https:\/\/berrygoodnews.fr\/index.php\/wp-json\/wp\/v2\/comments?post=14464"}],"version-history":[{"count":1,"href":"https:\/\/berrygoodnews.fr\/index.php\/wp-json\/wp\/v2\/posts\/14464\/revisions"}],"predecessor-version":[{"id":14481,"href":"https:\/\/berrygoodnews.fr\/index.php\/wp-json\/wp\/v2\/posts\/14464\/revisions\/14481"}],"wp:featuredmedia":[{"embeddable":true,"href":"https:\/\/berrygoodnews.fr\/index.php\/wp-json\/wp\/v2\/media\/14474"}],"wp:attachment":[{"href":"https:\/\/berrygoodnews.fr\/index.php\/wp-json\/wp\/v2\/media?parent=14464"}],"wp:term":[{"taxonomy":"category","embeddable":true,"href":"https:\/\/berrygoodnews.fr\/index.php\/wp-json\/wp\/v2\/categories?post=14464"},{"taxonomy":"post_tag","embeddable":true,"href":"https:\/\/berrygoodnews.fr\/index.php\/wp-json\/wp\/v2\/tags?post=14464"},{"taxonomy":"post_format","embeddable":true,"href":"https:\/\/berrygoodnews.fr\/index.php\/wp-json\/wp\/v2\/post_format?post=14464"},{"taxonomy":"flags","embeddable":true,"href":"https:\/\/berrygoodnews.fr\/index.php\/wp-json\/wp\/v2\/flags?post=14464"}],"curies":[{"name":"wp","href":"https:\/\/api.w.org\/{rel}","templated":true}]}}