{"id":1424,"date":"2017-07-26T18:02:48","date_gmt":"2017-07-26T16:02:48","guid":{"rendered":"https:\/\/berrygoodvierzon.fr\/?p=1424"},"modified":"2023-11-06T17:39:13","modified_gmt":"2023-11-06T16:39:13","slug":"hmong-festival-evenement-incontournable-a-aubigny-nere","status":"publish","type":"post","link":"https:\/\/berrygoodnews.fr\/index.php\/2017\/07\/26\/hmong-festival-evenement-incontournable-a-aubigny-nere\/","title":{"rendered":"Hmong festival, un \u00e9v\u00e9nement incontournable \u00e0 Aubigny-sur-Nere"},"content":{"rendered":"<h2><\/h2>\n<h1 style=\"text-align: center;\"><span style=\"color: #ff0000;\"><strong>Hmong festival dans le Berry<\/strong><\/span><\/h1>\n<p style=\"text-align: center;\"><strong>Un festival original qui se d\u00e9roulera \u00e0 Aubigny-sur-Nere le vendredi \u00a028 Juillet 2017 et le samedi 29 Juillet 2017.<\/strong><\/p>\n<p style=\"text-align: center;\"><img data-recalc-dims=\"1\" data-attachment-id=\"1426\" data-permalink=\"https:\/\/berrygoodnews.fr\/vugi-2\/\" data-orig-file=\"https:\/\/i0.wp.com\/berrygoodnews.fr\/wp-content\/uploads\/2017\/07\/vugi-1.jpg?fit=1448%2C2048&amp;ssl=1\" data-orig-size=\"1448,2048\" data-comments-opened=\"1\" data-image-meta=\"{&quot;aperture&quot;:&quot;0&quot;,&quot;credit&quot;:&quot;&quot;,&quot;camera&quot;:&quot;&quot;,&quot;caption&quot;:&quot;&quot;,&quot;created_timestamp&quot;:&quot;0&quot;,&quot;copyright&quot;:&quot;&quot;,&quot;focal_length&quot;:&quot;0&quot;,&quot;iso&quot;:&quot;0&quot;,&quot;shutter_speed&quot;:&quot;0&quot;,&quot;title&quot;:&quot;&quot;,&quot;orientation&quot;:&quot;0&quot;}\" data-image-title=\"vugi\" data-image-description=\"\" data-image-caption=\"\" data-medium-file=\"https:\/\/i0.wp.com\/berrygoodnews.fr\/wp-content\/uploads\/2017\/07\/vugi-1.jpg?fit=212%2C300&amp;ssl=1\" data-large-file=\"https:\/\/i0.wp.com\/berrygoodnews.fr\/wp-content\/uploads\/2017\/07\/vugi-1.jpg?fit=724%2C1024&amp;ssl=1\" decoding=\"async\" loading=\"lazy\" class=\"alignnone wp-image-1426\" src=\"https:\/\/i0.wp.com\/berrygoodnews.fr\/wp-content\/uploads\/2017\/07\/vugi.jpg?resize=631%2C892\" alt='' width=\"631\" height=\"892\" \/><\/p>\n<p style=\"text-align: center;\"><strong>Un programme plein de surprises de couleurs et d&rsquo;\u00e9motion.\u00a0dans le Berry un festival hmong, cela parait incroyable mais vrai. Le hmongs sont implant\u00e9s dans cette r\u00e9gion suite aux de diff\u00e9rents \u00e9v\u00e9nements.<\/strong><\/p>\n<p style=\"text-align: center;\"><em>(En amont il sera fait un article plus complet sur cette sympathique initiative)<\/em><\/p>\n<div id='gallery-1' class='gallery galleryid-1424 gallery-columns-3 gallery-size-medium'>\n<figure class='gallery-item'>\n<div class='gallery-icon portrait'>\n\t\t\t\t<a href='https:\/\/berrygoodnews.fr\/hmong\/'><img data-recalc-dims=\"1\" width=\"225\" height=\"300\" src=\"https:\/\/i0.wp.com\/berrygoodnews.fr\/wp-content\/uploads\/2017\/07\/hmong_1501345525.jpg?resize=225%2C300&#038;ssl=1\" class=\"attachment-medium size-medium\" alt=\"\" decoding=\"async\" aria-describedby=\"gallery-1-1429\" loading=\"lazy\" srcset=\"https:\/\/berrygoodnews.fr\/wp-content\/uploads\/2017\/07\/hmong_1501345525-225x300.jpg 225w, https:\/\/berrygoodnews.fr\/wp-content\/uploads\/2017\/07\/hmong_1501345525-768x1024.jpg 768w, https:\/\/berrygoodnews.fr\/wp-content\/uploads\/2017\/07\/hmong_1501345525-845x1127.jpg 845w, https:\/\/berrygoodnews.fr\/wp-content\/uploads\/2017\/07\/hmong_1501345525.jpg 960w\" sizes=\"auto, (max-width: 225px) 100vw, 225px\" \/><\/a>\n\t\t\t<\/div><figcaption class='wp-caption-text gallery-caption' id='gallery-1-1429'>\n\t\t\t\t<a href=\"https:\/\/pixabay.com\/users\/toon-p\/\">toon-p<\/a> \/ Pixabay<br \/>\n\t\t\t\t<\/figcaption><\/figure>\n<figure class='gallery-item'>\n<div class='gallery-icon portrait'>\n\t\t\t\t<a href='https:\/\/berrygoodnews.fr\/hmong-2\/'><img data-recalc-dims=\"1\" width=\"240\" height=\"300\" src=\"https:\/\/i0.wp.com\/berrygoodnews.fr\/wp-content\/uploads\/2017\/07\/hmong_1501345539.jpg?resize=240%2C300&#038;ssl=1\" class=\"attachment-medium size-medium\" alt=\"\" decoding=\"async\" aria-describedby=\"gallery-1-1430\" loading=\"lazy\" srcset=\"https:\/\/berrygoodnews.fr\/wp-content\/uploads\/2017\/07\/hmong_1501345539-240x300.jpg 240w, https:\/\/berrygoodnews.fr\/wp-content\/uploads\/2017\/07\/hmong_1501345539-768x960.jpg 768w, https:\/\/berrygoodnews.fr\/wp-content\/uploads\/2017\/07\/hmong_1501345539-819x1024.jpg 819w, https:\/\/berrygoodnews.fr\/wp-content\/uploads\/2017\/07\/hmong_1501345539-845x1056.jpg 845w, https:\/\/berrygoodnews.fr\/wp-content\/uploads\/2017\/07\/hmong_1501345539.jpg 1024w\" sizes=\"auto, (max-width: 240px) 100vw, 240px\" \/><\/a>\n\t\t\t<\/div><figcaption class='wp-caption-text gallery-caption' id='gallery-1-1430'>\n\t\t\t\t<a href=\"https:\/\/pixabay.com\/users\/DEZALB\/\">DEZALB<\/a> \/ Pixabay<br \/>\n\t\t\t\t<\/figcaption><\/figure>\n<\/p><\/div>\n<p style=\"text-align: center;\"><img data-recalc-dims=\"1\" data-attachment-id=\"1425\" data-permalink=\"https:\/\/berrygoodnews.fr\/i-2\/\" data-orig-file=\"https:\/\/i0.wp.com\/berrygoodnews.fr\/wp-content\/uploads\/2017\/07\/i-1.jpg?fit=960%2C960&amp;ssl=1\" data-orig-size=\"960,960\" data-comments-opened=\"1\" data-image-meta=\"{&quot;aperture&quot;:&quot;0&quot;,&quot;credit&quot;:&quot;&quot;,&quot;camera&quot;:&quot;&quot;,&quot;caption&quot;:&quot;&quot;,&quot;created_timestamp&quot;:&quot;0&quot;,&quot;copyright&quot;:&quot;&quot;,&quot;focal_length&quot;:&quot;0&quot;,&quot;iso&quot;:&quot;0&quot;,&quot;shutter_speed&quot;:&quot;0&quot;,&quot;title&quot;:&quot;&quot;,&quot;orientation&quot;:&quot;0&quot;}\" data-image-title=\"i\" data-image-description=\"\" data-image-caption=\"\" data-medium-file=\"https:\/\/i0.wp.com\/berrygoodnews.fr\/wp-content\/uploads\/2017\/07\/i-1.jpg?fit=300%2C300&amp;ssl=1\" data-large-file=\"https:\/\/i0.wp.com\/berrygoodnews.fr\/wp-content\/uploads\/2017\/07\/i-1.jpg?fit=850%2C850&amp;ssl=1\" decoding=\"async\" loading=\"lazy\" class=\"alignnone wp-image-1425\" src=\"https:\/\/i0.wp.com\/berrygoodnews.fr\/wp-content\/uploads\/2017\/07\/i.jpg?resize=761%2C761\" alt='' width=\"761\" height=\"761\" \/><\/p>\n<h2 style=\"text-align: center;\"><\/h2>\n<h2 style=\"text-align: center;\"><\/h2>\n<h2 style=\"text-align: center;\"><span style=\"color: #ff0000;\"><strong>LE PROGRAMME HMONG FESTIVAL<\/strong><\/span><\/h2>\n<p>&nbsp;<\/p>\n<h2><\/h2>\n<p><img data-recalc-dims=\"1\" data-attachment-id=\"1427\" data-permalink=\"https:\/\/berrygoodnews.fr\/unnamed-2\/\" data-orig-file=\"https:\/\/i0.wp.com\/berrygoodnews.fr\/wp-content\/uploads\/2017\/07\/unnamed-1.jpg?fit=1754%2C1240&amp;ssl=1\" data-orig-size=\"1754,1240\" data-comments-opened=\"1\" data-image-meta=\"{&quot;aperture&quot;:&quot;0&quot;,&quot;credit&quot;:&quot;&quot;,&quot;camera&quot;:&quot;&quot;,&quot;caption&quot;:&quot;&quot;,&quot;created_timestamp&quot;:&quot;0&quot;,&quot;copyright&quot;:&quot;&quot;,&quot;focal_length&quot;:&quot;0&quot;,&quot;iso&quot;:&quot;0&quot;,&quot;shutter_speed&quot;:&quot;0&quot;,&quot;title&quot;:&quot;&quot;,&quot;orientation&quot;:&quot;0&quot;}\" data-image-title=\"unnamed\" data-image-description=\"\" data-image-caption=\"\" data-medium-file=\"https:\/\/i0.wp.com\/berrygoodnews.fr\/wp-content\/uploads\/2017\/07\/unnamed-1.jpg?fit=300%2C212&amp;ssl=1\" data-large-file=\"https:\/\/i0.wp.com\/berrygoodnews.fr\/wp-content\/uploads\/2017\/07\/unnamed-1.jpg?fit=850%2C601&amp;ssl=1\" decoding=\"async\" loading=\"lazy\" class=\"alignnone size-full wp-image-1427\" src=\"https:\/\/i0.wp.com\/berrygoodnews.fr\/wp-content\/uploads\/2017\/07\/unnamed.jpg?resize=850%2C601\" alt='' width=\"850\" height=\"601\" \/><\/p>\n<p><strong>FESTIVAL DE 2016 (youtube)<\/strong><\/p>\n<p>&nbsp;<\/p>\n<p><a href=\"https:\/\/www.youtube.com\/watch?v=DENmFxOwcto\">https:\/\/www.youtube.com\/watch?v=DENmFxOwcto<\/a><\/p>\n<h1>Histoire<\/h1>\n<p>La seule certitude sur l\u2019origine des Hmong est qu\u2019ils ont occup\u00e9, avec d\u2019autres ethnies miao, les bassins du fleuve Huang He avant m\u00eame l\u2019arriv\u00e9e des premiers Chinois sur ce territoire, comme ces derniers le signalent dans leurs annales. Malgr\u00e9 les hypoth\u00e8ses \u00e9mises par les ethnologues anglophones ou les missionnaires fran\u00e7ais, les seuls mouvements migratoires miao connus et attest\u00e9s sont ceux signal\u00e9s par les Chinois. Le reste n\u2019est que supposition.<\/p>\n<p>D\u2019abord \u00e9tablis vers le centre de la Chine, les Miao ont \u00e9t\u00e9 peu \u00e0 peu repouss\u00e9s par les Chinois vers le sud du pays parce qu\u2019ils n\u2019ont jamais accept\u00e9 la sinisation malgr\u00e9 plusieurs mill\u00e9naires de vie en contact avec leurs voisins. Au fil des guerres, des r\u00e9bellions et des d\u00e9faites, les Miao se sont vus dispers\u00e9s \u00e0 travers la Chine et, notamment, dans les montagnes des provinces du sud. C\u2019est ainsi que l\u2019on trouve aujourd\u2019hui la plupart des Miao dans les provinces du Yunnan, du Guizhou et du Guangxi.<\/p>\n<p>Au d\u00e9but du XIXe si\u00e8cle, des Hmong franchirent la fronti\u00e8re sino-laotienne pour aller s\u2019\u00e9tablir dans les r\u00e9gions de Nong Het, Hua Phan, Phongsaly, Oudomxay, ou encore de Muang Sing. C\u2019est sur les montagnes du Laos qu\u2019ils furent encourag\u00e9s \u00e0 cultiver le pavot et \u00e0 produire de l\u2019opium. D\u2019abord par et pour les Chinois, puis par et pour les Fran\u00e7ais.<\/p>\n<p>&nbsp;<\/p>\n<h1>Les Hmong en France m\u00e9tropolitaine<\/h1>\n<p>Leur nombre est estim\u00e9 \u00e0 pr\u00e8s de 10.000 personnes sur plus ou moins 150.000 habitants en Guyane fran\u00e7aise. Une grande partie des Hmong en France se retrouve dans la r\u00e9gion de N\u00eemes, o\u00f9 ils sont exploitants agricoles. Ceci surtout dans la Vistrenqueque les Hmong sont exploitants agricoles.<\/p>\n<p><a href=\"http:\/\/hmong.unblog.fr\" target=\"_blank\" rel=\"noopener noreferrer\"><span style=\"color: #ff0000;\"><strong>Source<\/strong><\/span><\/a><\/p>\n<p><a href=\"http:\/\/www.leberry.fr\/aubigny-sur-nere\/loisirs\/art-litterature\/2015\/08\/01\/le-festival-hmong-se-poursuit-encore-aujourdhui_11538186.html\" target=\"_blank\" rel=\"noopener noreferrer\">PRESSE (Berry r\u00e9publicain)<\/a><\/p>\n<p>&nbsp;<\/p>\n<p>&nbsp;<\/p>\n","protected":false},"excerpt":{"rendered":"<p>Hmong festival dans le Berry Un festival original qui se d\u00e9roulera \u00e0 Aubigny-sur-Nere le vendredi \u00a028 Juillet 2017 et le samedi 29 Juillet 2017. Un programme plein de surprises de couleurs et d&rsquo;\u00e9motion.\u00a0dans le Berry un festival hmong, cela parait incroyable mais vrai. Le hmongs sont implant\u00e9s dans cette r\u00e9gion suite aux de diff\u00e9rents \u00e9v\u00e9nements. &hellip;<\/p>\n","protected":false},"author":2,"featured_media":1432,"comment_status":"open","ping_status":"open","sticky":false,"template":"","format":"standard","meta":{"jetpack_post_was_ever_published":false,"_jetpack_newsletter_access":"","_jetpack_dont_email_post_to_subs":false,"_jetpack_newsletter_tier_id":0,"_jetpack_memberships_contains_paywalled_content":false,"_jetpack_memberships_contains_paid_content":false,"footnotes":"","jetpack_publicize_message":"","jetpack_publicize_feature_enabled":true,"jetpack_social_post_already_shared":true,"jetpack_social_options":{"image_generator_settings":{"template":"highway","default_image_id":0,"font":"","enabled":false},"version":2}},"categories":[34],"tags":[29,17,18,19,21,22,31,187,188,189,26,27,65],"post_format":[],"flags":[],"class_list":["post-1424","post","type-post","status-publish","format-standard","has-post-thumbnail","hentry","category-region-centre","tag-berry","tag-berry-good-vierzon","tag-berry-republicain","tag-berrygoodvierzon-fr","tag-centre","tag-changer","tag-eve-elisabeth-martin","tag-festival-hmong","tag-hmong","tag-hmong-festival","tag-region-centre","tag-vierzon","tag-vierzonitude"],"yoast_head":"<!-- This site is optimized with the Yoast SEO plugin v26.8 - https:\/\/yoast.com\/product\/yoast-seo-wordpress\/ -->\n<title>Hmong festival, un \u00e9v\u00e9nement incontournable \u00e0 Aubigny-sur-Nere - Berry Good News<\/title>\n<meta name=\"description\" content=\"dans le berry un festival hmong, cela parait incroyable mais vrai. Le hmongs sont implant\u00e9s dans cette r\u00e9gion suite aux de diff\u00e9rents \u00e9v\u00e9nements.\" \/>\n<meta name=\"robots\" content=\"index, follow, max-snippet:-1, max-image-preview:large, max-video-preview:-1\" \/>\n<link rel=\"canonical\" href=\"https:\/\/berrygoodnews.fr\/index.php\/2017\/07\/26\/hmong-festival-evenement-incontournable-a-aubigny-nere\/\" \/>\n<meta property=\"og:locale\" content=\"fr_FR\" \/>\n<meta property=\"og:type\" content=\"article\" \/>\n<meta property=\"og:title\" content=\"Hmong festival, un \u00e9v\u00e9nement incontournable \u00e0 Aubigny-sur-Nere - Berry Good News\" \/>\n<meta property=\"og:description\" content=\"dans le berry un festival hmong, cela parait incroyable mais vrai. Le hmongs sont implant\u00e9s dans cette r\u00e9gion suite aux de diff\u00e9rents \u00e9v\u00e9nements.\" \/>\n<meta property=\"og:url\" content=\"https:\/\/berrygoodnews.fr\/index.php\/2017\/07\/26\/hmong-festival-evenement-incontournable-a-aubigny-nere\/\" \/>\n<meta property=\"og:site_name\" content=\"Berry Good News\" \/>\n<meta property=\"article:publisher\" content=\"https:\/\/www.facebook.com\/berrygoodnews\/\" \/>\n<meta property=\"article:published_time\" content=\"2017-07-26T16:02:48+00:00\" \/>\n<meta property=\"article:modified_time\" content=\"2023-11-06T16:39:13+00:00\" \/>\n<meta property=\"og:image\" content=\"https:\/\/i0.wp.com\/berrygoodnews.fr\/wp-content\/uploads\/2017\/07\/hmong_1501345569.jpg?fit=1280%2C837&ssl=1\" \/>\n\t<meta property=\"og:image:width\" content=\"1280\" \/>\n\t<meta property=\"og:image:height\" content=\"837\" \/>\n\t<meta property=\"og:image:type\" content=\"image\/jpeg\" \/>\n<meta name=\"author\" content=\"Berry Good News\" \/>\n<meta name=\"twitter:card\" content=\"summary_large_image\" \/>\n<meta name=\"twitter:label1\" content=\"\u00c9crit par\" \/>\n\t<meta name=\"twitter:data1\" content=\"Berry Good News\" \/>\n\t<meta name=\"twitter:label2\" content=\"Dur\u00e9e de lecture estim\u00e9e\" \/>\n\t<meta name=\"twitter:data2\" content=\"2 minutes\" \/>\n<script type=\"application\/ld+json\" class=\"yoast-schema-graph\">{\"@context\":\"https:\/\/schema.org\",\"@graph\":[{\"@type\":\"Article\",\"@id\":\"https:\/\/berrygoodnews.fr\/index.php\/2017\/07\/26\/hmong-festival-evenement-incontournable-a-aubigny-nere\/#article\",\"isPartOf\":{\"@id\":\"https:\/\/berrygoodnews.fr\/index.php\/2017\/07\/26\/hmong-festival-evenement-incontournable-a-aubigny-nere\/\"},\"author\":{\"name\":\"Berry Good News\",\"@id\":\"https:\/\/berrygoodnews.fr\/#\/schema\/person\/6dbdc03bea7806cc92376ffe2fcd047d\"},\"headline\":\"Hmong festival, un \u00e9v\u00e9nement incontournable \u00e0 Aubigny-sur-Nere\",\"datePublished\":\"2017-07-26T16:02:48+00:00\",\"dateModified\":\"2023-11-06T16:39:13+00:00\",\"mainEntityOfPage\":{\"@id\":\"https:\/\/berrygoodnews.fr\/index.php\/2017\/07\/26\/hmong-festival-evenement-incontournable-a-aubigny-nere\/\"},\"wordCount\":407,\"commentCount\":0,\"publisher\":{\"@id\":\"https:\/\/berrygoodnews.fr\/#organization\"},\"image\":{\"@id\":\"https:\/\/berrygoodnews.fr\/index.php\/2017\/07\/26\/hmong-festival-evenement-incontournable-a-aubigny-nere\/#primaryimage\"},\"thumbnailUrl\":\"https:\/\/i0.wp.com\/berrygoodnews.fr\/wp-content\/uploads\/2017\/07\/hmong_1501345569.jpg?fit=1280%2C837&ssl=1\",\"keywords\":[\"berry\",\"Berry Good Vierzon\",\"berry republicain\",\"berrygoodvierzon.fr\",\"centre\",\"changer\",\"Eve- Elisabeth Martin\",\"festival hmong\",\"hmong\",\"hmong festival\",\"region centre\",\"vierzon\",\"Vierzonitude\"],\"articleSection\":[\"R\u00e9gion Centre\"],\"inLanguage\":\"fr-FR\",\"potentialAction\":[{\"@type\":\"CommentAction\",\"name\":\"Comment\",\"target\":[\"https:\/\/berrygoodnews.fr\/index.php\/2017\/07\/26\/hmong-festival-evenement-incontournable-a-aubigny-nere\/#respond\"]}]},{\"@type\":\"WebPage\",\"@id\":\"https:\/\/berrygoodnews.fr\/index.php\/2017\/07\/26\/hmong-festival-evenement-incontournable-a-aubigny-nere\/\",\"url\":\"https:\/\/berrygoodnews.fr\/index.php\/2017\/07\/26\/hmong-festival-evenement-incontournable-a-aubigny-nere\/\",\"name\":\"Hmong festival, un \u00e9v\u00e9nement incontournable \u00e0 Aubigny-sur-Nere - Berry Good News\",\"isPartOf\":{\"@id\":\"https:\/\/berrygoodnews.fr\/#website\"},\"primaryImageOfPage\":{\"@id\":\"https:\/\/berrygoodnews.fr\/index.php\/2017\/07\/26\/hmong-festival-evenement-incontournable-a-aubigny-nere\/#primaryimage\"},\"image\":{\"@id\":\"https:\/\/berrygoodnews.fr\/index.php\/2017\/07\/26\/hmong-festival-evenement-incontournable-a-aubigny-nere\/#primaryimage\"},\"thumbnailUrl\":\"https:\/\/i0.wp.com\/berrygoodnews.fr\/wp-content\/uploads\/2017\/07\/hmong_1501345569.jpg?fit=1280%2C837&ssl=1\",\"datePublished\":\"2017-07-26T16:02:48+00:00\",\"dateModified\":\"2023-11-06T16:39:13+00:00\",\"description\":\"dans le berry un festival hmong, cela parait incroyable mais vrai. Le hmongs sont implant\u00e9s dans cette r\u00e9gion suite aux de diff\u00e9rents \u00e9v\u00e9nements.\",\"breadcrumb\":{\"@id\":\"https:\/\/berrygoodnews.fr\/index.php\/2017\/07\/26\/hmong-festival-evenement-incontournable-a-aubigny-nere\/#breadcrumb\"},\"inLanguage\":\"fr-FR\",\"potentialAction\":[{\"@type\":\"ReadAction\",\"target\":[\"https:\/\/berrygoodnews.fr\/index.php\/2017\/07\/26\/hmong-festival-evenement-incontournable-a-aubigny-nere\/\"]}]},{\"@type\":\"ImageObject\",\"inLanguage\":\"fr-FR\",\"@id\":\"https:\/\/berrygoodnews.fr\/index.php\/2017\/07\/26\/hmong-festival-evenement-incontournable-a-aubigny-nere\/#primaryimage\",\"url\":\"https:\/\/i0.wp.com\/berrygoodnews.fr\/wp-content\/uploads\/2017\/07\/hmong_1501345569.jpg?fit=1280%2C837&ssl=1\",\"contentUrl\":\"https:\/\/i0.wp.com\/berrygoodnews.fr\/wp-content\/uploads\/2017\/07\/hmong_1501345569.jpg?fit=1280%2C837&ssl=1\",\"width\":1280,\"height\":837,\"caption\":\"sasint \/ Pixabay\"},{\"@type\":\"BreadcrumbList\",\"@id\":\"https:\/\/berrygoodnews.fr\/index.php\/2017\/07\/26\/hmong-festival-evenement-incontournable-a-aubigny-nere\/#breadcrumb\",\"itemListElement\":[{\"@type\":\"ListItem\",\"position\":1,\"name\":\"Accueil\",\"item\":\"https:\/\/berrygoodnews.fr\/\"},{\"@type\":\"ListItem\",\"position\":2,\"name\":\"Hmong festival, un \u00e9v\u00e9nement incontournable \u00e0 Aubigny-sur-Nere\"}]},{\"@type\":\"WebSite\",\"@id\":\"https:\/\/berrygoodnews.fr\/#website\",\"url\":\"https:\/\/berrygoodnews.fr\/\",\"name\":\"Berry Good News\",\"description\":\"Le Centre En Action\",\"publisher\":{\"@id\":\"https:\/\/berrygoodnews.fr\/#organization\"},\"potentialAction\":[{\"@type\":\"SearchAction\",\"target\":{\"@type\":\"EntryPoint\",\"urlTemplate\":\"https:\/\/berrygoodnews.fr\/?s={search_term_string}\"},\"query-input\":{\"@type\":\"PropertyValueSpecification\",\"valueRequired\":true,\"valueName\":\"search_term_string\"}}],\"inLanguage\":\"fr-FR\"},{\"@type\":\"Organization\",\"@id\":\"https:\/\/berrygoodnews.fr\/#organization\",\"name\":\"Berry Good News\",\"url\":\"https:\/\/berrygoodnews.fr\/\",\"logo\":{\"@type\":\"ImageObject\",\"inLanguage\":\"fr-FR\",\"@id\":\"https:\/\/berrygoodnews.fr\/#\/schema\/logo\/image\/\",\"url\":\"https:\/\/i0.wp.com\/berrygoodnews.fr\/wp-content\/uploads\/2023\/05\/LogoBGNCouleur.png?fit=318%2C181&ssl=1\",\"contentUrl\":\"https:\/\/i0.wp.com\/berrygoodnews.fr\/wp-content\/uploads\/2023\/05\/LogoBGNCouleur.png?fit=318%2C181&ssl=1\",\"width\":318,\"height\":181,\"caption\":\"Berry Good News\"},\"image\":{\"@id\":\"https:\/\/berrygoodnews.fr\/#\/schema\/logo\/image\/\"},\"sameAs\":[\"https:\/\/www.facebook.com\/berrygoodnews\/\",\"https:\/\/www.youtube.com\/channel\/UCdNcluXQMXIRcNvap69zaWg\"]},{\"@type\":\"Person\",\"@id\":\"https:\/\/berrygoodnews.fr\/#\/schema\/person\/6dbdc03bea7806cc92376ffe2fcd047d\",\"name\":\"Berry Good News\",\"image\":{\"@type\":\"ImageObject\",\"inLanguage\":\"fr-FR\",\"@id\":\"https:\/\/berrygoodnews.fr\/#\/schema\/person\/image\/\",\"url\":\"https:\/\/secure.gravatar.com\/avatar\/dc97e2c83b7805754cf833611fb0eaf80fd556a613a9819de1842868762ec883?s=96&d=mm&r=g\",\"contentUrl\":\"https:\/\/secure.gravatar.com\/avatar\/dc97e2c83b7805754cf833611fb0eaf80fd556a613a9819de1842868762ec883?s=96&d=mm&r=g\",\"caption\":\"Berry Good News\"},\"description\":\"Ex-parisienne, qui a choisi de s'installer il y a six ans \u00e0 Vierzon avec une activit\u00e9 de chambres d'h\u00f4tes. J'ai d\u00e9cid\u00e9 de montrer les bonnes initiatives. Je suis tr\u00e8s optimiste car on a beaucoup de talents ici. J'avais envie de changer la vision que certains ont sur la ville.\",\"url\":\"https:\/\/berrygoodnews.fr\/index.php\/author\/hv\/\"}]}<\/script>\n<!-- \/ Yoast SEO plugin. -->","yoast_head_json":{"title":"Hmong festival, un \u00e9v\u00e9nement incontournable \u00e0 Aubigny-sur-Nere - Berry Good News","description":"dans le berry un festival hmong, cela parait incroyable mais vrai. Le hmongs sont implant\u00e9s dans cette r\u00e9gion suite aux de diff\u00e9rents \u00e9v\u00e9nements.","robots":{"index":"index","follow":"follow","max-snippet":"max-snippet:-1","max-image-preview":"max-image-preview:large","max-video-preview":"max-video-preview:-1"},"canonical":"https:\/\/berrygoodnews.fr\/index.php\/2017\/07\/26\/hmong-festival-evenement-incontournable-a-aubigny-nere\/","og_locale":"fr_FR","og_type":"article","og_title":"Hmong festival, un \u00e9v\u00e9nement incontournable \u00e0 Aubigny-sur-Nere - Berry Good News","og_description":"dans le berry un festival hmong, cela parait incroyable mais vrai. Le hmongs sont implant\u00e9s dans cette r\u00e9gion suite aux de diff\u00e9rents \u00e9v\u00e9nements.","og_url":"https:\/\/berrygoodnews.fr\/index.php\/2017\/07\/26\/hmong-festival-evenement-incontournable-a-aubigny-nere\/","og_site_name":"Berry Good News","article_publisher":"https:\/\/www.facebook.com\/berrygoodnews\/","article_published_time":"2017-07-26T16:02:48+00:00","article_modified_time":"2023-11-06T16:39:13+00:00","og_image":[{"width":1280,"height":837,"url":"https:\/\/i0.wp.com\/berrygoodnews.fr\/wp-content\/uploads\/2017\/07\/hmong_1501345569.jpg?fit=1280%2C837&ssl=1","type":"image\/jpeg"}],"author":"Berry Good News","twitter_card":"summary_large_image","twitter_misc":{"\u00c9crit par":"Berry Good News","Dur\u00e9e de lecture estim\u00e9e":"2 minutes"},"schema":{"@context":"https:\/\/schema.org","@graph":[{"@type":"Article","@id":"https:\/\/berrygoodnews.fr\/index.php\/2017\/07\/26\/hmong-festival-evenement-incontournable-a-aubigny-nere\/#article","isPartOf":{"@id":"https:\/\/berrygoodnews.fr\/index.php\/2017\/07\/26\/hmong-festival-evenement-incontournable-a-aubigny-nere\/"},"author":{"name":"Berry Good News","@id":"https:\/\/berrygoodnews.fr\/#\/schema\/person\/6dbdc03bea7806cc92376ffe2fcd047d"},"headline":"Hmong festival, un \u00e9v\u00e9nement incontournable \u00e0 Aubigny-sur-Nere","datePublished":"2017-07-26T16:02:48+00:00","dateModified":"2023-11-06T16:39:13+00:00","mainEntityOfPage":{"@id":"https:\/\/berrygoodnews.fr\/index.php\/2017\/07\/26\/hmong-festival-evenement-incontournable-a-aubigny-nere\/"},"wordCount":407,"commentCount":0,"publisher":{"@id":"https:\/\/berrygoodnews.fr\/#organization"},"image":{"@id":"https:\/\/berrygoodnews.fr\/index.php\/2017\/07\/26\/hmong-festival-evenement-incontournable-a-aubigny-nere\/#primaryimage"},"thumbnailUrl":"https:\/\/i0.wp.com\/berrygoodnews.fr\/wp-content\/uploads\/2017\/07\/hmong_1501345569.jpg?fit=1280%2C837&ssl=1","keywords":["berry","Berry Good Vierzon","berry republicain","berrygoodvierzon.fr","centre","changer","Eve- Elisabeth Martin","festival hmong","hmong","hmong festival","region centre","vierzon","Vierzonitude"],"articleSection":["R\u00e9gion Centre"],"inLanguage":"fr-FR","potentialAction":[{"@type":"CommentAction","name":"Comment","target":["https:\/\/berrygoodnews.fr\/index.php\/2017\/07\/26\/hmong-festival-evenement-incontournable-a-aubigny-nere\/#respond"]}]},{"@type":"WebPage","@id":"https:\/\/berrygoodnews.fr\/index.php\/2017\/07\/26\/hmong-festival-evenement-incontournable-a-aubigny-nere\/","url":"https:\/\/berrygoodnews.fr\/index.php\/2017\/07\/26\/hmong-festival-evenement-incontournable-a-aubigny-nere\/","name":"Hmong festival, un \u00e9v\u00e9nement incontournable \u00e0 Aubigny-sur-Nere - Berry Good News","isPartOf":{"@id":"https:\/\/berrygoodnews.fr\/#website"},"primaryImageOfPage":{"@id":"https:\/\/berrygoodnews.fr\/index.php\/2017\/07\/26\/hmong-festival-evenement-incontournable-a-aubigny-nere\/#primaryimage"},"image":{"@id":"https:\/\/berrygoodnews.fr\/index.php\/2017\/07\/26\/hmong-festival-evenement-incontournable-a-aubigny-nere\/#primaryimage"},"thumbnailUrl":"https:\/\/i0.wp.com\/berrygoodnews.fr\/wp-content\/uploads\/2017\/07\/hmong_1501345569.jpg?fit=1280%2C837&ssl=1","datePublished":"2017-07-26T16:02:48+00:00","dateModified":"2023-11-06T16:39:13+00:00","description":"dans le berry un festival hmong, cela parait incroyable mais vrai. Le hmongs sont implant\u00e9s dans cette r\u00e9gion suite aux de diff\u00e9rents \u00e9v\u00e9nements.","breadcrumb":{"@id":"https:\/\/berrygoodnews.fr\/index.php\/2017\/07\/26\/hmong-festival-evenement-incontournable-a-aubigny-nere\/#breadcrumb"},"inLanguage":"fr-FR","potentialAction":[{"@type":"ReadAction","target":["https:\/\/berrygoodnews.fr\/index.php\/2017\/07\/26\/hmong-festival-evenement-incontournable-a-aubigny-nere\/"]}]},{"@type":"ImageObject","inLanguage":"fr-FR","@id":"https:\/\/berrygoodnews.fr\/index.php\/2017\/07\/26\/hmong-festival-evenement-incontournable-a-aubigny-nere\/#primaryimage","url":"https:\/\/i0.wp.com\/berrygoodnews.fr\/wp-content\/uploads\/2017\/07\/hmong_1501345569.jpg?fit=1280%2C837&ssl=1","contentUrl":"https:\/\/i0.wp.com\/berrygoodnews.fr\/wp-content\/uploads\/2017\/07\/hmong_1501345569.jpg?fit=1280%2C837&ssl=1","width":1280,"height":837,"caption":"sasint \/ Pixabay"},{"@type":"BreadcrumbList","@id":"https:\/\/berrygoodnews.fr\/index.php\/2017\/07\/26\/hmong-festival-evenement-incontournable-a-aubigny-nere\/#breadcrumb","itemListElement":[{"@type":"ListItem","position":1,"name":"Accueil","item":"https:\/\/berrygoodnews.fr\/"},{"@type":"ListItem","position":2,"name":"Hmong festival, un \u00e9v\u00e9nement incontournable \u00e0 Aubigny-sur-Nere"}]},{"@type":"WebSite","@id":"https:\/\/berrygoodnews.fr\/#website","url":"https:\/\/berrygoodnews.fr\/","name":"Berry Good News","description":"Le Centre En Action","publisher":{"@id":"https:\/\/berrygoodnews.fr\/#organization"},"potentialAction":[{"@type":"SearchAction","target":{"@type":"EntryPoint","urlTemplate":"https:\/\/berrygoodnews.fr\/?s={search_term_string}"},"query-input":{"@type":"PropertyValueSpecification","valueRequired":true,"valueName":"search_term_string"}}],"inLanguage":"fr-FR"},{"@type":"Organization","@id":"https:\/\/berrygoodnews.fr\/#organization","name":"Berry Good News","url":"https:\/\/berrygoodnews.fr\/","logo":{"@type":"ImageObject","inLanguage":"fr-FR","@id":"https:\/\/berrygoodnews.fr\/#\/schema\/logo\/image\/","url":"https:\/\/i0.wp.com\/berrygoodnews.fr\/wp-content\/uploads\/2023\/05\/LogoBGNCouleur.png?fit=318%2C181&ssl=1","contentUrl":"https:\/\/i0.wp.com\/berrygoodnews.fr\/wp-content\/uploads\/2023\/05\/LogoBGNCouleur.png?fit=318%2C181&ssl=1","width":318,"height":181,"caption":"Berry Good News"},"image":{"@id":"https:\/\/berrygoodnews.fr\/#\/schema\/logo\/image\/"},"sameAs":["https:\/\/www.facebook.com\/berrygoodnews\/","https:\/\/www.youtube.com\/channel\/UCdNcluXQMXIRcNvap69zaWg"]},{"@type":"Person","@id":"https:\/\/berrygoodnews.fr\/#\/schema\/person\/6dbdc03bea7806cc92376ffe2fcd047d","name":"Berry Good News","image":{"@type":"ImageObject","inLanguage":"fr-FR","@id":"https:\/\/berrygoodnews.fr\/#\/schema\/person\/image\/","url":"https:\/\/secure.gravatar.com\/avatar\/dc97e2c83b7805754cf833611fb0eaf80fd556a613a9819de1842868762ec883?s=96&d=mm&r=g","contentUrl":"https:\/\/secure.gravatar.com\/avatar\/dc97e2c83b7805754cf833611fb0eaf80fd556a613a9819de1842868762ec883?s=96&d=mm&r=g","caption":"Berry Good News"},"description":"Ex-parisienne, qui a choisi de s'installer il y a six ans \u00e0 Vierzon avec une activit\u00e9 de chambres d'h\u00f4tes. J'ai d\u00e9cid\u00e9 de montrer les bonnes initiatives. Je suis tr\u00e8s optimiste car on a beaucoup de talents ici. J'avais envie de changer la vision que certains ont sur la ville.","url":"https:\/\/berrygoodnews.fr\/index.php\/author\/hv\/"}]}},"jetpack_publicize_connections":[],"jetpack_featured_media_url":"https:\/\/i0.wp.com\/berrygoodnews.fr\/wp-content\/uploads\/2017\/07\/hmong_1501345569.jpg?fit=1280%2C837&ssl=1","jetpack_shortlink":"https:\/\/wp.me\/paGqD8-mY","jetpack-related-posts":[],"jetpack_sharing_enabled":true,"_links":{"self":[{"href":"https:\/\/berrygoodnews.fr\/index.php\/wp-json\/wp\/v2\/posts\/1424","targetHints":{"allow":["GET"]}}],"collection":[{"href":"https:\/\/berrygoodnews.fr\/index.php\/wp-json\/wp\/v2\/posts"}],"about":[{"href":"https:\/\/berrygoodnews.fr\/index.php\/wp-json\/wp\/v2\/types\/post"}],"author":[{"embeddable":true,"href":"https:\/\/berrygoodnews.fr\/index.php\/wp-json\/wp\/v2\/users\/2"}],"replies":[{"embeddable":true,"href":"https:\/\/berrygoodnews.fr\/index.php\/wp-json\/wp\/v2\/comments?post=1424"}],"version-history":[{"count":2,"href":"https:\/\/berrygoodnews.fr\/index.php\/wp-json\/wp\/v2\/posts\/1424\/revisions"}],"predecessor-version":[{"id":12765,"href":"https:\/\/berrygoodnews.fr\/index.php\/wp-json\/wp\/v2\/posts\/1424\/revisions\/12765"}],"wp:featuredmedia":[{"embeddable":true,"href":"https:\/\/berrygoodnews.fr\/index.php\/wp-json\/wp\/v2\/media\/1432"}],"wp:attachment":[{"href":"https:\/\/berrygoodnews.fr\/index.php\/wp-json\/wp\/v2\/media?parent=1424"}],"wp:term":[{"taxonomy":"category","embeddable":true,"href":"https:\/\/berrygoodnews.fr\/index.php\/wp-json\/wp\/v2\/categories?post=1424"},{"taxonomy":"post_tag","embeddable":true,"href":"https:\/\/berrygoodnews.fr\/index.php\/wp-json\/wp\/v2\/tags?post=1424"},{"taxonomy":"post_format","embeddable":true,"href":"https:\/\/berrygoodnews.fr\/index.php\/wp-json\/wp\/v2\/post_format?post=1424"},{"taxonomy":"flags","embeddable":true,"href":"https:\/\/berrygoodnews.fr\/index.php\/wp-json\/wp\/v2\/flags?post=1424"}],"curies":[{"name":"wp","href":"https:\/\/api.w.org\/{rel}","templated":true}]}}