{"id":14061,"date":"2025-07-16T01:55:28","date_gmt":"2025-07-15T23:55:28","guid":{"rendered":"https:\/\/berrygoodnews.fr\/?p=14061"},"modified":"2025-07-16T01:58:13","modified_gmt":"2025-07-15T23:58:13","slug":"caesaria-en-concert-a-theillay","status":"publish","type":"post","link":"https:\/\/berrygoodnews.fr\/index.php\/2025\/07\/16\/caesaria-en-concert-a-theillay\/","title":{"rendered":"Caesaria en concert A theillay"},"content":{"rendered":"\n<figure class=\"wp-block-embed is-type-video is-provider-youtube wp-block-embed-youtube wp-embed-aspect-16-9 wp-has-aspect-ratio\"><div class=\"wp-block-embed__wrapper\">\n<iframe loading=\"lazy\" title=\"CAESARIA - Pointless (official video)\" width=\"850\" height=\"478\" src=\"https:\/\/www.youtube.com\/embed\/OdTRF0WyxP8?feature=oembed\" frameborder=\"0\" allow=\"accelerometer; autoplay; clipboard-write; encrypted-media; gyroscope; picture-in-picture; web-share\" referrerpolicy=\"strict-origin-when-cross-origin\" allowfullscreen><\/iframe>\n<\/div><\/figure>\n\n\n\n<h3 class=\"wp-block-heading\" id=\"_R_laimqaqdfiqapapd5aq_\"><a href=\"https:\/\/www.facebook.com\/communedetheillay?__cft__[0]=AZVwlBan20PdjobWI-qocbGmk8eJcps4r2QqD6dIhhE1ZK1OBstzEMCYtoV_FRwLlqzNu3RKdTShekrjiFd6BoQVnKt634JvBIXncyl69Zqa3NECNosloJ-x6ZjKRm-xVLmTF5tGztNhFeqEqNR7kCbVepADYvwAPY-N7WHPg9KnOA&amp;__tn__=-UC%2CP-R\"><strong>Commune de theillay<\/strong><\/a><\/h3>\n\n\n\n<p>Le jeudi soir 17 juillet a 20h30 sur le parking entre le foyer et le gymnase le d\u00e9partement dans le cadre des Estival&rsquo;41 et la Municipalit\u00e9 proposent un concert rock -pop britannique du groupe Caesaria <img loading=\"lazy\" decoding=\"async\" height=\"16\" width=\"16\" alt=\"\ud83e\udd41\" src=\"https:\/\/static.xx.fbcdn.net\/images\/emoji.php\/v9\/t8e\/1\/16\/1f941.png\"><img loading=\"lazy\" decoding=\"async\" height=\"16\" width=\"16\" alt=\"\ud83c\udfb8\" src=\"https:\/\/static.xx.fbcdn.net\/images\/emoji.php\/v9\/t21\/1\/16\/1f3b8.png\"><img loading=\"lazy\" decoding=\"async\" height=\"16\" width=\"16\" alt=\"\ud83c\udfba\" src=\"https:\/\/static.xx.fbcdn.net\/images\/emoji.php\/v9\/tca\/1\/16\/1f3ba.png\"><img loading=\"lazy\" decoding=\"async\" height=\"16\" width=\"16\" alt=\"\ud83c\udfa4\" src=\"https:\/\/static.xx.fbcdn.net\/images\/emoji.php\/v9\/t7e\/1\/16\/1f3a4.png\"><\/p>\n\n\n\n<p>Th\u00e9o ( chant<img loading=\"lazy\" decoding=\"async\" height=\"16\" width=\"16\" alt=\"\ud83c\udfa4\" src=\"https:\/\/static.xx.fbcdn.net\/images\/emoji.php\/v9\/t7e\/1\/16\/1f3a4.png\"> et guitare <img loading=\"lazy\" decoding=\"async\" height=\"16\" width=\"16\" alt=\"\ud83c\udfb8\" src=\"https:\/\/static.xx.fbcdn.net\/images\/emoji.php\/v9\/t21\/1\/16\/1f3b8.png\">) Thomas ( basse <img loading=\"lazy\" decoding=\"async\" height=\"16\" width=\"16\" alt=\"\ud83c\udfb8\" src=\"https:\/\/static.xx.fbcdn.net\/images\/emoji.php\/v9\/t21\/1\/16\/1f3b8.png\">et synth\u00e9 <img loading=\"lazy\" decoding=\"async\" height=\"16\" width=\"16\" alt=\"\ud83c\udfb9\" src=\"https:\/\/static.xx.fbcdn.net\/images\/emoji.php\/v9\/ta2\/1\/16\/1f3b9.png\">) Louis ( <img loading=\"lazy\" decoding=\"async\" height=\"16\" width=\"16\" alt=\"\ud83c\udfb8\" src=\"https:\/\/static.xx.fbcdn.net\/images\/emoji.php\/v9\/t21\/1\/16\/1f3b8.png\"> et synth\u00e9 <img loading=\"lazy\" decoding=\"async\" height=\"16\" width=\"16\" alt=\"\ud83c\udfb9\" src=\"https:\/\/static.xx.fbcdn.net\/images\/emoji.php\/v9\/ta2\/1\/16\/1f3b9.png\">) feront d\u00e9couvrir leur univers musical ! Rythm\u00e9 et rafra\u00eechissant !sons rock et variations \u00e9lectroniques !<\/p>\n\n\n\n<p>Une soir\u00e9e estivale comme a la plage ! Avec chiliennes <img loading=\"lazy\" decoding=\"async\" height=\"16\" width=\"16\" alt=\"\ud83c\udfd6\ufe0f\" src=\"https:\/\/static.xx.fbcdn.net\/images\/emoji.php\/v9\/t5d\/1\/16\/1f3d6.png\">et sc\u00e8ne en plein air !<\/p>\n\n\n\n<p>Gr\u00e2ce <a><\/a>au d\u00e9partement les festivals s&rsquo;invitent en milieu rural !! <img loading=\"lazy\" decoding=\"async\" height=\"16\" width=\"16\" alt=\"\ud83d\ude01\" src=\"https:\/\/static.xx.fbcdn.net\/images\/emoji.php\/v9\/t4f\/1\/16\/1f601.png\"> Et Theillay va eu la chance d&rsquo;\u00eatre choisi par le Pr\u00e9sident du conseil d\u00e9partemental et son \u00e9quipe !!<\/p>\n\n\n\n<p>Cr\u00eapes <img loading=\"lazy\" decoding=\"async\" height=\"16\" width=\"16\" alt=\"\ud83e\udd5e\" src=\"https:\/\/static.xx.fbcdn.net\/images\/emoji.php\/v9\/t61\/1\/16\/1f95e.png\"> et boissons avec Kevin !<\/p>\n\n\n\n<p>On vous attend nombreux !<\/p>\n\n\n\n<p>Contact<\/p>\n\n\n\n<p><strong>MANAGEMENT :<\/strong><br><a href=\"mailto:a.crupel@gmail.com\">a.crupel@gmail.com<\/a><\/p>\n\n\n\n<p><strong>PR :<\/strong><br><a href=\"mailto:tanguy@daydream-music.fr\">tanguy@daydream-music.fr<\/a><\/p>\n\n\n\n<p><strong>PUBLISHING &amp; LIBRARY :<\/strong><br><a href=\"mailto:contact@birdcall.fr\">contact@birdcall.fr<\/a><\/p>\n\n\n\n<p><strong>TOUR :<\/strong><br>France:&nbsp;<a href=\"mailto:gaspart-booking@label-tio.com\">gaspart-booking@label-tio.com<\/a><\/p>\n","protected":false},"excerpt":{"rendered":"<p>Commune de theillay Le jeudi soir 17 juillet a 20h30 sur le parking entre le foyer et le gymnase le d\u00e9partement dans le cadre des Estival&rsquo;41 et la Municipalit\u00e9 proposent un concert rock -pop britannique du groupe Caesaria Th\u00e9o ( chant et guitare ) Thomas ( basse et synth\u00e9 ) Louis ( et synth\u00e9 ) &hellip;<\/p>\n","protected":false},"author":2,"featured_media":14062,"comment_status":"open","ping_status":"open","sticky":false,"template":"","format":"standard","meta":{"jetpack_post_was_ever_published":false,"_jetpack_newsletter_access":"","_jetpack_dont_email_post_to_subs":false,"_jetpack_newsletter_tier_id":0,"_jetpack_memberships_contains_paywalled_content":false,"_jetpack_memberships_contains_paid_content":false,"footnotes":"","jetpack_publicize_message":"","jetpack_publicize_feature_enabled":true,"jetpack_social_post_already_shared":true,"jetpack_social_options":{"image_generator_settings":{"template":"highway","default_image_id":0,"font":"","enabled":false},"version":2}},"categories":[862,39,14],"tags":[2266,1416],"post_format":[],"flags":[],"class_list":["post-14061","post","type-post","status-publish","format-standard","has-post-thumbnail","hentry","category-central-region","category-national","category-vierzon-et-ses-environs","tag-caesariarock","tag-theillay"],"yoast_head":"<!-- This site is optimized with the Yoast SEO plugin v26.8 - https:\/\/yoast.com\/product\/yoast-seo-wordpress\/ -->\n<title>Caesaria en concert A theillay - Berry Good News<\/title>\n<meta name=\"robots\" content=\"index, follow, max-snippet:-1, max-image-preview:large, max-video-preview:-1\" \/>\n<link rel=\"canonical\" href=\"https:\/\/berrygoodnews.fr\/index.php\/2025\/07\/16\/caesaria-en-concert-a-theillay\/\" \/>\n<meta property=\"og:locale\" content=\"fr_FR\" \/>\n<meta property=\"og:type\" content=\"article\" \/>\n<meta property=\"og:title\" content=\"Caesaria en concert A theillay - Berry Good News\" \/>\n<meta property=\"og:description\" content=\"Commune de theillay Le jeudi soir 17 juillet a 20h30 sur le parking entre le foyer et le gymnase le d\u00e9partement dans le cadre des Estival&rsquo;41 et la Municipalit\u00e9 proposent un concert rock -pop britannique du groupe Caesaria Th\u00e9o ( chant et guitare ) Thomas ( basse et synth\u00e9 ) Louis ( et synth\u00e9 ) &hellip;\" \/>\n<meta property=\"og:url\" content=\"https:\/\/berrygoodnews.fr\/index.php\/2025\/07\/16\/caesaria-en-concert-a-theillay\/\" \/>\n<meta property=\"og:site_name\" content=\"Berry Good News\" \/>\n<meta property=\"article:publisher\" content=\"https:\/\/www.facebook.com\/berrygoodnews\/\" \/>\n<meta property=\"article:published_time\" content=\"2025-07-15T23:55:28+00:00\" \/>\n<meta property=\"article:modified_time\" content=\"2025-07-15T23:58:13+00:00\" \/>\n<meta property=\"og:image\" content=\"https:\/\/berrygoodnews.fr\/wp-content\/uploads\/2025\/07\/e26170c1-432b-41dd-b550-1b36a812c973.jpg\" \/>\n\t<meta property=\"og:image:width\" content=\"1034\" \/>\n\t<meta property=\"og:image:height\" content=\"1599\" \/>\n\t<meta property=\"og:image:type\" content=\"image\/jpeg\" \/>\n<meta name=\"author\" content=\"Berry Good News\" \/>\n<meta name=\"twitter:card\" content=\"summary_large_image\" \/>\n<meta name=\"twitter:label1\" content=\"\u00c9crit par\" \/>\n\t<meta name=\"twitter:data1\" content=\"Berry Good News\" \/>\n\t<meta name=\"twitter:label2\" content=\"Dur\u00e9e de lecture estim\u00e9e\" \/>\n\t<meta name=\"twitter:data2\" content=\"4 minutes\" \/>\n<script type=\"application\/ld+json\" class=\"yoast-schema-graph\">{\"@context\":\"https:\/\/schema.org\",\"@graph\":[{\"@type\":\"Article\",\"@id\":\"https:\/\/berrygoodnews.fr\/index.php\/2025\/07\/16\/caesaria-en-concert-a-theillay\/#article\",\"isPartOf\":{\"@id\":\"https:\/\/berrygoodnews.fr\/index.php\/2025\/07\/16\/caesaria-en-concert-a-theillay\/\"},\"author\":{\"name\":\"Berry Good News\",\"@id\":\"https:\/\/berrygoodnews.fr\/#\/schema\/person\/6dbdc03bea7806cc92376ffe2fcd047d\"},\"headline\":\"Caesaria en concert A theillay\",\"datePublished\":\"2025-07-15T23:55:28+00:00\",\"dateModified\":\"2025-07-15T23:58:13+00:00\",\"mainEntityOfPage\":{\"@id\":\"https:\/\/berrygoodnews.fr\/index.php\/2025\/07\/16\/caesaria-en-concert-a-theillay\/\"},\"wordCount\":158,\"commentCount\":0,\"publisher\":{\"@id\":\"https:\/\/berrygoodnews.fr\/#organization\"},\"image\":{\"@id\":\"https:\/\/berrygoodnews.fr\/index.php\/2025\/07\/16\/caesaria-en-concert-a-theillay\/#primaryimage\"},\"thumbnailUrl\":\"https:\/\/i0.wp.com\/berrygoodnews.fr\/wp-content\/uploads\/2025\/07\/e26170c1-432b-41dd-b550-1b36a812c973.jpg?fit=1034%2C1599&ssl=1\",\"keywords\":[\"Caesariarock\",\"Theillay\"],\"articleSection\":[\"Central Region\",\"National\",\"Vierzon et ses Environs\"],\"inLanguage\":\"fr-FR\",\"potentialAction\":[{\"@type\":\"CommentAction\",\"name\":\"Comment\",\"target\":[\"https:\/\/berrygoodnews.fr\/index.php\/2025\/07\/16\/caesaria-en-concert-a-theillay\/#respond\"]}]},{\"@type\":\"WebPage\",\"@id\":\"https:\/\/berrygoodnews.fr\/index.php\/2025\/07\/16\/caesaria-en-concert-a-theillay\/\",\"url\":\"https:\/\/berrygoodnews.fr\/index.php\/2025\/07\/16\/caesaria-en-concert-a-theillay\/\",\"name\":\"Caesaria en concert A theillay - Berry Good News\",\"isPartOf\":{\"@id\":\"https:\/\/berrygoodnews.fr\/#website\"},\"primaryImageOfPage\":{\"@id\":\"https:\/\/berrygoodnews.fr\/index.php\/2025\/07\/16\/caesaria-en-concert-a-theillay\/#primaryimage\"},\"image\":{\"@id\":\"https:\/\/berrygoodnews.fr\/index.php\/2025\/07\/16\/caesaria-en-concert-a-theillay\/#primaryimage\"},\"thumbnailUrl\":\"https:\/\/i0.wp.com\/berrygoodnews.fr\/wp-content\/uploads\/2025\/07\/e26170c1-432b-41dd-b550-1b36a812c973.jpg?fit=1034%2C1599&ssl=1\",\"datePublished\":\"2025-07-15T23:55:28+00:00\",\"dateModified\":\"2025-07-15T23:58:13+00:00\",\"breadcrumb\":{\"@id\":\"https:\/\/berrygoodnews.fr\/index.php\/2025\/07\/16\/caesaria-en-concert-a-theillay\/#breadcrumb\"},\"inLanguage\":\"fr-FR\",\"potentialAction\":[{\"@type\":\"ReadAction\",\"target\":[\"https:\/\/berrygoodnews.fr\/index.php\/2025\/07\/16\/caesaria-en-concert-a-theillay\/\"]}]},{\"@type\":\"ImageObject\",\"inLanguage\":\"fr-FR\",\"@id\":\"https:\/\/berrygoodnews.fr\/index.php\/2025\/07\/16\/caesaria-en-concert-a-theillay\/#primaryimage\",\"url\":\"https:\/\/i0.wp.com\/berrygoodnews.fr\/wp-content\/uploads\/2025\/07\/e26170c1-432b-41dd-b550-1b36a812c973.jpg?fit=1034%2C1599&ssl=1\",\"contentUrl\":\"https:\/\/i0.wp.com\/berrygoodnews.fr\/wp-content\/uploads\/2025\/07\/e26170c1-432b-41dd-b550-1b36a812c973.jpg?fit=1034%2C1599&ssl=1\",\"width\":1034,\"height\":1599},{\"@type\":\"BreadcrumbList\",\"@id\":\"https:\/\/berrygoodnews.fr\/index.php\/2025\/07\/16\/caesaria-en-concert-a-theillay\/#breadcrumb\",\"itemListElement\":[{\"@type\":\"ListItem\",\"position\":1,\"name\":\"Accueil\",\"item\":\"https:\/\/berrygoodnews.fr\/\"},{\"@type\":\"ListItem\",\"position\":2,\"name\":\"Caesaria en concert A theillay\"}]},{\"@type\":\"WebSite\",\"@id\":\"https:\/\/berrygoodnews.fr\/#website\",\"url\":\"https:\/\/berrygoodnews.fr\/\",\"name\":\"Berry Good News\",\"description\":\"Le Centre En Action\",\"publisher\":{\"@id\":\"https:\/\/berrygoodnews.fr\/#organization\"},\"potentialAction\":[{\"@type\":\"SearchAction\",\"target\":{\"@type\":\"EntryPoint\",\"urlTemplate\":\"https:\/\/berrygoodnews.fr\/?s={search_term_string}\"},\"query-input\":{\"@type\":\"PropertyValueSpecification\",\"valueRequired\":true,\"valueName\":\"search_term_string\"}}],\"inLanguage\":\"fr-FR\"},{\"@type\":\"Organization\",\"@id\":\"https:\/\/berrygoodnews.fr\/#organization\",\"name\":\"Berry Good News\",\"url\":\"https:\/\/berrygoodnews.fr\/\",\"logo\":{\"@type\":\"ImageObject\",\"inLanguage\":\"fr-FR\",\"@id\":\"https:\/\/berrygoodnews.fr\/#\/schema\/logo\/image\/\",\"url\":\"https:\/\/i0.wp.com\/berrygoodnews.fr\/wp-content\/uploads\/2023\/05\/LogoBGNCouleur.png?fit=318%2C181&ssl=1\",\"contentUrl\":\"https:\/\/i0.wp.com\/berrygoodnews.fr\/wp-content\/uploads\/2023\/05\/LogoBGNCouleur.png?fit=318%2C181&ssl=1\",\"width\":318,\"height\":181,\"caption\":\"Berry Good News\"},\"image\":{\"@id\":\"https:\/\/berrygoodnews.fr\/#\/schema\/logo\/image\/\"},\"sameAs\":[\"https:\/\/www.facebook.com\/berrygoodnews\/\",\"https:\/\/www.youtube.com\/channel\/UCdNcluXQMXIRcNvap69zaWg\"]},{\"@type\":\"Person\",\"@id\":\"https:\/\/berrygoodnews.fr\/#\/schema\/person\/6dbdc03bea7806cc92376ffe2fcd047d\",\"name\":\"Berry Good News\",\"image\":{\"@type\":\"ImageObject\",\"inLanguage\":\"fr-FR\",\"@id\":\"https:\/\/berrygoodnews.fr\/#\/schema\/person\/image\/\",\"url\":\"https:\/\/secure.gravatar.com\/avatar\/dc97e2c83b7805754cf833611fb0eaf80fd556a613a9819de1842868762ec883?s=96&d=mm&r=g\",\"contentUrl\":\"https:\/\/secure.gravatar.com\/avatar\/dc97e2c83b7805754cf833611fb0eaf80fd556a613a9819de1842868762ec883?s=96&d=mm&r=g\",\"caption\":\"Berry Good News\"},\"description\":\"Ex-parisienne, qui a choisi de s'installer il y a six ans \u00e0 Vierzon avec une activit\u00e9 de chambres d'h\u00f4tes. J'ai d\u00e9cid\u00e9 de montrer les bonnes initiatives. Je suis tr\u00e8s optimiste car on a beaucoup de talents ici. J'avais envie de changer la vision que certains ont sur la ville.\",\"url\":\"https:\/\/berrygoodnews.fr\/index.php\/author\/hv\/\"}]}<\/script>\n<!-- \/ Yoast SEO plugin. -->","yoast_head_json":{"title":"Caesaria en concert A theillay - Berry Good News","robots":{"index":"index","follow":"follow","max-snippet":"max-snippet:-1","max-image-preview":"max-image-preview:large","max-video-preview":"max-video-preview:-1"},"canonical":"https:\/\/berrygoodnews.fr\/index.php\/2025\/07\/16\/caesaria-en-concert-a-theillay\/","og_locale":"fr_FR","og_type":"article","og_title":"Caesaria en concert A theillay - Berry Good News","og_description":"Commune de theillay Le jeudi soir 17 juillet a 20h30 sur le parking entre le foyer et le gymnase le d\u00e9partement dans le cadre des Estival&rsquo;41 et la Municipalit\u00e9 proposent un concert rock -pop britannique du groupe Caesaria Th\u00e9o ( chant et guitare ) Thomas ( basse et synth\u00e9 ) Louis ( et synth\u00e9 ) &hellip;","og_url":"https:\/\/berrygoodnews.fr\/index.php\/2025\/07\/16\/caesaria-en-concert-a-theillay\/","og_site_name":"Berry Good News","article_publisher":"https:\/\/www.facebook.com\/berrygoodnews\/","article_published_time":"2025-07-15T23:55:28+00:00","article_modified_time":"2025-07-15T23:58:13+00:00","og_image":[{"width":1034,"height":1599,"url":"https:\/\/berrygoodnews.fr\/wp-content\/uploads\/2025\/07\/e26170c1-432b-41dd-b550-1b36a812c973.jpg","type":"image\/jpeg"}],"author":"Berry Good News","twitter_card":"summary_large_image","twitter_misc":{"\u00c9crit par":"Berry Good News","Dur\u00e9e de lecture estim\u00e9e":"4 minutes"},"schema":{"@context":"https:\/\/schema.org","@graph":[{"@type":"Article","@id":"https:\/\/berrygoodnews.fr\/index.php\/2025\/07\/16\/caesaria-en-concert-a-theillay\/#article","isPartOf":{"@id":"https:\/\/berrygoodnews.fr\/index.php\/2025\/07\/16\/caesaria-en-concert-a-theillay\/"},"author":{"name":"Berry Good News","@id":"https:\/\/berrygoodnews.fr\/#\/schema\/person\/6dbdc03bea7806cc92376ffe2fcd047d"},"headline":"Caesaria en concert A theillay","datePublished":"2025-07-15T23:55:28+00:00","dateModified":"2025-07-15T23:58:13+00:00","mainEntityOfPage":{"@id":"https:\/\/berrygoodnews.fr\/index.php\/2025\/07\/16\/caesaria-en-concert-a-theillay\/"},"wordCount":158,"commentCount":0,"publisher":{"@id":"https:\/\/berrygoodnews.fr\/#organization"},"image":{"@id":"https:\/\/berrygoodnews.fr\/index.php\/2025\/07\/16\/caesaria-en-concert-a-theillay\/#primaryimage"},"thumbnailUrl":"https:\/\/i0.wp.com\/berrygoodnews.fr\/wp-content\/uploads\/2025\/07\/e26170c1-432b-41dd-b550-1b36a812c973.jpg?fit=1034%2C1599&ssl=1","keywords":["Caesariarock","Theillay"],"articleSection":["Central Region","National","Vierzon et ses Environs"],"inLanguage":"fr-FR","potentialAction":[{"@type":"CommentAction","name":"Comment","target":["https:\/\/berrygoodnews.fr\/index.php\/2025\/07\/16\/caesaria-en-concert-a-theillay\/#respond"]}]},{"@type":"WebPage","@id":"https:\/\/berrygoodnews.fr\/index.php\/2025\/07\/16\/caesaria-en-concert-a-theillay\/","url":"https:\/\/berrygoodnews.fr\/index.php\/2025\/07\/16\/caesaria-en-concert-a-theillay\/","name":"Caesaria en concert A theillay - Berry Good News","isPartOf":{"@id":"https:\/\/berrygoodnews.fr\/#website"},"primaryImageOfPage":{"@id":"https:\/\/berrygoodnews.fr\/index.php\/2025\/07\/16\/caesaria-en-concert-a-theillay\/#primaryimage"},"image":{"@id":"https:\/\/berrygoodnews.fr\/index.php\/2025\/07\/16\/caesaria-en-concert-a-theillay\/#primaryimage"},"thumbnailUrl":"https:\/\/i0.wp.com\/berrygoodnews.fr\/wp-content\/uploads\/2025\/07\/e26170c1-432b-41dd-b550-1b36a812c973.jpg?fit=1034%2C1599&ssl=1","datePublished":"2025-07-15T23:55:28+00:00","dateModified":"2025-07-15T23:58:13+00:00","breadcrumb":{"@id":"https:\/\/berrygoodnews.fr\/index.php\/2025\/07\/16\/caesaria-en-concert-a-theillay\/#breadcrumb"},"inLanguage":"fr-FR","potentialAction":[{"@type":"ReadAction","target":["https:\/\/berrygoodnews.fr\/index.php\/2025\/07\/16\/caesaria-en-concert-a-theillay\/"]}]},{"@type":"ImageObject","inLanguage":"fr-FR","@id":"https:\/\/berrygoodnews.fr\/index.php\/2025\/07\/16\/caesaria-en-concert-a-theillay\/#primaryimage","url":"https:\/\/i0.wp.com\/berrygoodnews.fr\/wp-content\/uploads\/2025\/07\/e26170c1-432b-41dd-b550-1b36a812c973.jpg?fit=1034%2C1599&ssl=1","contentUrl":"https:\/\/i0.wp.com\/berrygoodnews.fr\/wp-content\/uploads\/2025\/07\/e26170c1-432b-41dd-b550-1b36a812c973.jpg?fit=1034%2C1599&ssl=1","width":1034,"height":1599},{"@type":"BreadcrumbList","@id":"https:\/\/berrygoodnews.fr\/index.php\/2025\/07\/16\/caesaria-en-concert-a-theillay\/#breadcrumb","itemListElement":[{"@type":"ListItem","position":1,"name":"Accueil","item":"https:\/\/berrygoodnews.fr\/"},{"@type":"ListItem","position":2,"name":"Caesaria en concert A theillay"}]},{"@type":"WebSite","@id":"https:\/\/berrygoodnews.fr\/#website","url":"https:\/\/berrygoodnews.fr\/","name":"Berry Good News","description":"Le Centre En Action","publisher":{"@id":"https:\/\/berrygoodnews.fr\/#organization"},"potentialAction":[{"@type":"SearchAction","target":{"@type":"EntryPoint","urlTemplate":"https:\/\/berrygoodnews.fr\/?s={search_term_string}"},"query-input":{"@type":"PropertyValueSpecification","valueRequired":true,"valueName":"search_term_string"}}],"inLanguage":"fr-FR"},{"@type":"Organization","@id":"https:\/\/berrygoodnews.fr\/#organization","name":"Berry Good News","url":"https:\/\/berrygoodnews.fr\/","logo":{"@type":"ImageObject","inLanguage":"fr-FR","@id":"https:\/\/berrygoodnews.fr\/#\/schema\/logo\/image\/","url":"https:\/\/i0.wp.com\/berrygoodnews.fr\/wp-content\/uploads\/2023\/05\/LogoBGNCouleur.png?fit=318%2C181&ssl=1","contentUrl":"https:\/\/i0.wp.com\/berrygoodnews.fr\/wp-content\/uploads\/2023\/05\/LogoBGNCouleur.png?fit=318%2C181&ssl=1","width":318,"height":181,"caption":"Berry Good News"},"image":{"@id":"https:\/\/berrygoodnews.fr\/#\/schema\/logo\/image\/"},"sameAs":["https:\/\/www.facebook.com\/berrygoodnews\/","https:\/\/www.youtube.com\/channel\/UCdNcluXQMXIRcNvap69zaWg"]},{"@type":"Person","@id":"https:\/\/berrygoodnews.fr\/#\/schema\/person\/6dbdc03bea7806cc92376ffe2fcd047d","name":"Berry Good News","image":{"@type":"ImageObject","inLanguage":"fr-FR","@id":"https:\/\/berrygoodnews.fr\/#\/schema\/person\/image\/","url":"https:\/\/secure.gravatar.com\/avatar\/dc97e2c83b7805754cf833611fb0eaf80fd556a613a9819de1842868762ec883?s=96&d=mm&r=g","contentUrl":"https:\/\/secure.gravatar.com\/avatar\/dc97e2c83b7805754cf833611fb0eaf80fd556a613a9819de1842868762ec883?s=96&d=mm&r=g","caption":"Berry Good News"},"description":"Ex-parisienne, qui a choisi de s'installer il y a six ans \u00e0 Vierzon avec une activit\u00e9 de chambres d'h\u00f4tes. J'ai d\u00e9cid\u00e9 de montrer les bonnes initiatives. Je suis tr\u00e8s optimiste car on a beaucoup de talents ici. J'avais envie de changer la vision que certains ont sur la ville.","url":"https:\/\/berrygoodnews.fr\/index.php\/author\/hv\/"}]}},"jetpack_publicize_connections":[],"jetpack_featured_media_url":"https:\/\/i0.wp.com\/berrygoodnews.fr\/wp-content\/uploads\/2025\/07\/e26170c1-432b-41dd-b550-1b36a812c973.jpg?fit=1034%2C1599&ssl=1","jetpack_shortlink":"https:\/\/wp.me\/paGqD8-3EN","jetpack-related-posts":[],"jetpack_sharing_enabled":true,"_links":{"self":[{"href":"https:\/\/berrygoodnews.fr\/index.php\/wp-json\/wp\/v2\/posts\/14061","targetHints":{"allow":["GET"]}}],"collection":[{"href":"https:\/\/berrygoodnews.fr\/index.php\/wp-json\/wp\/v2\/posts"}],"about":[{"href":"https:\/\/berrygoodnews.fr\/index.php\/wp-json\/wp\/v2\/types\/post"}],"author":[{"embeddable":true,"href":"https:\/\/berrygoodnews.fr\/index.php\/wp-json\/wp\/v2\/users\/2"}],"replies":[{"embeddable":true,"href":"https:\/\/berrygoodnews.fr\/index.php\/wp-json\/wp\/v2\/comments?post=14061"}],"version-history":[{"count":2,"href":"https:\/\/berrygoodnews.fr\/index.php\/wp-json\/wp\/v2\/posts\/14061\/revisions"}],"predecessor-version":[{"id":14064,"href":"https:\/\/berrygoodnews.fr\/index.php\/wp-json\/wp\/v2\/posts\/14061\/revisions\/14064"}],"wp:featuredmedia":[{"embeddable":true,"href":"https:\/\/berrygoodnews.fr\/index.php\/wp-json\/wp\/v2\/media\/14062"}],"wp:attachment":[{"href":"https:\/\/berrygoodnews.fr\/index.php\/wp-json\/wp\/v2\/media?parent=14061"}],"wp:term":[{"taxonomy":"category","embeddable":true,"href":"https:\/\/berrygoodnews.fr\/index.php\/wp-json\/wp\/v2\/categories?post=14061"},{"taxonomy":"post_tag","embeddable":true,"href":"https:\/\/berrygoodnews.fr\/index.php\/wp-json\/wp\/v2\/tags?post=14061"},{"taxonomy":"post_format","embeddable":true,"href":"https:\/\/berrygoodnews.fr\/index.php\/wp-json\/wp\/v2\/post_format?post=14061"},{"taxonomy":"flags","embeddable":true,"href":"https:\/\/berrygoodnews.fr\/index.php\/wp-json\/wp\/v2\/flags?post=14061"}],"curies":[{"name":"wp","href":"https:\/\/api.w.org\/{rel}","templated":true}]}}