{"id":13954,"date":"2025-06-22T17:03:19","date_gmt":"2025-06-22T15:03:19","guid":{"rendered":"https:\/\/berrygoodnews.fr\/?p=13954"},"modified":"2025-06-22T17:03:20","modified_gmt":"2025-06-22T15:03:20","slug":"peter-harper-a-la-maison-du-blues","status":"publish","type":"post","link":"https:\/\/berrygoodnews.fr\/index.php\/2025\/06\/22\/peter-harper-a-la-maison-du-blues\/","title":{"rendered":"Peter Harper \u00e0 la Maison du Blues"},"content":{"rendered":"\n<p><strong>Quelle chance et fiert\u00e9 d\u2019accueillir&nbsp;<\/strong><\/p>\n\n\n\n<p><strong>Peter Harper \u00e0 la Maison du Blues&nbsp;!!!<\/strong><\/p>\n\n\n\n<p>Il y a quelques fois des rencontres qui vont aboutir sur des projets et c\u2019est le cas pour Peter. Fan de Ben Harper, j\u2019ai d\u00e9couvert par personne interpos\u00e9e l\u2019existence de Peter et j\u2019ai \u00e9t\u00e9 tout de suite conquis\u00a0par cette voix incroyable et ses textes.\u00a0<\/p>\n\n\n\n<p>L\u2019opportunit\u00e9 nous a permis de conclure cette date pour notre plus grand bonheur. La famille Harper est incroyable et leurs engagements respectifs les rendent encore plus attachants dans un\u00a0contexte am\u00e9ricain compliqu\u00e9. Un peu plus Folk que Ben, Peter a la m\u00eame voix suave et qui nous touche directement le c\u0153ur.<\/p>\n\n\n\n<p>Deux&nbsp;tr\u00e8s grandes soir\u00e9es en perspective pleine de douceur et de partage&nbsp;!<\/p>\n\n\n\n<p><strong>Devant une forte demande et Peter \u00e9tant disponible,\u00a0<\/strong> <strong>nous pouvons vous proposer une date suppl\u00e9mentaire !<\/strong><\/p>\n\n\n\n<figure class=\"wp-block-image size-large\"><img data-recalc-dims=\"1\" loading=\"lazy\" decoding=\"async\" width=\"850\" height=\"850\" data-attachment-id=\"13956\" data-permalink=\"https:\/\/berrygoodnews.fr\/index.php\/2025\/06\/22\/peter-harper-a-la-maison-du-blues\/unnamed-25\/\" data-orig-file=\"https:\/\/i0.wp.com\/berrygoodnews.fr\/wp-content\/uploads\/2025\/06\/unnamed.jpg?fit=1654%2C1654&amp;ssl=1\" data-orig-size=\"1654,1654\" data-comments-opened=\"1\" data-image-meta=\"{&quot;aperture&quot;:&quot;0&quot;,&quot;credit&quot;:&quot;&quot;,&quot;camera&quot;:&quot;&quot;,&quot;caption&quot;:&quot;&quot;,&quot;created_timestamp&quot;:&quot;0&quot;,&quot;copyright&quot;:&quot;&quot;,&quot;focal_length&quot;:&quot;0&quot;,&quot;iso&quot;:&quot;0&quot;,&quot;shutter_speed&quot;:&quot;0&quot;,&quot;title&quot;:&quot;&quot;,&quot;orientation&quot;:&quot;0&quot;}\" data-image-title=\"unnamed\" data-image-description=\"\" data-image-caption=\"\" data-medium-file=\"https:\/\/i0.wp.com\/berrygoodnews.fr\/wp-content\/uploads\/2025\/06\/unnamed.jpg?fit=300%2C300&amp;ssl=1\" data-large-file=\"https:\/\/i0.wp.com\/berrygoodnews.fr\/wp-content\/uploads\/2025\/06\/unnamed.jpg?fit=850%2C850&amp;ssl=1\" src=\"https:\/\/i0.wp.com\/berrygoodnews.fr\/wp-content\/uploads\/2025\/06\/unnamed.jpg?resize=850%2C850&#038;ssl=1\" alt=\"\" class=\"wp-image-13956\" srcset=\"https:\/\/i0.wp.com\/berrygoodnews.fr\/wp-content\/uploads\/2025\/06\/unnamed.jpg?resize=1024%2C1024&amp;ssl=1 1024w, https:\/\/i0.wp.com\/berrygoodnews.fr\/wp-content\/uploads\/2025\/06\/unnamed.jpg?resize=300%2C300&amp;ssl=1 300w, https:\/\/i0.wp.com\/berrygoodnews.fr\/wp-content\/uploads\/2025\/06\/unnamed.jpg?resize=200%2C200&amp;ssl=1 200w, https:\/\/i0.wp.com\/berrygoodnews.fr\/wp-content\/uploads\/2025\/06\/unnamed.jpg?resize=768%2C768&amp;ssl=1 768w, https:\/\/i0.wp.com\/berrygoodnews.fr\/wp-content\/uploads\/2025\/06\/unnamed.jpg?resize=1536%2C1536&amp;ssl=1 1536w, https:\/\/i0.wp.com\/berrygoodnews.fr\/wp-content\/uploads\/2025\/06\/unnamed.jpg?w=1654&amp;ssl=1 1654w\" sizes=\"auto, (max-width: 850px) 100vw, 850px\" \/><\/figure>\n\n\n\n<p><em>\u00ab\u00a026 nouvelles chansons pour le plus jeune des musiciens de la prestigieuse famille d&rsquo;artistes Harper, Peter ! Durant un an et demi, il s\u02bcest promis d&rsquo;\u00e9crire et d&rsquo; enregistrer une\u00a0chanson toutes les deux semaines pour ses fans.\u00a0<\/em><\/p>\n\n\n\n<p><em>Et le voil\u00e0 de retour, avec un nouvel album, \u201cWe&rsquo;re Comin\u2019\u201d, un disque qui appelle \u00e0 la conscience de son public. Peter Harper est depuis son premier album en 2013 tourn\u00e9 vers<\/em> <em>les questions d\u2019environnement. Il s\u2019est impliqu\u00e9 dans \u201cla surfrider fondation\u201d et l\u2019\u00e9cologie ainsi que la politique restent au centre de ses chansons.\u00a0<\/em><\/p>\n\n\n\n<p><em>Mais bien s\u00fbr, si vous avez vu Peter Harper en concert, il y a de fortes chances que vous ayez re\u00e7u un baiser sur la joue ou un gros c\u00e2lin de sa part, il aime aussi nous faire danser\u00a0<\/em> <em>de sa voix qui rappelle\u00a0<\/em><\/p>\n\n\n\n<p><em>la soul des ann\u00e9es 50 et 60, il donne l&rsquo;impression de flotter dans les nuages de tendresse plusieurs jours encore apr\u00e8s le concert.<\/em><\/p>\n\n\n\n<p><em>Peter Harper est de retour sur la route, ses concerts ne vous laisseront pas seulement enchant\u00e9s, ils nous rappellent aussi qu&rsquo;il y a encore de belles choses dans le monde qui\u00a0<\/em> <em>m\u00e9ritent d&rsquo;\u00eatre d\u00e9fendues.\u00a0\u00bb<\/em><\/p>\n\n\n\n<p><strong>Par M\u00e9lanie Bauer &#8211; Journaliste Radio Nova \/ Paris &#8211; 2023 (extraits)<\/strong><\/p>\n\n\n\n<p><strong><em>Deux concerts exceptionnels \u00e0 la&nbsp;Maison du&nbsp;Blues !!<\/em><\/strong><\/p>\n\n\n\n<p><strong><em>Mais un seul reste disponible&nbsp; !!<\/em><\/strong><\/p>\n\n\n\n<p><strong>SAMEDI 28 JUIN 2025 \u00e0 21H<\/strong><\/p>\n\n\n\n<p><strong><u><em>DIMANCHE 29 JUIN \u00e0 21H COMPLET<\/em><\/u><\/strong><\/p>\n\n\n\n<p><strong>Ouverture des portes \u00e0 19h<\/strong><\/p>\n\n\n\n<p><em><strong>pour l&rsquo;ap\u00e9ritif et la petite restauration<\/strong><\/em>&nbsp;<em><\/em><\/p>\n\n\n\n<p><em><strong>nous vous proposerons un plat selon l&rsquo;inspiration&nbsp; !!<\/strong><\/em><\/p>\n\n\n\n<p><em><\/em><strong>les tartes sal\u00e9es, les croque-monsieur<\/strong><\/p>\n\n\n\n<p><strong>les assiettes de<\/strong>&nbsp;<strong>charcuterie-fromage<\/strong><\/p>\n\n\n\n<p><strong>et les desserts<\/strong>&nbsp;<strong>!!!<\/strong><\/p>\n\n\n\n<p><strong>R\u00e9servations et Renseignements :<\/strong><\/p>\n\n\n\n<p><a><strong>tel&nbsp; : 07.66.79.58.58<\/strong><\/a><\/p>\n\n\n\n<p>ou par mail :&nbsp;<strong><a href=\"mailto:jack@lamaisondublues.com\" target=\"_blank\" rel=\"noreferrer noopener\">jack@lamaisondublues.com<\/a><\/strong><\/p>\n\n\n\n<p><strong>nous vous rappelons que&nbsp;<\/strong>&nbsp;<\/p>\n\n\n\n<p><strong>&nbsp;nous ne prenons pas la Carte Bleue :&nbsp;<u>uniquement ch\u00e8ques ou esp\u00e8ces<\/u><\/strong><\/p>\n\n\n\n<p><strong>et que le Mus\u00e9e Europ\u00e9en du Blues est ouvert du jeudi au dimanche de 10h30 \u00e0 18h<\/strong><\/p>\n\n\n\n<p>&#8212;<br><strong>BLACK JACK BLUES ASSOCIATION<\/strong><br>Jacques\u00a0\u00bbBlack Jack\u00a0\u00bbGarcia<br>42 rue du 11 novembre 1918<br>41320 ch\u00e2tres sur Cher<br>T\u00e9l : 06 66 42 70 24 ou 07 66 79 58 58<br>E-mail :&nbsp;<a href=\"mailto:jack@lamaisondublues.com\" target=\"_blank\" rel=\"noreferrer noopener\">jack@lamaisondublues.com<\/a><\/p>\n\n\n\n<figure class=\"wp-block-table\"><table><tbody><tr><td><img decoding=\"async\" src=\"https:\/\/lh3.googleusercontent.com\/a\/ACg8ocLDSUNGj0tV63U3Pp7-pPqMd7CvQf9jX9SZmZOSuR2tPffhQGc=s40-p\"><\/td><td>R\u00e9pondreTransf\u00e9rerVous avez re\u00e7u cet e-mail en Cci, vous ne pouvez donc pas y r\u00e9agir avec un emoji<\/td><\/tr><\/tbody><\/table><\/figure>\n","protected":false},"excerpt":{"rendered":"<p>Quelle chance et fiert\u00e9 d\u2019accueillir&nbsp; Peter Harper \u00e0 la Maison du Blues&nbsp;!!! Il y a quelques fois des rencontres qui vont aboutir sur des projets et c\u2019est le cas pour Peter. Fan de Ben Harper, j\u2019ai d\u00e9couvert par personne interpos\u00e9e l\u2019existence de Peter et j\u2019ai \u00e9t\u00e9 tout de suite conquis\u00a0par cette voix incroyable et ses &hellip;<\/p>\n","protected":false},"author":2,"featured_media":13956,"comment_status":"open","ping_status":"open","sticky":false,"template":"","format":"standard","meta":{"jetpack_post_was_ever_published":false,"_jetpack_newsletter_access":"","_jetpack_dont_email_post_to_subs":false,"_jetpack_newsletter_tier_id":0,"_jetpack_memberships_contains_paywalled_content":false,"_jetpack_memberships_contains_paid_content":false,"footnotes":"","jetpack_publicize_message":"","jetpack_publicize_feature_enabled":true,"jetpack_social_post_already_shared":true,"jetpack_social_options":{"image_generator_settings":{"template":"highway","default_image_id":0,"font":"","enabled":false},"version":2}},"categories":[1],"tags":[1533,954,2239],"post_format":[],"flags":[],"class_list":["post-13954","post","type-post","status-publish","format-standard","has-post-thumbnail","hentry","category-non-classe","tag-chatre-sur-cher-2","tag-la-maison-du-blues-2","tag-peter-harper"],"yoast_head":"<!-- This site is optimized with the Yoast SEO plugin v26.8 - https:\/\/yoast.com\/product\/yoast-seo-wordpress\/ -->\n<title>Peter Harper \u00e0 la Maison du Blues - Berry Good News<\/title>\n<meta name=\"robots\" content=\"index, follow, max-snippet:-1, max-image-preview:large, max-video-preview:-1\" \/>\n<link rel=\"canonical\" href=\"https:\/\/berrygoodnews.fr\/index.php\/2025\/06\/22\/peter-harper-a-la-maison-du-blues\/\" \/>\n<meta property=\"og:locale\" content=\"fr_FR\" \/>\n<meta property=\"og:type\" content=\"article\" \/>\n<meta property=\"og:title\" content=\"Peter Harper \u00e0 la Maison du Blues - Berry Good News\" \/>\n<meta property=\"og:description\" content=\"Quelle chance et fiert\u00e9 d\u2019accueillir&nbsp; Peter Harper \u00e0 la Maison du Blues&nbsp;!!! Il y a quelques fois des rencontres qui vont aboutir sur des projets et c\u2019est le cas pour Peter. Fan de Ben Harper, j\u2019ai d\u00e9couvert par personne interpos\u00e9e l\u2019existence de Peter et j\u2019ai \u00e9t\u00e9 tout de suite conquis\u00a0par cette voix incroyable et ses &hellip;\" \/>\n<meta property=\"og:url\" content=\"https:\/\/berrygoodnews.fr\/index.php\/2025\/06\/22\/peter-harper-a-la-maison-du-blues\/\" \/>\n<meta property=\"og:site_name\" content=\"Berry Good News\" \/>\n<meta property=\"article:publisher\" content=\"https:\/\/www.facebook.com\/berrygoodnews\/\" \/>\n<meta property=\"article:published_time\" content=\"2025-06-22T15:03:19+00:00\" \/>\n<meta property=\"article:modified_time\" content=\"2025-06-22T15:03:20+00:00\" \/>\n<meta property=\"og:image\" content=\"https:\/\/berrygoodnews.fr\/wp-content\/uploads\/2025\/06\/unnamed.jpg\" \/>\n\t<meta property=\"og:image:width\" content=\"1654\" \/>\n\t<meta property=\"og:image:height\" content=\"1654\" \/>\n\t<meta property=\"og:image:type\" content=\"image\/jpeg\" \/>\n<meta name=\"author\" content=\"Berry Good News\" \/>\n<meta name=\"twitter:card\" content=\"summary_large_image\" \/>\n<meta name=\"twitter:label1\" content=\"\u00c9crit par\" \/>\n\t<meta name=\"twitter:data1\" content=\"Berry Good News\" \/>\n\t<meta name=\"twitter:label2\" content=\"Dur\u00e9e de lecture estim\u00e9e\" \/>\n\t<meta name=\"twitter:data2\" content=\"4 minutes\" \/>\n<script type=\"application\/ld+json\" class=\"yoast-schema-graph\">{\"@context\":\"https:\/\/schema.org\",\"@graph\":[{\"@type\":\"Article\",\"@id\":\"https:\/\/berrygoodnews.fr\/index.php\/2025\/06\/22\/peter-harper-a-la-maison-du-blues\/#article\",\"isPartOf\":{\"@id\":\"https:\/\/berrygoodnews.fr\/index.php\/2025\/06\/22\/peter-harper-a-la-maison-du-blues\/\"},\"author\":{\"name\":\"Berry Good News\",\"@id\":\"https:\/\/berrygoodnews.fr\/#\/schema\/person\/6dbdc03bea7806cc92376ffe2fcd047d\"},\"headline\":\"Peter Harper \u00e0 la Maison du Blues\",\"datePublished\":\"2025-06-22T15:03:19+00:00\",\"dateModified\":\"2025-06-22T15:03:20+00:00\",\"mainEntityOfPage\":{\"@id\":\"https:\/\/berrygoodnews.fr\/index.php\/2025\/06\/22\/peter-harper-a-la-maison-du-blues\/\"},\"wordCount\":529,\"commentCount\":0,\"publisher\":{\"@id\":\"https:\/\/berrygoodnews.fr\/#organization\"},\"image\":{\"@id\":\"https:\/\/berrygoodnews.fr\/index.php\/2025\/06\/22\/peter-harper-a-la-maison-du-blues\/#primaryimage\"},\"thumbnailUrl\":\"https:\/\/i0.wp.com\/berrygoodnews.fr\/wp-content\/uploads\/2025\/06\/unnamed.jpg?fit=1654%2C1654&ssl=1\",\"keywords\":[\"chatre sur cher\",\"la maison du blues\",\"peter harper\"],\"articleSection\":[\"vierzon et ses environs\"],\"inLanguage\":\"fr-FR\",\"potentialAction\":[{\"@type\":\"CommentAction\",\"name\":\"Comment\",\"target\":[\"https:\/\/berrygoodnews.fr\/index.php\/2025\/06\/22\/peter-harper-a-la-maison-du-blues\/#respond\"]}]},{\"@type\":\"WebPage\",\"@id\":\"https:\/\/berrygoodnews.fr\/index.php\/2025\/06\/22\/peter-harper-a-la-maison-du-blues\/\",\"url\":\"https:\/\/berrygoodnews.fr\/index.php\/2025\/06\/22\/peter-harper-a-la-maison-du-blues\/\",\"name\":\"Peter Harper \u00e0 la Maison du Blues - Berry Good News\",\"isPartOf\":{\"@id\":\"https:\/\/berrygoodnews.fr\/#website\"},\"primaryImageOfPage\":{\"@id\":\"https:\/\/berrygoodnews.fr\/index.php\/2025\/06\/22\/peter-harper-a-la-maison-du-blues\/#primaryimage\"},\"image\":{\"@id\":\"https:\/\/berrygoodnews.fr\/index.php\/2025\/06\/22\/peter-harper-a-la-maison-du-blues\/#primaryimage\"},\"thumbnailUrl\":\"https:\/\/i0.wp.com\/berrygoodnews.fr\/wp-content\/uploads\/2025\/06\/unnamed.jpg?fit=1654%2C1654&ssl=1\",\"datePublished\":\"2025-06-22T15:03:19+00:00\",\"dateModified\":\"2025-06-22T15:03:20+00:00\",\"breadcrumb\":{\"@id\":\"https:\/\/berrygoodnews.fr\/index.php\/2025\/06\/22\/peter-harper-a-la-maison-du-blues\/#breadcrumb\"},\"inLanguage\":\"fr-FR\",\"potentialAction\":[{\"@type\":\"ReadAction\",\"target\":[\"https:\/\/berrygoodnews.fr\/index.php\/2025\/06\/22\/peter-harper-a-la-maison-du-blues\/\"]}]},{\"@type\":\"ImageObject\",\"inLanguage\":\"fr-FR\",\"@id\":\"https:\/\/berrygoodnews.fr\/index.php\/2025\/06\/22\/peter-harper-a-la-maison-du-blues\/#primaryimage\",\"url\":\"https:\/\/i0.wp.com\/berrygoodnews.fr\/wp-content\/uploads\/2025\/06\/unnamed.jpg?fit=1654%2C1654&ssl=1\",\"contentUrl\":\"https:\/\/i0.wp.com\/berrygoodnews.fr\/wp-content\/uploads\/2025\/06\/unnamed.jpg?fit=1654%2C1654&ssl=1\",\"width\":1654,\"height\":1654},{\"@type\":\"BreadcrumbList\",\"@id\":\"https:\/\/berrygoodnews.fr\/index.php\/2025\/06\/22\/peter-harper-a-la-maison-du-blues\/#breadcrumb\",\"itemListElement\":[{\"@type\":\"ListItem\",\"position\":1,\"name\":\"Accueil\",\"item\":\"https:\/\/berrygoodnews.fr\/\"},{\"@type\":\"ListItem\",\"position\":2,\"name\":\"Peter Harper \u00e0 la Maison du Blues\"}]},{\"@type\":\"WebSite\",\"@id\":\"https:\/\/berrygoodnews.fr\/#website\",\"url\":\"https:\/\/berrygoodnews.fr\/\",\"name\":\"Berry Good News\",\"description\":\"Le Centre En Action\",\"publisher\":{\"@id\":\"https:\/\/berrygoodnews.fr\/#organization\"},\"potentialAction\":[{\"@type\":\"SearchAction\",\"target\":{\"@type\":\"EntryPoint\",\"urlTemplate\":\"https:\/\/berrygoodnews.fr\/?s={search_term_string}\"},\"query-input\":{\"@type\":\"PropertyValueSpecification\",\"valueRequired\":true,\"valueName\":\"search_term_string\"}}],\"inLanguage\":\"fr-FR\"},{\"@type\":\"Organization\",\"@id\":\"https:\/\/berrygoodnews.fr\/#organization\",\"name\":\"Berry Good News\",\"url\":\"https:\/\/berrygoodnews.fr\/\",\"logo\":{\"@type\":\"ImageObject\",\"inLanguage\":\"fr-FR\",\"@id\":\"https:\/\/berrygoodnews.fr\/#\/schema\/logo\/image\/\",\"url\":\"https:\/\/i0.wp.com\/berrygoodnews.fr\/wp-content\/uploads\/2023\/05\/LogoBGNCouleur.png?fit=318%2C181&ssl=1\",\"contentUrl\":\"https:\/\/i0.wp.com\/berrygoodnews.fr\/wp-content\/uploads\/2023\/05\/LogoBGNCouleur.png?fit=318%2C181&ssl=1\",\"width\":318,\"height\":181,\"caption\":\"Berry Good News\"},\"image\":{\"@id\":\"https:\/\/berrygoodnews.fr\/#\/schema\/logo\/image\/\"},\"sameAs\":[\"https:\/\/www.facebook.com\/berrygoodnews\/\",\"https:\/\/www.youtube.com\/channel\/UCdNcluXQMXIRcNvap69zaWg\"]},{\"@type\":\"Person\",\"@id\":\"https:\/\/berrygoodnews.fr\/#\/schema\/person\/6dbdc03bea7806cc92376ffe2fcd047d\",\"name\":\"Berry Good News\",\"image\":{\"@type\":\"ImageObject\",\"inLanguage\":\"fr-FR\",\"@id\":\"https:\/\/berrygoodnews.fr\/#\/schema\/person\/image\/\",\"url\":\"https:\/\/secure.gravatar.com\/avatar\/dc97e2c83b7805754cf833611fb0eaf80fd556a613a9819de1842868762ec883?s=96&d=mm&r=g\",\"contentUrl\":\"https:\/\/secure.gravatar.com\/avatar\/dc97e2c83b7805754cf833611fb0eaf80fd556a613a9819de1842868762ec883?s=96&d=mm&r=g\",\"caption\":\"Berry Good News\"},\"description\":\"Ex-parisienne, qui a choisi de s'installer il y a six ans \u00e0 Vierzon avec une activit\u00e9 de chambres d'h\u00f4tes. J'ai d\u00e9cid\u00e9 de montrer les bonnes initiatives. Je suis tr\u00e8s optimiste car on a beaucoup de talents ici. J'avais envie de changer la vision que certains ont sur la ville.\",\"url\":\"https:\/\/berrygoodnews.fr\/index.php\/author\/hv\/\"}]}<\/script>\n<!-- \/ Yoast SEO plugin. -->","yoast_head_json":{"title":"Peter Harper \u00e0 la Maison du Blues - Berry Good News","robots":{"index":"index","follow":"follow","max-snippet":"max-snippet:-1","max-image-preview":"max-image-preview:large","max-video-preview":"max-video-preview:-1"},"canonical":"https:\/\/berrygoodnews.fr\/index.php\/2025\/06\/22\/peter-harper-a-la-maison-du-blues\/","og_locale":"fr_FR","og_type":"article","og_title":"Peter Harper \u00e0 la Maison du Blues - Berry Good News","og_description":"Quelle chance et fiert\u00e9 d\u2019accueillir&nbsp; Peter Harper \u00e0 la Maison du Blues&nbsp;!!! Il y a quelques fois des rencontres qui vont aboutir sur des projets et c\u2019est le cas pour Peter. Fan de Ben Harper, j\u2019ai d\u00e9couvert par personne interpos\u00e9e l\u2019existence de Peter et j\u2019ai \u00e9t\u00e9 tout de suite conquis\u00a0par cette voix incroyable et ses &hellip;","og_url":"https:\/\/berrygoodnews.fr\/index.php\/2025\/06\/22\/peter-harper-a-la-maison-du-blues\/","og_site_name":"Berry Good News","article_publisher":"https:\/\/www.facebook.com\/berrygoodnews\/","article_published_time":"2025-06-22T15:03:19+00:00","article_modified_time":"2025-06-22T15:03:20+00:00","og_image":[{"width":1654,"height":1654,"url":"https:\/\/berrygoodnews.fr\/wp-content\/uploads\/2025\/06\/unnamed.jpg","type":"image\/jpeg"}],"author":"Berry Good News","twitter_card":"summary_large_image","twitter_misc":{"\u00c9crit par":"Berry Good News","Dur\u00e9e de lecture estim\u00e9e":"4 minutes"},"schema":{"@context":"https:\/\/schema.org","@graph":[{"@type":"Article","@id":"https:\/\/berrygoodnews.fr\/index.php\/2025\/06\/22\/peter-harper-a-la-maison-du-blues\/#article","isPartOf":{"@id":"https:\/\/berrygoodnews.fr\/index.php\/2025\/06\/22\/peter-harper-a-la-maison-du-blues\/"},"author":{"name":"Berry Good News","@id":"https:\/\/berrygoodnews.fr\/#\/schema\/person\/6dbdc03bea7806cc92376ffe2fcd047d"},"headline":"Peter Harper \u00e0 la Maison du Blues","datePublished":"2025-06-22T15:03:19+00:00","dateModified":"2025-06-22T15:03:20+00:00","mainEntityOfPage":{"@id":"https:\/\/berrygoodnews.fr\/index.php\/2025\/06\/22\/peter-harper-a-la-maison-du-blues\/"},"wordCount":529,"commentCount":0,"publisher":{"@id":"https:\/\/berrygoodnews.fr\/#organization"},"image":{"@id":"https:\/\/berrygoodnews.fr\/index.php\/2025\/06\/22\/peter-harper-a-la-maison-du-blues\/#primaryimage"},"thumbnailUrl":"https:\/\/i0.wp.com\/berrygoodnews.fr\/wp-content\/uploads\/2025\/06\/unnamed.jpg?fit=1654%2C1654&ssl=1","keywords":["chatre sur cher","la maison du blues","peter harper"],"articleSection":["vierzon et ses environs"],"inLanguage":"fr-FR","potentialAction":[{"@type":"CommentAction","name":"Comment","target":["https:\/\/berrygoodnews.fr\/index.php\/2025\/06\/22\/peter-harper-a-la-maison-du-blues\/#respond"]}]},{"@type":"WebPage","@id":"https:\/\/berrygoodnews.fr\/index.php\/2025\/06\/22\/peter-harper-a-la-maison-du-blues\/","url":"https:\/\/berrygoodnews.fr\/index.php\/2025\/06\/22\/peter-harper-a-la-maison-du-blues\/","name":"Peter Harper \u00e0 la Maison du Blues - Berry Good News","isPartOf":{"@id":"https:\/\/berrygoodnews.fr\/#website"},"primaryImageOfPage":{"@id":"https:\/\/berrygoodnews.fr\/index.php\/2025\/06\/22\/peter-harper-a-la-maison-du-blues\/#primaryimage"},"image":{"@id":"https:\/\/berrygoodnews.fr\/index.php\/2025\/06\/22\/peter-harper-a-la-maison-du-blues\/#primaryimage"},"thumbnailUrl":"https:\/\/i0.wp.com\/berrygoodnews.fr\/wp-content\/uploads\/2025\/06\/unnamed.jpg?fit=1654%2C1654&ssl=1","datePublished":"2025-06-22T15:03:19+00:00","dateModified":"2025-06-22T15:03:20+00:00","breadcrumb":{"@id":"https:\/\/berrygoodnews.fr\/index.php\/2025\/06\/22\/peter-harper-a-la-maison-du-blues\/#breadcrumb"},"inLanguage":"fr-FR","potentialAction":[{"@type":"ReadAction","target":["https:\/\/berrygoodnews.fr\/index.php\/2025\/06\/22\/peter-harper-a-la-maison-du-blues\/"]}]},{"@type":"ImageObject","inLanguage":"fr-FR","@id":"https:\/\/berrygoodnews.fr\/index.php\/2025\/06\/22\/peter-harper-a-la-maison-du-blues\/#primaryimage","url":"https:\/\/i0.wp.com\/berrygoodnews.fr\/wp-content\/uploads\/2025\/06\/unnamed.jpg?fit=1654%2C1654&ssl=1","contentUrl":"https:\/\/i0.wp.com\/berrygoodnews.fr\/wp-content\/uploads\/2025\/06\/unnamed.jpg?fit=1654%2C1654&ssl=1","width":1654,"height":1654},{"@type":"BreadcrumbList","@id":"https:\/\/berrygoodnews.fr\/index.php\/2025\/06\/22\/peter-harper-a-la-maison-du-blues\/#breadcrumb","itemListElement":[{"@type":"ListItem","position":1,"name":"Accueil","item":"https:\/\/berrygoodnews.fr\/"},{"@type":"ListItem","position":2,"name":"Peter Harper \u00e0 la Maison du Blues"}]},{"@type":"WebSite","@id":"https:\/\/berrygoodnews.fr\/#website","url":"https:\/\/berrygoodnews.fr\/","name":"Berry Good News","description":"Le Centre En Action","publisher":{"@id":"https:\/\/berrygoodnews.fr\/#organization"},"potentialAction":[{"@type":"SearchAction","target":{"@type":"EntryPoint","urlTemplate":"https:\/\/berrygoodnews.fr\/?s={search_term_string}"},"query-input":{"@type":"PropertyValueSpecification","valueRequired":true,"valueName":"search_term_string"}}],"inLanguage":"fr-FR"},{"@type":"Organization","@id":"https:\/\/berrygoodnews.fr\/#organization","name":"Berry Good News","url":"https:\/\/berrygoodnews.fr\/","logo":{"@type":"ImageObject","inLanguage":"fr-FR","@id":"https:\/\/berrygoodnews.fr\/#\/schema\/logo\/image\/","url":"https:\/\/i0.wp.com\/berrygoodnews.fr\/wp-content\/uploads\/2023\/05\/LogoBGNCouleur.png?fit=318%2C181&ssl=1","contentUrl":"https:\/\/i0.wp.com\/berrygoodnews.fr\/wp-content\/uploads\/2023\/05\/LogoBGNCouleur.png?fit=318%2C181&ssl=1","width":318,"height":181,"caption":"Berry Good News"},"image":{"@id":"https:\/\/berrygoodnews.fr\/#\/schema\/logo\/image\/"},"sameAs":["https:\/\/www.facebook.com\/berrygoodnews\/","https:\/\/www.youtube.com\/channel\/UCdNcluXQMXIRcNvap69zaWg"]},{"@type":"Person","@id":"https:\/\/berrygoodnews.fr\/#\/schema\/person\/6dbdc03bea7806cc92376ffe2fcd047d","name":"Berry Good News","image":{"@type":"ImageObject","inLanguage":"fr-FR","@id":"https:\/\/berrygoodnews.fr\/#\/schema\/person\/image\/","url":"https:\/\/secure.gravatar.com\/avatar\/dc97e2c83b7805754cf833611fb0eaf80fd556a613a9819de1842868762ec883?s=96&d=mm&r=g","contentUrl":"https:\/\/secure.gravatar.com\/avatar\/dc97e2c83b7805754cf833611fb0eaf80fd556a613a9819de1842868762ec883?s=96&d=mm&r=g","caption":"Berry Good News"},"description":"Ex-parisienne, qui a choisi de s'installer il y a six ans \u00e0 Vierzon avec une activit\u00e9 de chambres d'h\u00f4tes. J'ai d\u00e9cid\u00e9 de montrer les bonnes initiatives. Je suis tr\u00e8s optimiste car on a beaucoup de talents ici. J'avais envie de changer la vision que certains ont sur la ville.","url":"https:\/\/berrygoodnews.fr\/index.php\/author\/hv\/"}]}},"jetpack_publicize_connections":[],"jetpack_featured_media_url":"https:\/\/i0.wp.com\/berrygoodnews.fr\/wp-content\/uploads\/2025\/06\/unnamed.jpg?fit=1654%2C1654&ssl=1","jetpack_shortlink":"https:\/\/wp.me\/paGqD8-3D4","jetpack-related-posts":[],"jetpack_sharing_enabled":true,"_links":{"self":[{"href":"https:\/\/berrygoodnews.fr\/index.php\/wp-json\/wp\/v2\/posts\/13954","targetHints":{"allow":["GET"]}}],"collection":[{"href":"https:\/\/berrygoodnews.fr\/index.php\/wp-json\/wp\/v2\/posts"}],"about":[{"href":"https:\/\/berrygoodnews.fr\/index.php\/wp-json\/wp\/v2\/types\/post"}],"author":[{"embeddable":true,"href":"https:\/\/berrygoodnews.fr\/index.php\/wp-json\/wp\/v2\/users\/2"}],"replies":[{"embeddable":true,"href":"https:\/\/berrygoodnews.fr\/index.php\/wp-json\/wp\/v2\/comments?post=13954"}],"version-history":[{"count":1,"href":"https:\/\/berrygoodnews.fr\/index.php\/wp-json\/wp\/v2\/posts\/13954\/revisions"}],"predecessor-version":[{"id":13957,"href":"https:\/\/berrygoodnews.fr\/index.php\/wp-json\/wp\/v2\/posts\/13954\/revisions\/13957"}],"wp:featuredmedia":[{"embeddable":true,"href":"https:\/\/berrygoodnews.fr\/index.php\/wp-json\/wp\/v2\/media\/13956"}],"wp:attachment":[{"href":"https:\/\/berrygoodnews.fr\/index.php\/wp-json\/wp\/v2\/media?parent=13954"}],"wp:term":[{"taxonomy":"category","embeddable":true,"href":"https:\/\/berrygoodnews.fr\/index.php\/wp-json\/wp\/v2\/categories?post=13954"},{"taxonomy":"post_tag","embeddable":true,"href":"https:\/\/berrygoodnews.fr\/index.php\/wp-json\/wp\/v2\/tags?post=13954"},{"taxonomy":"post_format","embeddable":true,"href":"https:\/\/berrygoodnews.fr\/index.php\/wp-json\/wp\/v2\/post_format?post=13954"},{"taxonomy":"flags","embeddable":true,"href":"https:\/\/berrygoodnews.fr\/index.php\/wp-json\/wp\/v2\/flags?post=13954"}],"curies":[{"name":"wp","href":"https:\/\/api.w.org\/{rel}","templated":true}]}}