{"id":13910,"date":"2025-06-15T19:57:44","date_gmt":"2025-06-15T17:57:44","guid":{"rendered":"https:\/\/berrygoodnews.fr\/?p=13910"},"modified":"2025-06-15T19:59:08","modified_gmt":"2025-06-15T17:59:08","slug":"les-freres-jekyll-au-cafe-oberry","status":"publish","type":"post","link":"https:\/\/berrygoodnews.fr\/index.php\/2025\/06\/15\/les-freres-jekyll-au-cafe-oberry\/","title":{"rendered":"LES FR\u00c8RES JEKYLL au Caf\u00e9 O&rsquo;Berry"},"content":{"rendered":"\n<p>LES FR\u00c8RES JEKYLLRock festif fran\u00e7ais et espagnol<\/p>\n\n\n\n<figure class=\"wp-block-embed is-type-video is-provider-youtube wp-block-embed-youtube wp-embed-aspect-16-9 wp-has-aspect-ratio\"><div class=\"wp-block-embed__wrapper\">\n<iframe loading=\"lazy\" title=\"Les Fr\u00e8res Jekyll - Marathon Man (clip officiel)\" width=\"850\" height=\"478\" src=\"https:\/\/www.youtube.com\/embed\/8KEI1noN5ko?feature=oembed\" frameborder=\"0\" allow=\"accelerometer; autoplay; clipboard-write; encrypted-media; gyroscope; picture-in-picture; web-share\" referrerpolicy=\"strict-origin-when-cross-origin\" allowfullscreen><\/iframe>\n<\/div><\/figure>\n\n\n\n<figure class=\"wp-block-embed is-type-video is-provider-youtube wp-block-embed-youtube wp-embed-aspect-16-9 wp-has-aspect-ratio\"><div class=\"wp-block-embed__wrapper\">\n<iframe loading=\"lazy\" title=\"Les fr\u00e8res Jekyll au Caf\u00e9 O&#039;Berry\" width=\"850\" height=\"478\" src=\"https:\/\/www.youtube.com\/embed\/t1_wJ38YY3k?feature=oembed\" frameborder=\"0\" allow=\"accelerometer; autoplay; clipboard-write; encrypted-media; gyroscope; picture-in-picture; web-share\" referrerpolicy=\"strict-origin-when-cross-origin\" allowfullscreen><\/iframe>\n<\/div><figcaption class=\"wp-element-caption\">Les Fr\u00e8res Jekyll\u00a0<\/figcaption><\/figure>\n\n\n\n<p>Un groupe tourangeau de chansons po\u00e9tico punk.<br>Mais qu\u2019est-ce que la chanson po\u00e9tico punk ?!<\/p>\n\n\n\n<p>Eh bien c\u2019est de la chanson fran\u00e7aise qui pourrait se chanter avec une guitare<br>s\u00e8che au coin du feu en fumant la pipe, mais sur laquelle sont venues se greffer des guitares \u00e9lectriques satur\u00e9es, une batterie \u00e9nerv\u00e9e et une basse explosive !<\/p>\n\n\n\n<p class=\"has-text-align-center\"><strong>Photos de Remy Beurion<\/strong><\/p>\n\n\n\n<figure class=\"wp-block-gallery has-nested-images columns-default is-cropped wp-block-gallery-1 is-layout-flex wp-block-gallery-is-layout-flex\">\n<figure class=\"wp-block-image size-large\"><img data-recalc-dims=\"1\" loading=\"lazy\" decoding=\"async\" width=\"683\" height=\"1024\" data-attachment-id=\"13915\" data-permalink=\"https:\/\/berrygoodnews.fr\/index.php\/2025\/06\/15\/les-freres-jekyll-au-cafe-oberry\/d5e80544-e46e-4559-9bcb-e22a194a5e90\/\" data-orig-file=\"https:\/\/i0.wp.com\/berrygoodnews.fr\/wp-content\/uploads\/2025\/06\/d5e80544-e46e-4559-9bcb-e22a194a5e90.jpg?fit=1066%2C1599&amp;ssl=1\" data-orig-size=\"1066,1599\" data-comments-opened=\"1\" data-image-meta=\"{&quot;aperture&quot;:&quot;0&quot;,&quot;credit&quot;:&quot;&quot;,&quot;camera&quot;:&quot;&quot;,&quot;caption&quot;:&quot;&quot;,&quot;created_timestamp&quot;:&quot;0&quot;,&quot;copyright&quot;:&quot;&quot;,&quot;focal_length&quot;:&quot;0&quot;,&quot;iso&quot;:&quot;0&quot;,&quot;shutter_speed&quot;:&quot;0&quot;,&quot;title&quot;:&quot;&quot;,&quot;orientation&quot;:&quot;0&quot;}\" data-image-title=\"d5e80544-e46e-4559-9bcb-e22a194a5e90\" data-image-description=\"\" data-image-caption=\"\" data-medium-file=\"https:\/\/i0.wp.com\/berrygoodnews.fr\/wp-content\/uploads\/2025\/06\/d5e80544-e46e-4559-9bcb-e22a194a5e90.jpg?fit=200%2C300&amp;ssl=1\" data-large-file=\"https:\/\/i0.wp.com\/berrygoodnews.fr\/wp-content\/uploads\/2025\/06\/d5e80544-e46e-4559-9bcb-e22a194a5e90.jpg?fit=683%2C1024&amp;ssl=1\" data-id=\"13915\" src=\"https:\/\/i0.wp.com\/berrygoodnews.fr\/wp-content\/uploads\/2025\/06\/d5e80544-e46e-4559-9bcb-e22a194a5e90-683x1024.jpg?resize=683%2C1024&#038;ssl=1\" alt=\"\" class=\"wp-image-13915\" srcset=\"https:\/\/i0.wp.com\/berrygoodnews.fr\/wp-content\/uploads\/2025\/06\/d5e80544-e46e-4559-9bcb-e22a194a5e90.jpg?resize=683%2C1024&amp;ssl=1 683w, https:\/\/i0.wp.com\/berrygoodnews.fr\/wp-content\/uploads\/2025\/06\/d5e80544-e46e-4559-9bcb-e22a194a5e90.jpg?resize=200%2C300&amp;ssl=1 200w, https:\/\/i0.wp.com\/berrygoodnews.fr\/wp-content\/uploads\/2025\/06\/d5e80544-e46e-4559-9bcb-e22a194a5e90.jpg?resize=768%2C1152&amp;ssl=1 768w, https:\/\/i0.wp.com\/berrygoodnews.fr\/wp-content\/uploads\/2025\/06\/d5e80544-e46e-4559-9bcb-e22a194a5e90.jpg?resize=1024%2C1536&amp;ssl=1 1024w, https:\/\/i0.wp.com\/berrygoodnews.fr\/wp-content\/uploads\/2025\/06\/d5e80544-e46e-4559-9bcb-e22a194a5e90.jpg?w=1066&amp;ssl=1 1066w\" sizes=\"auto, (max-width: 683px) 100vw, 683px\" \/><\/figure>\n\n\n\n<figure class=\"wp-block-image size-large\"><img data-recalc-dims=\"1\" loading=\"lazy\" decoding=\"async\" width=\"683\" height=\"1024\" data-attachment-id=\"13914\" data-permalink=\"https:\/\/berrygoodnews.fr\/index.php\/2025\/06\/15\/les-freres-jekyll-au-cafe-oberry\/458129c1-51d8-46f9-be0f-fffdccf0b541\/\" data-orig-file=\"https:\/\/i0.wp.com\/berrygoodnews.fr\/wp-content\/uploads\/2025\/06\/458129c1-51d8-46f9-be0f-fffdccf0b541.jpg?fit=1066%2C1599&amp;ssl=1\" data-orig-size=\"1066,1599\" data-comments-opened=\"1\" data-image-meta=\"{&quot;aperture&quot;:&quot;0&quot;,&quot;credit&quot;:&quot;&quot;,&quot;camera&quot;:&quot;&quot;,&quot;caption&quot;:&quot;&quot;,&quot;created_timestamp&quot;:&quot;0&quot;,&quot;copyright&quot;:&quot;&quot;,&quot;focal_length&quot;:&quot;0&quot;,&quot;iso&quot;:&quot;0&quot;,&quot;shutter_speed&quot;:&quot;0&quot;,&quot;title&quot;:&quot;&quot;,&quot;orientation&quot;:&quot;0&quot;}\" data-image-title=\"458129c1-51d8-46f9-be0f-fffdccf0b541\" data-image-description=\"\" data-image-caption=\"\" data-medium-file=\"https:\/\/i0.wp.com\/berrygoodnews.fr\/wp-content\/uploads\/2025\/06\/458129c1-51d8-46f9-be0f-fffdccf0b541.jpg?fit=200%2C300&amp;ssl=1\" data-large-file=\"https:\/\/i0.wp.com\/berrygoodnews.fr\/wp-content\/uploads\/2025\/06\/458129c1-51d8-46f9-be0f-fffdccf0b541.jpg?fit=683%2C1024&amp;ssl=1\" data-id=\"13914\" src=\"https:\/\/i0.wp.com\/berrygoodnews.fr\/wp-content\/uploads\/2025\/06\/458129c1-51d8-46f9-be0f-fffdccf0b541.jpg?resize=683%2C1024&#038;ssl=1\" alt=\"\" class=\"wp-image-13914\" srcset=\"https:\/\/i0.wp.com\/berrygoodnews.fr\/wp-content\/uploads\/2025\/06\/458129c1-51d8-46f9-be0f-fffdccf0b541.jpg?resize=683%2C1024&amp;ssl=1 683w, https:\/\/i0.wp.com\/berrygoodnews.fr\/wp-content\/uploads\/2025\/06\/458129c1-51d8-46f9-be0f-fffdccf0b541.jpg?resize=200%2C300&amp;ssl=1 200w, https:\/\/i0.wp.com\/berrygoodnews.fr\/wp-content\/uploads\/2025\/06\/458129c1-51d8-46f9-be0f-fffdccf0b541.jpg?resize=768%2C1152&amp;ssl=1 768w, https:\/\/i0.wp.com\/berrygoodnews.fr\/wp-content\/uploads\/2025\/06\/458129c1-51d8-46f9-be0f-fffdccf0b541.jpg?resize=1024%2C1536&amp;ssl=1 1024w, https:\/\/i0.wp.com\/berrygoodnews.fr\/wp-content\/uploads\/2025\/06\/458129c1-51d8-46f9-be0f-fffdccf0b541.jpg?w=1066&amp;ssl=1 1066w\" sizes=\"auto, (max-width: 683px) 100vw, 683px\" \/><\/figure>\n\n\n\n<figure class=\"wp-block-image size-large\"><img data-recalc-dims=\"1\" loading=\"lazy\" decoding=\"async\" width=\"683\" height=\"1024\" data-attachment-id=\"13913\" data-permalink=\"https:\/\/berrygoodnews.fr\/index.php\/2025\/06\/15\/les-freres-jekyll-au-cafe-oberry\/8e3f731d-b669-4c23-9ac9-8b02541ebc33\/\" data-orig-file=\"https:\/\/i0.wp.com\/berrygoodnews.fr\/wp-content\/uploads\/2025\/06\/8e3f731d-b669-4c23-9ac9-8b02541ebc33.jpg?fit=1066%2C1599&amp;ssl=1\" data-orig-size=\"1066,1599\" data-comments-opened=\"1\" data-image-meta=\"{&quot;aperture&quot;:&quot;0&quot;,&quot;credit&quot;:&quot;&quot;,&quot;camera&quot;:&quot;&quot;,&quot;caption&quot;:&quot;&quot;,&quot;created_timestamp&quot;:&quot;0&quot;,&quot;copyright&quot;:&quot;&quot;,&quot;focal_length&quot;:&quot;0&quot;,&quot;iso&quot;:&quot;0&quot;,&quot;shutter_speed&quot;:&quot;0&quot;,&quot;title&quot;:&quot;&quot;,&quot;orientation&quot;:&quot;0&quot;}\" data-image-title=\"8e3f731d-b669-4c23-9ac9-8b02541ebc33\" data-image-description=\"\" data-image-caption=\"\" data-medium-file=\"https:\/\/i0.wp.com\/berrygoodnews.fr\/wp-content\/uploads\/2025\/06\/8e3f731d-b669-4c23-9ac9-8b02541ebc33.jpg?fit=200%2C300&amp;ssl=1\" data-large-file=\"https:\/\/i0.wp.com\/berrygoodnews.fr\/wp-content\/uploads\/2025\/06\/8e3f731d-b669-4c23-9ac9-8b02541ebc33.jpg?fit=683%2C1024&amp;ssl=1\" data-id=\"13913\" src=\"https:\/\/i0.wp.com\/berrygoodnews.fr\/wp-content\/uploads\/2025\/06\/8e3f731d-b669-4c23-9ac9-8b02541ebc33.jpg?resize=683%2C1024&#038;ssl=1\" alt=\"\" class=\"wp-image-13913\" srcset=\"https:\/\/i0.wp.com\/berrygoodnews.fr\/wp-content\/uploads\/2025\/06\/8e3f731d-b669-4c23-9ac9-8b02541ebc33.jpg?resize=683%2C1024&amp;ssl=1 683w, https:\/\/i0.wp.com\/berrygoodnews.fr\/wp-content\/uploads\/2025\/06\/8e3f731d-b669-4c23-9ac9-8b02541ebc33.jpg?resize=200%2C300&amp;ssl=1 200w, https:\/\/i0.wp.com\/berrygoodnews.fr\/wp-content\/uploads\/2025\/06\/8e3f731d-b669-4c23-9ac9-8b02541ebc33.jpg?resize=768%2C1152&amp;ssl=1 768w, https:\/\/i0.wp.com\/berrygoodnews.fr\/wp-content\/uploads\/2025\/06\/8e3f731d-b669-4c23-9ac9-8b02541ebc33.jpg?resize=1024%2C1536&amp;ssl=1 1024w, https:\/\/i0.wp.com\/berrygoodnews.fr\/wp-content\/uploads\/2025\/06\/8e3f731d-b669-4c23-9ac9-8b02541ebc33.jpg?w=1066&amp;ssl=1 1066w\" sizes=\"auto, (max-width: 683px) 100vw, 683px\" \/><\/figure>\n\n\n\n<figure class=\"wp-block-image size-large\"><img data-recalc-dims=\"1\" loading=\"lazy\" decoding=\"async\" width=\"683\" height=\"1024\" data-attachment-id=\"13912\" data-permalink=\"https:\/\/berrygoodnews.fr\/index.php\/2025\/06\/15\/les-freres-jekyll-au-cafe-oberry\/7a8212bd-78e6-4ad4-9cff-e01c04977bda\/\" data-orig-file=\"https:\/\/i0.wp.com\/berrygoodnews.fr\/wp-content\/uploads\/2025\/06\/7a8212bd-78e6-4ad4-9cff-e01c04977bda.jpg?fit=1066%2C1599&amp;ssl=1\" data-orig-size=\"1066,1599\" data-comments-opened=\"1\" data-image-meta=\"{&quot;aperture&quot;:&quot;0&quot;,&quot;credit&quot;:&quot;&quot;,&quot;camera&quot;:&quot;&quot;,&quot;caption&quot;:&quot;&quot;,&quot;created_timestamp&quot;:&quot;0&quot;,&quot;copyright&quot;:&quot;&quot;,&quot;focal_length&quot;:&quot;0&quot;,&quot;iso&quot;:&quot;0&quot;,&quot;shutter_speed&quot;:&quot;0&quot;,&quot;title&quot;:&quot;&quot;,&quot;orientation&quot;:&quot;0&quot;}\" data-image-title=\"7a8212bd-78e6-4ad4-9cff-e01c04977bda\" data-image-description=\"\" data-image-caption=\"\" data-medium-file=\"https:\/\/i0.wp.com\/berrygoodnews.fr\/wp-content\/uploads\/2025\/06\/7a8212bd-78e6-4ad4-9cff-e01c04977bda.jpg?fit=200%2C300&amp;ssl=1\" data-large-file=\"https:\/\/i0.wp.com\/berrygoodnews.fr\/wp-content\/uploads\/2025\/06\/7a8212bd-78e6-4ad4-9cff-e01c04977bda.jpg?fit=683%2C1024&amp;ssl=1\" data-id=\"13912\" src=\"https:\/\/i0.wp.com\/berrygoodnews.fr\/wp-content\/uploads\/2025\/06\/7a8212bd-78e6-4ad4-9cff-e01c04977bda-683x1024.jpg?resize=683%2C1024&#038;ssl=1\" alt=\"\" class=\"wp-image-13912\" srcset=\"https:\/\/i0.wp.com\/berrygoodnews.fr\/wp-content\/uploads\/2025\/06\/7a8212bd-78e6-4ad4-9cff-e01c04977bda.jpg?resize=683%2C1024&amp;ssl=1 683w, https:\/\/i0.wp.com\/berrygoodnews.fr\/wp-content\/uploads\/2025\/06\/7a8212bd-78e6-4ad4-9cff-e01c04977bda.jpg?resize=200%2C300&amp;ssl=1 200w, https:\/\/i0.wp.com\/berrygoodnews.fr\/wp-content\/uploads\/2025\/06\/7a8212bd-78e6-4ad4-9cff-e01c04977bda.jpg?resize=768%2C1152&amp;ssl=1 768w, https:\/\/i0.wp.com\/berrygoodnews.fr\/wp-content\/uploads\/2025\/06\/7a8212bd-78e6-4ad4-9cff-e01c04977bda.jpg?resize=1024%2C1536&amp;ssl=1 1024w, https:\/\/i0.wp.com\/berrygoodnews.fr\/wp-content\/uploads\/2025\/06\/7a8212bd-78e6-4ad4-9cff-e01c04977bda.jpg?w=1066&amp;ssl=1 1066w\" sizes=\"auto, (max-width: 683px) 100vw, 683px\" \/><\/figure>\n<\/figure>\n\n\n\n<p class=\"has-text-align-center\"><strong>Photos de Remy Beurion<\/strong><\/p>\n","protected":false},"excerpt":{"rendered":"<p>LES FR\u00c8RES JEKYLLRock festif fran\u00e7ais et espagnol Un groupe tourangeau de chansons po\u00e9tico punk.Mais qu\u2019est-ce que la chanson po\u00e9tico punk ?! Eh bien c\u2019est de la chanson fran\u00e7aise qui pourrait se chanter avec une guitares\u00e8che au coin du feu en fumant la pipe, mais sur laquelle sont venues se greffer des guitares \u00e9lectriques satur\u00e9es, une &hellip;<\/p>\n","protected":false},"author":2,"featured_media":13911,"comment_status":"open","ping_status":"open","sticky":false,"template":"","format":"standard","meta":{"jetpack_post_was_ever_published":false,"_jetpack_newsletter_access":"","_jetpack_dont_email_post_to_subs":false,"_jetpack_newsletter_tier_id":0,"_jetpack_memberships_contains_paywalled_content":false,"_jetpack_memberships_contains_paid_content":false,"footnotes":"","jetpack_publicize_message":"","jetpack_publicize_feature_enabled":true,"jetpack_social_post_already_shared":true,"jetpack_social_options":{"image_generator_settings":{"template":"highway","default_image_id":0,"font":"","enabled":false},"version":2}},"categories":[14,43],"tags":[1285,2232,27],"post_format":[],"flags":[],"class_list":["post-13910","post","type-post","status-publish","format-standard","has-post-thumbnail","hentry","category-vierzon-et-ses-environs","category-vous","tag-cafe-oberry","tag-les-freres-jekyll","tag-vierzon"],"yoast_head":"<!-- This site is optimized with the Yoast SEO plugin v26.8 - https:\/\/yoast.com\/product\/yoast-seo-wordpress\/ -->\n<title>LES FR\u00c8RES JEKYLL au Caf\u00e9 O&#039;Berry - Berry Good News<\/title>\n<meta name=\"robots\" content=\"index, follow, max-snippet:-1, max-image-preview:large, max-video-preview:-1\" \/>\n<link rel=\"canonical\" href=\"https:\/\/berrygoodnews.fr\/index.php\/2025\/06\/15\/les-freres-jekyll-au-cafe-oberry\/\" \/>\n<meta property=\"og:locale\" content=\"fr_FR\" \/>\n<meta property=\"og:type\" content=\"article\" \/>\n<meta property=\"og:title\" content=\"LES FR\u00c8RES JEKYLL au Caf\u00e9 O&#039;Berry - Berry Good News\" \/>\n<meta property=\"og:description\" content=\"LES FR\u00c8RES JEKYLLRock festif fran\u00e7ais et espagnol Un groupe tourangeau de chansons po\u00e9tico punk.Mais qu\u2019est-ce que la chanson po\u00e9tico punk ?! Eh bien c\u2019est de la chanson fran\u00e7aise qui pourrait se chanter avec une guitares\u00e8che au coin du feu en fumant la pipe, mais sur laquelle sont venues se greffer des guitares \u00e9lectriques satur\u00e9es, une &hellip;\" \/>\n<meta property=\"og:url\" content=\"https:\/\/berrygoodnews.fr\/index.php\/2025\/06\/15\/les-freres-jekyll-au-cafe-oberry\/\" \/>\n<meta property=\"og:site_name\" content=\"Berry Good News\" \/>\n<meta property=\"article:publisher\" content=\"https:\/\/www.facebook.com\/berrygoodnews\/\" \/>\n<meta property=\"article:published_time\" content=\"2025-06-15T17:57:44+00:00\" \/>\n<meta property=\"article:modified_time\" content=\"2025-06-15T17:59:08+00:00\" \/>\n<meta property=\"og:image\" content=\"https:\/\/berrygoodnews.fr\/wp-content\/uploads\/2025\/06\/7fd93cc6-4eb4-4c11-bfbf-5512d23fa04e.jpg\" \/>\n\t<meta property=\"og:image:width\" content=\"600\" \/>\n\t<meta property=\"og:image:height\" content=\"400\" \/>\n\t<meta property=\"og:image:type\" content=\"image\/jpeg\" \/>\n<meta name=\"author\" content=\"Berry Good News\" \/>\n<meta name=\"twitter:card\" content=\"summary_large_image\" \/>\n<meta name=\"twitter:label1\" content=\"\u00c9crit par\" \/>\n\t<meta name=\"twitter:data1\" content=\"Berry Good News\" \/>\n\t<meta name=\"twitter:label2\" content=\"Dur\u00e9e de lecture estim\u00e9e\" \/>\n\t<meta name=\"twitter:data2\" content=\"2 minutes\" \/>\n<script type=\"application\/ld+json\" class=\"yoast-schema-graph\">{\"@context\":\"https:\/\/schema.org\",\"@graph\":[{\"@type\":\"Article\",\"@id\":\"https:\/\/berrygoodnews.fr\/index.php\/2025\/06\/15\/les-freres-jekyll-au-cafe-oberry\/#article\",\"isPartOf\":{\"@id\":\"https:\/\/berrygoodnews.fr\/index.php\/2025\/06\/15\/les-freres-jekyll-au-cafe-oberry\/\"},\"author\":{\"name\":\"Berry Good News\",\"@id\":\"https:\/\/berrygoodnews.fr\/#\/schema\/person\/6dbdc03bea7806cc92376ffe2fcd047d\"},\"headline\":\"LES FR\u00c8RES JEKYLL au Caf\u00e9 O&rsquo;Berry\",\"datePublished\":\"2025-06-15T17:57:44+00:00\",\"dateModified\":\"2025-06-15T17:59:08+00:00\",\"mainEntityOfPage\":{\"@id\":\"https:\/\/berrygoodnews.fr\/index.php\/2025\/06\/15\/les-freres-jekyll-au-cafe-oberry\/\"},\"wordCount\":107,\"commentCount\":0,\"publisher\":{\"@id\":\"https:\/\/berrygoodnews.fr\/#organization\"},\"image\":{\"@id\":\"https:\/\/berrygoodnews.fr\/index.php\/2025\/06\/15\/les-freres-jekyll-au-cafe-oberry\/#primaryimage\"},\"thumbnailUrl\":\"https:\/\/i0.wp.com\/berrygoodnews.fr\/wp-content\/uploads\/2025\/06\/7fd93cc6-4eb4-4c11-bfbf-5512d23fa04e.jpg?fit=600%2C400&ssl=1\",\"keywords\":[\"caf\u00e9 o'berry\",\"LES FR\u00c8RES JEKYLL\",\"vierzon\"],\"articleSection\":[\"Vierzon et ses Environs\",\"Vivre mieux\"],\"inLanguage\":\"fr-FR\",\"potentialAction\":[{\"@type\":\"CommentAction\",\"name\":\"Comment\",\"target\":[\"https:\/\/berrygoodnews.fr\/index.php\/2025\/06\/15\/les-freres-jekyll-au-cafe-oberry\/#respond\"]}]},{\"@type\":\"WebPage\",\"@id\":\"https:\/\/berrygoodnews.fr\/index.php\/2025\/06\/15\/les-freres-jekyll-au-cafe-oberry\/\",\"url\":\"https:\/\/berrygoodnews.fr\/index.php\/2025\/06\/15\/les-freres-jekyll-au-cafe-oberry\/\",\"name\":\"LES FR\u00c8RES JEKYLL au Caf\u00e9 O'Berry - Berry Good News\",\"isPartOf\":{\"@id\":\"https:\/\/berrygoodnews.fr\/#website\"},\"primaryImageOfPage\":{\"@id\":\"https:\/\/berrygoodnews.fr\/index.php\/2025\/06\/15\/les-freres-jekyll-au-cafe-oberry\/#primaryimage\"},\"image\":{\"@id\":\"https:\/\/berrygoodnews.fr\/index.php\/2025\/06\/15\/les-freres-jekyll-au-cafe-oberry\/#primaryimage\"},\"thumbnailUrl\":\"https:\/\/i0.wp.com\/berrygoodnews.fr\/wp-content\/uploads\/2025\/06\/7fd93cc6-4eb4-4c11-bfbf-5512d23fa04e.jpg?fit=600%2C400&ssl=1\",\"datePublished\":\"2025-06-15T17:57:44+00:00\",\"dateModified\":\"2025-06-15T17:59:08+00:00\",\"breadcrumb\":{\"@id\":\"https:\/\/berrygoodnews.fr\/index.php\/2025\/06\/15\/les-freres-jekyll-au-cafe-oberry\/#breadcrumb\"},\"inLanguage\":\"fr-FR\",\"potentialAction\":[{\"@type\":\"ReadAction\",\"target\":[\"https:\/\/berrygoodnews.fr\/index.php\/2025\/06\/15\/les-freres-jekyll-au-cafe-oberry\/\"]}]},{\"@type\":\"ImageObject\",\"inLanguage\":\"fr-FR\",\"@id\":\"https:\/\/berrygoodnews.fr\/index.php\/2025\/06\/15\/les-freres-jekyll-au-cafe-oberry\/#primaryimage\",\"url\":\"https:\/\/i0.wp.com\/berrygoodnews.fr\/wp-content\/uploads\/2025\/06\/7fd93cc6-4eb4-4c11-bfbf-5512d23fa04e.jpg?fit=600%2C400&ssl=1\",\"contentUrl\":\"https:\/\/i0.wp.com\/berrygoodnews.fr\/wp-content\/uploads\/2025\/06\/7fd93cc6-4eb4-4c11-bfbf-5512d23fa04e.jpg?fit=600%2C400&ssl=1\",\"width\":600,\"height\":400},{\"@type\":\"BreadcrumbList\",\"@id\":\"https:\/\/berrygoodnews.fr\/index.php\/2025\/06\/15\/les-freres-jekyll-au-cafe-oberry\/#breadcrumb\",\"itemListElement\":[{\"@type\":\"ListItem\",\"position\":1,\"name\":\"Accueil\",\"item\":\"https:\/\/berrygoodnews.fr\/\"},{\"@type\":\"ListItem\",\"position\":2,\"name\":\"LES FR\u00c8RES JEKYLL au Caf\u00e9 O&rsquo;Berry\"}]},{\"@type\":\"WebSite\",\"@id\":\"https:\/\/berrygoodnews.fr\/#website\",\"url\":\"https:\/\/berrygoodnews.fr\/\",\"name\":\"Berry Good News\",\"description\":\"Le Centre En Action\",\"publisher\":{\"@id\":\"https:\/\/berrygoodnews.fr\/#organization\"},\"potentialAction\":[{\"@type\":\"SearchAction\",\"target\":{\"@type\":\"EntryPoint\",\"urlTemplate\":\"https:\/\/berrygoodnews.fr\/?s={search_term_string}\"},\"query-input\":{\"@type\":\"PropertyValueSpecification\",\"valueRequired\":true,\"valueName\":\"search_term_string\"}}],\"inLanguage\":\"fr-FR\"},{\"@type\":\"Organization\",\"@id\":\"https:\/\/berrygoodnews.fr\/#organization\",\"name\":\"Berry Good News\",\"url\":\"https:\/\/berrygoodnews.fr\/\",\"logo\":{\"@type\":\"ImageObject\",\"inLanguage\":\"fr-FR\",\"@id\":\"https:\/\/berrygoodnews.fr\/#\/schema\/logo\/image\/\",\"url\":\"https:\/\/i0.wp.com\/berrygoodnews.fr\/wp-content\/uploads\/2023\/05\/LogoBGNCouleur.png?fit=318%2C181&ssl=1\",\"contentUrl\":\"https:\/\/i0.wp.com\/berrygoodnews.fr\/wp-content\/uploads\/2023\/05\/LogoBGNCouleur.png?fit=318%2C181&ssl=1\",\"width\":318,\"height\":181,\"caption\":\"Berry Good News\"},\"image\":{\"@id\":\"https:\/\/berrygoodnews.fr\/#\/schema\/logo\/image\/\"},\"sameAs\":[\"https:\/\/www.facebook.com\/berrygoodnews\/\",\"https:\/\/www.youtube.com\/channel\/UCdNcluXQMXIRcNvap69zaWg\"]},{\"@type\":\"Person\",\"@id\":\"https:\/\/berrygoodnews.fr\/#\/schema\/person\/6dbdc03bea7806cc92376ffe2fcd047d\",\"name\":\"Berry Good News\",\"image\":{\"@type\":\"ImageObject\",\"inLanguage\":\"fr-FR\",\"@id\":\"https:\/\/berrygoodnews.fr\/#\/schema\/person\/image\/\",\"url\":\"https:\/\/secure.gravatar.com\/avatar\/dc97e2c83b7805754cf833611fb0eaf80fd556a613a9819de1842868762ec883?s=96&d=mm&r=g\",\"contentUrl\":\"https:\/\/secure.gravatar.com\/avatar\/dc97e2c83b7805754cf833611fb0eaf80fd556a613a9819de1842868762ec883?s=96&d=mm&r=g\",\"caption\":\"Berry Good News\"},\"description\":\"Ex-parisienne, qui a choisi de s'installer il y a six ans \u00e0 Vierzon avec une activit\u00e9 de chambres d'h\u00f4tes. J'ai d\u00e9cid\u00e9 de montrer les bonnes initiatives. Je suis tr\u00e8s optimiste car on a beaucoup de talents ici. J'avais envie de changer la vision que certains ont sur la ville.\",\"url\":\"https:\/\/berrygoodnews.fr\/index.php\/author\/hv\/\"}]}<\/script>\n<!-- \/ Yoast SEO plugin. -->","yoast_head_json":{"title":"LES FR\u00c8RES JEKYLL au Caf\u00e9 O'Berry - Berry Good News","robots":{"index":"index","follow":"follow","max-snippet":"max-snippet:-1","max-image-preview":"max-image-preview:large","max-video-preview":"max-video-preview:-1"},"canonical":"https:\/\/berrygoodnews.fr\/index.php\/2025\/06\/15\/les-freres-jekyll-au-cafe-oberry\/","og_locale":"fr_FR","og_type":"article","og_title":"LES FR\u00c8RES JEKYLL au Caf\u00e9 O'Berry - Berry Good News","og_description":"LES FR\u00c8RES JEKYLLRock festif fran\u00e7ais et espagnol Un groupe tourangeau de chansons po\u00e9tico punk.Mais qu\u2019est-ce que la chanson po\u00e9tico punk ?! Eh bien c\u2019est de la chanson fran\u00e7aise qui pourrait se chanter avec une guitares\u00e8che au coin du feu en fumant la pipe, mais sur laquelle sont venues se greffer des guitares \u00e9lectriques satur\u00e9es, une &hellip;","og_url":"https:\/\/berrygoodnews.fr\/index.php\/2025\/06\/15\/les-freres-jekyll-au-cafe-oberry\/","og_site_name":"Berry Good News","article_publisher":"https:\/\/www.facebook.com\/berrygoodnews\/","article_published_time":"2025-06-15T17:57:44+00:00","article_modified_time":"2025-06-15T17:59:08+00:00","og_image":[{"width":600,"height":400,"url":"https:\/\/berrygoodnews.fr\/wp-content\/uploads\/2025\/06\/7fd93cc6-4eb4-4c11-bfbf-5512d23fa04e.jpg","type":"image\/jpeg"}],"author":"Berry Good News","twitter_card":"summary_large_image","twitter_misc":{"\u00c9crit par":"Berry Good News","Dur\u00e9e de lecture estim\u00e9e":"2 minutes"},"schema":{"@context":"https:\/\/schema.org","@graph":[{"@type":"Article","@id":"https:\/\/berrygoodnews.fr\/index.php\/2025\/06\/15\/les-freres-jekyll-au-cafe-oberry\/#article","isPartOf":{"@id":"https:\/\/berrygoodnews.fr\/index.php\/2025\/06\/15\/les-freres-jekyll-au-cafe-oberry\/"},"author":{"name":"Berry Good News","@id":"https:\/\/berrygoodnews.fr\/#\/schema\/person\/6dbdc03bea7806cc92376ffe2fcd047d"},"headline":"LES FR\u00c8RES JEKYLL au Caf\u00e9 O&rsquo;Berry","datePublished":"2025-06-15T17:57:44+00:00","dateModified":"2025-06-15T17:59:08+00:00","mainEntityOfPage":{"@id":"https:\/\/berrygoodnews.fr\/index.php\/2025\/06\/15\/les-freres-jekyll-au-cafe-oberry\/"},"wordCount":107,"commentCount":0,"publisher":{"@id":"https:\/\/berrygoodnews.fr\/#organization"},"image":{"@id":"https:\/\/berrygoodnews.fr\/index.php\/2025\/06\/15\/les-freres-jekyll-au-cafe-oberry\/#primaryimage"},"thumbnailUrl":"https:\/\/i0.wp.com\/berrygoodnews.fr\/wp-content\/uploads\/2025\/06\/7fd93cc6-4eb4-4c11-bfbf-5512d23fa04e.jpg?fit=600%2C400&ssl=1","keywords":["caf\u00e9 o'berry","LES FR\u00c8RES JEKYLL","vierzon"],"articleSection":["Vierzon et ses Environs","Vivre mieux"],"inLanguage":"fr-FR","potentialAction":[{"@type":"CommentAction","name":"Comment","target":["https:\/\/berrygoodnews.fr\/index.php\/2025\/06\/15\/les-freres-jekyll-au-cafe-oberry\/#respond"]}]},{"@type":"WebPage","@id":"https:\/\/berrygoodnews.fr\/index.php\/2025\/06\/15\/les-freres-jekyll-au-cafe-oberry\/","url":"https:\/\/berrygoodnews.fr\/index.php\/2025\/06\/15\/les-freres-jekyll-au-cafe-oberry\/","name":"LES FR\u00c8RES JEKYLL au Caf\u00e9 O'Berry - Berry Good News","isPartOf":{"@id":"https:\/\/berrygoodnews.fr\/#website"},"primaryImageOfPage":{"@id":"https:\/\/berrygoodnews.fr\/index.php\/2025\/06\/15\/les-freres-jekyll-au-cafe-oberry\/#primaryimage"},"image":{"@id":"https:\/\/berrygoodnews.fr\/index.php\/2025\/06\/15\/les-freres-jekyll-au-cafe-oberry\/#primaryimage"},"thumbnailUrl":"https:\/\/i0.wp.com\/berrygoodnews.fr\/wp-content\/uploads\/2025\/06\/7fd93cc6-4eb4-4c11-bfbf-5512d23fa04e.jpg?fit=600%2C400&ssl=1","datePublished":"2025-06-15T17:57:44+00:00","dateModified":"2025-06-15T17:59:08+00:00","breadcrumb":{"@id":"https:\/\/berrygoodnews.fr\/index.php\/2025\/06\/15\/les-freres-jekyll-au-cafe-oberry\/#breadcrumb"},"inLanguage":"fr-FR","potentialAction":[{"@type":"ReadAction","target":["https:\/\/berrygoodnews.fr\/index.php\/2025\/06\/15\/les-freres-jekyll-au-cafe-oberry\/"]}]},{"@type":"ImageObject","inLanguage":"fr-FR","@id":"https:\/\/berrygoodnews.fr\/index.php\/2025\/06\/15\/les-freres-jekyll-au-cafe-oberry\/#primaryimage","url":"https:\/\/i0.wp.com\/berrygoodnews.fr\/wp-content\/uploads\/2025\/06\/7fd93cc6-4eb4-4c11-bfbf-5512d23fa04e.jpg?fit=600%2C400&ssl=1","contentUrl":"https:\/\/i0.wp.com\/berrygoodnews.fr\/wp-content\/uploads\/2025\/06\/7fd93cc6-4eb4-4c11-bfbf-5512d23fa04e.jpg?fit=600%2C400&ssl=1","width":600,"height":400},{"@type":"BreadcrumbList","@id":"https:\/\/berrygoodnews.fr\/index.php\/2025\/06\/15\/les-freres-jekyll-au-cafe-oberry\/#breadcrumb","itemListElement":[{"@type":"ListItem","position":1,"name":"Accueil","item":"https:\/\/berrygoodnews.fr\/"},{"@type":"ListItem","position":2,"name":"LES FR\u00c8RES JEKYLL au Caf\u00e9 O&rsquo;Berry"}]},{"@type":"WebSite","@id":"https:\/\/berrygoodnews.fr\/#website","url":"https:\/\/berrygoodnews.fr\/","name":"Berry Good News","description":"Le Centre En Action","publisher":{"@id":"https:\/\/berrygoodnews.fr\/#organization"},"potentialAction":[{"@type":"SearchAction","target":{"@type":"EntryPoint","urlTemplate":"https:\/\/berrygoodnews.fr\/?s={search_term_string}"},"query-input":{"@type":"PropertyValueSpecification","valueRequired":true,"valueName":"search_term_string"}}],"inLanguage":"fr-FR"},{"@type":"Organization","@id":"https:\/\/berrygoodnews.fr\/#organization","name":"Berry Good News","url":"https:\/\/berrygoodnews.fr\/","logo":{"@type":"ImageObject","inLanguage":"fr-FR","@id":"https:\/\/berrygoodnews.fr\/#\/schema\/logo\/image\/","url":"https:\/\/i0.wp.com\/berrygoodnews.fr\/wp-content\/uploads\/2023\/05\/LogoBGNCouleur.png?fit=318%2C181&ssl=1","contentUrl":"https:\/\/i0.wp.com\/berrygoodnews.fr\/wp-content\/uploads\/2023\/05\/LogoBGNCouleur.png?fit=318%2C181&ssl=1","width":318,"height":181,"caption":"Berry Good News"},"image":{"@id":"https:\/\/berrygoodnews.fr\/#\/schema\/logo\/image\/"},"sameAs":["https:\/\/www.facebook.com\/berrygoodnews\/","https:\/\/www.youtube.com\/channel\/UCdNcluXQMXIRcNvap69zaWg"]},{"@type":"Person","@id":"https:\/\/berrygoodnews.fr\/#\/schema\/person\/6dbdc03bea7806cc92376ffe2fcd047d","name":"Berry Good News","image":{"@type":"ImageObject","inLanguage":"fr-FR","@id":"https:\/\/berrygoodnews.fr\/#\/schema\/person\/image\/","url":"https:\/\/secure.gravatar.com\/avatar\/dc97e2c83b7805754cf833611fb0eaf80fd556a613a9819de1842868762ec883?s=96&d=mm&r=g","contentUrl":"https:\/\/secure.gravatar.com\/avatar\/dc97e2c83b7805754cf833611fb0eaf80fd556a613a9819de1842868762ec883?s=96&d=mm&r=g","caption":"Berry Good News"},"description":"Ex-parisienne, qui a choisi de s'installer il y a six ans \u00e0 Vierzon avec une activit\u00e9 de chambres d'h\u00f4tes. J'ai d\u00e9cid\u00e9 de montrer les bonnes initiatives. Je suis tr\u00e8s optimiste car on a beaucoup de talents ici. J'avais envie de changer la vision que certains ont sur la ville.","url":"https:\/\/berrygoodnews.fr\/index.php\/author\/hv\/"}]}},"jetpack_publicize_connections":[],"jetpack_featured_media_url":"https:\/\/i0.wp.com\/berrygoodnews.fr\/wp-content\/uploads\/2025\/06\/7fd93cc6-4eb4-4c11-bfbf-5512d23fa04e.jpg?fit=600%2C400&ssl=1","jetpack_shortlink":"https:\/\/wp.me\/paGqD8-3Cm","jetpack-related-posts":[],"jetpack_sharing_enabled":true,"_links":{"self":[{"href":"https:\/\/berrygoodnews.fr\/index.php\/wp-json\/wp\/v2\/posts\/13910","targetHints":{"allow":["GET"]}}],"collection":[{"href":"https:\/\/berrygoodnews.fr\/index.php\/wp-json\/wp\/v2\/posts"}],"about":[{"href":"https:\/\/berrygoodnews.fr\/index.php\/wp-json\/wp\/v2\/types\/post"}],"author":[{"embeddable":true,"href":"https:\/\/berrygoodnews.fr\/index.php\/wp-json\/wp\/v2\/users\/2"}],"replies":[{"embeddable":true,"href":"https:\/\/berrygoodnews.fr\/index.php\/wp-json\/wp\/v2\/comments?post=13910"}],"version-history":[{"count":1,"href":"https:\/\/berrygoodnews.fr\/index.php\/wp-json\/wp\/v2\/posts\/13910\/revisions"}],"predecessor-version":[{"id":13916,"href":"https:\/\/berrygoodnews.fr\/index.php\/wp-json\/wp\/v2\/posts\/13910\/revisions\/13916"}],"wp:featuredmedia":[{"embeddable":true,"href":"https:\/\/berrygoodnews.fr\/index.php\/wp-json\/wp\/v2\/media\/13911"}],"wp:attachment":[{"href":"https:\/\/berrygoodnews.fr\/index.php\/wp-json\/wp\/v2\/media?parent=13910"}],"wp:term":[{"taxonomy":"category","embeddable":true,"href":"https:\/\/berrygoodnews.fr\/index.php\/wp-json\/wp\/v2\/categories?post=13910"},{"taxonomy":"post_tag","embeddable":true,"href":"https:\/\/berrygoodnews.fr\/index.php\/wp-json\/wp\/v2\/tags?post=13910"},{"taxonomy":"post_format","embeddable":true,"href":"https:\/\/berrygoodnews.fr\/index.php\/wp-json\/wp\/v2\/post_format?post=13910"},{"taxonomy":"flags","embeddable":true,"href":"https:\/\/berrygoodnews.fr\/index.php\/wp-json\/wp\/v2\/flags?post=13910"}],"curies":[{"name":"wp","href":"https:\/\/api.w.org\/{rel}","templated":true}]}}