{"id":13831,"date":"2025-04-29T14:40:28","date_gmt":"2025-04-29T12:40:28","guid":{"rendered":"https:\/\/berrygoodnews.fr\/?p=13831"},"modified":"2025-04-29T14:41:31","modified_gmt":"2025-04-29T12:41:31","slug":"la-maison-du-blues-recoit-pour-le-debut-du-mois-de-mai-2025","status":"publish","type":"post","link":"https:\/\/berrygoodnews.fr\/index.php\/2025\/04\/29\/la-maison-du-blues-recoit-pour-le-debut-du-mois-de-mai-2025\/","title":{"rendered":"La Maison du Blues re\u00e7oit pour le d\u00e9but du mois de Mai 2025"},"content":{"rendered":"\n<p><strong><em>Pour ce premier pont du joli mois de Mai :<\/em><\/strong><\/p>\n\n\n\n<p><strong><em>Un duo d&rsquo;exception pour deux soir\u00e9es qui nous promettent<\/em><\/strong><\/p>\n\n\n\n<p><strong><em>de beaux moments !!<\/em><\/strong><\/p>\n\n\n\n<p><strong>QUASI BLUES (Fr)<\/strong><\/p>\n\n\n<div class=\"wp-block-image\">\n<figure class=\"alignleft\"><img data-recalc-dims=\"1\" height=\"170\" width=\"300\" decoding=\"async\" src=\"https:\/\/i0.wp.com\/www.open-mag.net\/wp-content\/uploads\/2025\/04\/unnamed-300x170.png?resize=300%2C170&#038;ssl=1\" alt=\"\" class=\"wp-image-82279\"\/><\/figure>\n<\/div>\n\n\n<p><strong>Quasi Blues, c&rsquo;est la r\u00e9union de deux musiciens exceptionnels, St\u00e9phane Bertolino qui exerce ses talents d&rsquo;harmoniciste depuis 30 ans avec le groupe AWEK, il est un des tous meilleurs harmonicistes fran\u00e7ais.<\/strong><\/p>\n\n\n\n<p>Nous avons pu le d\u00e9couvrir \u00e0 la Maison du Blues avec Quasi Blues en 2020 et aussi avec Awek au Bluesfest au Ch\u00e2teau de Douy en 2019 et au Club en 2022. Fabrice Joussot est un excellent guitariste&nbsp;ste avec une voix exceptionnelle&nbsp;elle qui dynamise leurs prestations avec une pr\u00e9sence sc\u00e9nique qui nous entra\u00eene. Il \u00e9tait l\u00e0 aussi avec Quasi Blues en 2020 et aux c\u00f4t\u00e9s de Enzo dans le Blues Kid Combo. Il a rejoint en ce d\u00e9but d&rsquo;ann\u00e9e Awek apr\u00e8s le d\u00e9part de Bernard Sellam. Deux tr\u00e8s bons concerts en perspective !<\/p>\n\n\n\n<p><strong>St\u00e9phane Bertolino Harmonica&nbsp;&nbsp;&nbsp;&nbsp;&nbsp;Fabrice Joussot Guitare, chant<\/strong><\/p>\n\n\n\n<p><strong>QUASI BLUES a fait ses d\u00e9buts en 1994 et a sillonn\u00e9 toute la France et une partie du Canada. Habitu\u00e9 des caf\u00e9s concerts, des clubs, et des festivals.<\/strong><\/p>\n\n\n\n<p><strong>Ces musiciens imposent un sentiment authentique rempli d&rsquo;\u00e9nergie, et une musique fougueuse ind\u00e9niable. Leur fils et leur style s&rsquo;affirment radicalement<\/strong><\/p>\n\n\n\n<p><strong>dans la grande \u00e9poque de la musique noire am\u00e9ricaine d&rsquo;antan. Ils sont heureux de jouer ensemble et de partager avec leur public les vibrations et les humeurs<\/strong><\/p>\n\n\n\n<p><strong>de ce blues \u00e0 la fois racines et moderne, ne laissant personne indiff\u00e9rent ou insensible. Attention ! Leur folie est contagieuse, et vous risquez vite de vous retrouver en train de danser et de chanter sans jamais vouloir vous arr\u00eater !<\/strong><\/p>\n\n\n\n<p><strong>Ce m\u00e9lange de virtuosit\u00e9, de spontan\u00e9it\u00e9 et de g\u00e9n\u00e9rosit\u00e9 est un vrai r\u00e9gal pour les yeux comme pour les oreilles.<\/strong><\/p>\n\n\n\n<p><strong>R\u00e9f\u00e9rences : premi\u00e8res parties de CANNED HEAT, THE FABULOUS THUNDERBIRD , BB KING, AlVIN LEE, VAN WILKS<\/strong><\/p>\n\n\n\n<p><strong><em>Deux soir\u00e9es pour d\u00e9couvrir ou retrouver ce duo !!<\/em><\/strong><\/p>\n\n\n\n<p><strong>VENDREDI 2 MAI \u00e0 21H<\/strong><\/p>\n\n\n\n<p><strong>SAMEDI 3 MAI 2025 \u00e0 21H<\/strong><\/p>\n\n\n\n<p><strong>Ouverture des portes \u00e0 19h<\/strong><\/p>\n\n\n\n<p><em><strong>pour l&rsquo;ap\u00e9ritif et la petite restauration<\/strong><\/em>&nbsp;<\/p>\n\n\n\n<p><em><strong>nous vous proposons un plat du jour selon l&rsquo;inspiration !!<\/strong><\/em><\/p>\n\n\n\n<p><strong>les tartes sal\u00e9es, les croque-monsieur<\/strong><\/p>\n\n\n\n<p><strong>les assiettes de<\/strong>&nbsp;<strong>charcuterie-fromage<\/strong><\/p>\n\n\n\n<p><strong>et les desserts<\/strong>&nbsp;<strong>!!!<\/strong><\/p>\n\n\n\n<p>\u00c0 bient\u00f4t<\/p>\n\n\n\n<p><strong>R\u00e9servations et Renseignements :<\/strong><\/p>\n\n\n\n<p><strong>tel ou SMS : 07.66.79.58.58<\/strong><\/p>\n\n\n\n<p>ou par mail :&nbsp;<strong><a href=\"mailto:jack@lamaisondublues.com\">jack@lamaisondublues.com<\/a><\/strong><\/p>\n","protected":false},"excerpt":{"rendered":"<p>Pour ce premier pont du joli mois de Mai : Un duo d&rsquo;exception pour deux soir\u00e9es qui nous promettent de beaux moments !! QUASI BLUES (Fr) Quasi Blues, c&rsquo;est la r\u00e9union de deux musiciens exceptionnels, St\u00e9phane Bertolino qui exerce ses talents d&rsquo;harmoniciste depuis 30 ans avec le groupe AWEK, il est un des tous meilleurs &hellip;<\/p>\n","protected":false},"author":2,"featured_media":13734,"comment_status":"open","ping_status":"open","sticky":false,"template":"","format":"standard","meta":{"jetpack_post_was_ever_published":false,"_jetpack_newsletter_access":"","_jetpack_dont_email_post_to_subs":false,"_jetpack_newsletter_tier_id":0,"_jetpack_memberships_contains_paywalled_content":false,"_jetpack_memberships_contains_paid_content":false,"footnotes":"","jetpack_publicize_message":"","jetpack_publicize_feature_enabled":true,"jetpack_social_post_already_shared":true,"jetpack_social_options":{"image_generator_settings":{"template":"highway","default_image_id":0,"font":"","enabled":false},"version":2}},"categories":[1],"tags":[1533,954,1293],"post_format":[],"flags":[],"class_list":["post-13831","post","type-post","status-publish","format-standard","has-post-thumbnail","hentry","category-non-classe","tag-chatre-sur-cher-2","tag-la-maison-du-blues-2","tag-quasi-blues"],"yoast_head":"<!-- This site is optimized with the Yoast SEO plugin v26.8 - https:\/\/yoast.com\/product\/yoast-seo-wordpress\/ -->\n<title>La Maison du Blues re\u00e7oit pour le d\u00e9but du mois de Mai 2025 - Berry Good News<\/title>\n<meta name=\"robots\" content=\"index, follow, max-snippet:-1, max-image-preview:large, max-video-preview:-1\" \/>\n<link rel=\"canonical\" href=\"https:\/\/berrygoodnews.fr\/index.php\/2025\/04\/29\/la-maison-du-blues-recoit-pour-le-debut-du-mois-de-mai-2025\/\" \/>\n<meta property=\"og:locale\" content=\"fr_FR\" \/>\n<meta property=\"og:type\" content=\"article\" \/>\n<meta property=\"og:title\" content=\"La Maison du Blues re\u00e7oit pour le d\u00e9but du mois de Mai 2025 - Berry Good News\" \/>\n<meta property=\"og:description\" content=\"Pour ce premier pont du joli mois de Mai : Un duo d&rsquo;exception pour deux soir\u00e9es qui nous promettent de beaux moments !! QUASI BLUES (Fr) Quasi Blues, c&rsquo;est la r\u00e9union de deux musiciens exceptionnels, St\u00e9phane Bertolino qui exerce ses talents d&rsquo;harmoniciste depuis 30 ans avec le groupe AWEK, il est un des tous meilleurs &hellip;\" \/>\n<meta property=\"og:url\" content=\"https:\/\/berrygoodnews.fr\/index.php\/2025\/04\/29\/la-maison-du-blues-recoit-pour-le-debut-du-mois-de-mai-2025\/\" \/>\n<meta property=\"og:site_name\" content=\"Berry Good News\" \/>\n<meta property=\"article:publisher\" content=\"https:\/\/www.facebook.com\/berrygoodnews\/\" \/>\n<meta property=\"article:published_time\" content=\"2025-04-29T12:40:28+00:00\" \/>\n<meta property=\"article:modified_time\" content=\"2025-04-29T12:41:31+00:00\" \/>\n<meta property=\"og:image\" content=\"https:\/\/berrygoodnews.fr\/wp-content\/uploads\/2025\/01\/Guitare-5.jpg\" \/>\n\t<meta property=\"og:image:width\" content=\"1280\" \/>\n\t<meta property=\"og:image:height\" content=\"853\" \/>\n\t<meta property=\"og:image:type\" content=\"image\/jpeg\" \/>\n<meta name=\"author\" content=\"Berry Good News\" \/>\n<meta name=\"twitter:card\" content=\"summary_large_image\" \/>\n<meta name=\"twitter:label1\" content=\"\u00c9crit par\" \/>\n\t<meta name=\"twitter:data1\" content=\"Berry Good News\" \/>\n\t<meta name=\"twitter:label2\" content=\"Dur\u00e9e de lecture estim\u00e9e\" \/>\n\t<meta name=\"twitter:data2\" content=\"3 minutes\" \/>\n<script type=\"application\/ld+json\" class=\"yoast-schema-graph\">{\"@context\":\"https:\/\/schema.org\",\"@graph\":[{\"@type\":\"Article\",\"@id\":\"https:\/\/berrygoodnews.fr\/index.php\/2025\/04\/29\/la-maison-du-blues-recoit-pour-le-debut-du-mois-de-mai-2025\/#article\",\"isPartOf\":{\"@id\":\"https:\/\/berrygoodnews.fr\/index.php\/2025\/04\/29\/la-maison-du-blues-recoit-pour-le-debut-du-mois-de-mai-2025\/\"},\"author\":{\"name\":\"Berry Good News\",\"@id\":\"https:\/\/berrygoodnews.fr\/#\/schema\/person\/6dbdc03bea7806cc92376ffe2fcd047d\"},\"headline\":\"La Maison du Blues re\u00e7oit pour le d\u00e9but du mois de Mai 2025\",\"datePublished\":\"2025-04-29T12:40:28+00:00\",\"dateModified\":\"2025-04-29T12:41:31+00:00\",\"mainEntityOfPage\":{\"@id\":\"https:\/\/berrygoodnews.fr\/index.php\/2025\/04\/29\/la-maison-du-blues-recoit-pour-le-debut-du-mois-de-mai-2025\/\"},\"wordCount\":426,\"commentCount\":0,\"publisher\":{\"@id\":\"https:\/\/berrygoodnews.fr\/#organization\"},\"image\":{\"@id\":\"https:\/\/berrygoodnews.fr\/index.php\/2025\/04\/29\/la-maison-du-blues-recoit-pour-le-debut-du-mois-de-mai-2025\/#primaryimage\"},\"thumbnailUrl\":\"https:\/\/i0.wp.com\/berrygoodnews.fr\/wp-content\/uploads\/2025\/01\/Guitare-5.jpg?fit=1280%2C853&ssl=1\",\"keywords\":[\"chatre sur cher\",\"la maison du blues\",\"QUASI BLUES\"],\"articleSection\":[\"vierzon et ses environs\"],\"inLanguage\":\"fr-FR\",\"potentialAction\":[{\"@type\":\"CommentAction\",\"name\":\"Comment\",\"target\":[\"https:\/\/berrygoodnews.fr\/index.php\/2025\/04\/29\/la-maison-du-blues-recoit-pour-le-debut-du-mois-de-mai-2025\/#respond\"]}]},{\"@type\":\"WebPage\",\"@id\":\"https:\/\/berrygoodnews.fr\/index.php\/2025\/04\/29\/la-maison-du-blues-recoit-pour-le-debut-du-mois-de-mai-2025\/\",\"url\":\"https:\/\/berrygoodnews.fr\/index.php\/2025\/04\/29\/la-maison-du-blues-recoit-pour-le-debut-du-mois-de-mai-2025\/\",\"name\":\"La Maison du Blues re\u00e7oit pour le d\u00e9but du mois de Mai 2025 - Berry Good News\",\"isPartOf\":{\"@id\":\"https:\/\/berrygoodnews.fr\/#website\"},\"primaryImageOfPage\":{\"@id\":\"https:\/\/berrygoodnews.fr\/index.php\/2025\/04\/29\/la-maison-du-blues-recoit-pour-le-debut-du-mois-de-mai-2025\/#primaryimage\"},\"image\":{\"@id\":\"https:\/\/berrygoodnews.fr\/index.php\/2025\/04\/29\/la-maison-du-blues-recoit-pour-le-debut-du-mois-de-mai-2025\/#primaryimage\"},\"thumbnailUrl\":\"https:\/\/i0.wp.com\/berrygoodnews.fr\/wp-content\/uploads\/2025\/01\/Guitare-5.jpg?fit=1280%2C853&ssl=1\",\"datePublished\":\"2025-04-29T12:40:28+00:00\",\"dateModified\":\"2025-04-29T12:41:31+00:00\",\"breadcrumb\":{\"@id\":\"https:\/\/berrygoodnews.fr\/index.php\/2025\/04\/29\/la-maison-du-blues-recoit-pour-le-debut-du-mois-de-mai-2025\/#breadcrumb\"},\"inLanguage\":\"fr-FR\",\"potentialAction\":[{\"@type\":\"ReadAction\",\"target\":[\"https:\/\/berrygoodnews.fr\/index.php\/2025\/04\/29\/la-maison-du-blues-recoit-pour-le-debut-du-mois-de-mai-2025\/\"]}]},{\"@type\":\"ImageObject\",\"inLanguage\":\"fr-FR\",\"@id\":\"https:\/\/berrygoodnews.fr\/index.php\/2025\/04\/29\/la-maison-du-blues-recoit-pour-le-debut-du-mois-de-mai-2025\/#primaryimage\",\"url\":\"https:\/\/i0.wp.com\/berrygoodnews.fr\/wp-content\/uploads\/2025\/01\/Guitare-5.jpg?fit=1280%2C853&ssl=1\",\"contentUrl\":\"https:\/\/i0.wp.com\/berrygoodnews.fr\/wp-content\/uploads\/2025\/01\/Guitare-5.jpg?fit=1280%2C853&ssl=1\",\"width\":1280,\"height\":853},{\"@type\":\"BreadcrumbList\",\"@id\":\"https:\/\/berrygoodnews.fr\/index.php\/2025\/04\/29\/la-maison-du-blues-recoit-pour-le-debut-du-mois-de-mai-2025\/#breadcrumb\",\"itemListElement\":[{\"@type\":\"ListItem\",\"position\":1,\"name\":\"Accueil\",\"item\":\"https:\/\/berrygoodnews.fr\/\"},{\"@type\":\"ListItem\",\"position\":2,\"name\":\"La Maison du Blues re\u00e7oit pour le d\u00e9but du mois de Mai 2025\"}]},{\"@type\":\"WebSite\",\"@id\":\"https:\/\/berrygoodnews.fr\/#website\",\"url\":\"https:\/\/berrygoodnews.fr\/\",\"name\":\"Berry Good News\",\"description\":\"Le Centre En Action\",\"publisher\":{\"@id\":\"https:\/\/berrygoodnews.fr\/#organization\"},\"potentialAction\":[{\"@type\":\"SearchAction\",\"target\":{\"@type\":\"EntryPoint\",\"urlTemplate\":\"https:\/\/berrygoodnews.fr\/?s={search_term_string}\"},\"query-input\":{\"@type\":\"PropertyValueSpecification\",\"valueRequired\":true,\"valueName\":\"search_term_string\"}}],\"inLanguage\":\"fr-FR\"},{\"@type\":\"Organization\",\"@id\":\"https:\/\/berrygoodnews.fr\/#organization\",\"name\":\"Berry Good News\",\"url\":\"https:\/\/berrygoodnews.fr\/\",\"logo\":{\"@type\":\"ImageObject\",\"inLanguage\":\"fr-FR\",\"@id\":\"https:\/\/berrygoodnews.fr\/#\/schema\/logo\/image\/\",\"url\":\"https:\/\/i0.wp.com\/berrygoodnews.fr\/wp-content\/uploads\/2023\/05\/LogoBGNCouleur.png?fit=318%2C181&ssl=1\",\"contentUrl\":\"https:\/\/i0.wp.com\/berrygoodnews.fr\/wp-content\/uploads\/2023\/05\/LogoBGNCouleur.png?fit=318%2C181&ssl=1\",\"width\":318,\"height\":181,\"caption\":\"Berry Good News\"},\"image\":{\"@id\":\"https:\/\/berrygoodnews.fr\/#\/schema\/logo\/image\/\"},\"sameAs\":[\"https:\/\/www.facebook.com\/berrygoodnews\/\",\"https:\/\/www.youtube.com\/channel\/UCdNcluXQMXIRcNvap69zaWg\"]},{\"@type\":\"Person\",\"@id\":\"https:\/\/berrygoodnews.fr\/#\/schema\/person\/6dbdc03bea7806cc92376ffe2fcd047d\",\"name\":\"Berry Good News\",\"image\":{\"@type\":\"ImageObject\",\"inLanguage\":\"fr-FR\",\"@id\":\"https:\/\/berrygoodnews.fr\/#\/schema\/person\/image\/\",\"url\":\"https:\/\/secure.gravatar.com\/avatar\/dc97e2c83b7805754cf833611fb0eaf80fd556a613a9819de1842868762ec883?s=96&d=mm&r=g\",\"contentUrl\":\"https:\/\/secure.gravatar.com\/avatar\/dc97e2c83b7805754cf833611fb0eaf80fd556a613a9819de1842868762ec883?s=96&d=mm&r=g\",\"caption\":\"Berry Good News\"},\"description\":\"Ex-parisienne, qui a choisi de s'installer il y a six ans \u00e0 Vierzon avec une activit\u00e9 de chambres d'h\u00f4tes. J'ai d\u00e9cid\u00e9 de montrer les bonnes initiatives. Je suis tr\u00e8s optimiste car on a beaucoup de talents ici. J'avais envie de changer la vision que certains ont sur la ville.\",\"url\":\"https:\/\/berrygoodnews.fr\/index.php\/author\/hv\/\"}]}<\/script>\n<!-- \/ Yoast SEO plugin. -->","yoast_head_json":{"title":"La Maison du Blues re\u00e7oit pour le d\u00e9but du mois de Mai 2025 - Berry Good News","robots":{"index":"index","follow":"follow","max-snippet":"max-snippet:-1","max-image-preview":"max-image-preview:large","max-video-preview":"max-video-preview:-1"},"canonical":"https:\/\/berrygoodnews.fr\/index.php\/2025\/04\/29\/la-maison-du-blues-recoit-pour-le-debut-du-mois-de-mai-2025\/","og_locale":"fr_FR","og_type":"article","og_title":"La Maison du Blues re\u00e7oit pour le d\u00e9but du mois de Mai 2025 - Berry Good News","og_description":"Pour ce premier pont du joli mois de Mai : Un duo d&rsquo;exception pour deux soir\u00e9es qui nous promettent de beaux moments !! QUASI BLUES (Fr) Quasi Blues, c&rsquo;est la r\u00e9union de deux musiciens exceptionnels, St\u00e9phane Bertolino qui exerce ses talents d&rsquo;harmoniciste depuis 30 ans avec le groupe AWEK, il est un des tous meilleurs &hellip;","og_url":"https:\/\/berrygoodnews.fr\/index.php\/2025\/04\/29\/la-maison-du-blues-recoit-pour-le-debut-du-mois-de-mai-2025\/","og_site_name":"Berry Good News","article_publisher":"https:\/\/www.facebook.com\/berrygoodnews\/","article_published_time":"2025-04-29T12:40:28+00:00","article_modified_time":"2025-04-29T12:41:31+00:00","og_image":[{"width":1280,"height":853,"url":"https:\/\/berrygoodnews.fr\/wp-content\/uploads\/2025\/01\/Guitare-5.jpg","type":"image\/jpeg"}],"author":"Berry Good News","twitter_card":"summary_large_image","twitter_misc":{"\u00c9crit par":"Berry Good News","Dur\u00e9e de lecture estim\u00e9e":"3 minutes"},"schema":{"@context":"https:\/\/schema.org","@graph":[{"@type":"Article","@id":"https:\/\/berrygoodnews.fr\/index.php\/2025\/04\/29\/la-maison-du-blues-recoit-pour-le-debut-du-mois-de-mai-2025\/#article","isPartOf":{"@id":"https:\/\/berrygoodnews.fr\/index.php\/2025\/04\/29\/la-maison-du-blues-recoit-pour-le-debut-du-mois-de-mai-2025\/"},"author":{"name":"Berry Good News","@id":"https:\/\/berrygoodnews.fr\/#\/schema\/person\/6dbdc03bea7806cc92376ffe2fcd047d"},"headline":"La Maison du Blues re\u00e7oit pour le d\u00e9but du mois de Mai 2025","datePublished":"2025-04-29T12:40:28+00:00","dateModified":"2025-04-29T12:41:31+00:00","mainEntityOfPage":{"@id":"https:\/\/berrygoodnews.fr\/index.php\/2025\/04\/29\/la-maison-du-blues-recoit-pour-le-debut-du-mois-de-mai-2025\/"},"wordCount":426,"commentCount":0,"publisher":{"@id":"https:\/\/berrygoodnews.fr\/#organization"},"image":{"@id":"https:\/\/berrygoodnews.fr\/index.php\/2025\/04\/29\/la-maison-du-blues-recoit-pour-le-debut-du-mois-de-mai-2025\/#primaryimage"},"thumbnailUrl":"https:\/\/i0.wp.com\/berrygoodnews.fr\/wp-content\/uploads\/2025\/01\/Guitare-5.jpg?fit=1280%2C853&ssl=1","keywords":["chatre sur cher","la maison du blues","QUASI BLUES"],"articleSection":["vierzon et ses environs"],"inLanguage":"fr-FR","potentialAction":[{"@type":"CommentAction","name":"Comment","target":["https:\/\/berrygoodnews.fr\/index.php\/2025\/04\/29\/la-maison-du-blues-recoit-pour-le-debut-du-mois-de-mai-2025\/#respond"]}]},{"@type":"WebPage","@id":"https:\/\/berrygoodnews.fr\/index.php\/2025\/04\/29\/la-maison-du-blues-recoit-pour-le-debut-du-mois-de-mai-2025\/","url":"https:\/\/berrygoodnews.fr\/index.php\/2025\/04\/29\/la-maison-du-blues-recoit-pour-le-debut-du-mois-de-mai-2025\/","name":"La Maison du Blues re\u00e7oit pour le d\u00e9but du mois de Mai 2025 - Berry Good News","isPartOf":{"@id":"https:\/\/berrygoodnews.fr\/#website"},"primaryImageOfPage":{"@id":"https:\/\/berrygoodnews.fr\/index.php\/2025\/04\/29\/la-maison-du-blues-recoit-pour-le-debut-du-mois-de-mai-2025\/#primaryimage"},"image":{"@id":"https:\/\/berrygoodnews.fr\/index.php\/2025\/04\/29\/la-maison-du-blues-recoit-pour-le-debut-du-mois-de-mai-2025\/#primaryimage"},"thumbnailUrl":"https:\/\/i0.wp.com\/berrygoodnews.fr\/wp-content\/uploads\/2025\/01\/Guitare-5.jpg?fit=1280%2C853&ssl=1","datePublished":"2025-04-29T12:40:28+00:00","dateModified":"2025-04-29T12:41:31+00:00","breadcrumb":{"@id":"https:\/\/berrygoodnews.fr\/index.php\/2025\/04\/29\/la-maison-du-blues-recoit-pour-le-debut-du-mois-de-mai-2025\/#breadcrumb"},"inLanguage":"fr-FR","potentialAction":[{"@type":"ReadAction","target":["https:\/\/berrygoodnews.fr\/index.php\/2025\/04\/29\/la-maison-du-blues-recoit-pour-le-debut-du-mois-de-mai-2025\/"]}]},{"@type":"ImageObject","inLanguage":"fr-FR","@id":"https:\/\/berrygoodnews.fr\/index.php\/2025\/04\/29\/la-maison-du-blues-recoit-pour-le-debut-du-mois-de-mai-2025\/#primaryimage","url":"https:\/\/i0.wp.com\/berrygoodnews.fr\/wp-content\/uploads\/2025\/01\/Guitare-5.jpg?fit=1280%2C853&ssl=1","contentUrl":"https:\/\/i0.wp.com\/berrygoodnews.fr\/wp-content\/uploads\/2025\/01\/Guitare-5.jpg?fit=1280%2C853&ssl=1","width":1280,"height":853},{"@type":"BreadcrumbList","@id":"https:\/\/berrygoodnews.fr\/index.php\/2025\/04\/29\/la-maison-du-blues-recoit-pour-le-debut-du-mois-de-mai-2025\/#breadcrumb","itemListElement":[{"@type":"ListItem","position":1,"name":"Accueil","item":"https:\/\/berrygoodnews.fr\/"},{"@type":"ListItem","position":2,"name":"La Maison du Blues re\u00e7oit pour le d\u00e9but du mois de Mai 2025"}]},{"@type":"WebSite","@id":"https:\/\/berrygoodnews.fr\/#website","url":"https:\/\/berrygoodnews.fr\/","name":"Berry Good News","description":"Le Centre En Action","publisher":{"@id":"https:\/\/berrygoodnews.fr\/#organization"},"potentialAction":[{"@type":"SearchAction","target":{"@type":"EntryPoint","urlTemplate":"https:\/\/berrygoodnews.fr\/?s={search_term_string}"},"query-input":{"@type":"PropertyValueSpecification","valueRequired":true,"valueName":"search_term_string"}}],"inLanguage":"fr-FR"},{"@type":"Organization","@id":"https:\/\/berrygoodnews.fr\/#organization","name":"Berry Good News","url":"https:\/\/berrygoodnews.fr\/","logo":{"@type":"ImageObject","inLanguage":"fr-FR","@id":"https:\/\/berrygoodnews.fr\/#\/schema\/logo\/image\/","url":"https:\/\/i0.wp.com\/berrygoodnews.fr\/wp-content\/uploads\/2023\/05\/LogoBGNCouleur.png?fit=318%2C181&ssl=1","contentUrl":"https:\/\/i0.wp.com\/berrygoodnews.fr\/wp-content\/uploads\/2023\/05\/LogoBGNCouleur.png?fit=318%2C181&ssl=1","width":318,"height":181,"caption":"Berry Good News"},"image":{"@id":"https:\/\/berrygoodnews.fr\/#\/schema\/logo\/image\/"},"sameAs":["https:\/\/www.facebook.com\/berrygoodnews\/","https:\/\/www.youtube.com\/channel\/UCdNcluXQMXIRcNvap69zaWg"]},{"@type":"Person","@id":"https:\/\/berrygoodnews.fr\/#\/schema\/person\/6dbdc03bea7806cc92376ffe2fcd047d","name":"Berry Good News","image":{"@type":"ImageObject","inLanguage":"fr-FR","@id":"https:\/\/berrygoodnews.fr\/#\/schema\/person\/image\/","url":"https:\/\/secure.gravatar.com\/avatar\/dc97e2c83b7805754cf833611fb0eaf80fd556a613a9819de1842868762ec883?s=96&d=mm&r=g","contentUrl":"https:\/\/secure.gravatar.com\/avatar\/dc97e2c83b7805754cf833611fb0eaf80fd556a613a9819de1842868762ec883?s=96&d=mm&r=g","caption":"Berry Good News"},"description":"Ex-parisienne, qui a choisi de s'installer il y a six ans \u00e0 Vierzon avec une activit\u00e9 de chambres d'h\u00f4tes. J'ai d\u00e9cid\u00e9 de montrer les bonnes initiatives. Je suis tr\u00e8s optimiste car on a beaucoup de talents ici. J'avais envie de changer la vision que certains ont sur la ville.","url":"https:\/\/berrygoodnews.fr\/index.php\/author\/hv\/"}]}},"jetpack_publicize_connections":[],"jetpack_featured_media_url":"https:\/\/i0.wp.com\/berrygoodnews.fr\/wp-content\/uploads\/2025\/01\/Guitare-5.jpg?fit=1280%2C853&ssl=1","jetpack_shortlink":"https:\/\/wp.me\/paGqD8-3B5","jetpack-related-posts":[],"jetpack_sharing_enabled":true,"_links":{"self":[{"href":"https:\/\/berrygoodnews.fr\/index.php\/wp-json\/wp\/v2\/posts\/13831","targetHints":{"allow":["GET"]}}],"collection":[{"href":"https:\/\/berrygoodnews.fr\/index.php\/wp-json\/wp\/v2\/posts"}],"about":[{"href":"https:\/\/berrygoodnews.fr\/index.php\/wp-json\/wp\/v2\/types\/post"}],"author":[{"embeddable":true,"href":"https:\/\/berrygoodnews.fr\/index.php\/wp-json\/wp\/v2\/users\/2"}],"replies":[{"embeddable":true,"href":"https:\/\/berrygoodnews.fr\/index.php\/wp-json\/wp\/v2\/comments?post=13831"}],"version-history":[{"count":1,"href":"https:\/\/berrygoodnews.fr\/index.php\/wp-json\/wp\/v2\/posts\/13831\/revisions"}],"predecessor-version":[{"id":13832,"href":"https:\/\/berrygoodnews.fr\/index.php\/wp-json\/wp\/v2\/posts\/13831\/revisions\/13832"}],"wp:featuredmedia":[{"embeddable":true,"href":"https:\/\/berrygoodnews.fr\/index.php\/wp-json\/wp\/v2\/media\/13734"}],"wp:attachment":[{"href":"https:\/\/berrygoodnews.fr\/index.php\/wp-json\/wp\/v2\/media?parent=13831"}],"wp:term":[{"taxonomy":"category","embeddable":true,"href":"https:\/\/berrygoodnews.fr\/index.php\/wp-json\/wp\/v2\/categories?post=13831"},{"taxonomy":"post_tag","embeddable":true,"href":"https:\/\/berrygoodnews.fr\/index.php\/wp-json\/wp\/v2\/tags?post=13831"},{"taxonomy":"post_format","embeddable":true,"href":"https:\/\/berrygoodnews.fr\/index.php\/wp-json\/wp\/v2\/post_format?post=13831"},{"taxonomy":"flags","embeddable":true,"href":"https:\/\/berrygoodnews.fr\/index.php\/wp-json\/wp\/v2\/flags?post=13831"}],"curies":[{"name":"wp","href":"https:\/\/api.w.org\/{rel}","templated":true}]}}