{"id":13514,"date":"2024-10-15T15:41:19","date_gmt":"2024-10-15T13:41:19","guid":{"rendered":"https:\/\/berrygoodnews.fr\/?p=13514"},"modified":"2024-10-15T15:41:23","modified_gmt":"2024-10-15T13:41:23","slug":"la-maison-du-blues-recoit-teddy-costa-blues-trio","status":"publish","type":"post","link":"https:\/\/berrygoodnews.fr\/index.php\/2024\/10\/15\/la-maison-du-blues-recoit-teddy-costa-blues-trio\/","title":{"rendered":"La maison du Blues re\u00e7oit \u00ab\u00a0TEDDY COSTA BLUES TRIO\u00a0\u00bb"},"content":{"rendered":"\n<figure class=\"wp-block-embed is-type-video is-provider-youtube wp-block-embed-youtube wp-embed-aspect-16-9 wp-has-aspect-ratio\"><div class=\"wp-block-embed__wrapper\">\n<iframe loading=\"lazy\" title=\"Teddy Costa &amp; The Lobby Boys, Dax 2023 (3)\" width=\"850\" height=\"478\" src=\"https:\/\/www.youtube.com\/embed\/OvhyaZ6XReA?feature=oembed\" frameborder=\"0\" allow=\"accelerometer; autoplay; clipboard-write; encrypted-media; gyroscope; picture-in-picture; web-share\" referrerpolicy=\"strict-origin-when-cross-origin\" allowfullscreen><\/iframe>\n<\/div><\/figure>\n\n\n\n<p><strong><br>Une ambiance \u00ab\u00a0Juke joint\u00a0\u00bb Mississippi \u00e0 la Maison du Blues&nbsp; !!<\/strong><\/p>\n\n\n\n<p>&nbsp;&nbsp;<strong>\u00ab\u00a0TEDDY COSTA BLUES TRIO\u00a0\u00bb<\/strong><strong>\u00a0\u00bb (FR)<\/strong><\/p>\n\n\n\n<figure class=\"wp-block-image\"><img decoding=\"async\" src=\"https:\/\/mail.google.com\/mail\/u\/0?ui=2&amp;ik=48e006a8ea&amp;attid=0.1&amp;permmsgid=msg-f:1812986937105403407&amp;th=1929060380974e0f&amp;view=fimg&amp;fur=ip&amp;sz=s0-l75-ft&amp;attbid=ANGjdJ-oHO_qeM8W-gJayKITMZ3__ba4bl4nhcHYP-RcGNirgT3Q9BZ6qBF0ntMrI0CpCKxAvvYL366LMIcJ9ulUpFXiq5L0Nio0qdbMaFOFzvP7VWt7HA0ZWZHe8jo&amp;disp=emb&amp;realattid=ii_m2ahddvx0\" alt=\"image.png\"\/><\/figure>\n\n\n\n<p><strong>Teddy Costa \/ harmonica, guitare et vocal<br>Yann Ravet \/ guitare<\/strong><\/p>\n\n\n\n<p><strong>Denis Bielsa \/ batterie<\/strong><\/p>\n\n\n\n<p><strong>Apr\u00e8s le Blues des Clubs de Chicago en compagnie de John Primer, nous descendrons dans le Sud, du c\u00f4t\u00e9 Mississippi et les sons du Hill Country Blues des illustres RL Burnside, Junior Kimbrough ou Robert Belfour.&nbsp;<\/strong><\/p>\n\n\n\n<p><strong>Nous serons accompagn\u00e9s pour ce retour aux sources par Teddy Costa et son Band, dont nous avions d\u00e9cal\u00e9 sa venue avec regret l\u2019ann\u00e9e derni\u00e8re.<\/strong><\/p>\n\n\n\n<p><strong>Auteur d\u2019excellentes prestations sc\u00e9niques, nous allons passer une super soir\u00e9e dans une ambiance Juke-Joint.<\/strong><\/p>\n\n\n\n<p><strong>Des bluesmen fran\u00e7ais qui m\u00e9ritent le d\u00e9tour&nbsp;!<\/strong><\/p>\n\n\n\n<p>Influenc\u00e9 par le blues le plus authentique jou\u00e9 dans la moiteur inconfortable des Juke-joints, Teddy Costa perp\u00e9tue avec audace l\u2019h\u00e9ritage musical fertile et captivant d\u2019hier &nbsp;tout en ravivant celui-ci pour qu\u2019il soit le reflet de&nbsp;notre&nbsp;\u00e9poque.<\/p>\n\n\n\n<p>Sa musique teint\u00e9e&nbsp;par le beat obsessionnel du Hill Country Blues sculpte et mod\u00e8le ses compositions.<\/p>\n\n\n\n<p>Accompagn\u00e9 avec brio par Yann Ravet \u00e0 la guitare et Denis Bielsa \u00e0 la batterie, le groupe d\u00e9borde d\u2019\u00e9nergie et de g\u00e9n\u00e9rosit\u00e9, \u00e0 consommer sans mod\u00e9ration&nbsp;!<br>Ils \u00e9taient pr\u00e9sents en&nbsp;<strong>2024<\/strong>&nbsp;au Festival&nbsp;<strong>Les Nuits Blues<\/strong>&nbsp;de Marnaz, au&nbsp;<strong>Cognac Blues Passions<\/strong>&nbsp;Festival, au&nbsp;<strong>Motors&rsquo;n Blues<\/strong>&nbsp;<strong>Dax<\/strong>&nbsp;Festival, au Festival&nbsp;<strong>Bat \u00d4 Jazz<\/strong>&nbsp;\u00e0 Chanaz, au&nbsp;<strong>Blues Pourpre<\/strong>&nbsp;Festival Queyssac, au&nbsp;<strong>Blues<\/strong>&nbsp;<strong>Spirit<\/strong>&nbsp;Festival Hinx, \u00e0&nbsp;<strong>Music&rsquo;o Teich<\/strong>, au&nbsp;<strong>Jazz Andernos<\/strong>&nbsp;Festival et seront \u00e0&nbsp;<strong>La Maison du Blues&nbsp;<\/strong>\u00e0 Chartres le 19 octobre.<\/p>\n\n\n\n<p><strong><em>Une seule soir\u00e9e pour&nbsp; ce voyage dans le Mississippi&nbsp;&nbsp; :&nbsp;<\/em><\/strong><strong>&nbsp; &nbsp; &nbsp; &nbsp; &nbsp; &nbsp; &nbsp; &nbsp; &nbsp; &nbsp; &nbsp; &nbsp;&nbsp;<\/strong><\/p>\n\n\n\n<p><strong>SAMEDI 19 OCTOBRE 2024 \u00e0 21h<\/strong><\/p>\n\n\n\n<p><strong>Ouverture des portes \u00e0 19h<\/strong><\/p>\n\n\n\n<p><em><strong>pour l&rsquo;ap\u00e9ritif et la petite restauration<\/strong><\/em><em><\/em><\/p>\n\n\n\n<p><em><strong>nous vous proposerons :&nbsp;<\/strong><\/em><\/p>\n\n\n\n<p><em><strong>Un plat du jour selon l&rsquo;inspiration&nbsp; !!<\/strong><\/em><\/p>\n\n\n\n<p><em><\/em><strong>les tartes sal\u00e9es, les croque-monsieur&nbsp;&nbsp;&nbsp;&nbsp;&nbsp;<\/strong><\/p>\n\n\n\n<p><strong>les assiettes de&nbsp;<\/strong><strong>charcuterie-fromage<\/strong><\/p>\n\n\n\n<p><strong>&nbsp; &nbsp; &nbsp; et les desserts&nbsp;<\/strong><strong>&nbsp;!!!<\/strong><em><\/em><\/p>\n\n\n\n<p><strong><em>pour ceux qui n&rsquo;ont pas pu avoir de Billet pour Chicago&nbsp;<\/em><\/strong><\/p>\n\n\n\n<p><strong><em>N&rsquo;h\u00e9sitez pas r\u00e9servez pour le Mississippi&nbsp; , vous ne serez pas d\u00e9\u00e7us !!<\/em><\/strong><\/p>\n\n\n\n<p><strong>R\u00e9servations&nbsp; et Renseignements :<\/strong><br><a><strong>tel ou SMS : 07.66.79.58.58&nbsp;<\/strong><\/a><\/p>\n\n\n\n<p>ou par mail :&nbsp;<strong><a href=\"mailto:jack@lamaisondublues.com\" target=\"_blank\" rel=\"noreferrer noopener\">jack@lamaisondublues.com<\/a><br><\/strong><\/p>\n","protected":false},"excerpt":{"rendered":"<p>Une ambiance \u00ab\u00a0Juke joint\u00a0\u00bb Mississippi \u00e0 la Maison du Blues&nbsp; !! &nbsp;&nbsp;\u00ab\u00a0TEDDY COSTA BLUES TRIO\u00a0\u00bb\u00a0\u00bb (FR) Teddy Costa \/ harmonica, guitare et vocalYann Ravet \/ guitare Denis Bielsa \/ batterie Apr\u00e8s le Blues des Clubs de Chicago en compagnie de John Primer, nous descendrons dans le Sud, du c\u00f4t\u00e9 Mississippi et les sons du Hill &hellip;<\/p>\n","protected":false},"author":2,"featured_media":13515,"comment_status":"open","ping_status":"open","sticky":false,"template":"","format":"standard","meta":{"jetpack_post_was_ever_published":false,"_jetpack_newsletter_access":"","_jetpack_dont_email_post_to_subs":false,"_jetpack_newsletter_tier_id":0,"_jetpack_memberships_contains_paywalled_content":false,"_jetpack_memberships_contains_paid_content":false,"footnotes":"","jetpack_publicize_message":"","jetpack_publicize_feature_enabled":true,"jetpack_social_post_already_shared":true,"jetpack_social_options":{"image_generator_settings":{"template":"highway","default_image_id":0,"font":"","enabled":false},"version":2}},"categories":[14,43],"tags":[1533,954,2108,27],"post_format":[],"flags":[],"class_list":["post-13514","post","type-post","status-publish","format-standard","has-post-thumbnail","hentry","category-vierzon-et-ses-environs","category-vous","tag-chatre-sur-cher-2","tag-la-maison-du-blues-2","tag-teddy-costa-blues-trio","tag-vierzon"],"yoast_head":"<!-- This site is optimized with the Yoast SEO plugin v26.8 - https:\/\/yoast.com\/product\/yoast-seo-wordpress\/ -->\n<title>La maison du Blues re\u00e7oit &quot;TEDDY COSTA BLUES TRIO&quot; - Berry Good News<\/title>\n<meta name=\"robots\" content=\"index, follow, max-snippet:-1, max-image-preview:large, max-video-preview:-1\" \/>\n<link rel=\"canonical\" href=\"https:\/\/berrygoodnews.fr\/index.php\/2024\/10\/15\/la-maison-du-blues-recoit-teddy-costa-blues-trio\/\" \/>\n<meta property=\"og:locale\" content=\"fr_FR\" \/>\n<meta property=\"og:type\" content=\"article\" \/>\n<meta property=\"og:title\" content=\"La maison du Blues re\u00e7oit &quot;TEDDY COSTA BLUES TRIO&quot; - Berry Good News\" \/>\n<meta property=\"og:description\" content=\"Une ambiance \u00ab\u00a0Juke joint\u00a0\u00bb Mississippi \u00e0 la Maison du Blues&nbsp; !! &nbsp;&nbsp;\u00ab\u00a0TEDDY COSTA BLUES TRIO\u00a0\u00bb\u00a0\u00bb (FR) Teddy Costa \/ harmonica, guitare et vocalYann Ravet \/ guitare Denis Bielsa \/ batterie Apr\u00e8s le Blues des Clubs de Chicago en compagnie de John Primer, nous descendrons dans le Sud, du c\u00f4t\u00e9 Mississippi et les sons du Hill &hellip;\" \/>\n<meta property=\"og:url\" content=\"https:\/\/berrygoodnews.fr\/index.php\/2024\/10\/15\/la-maison-du-blues-recoit-teddy-costa-blues-trio\/\" \/>\n<meta property=\"og:site_name\" content=\"Berry Good News\" \/>\n<meta property=\"article:publisher\" content=\"https:\/\/www.facebook.com\/berrygoodnews\/\" \/>\n<meta property=\"article:published_time\" content=\"2024-10-15T13:41:19+00:00\" \/>\n<meta property=\"article:modified_time\" content=\"2024-10-15T13:41:23+00:00\" \/>\n<meta property=\"og:image\" content=\"https:\/\/berrygoodnews.fr\/wp-content\/uploads\/2024\/10\/unnamed.png\" \/>\n\t<meta property=\"og:image:width\" content=\"606\" \/>\n\t<meta property=\"og:image:height\" content=\"405\" \/>\n\t<meta property=\"og:image:type\" content=\"image\/png\" \/>\n<meta name=\"author\" content=\"Berry Good News\" \/>\n<meta name=\"twitter:card\" content=\"summary_large_image\" \/>\n<meta name=\"twitter:label1\" content=\"\u00c9crit par\" \/>\n\t<meta name=\"twitter:data1\" content=\"Berry Good News\" \/>\n\t<meta name=\"twitter:label2\" content=\"Dur\u00e9e de lecture estim\u00e9e\" \/>\n\t<meta name=\"twitter:data2\" content=\"3 minutes\" \/>\n<script type=\"application\/ld+json\" class=\"yoast-schema-graph\">{\"@context\":\"https:\/\/schema.org\",\"@graph\":[{\"@type\":\"Article\",\"@id\":\"https:\/\/berrygoodnews.fr\/index.php\/2024\/10\/15\/la-maison-du-blues-recoit-teddy-costa-blues-trio\/#article\",\"isPartOf\":{\"@id\":\"https:\/\/berrygoodnews.fr\/index.php\/2024\/10\/15\/la-maison-du-blues-recoit-teddy-costa-blues-trio\/\"},\"author\":{\"name\":\"Berry Good News\",\"@id\":\"https:\/\/berrygoodnews.fr\/#\/schema\/person\/6dbdc03bea7806cc92376ffe2fcd047d\"},\"headline\":\"La maison du Blues re\u00e7oit \u00ab\u00a0TEDDY COSTA BLUES TRIO\u00a0\u00bb\",\"datePublished\":\"2024-10-15T13:41:19+00:00\",\"dateModified\":\"2024-10-15T13:41:23+00:00\",\"mainEntityOfPage\":{\"@id\":\"https:\/\/berrygoodnews.fr\/index.php\/2024\/10\/15\/la-maison-du-blues-recoit-teddy-costa-blues-trio\/\"},\"wordCount\":433,\"commentCount\":0,\"publisher\":{\"@id\":\"https:\/\/berrygoodnews.fr\/#organization\"},\"image\":{\"@id\":\"https:\/\/berrygoodnews.fr\/index.php\/2024\/10\/15\/la-maison-du-blues-recoit-teddy-costa-blues-trio\/#primaryimage\"},\"thumbnailUrl\":\"https:\/\/i0.wp.com\/berrygoodnews.fr\/wp-content\/uploads\/2024\/10\/unnamed.png?fit=606%2C405&ssl=1\",\"keywords\":[\"chatre sur cher\",\"la maison du blues\",\"TEDDY COSTA BLUES TRIO\",\"vierzon\"],\"articleSection\":[\"Vierzon et ses Environs\",\"Vivre mieux\"],\"inLanguage\":\"fr-FR\",\"potentialAction\":[{\"@type\":\"CommentAction\",\"name\":\"Comment\",\"target\":[\"https:\/\/berrygoodnews.fr\/index.php\/2024\/10\/15\/la-maison-du-blues-recoit-teddy-costa-blues-trio\/#respond\"]}]},{\"@type\":\"WebPage\",\"@id\":\"https:\/\/berrygoodnews.fr\/index.php\/2024\/10\/15\/la-maison-du-blues-recoit-teddy-costa-blues-trio\/\",\"url\":\"https:\/\/berrygoodnews.fr\/index.php\/2024\/10\/15\/la-maison-du-blues-recoit-teddy-costa-blues-trio\/\",\"name\":\"La maison du Blues re\u00e7oit \\\"TEDDY COSTA BLUES TRIO\\\" - Berry Good News\",\"isPartOf\":{\"@id\":\"https:\/\/berrygoodnews.fr\/#website\"},\"primaryImageOfPage\":{\"@id\":\"https:\/\/berrygoodnews.fr\/index.php\/2024\/10\/15\/la-maison-du-blues-recoit-teddy-costa-blues-trio\/#primaryimage\"},\"image\":{\"@id\":\"https:\/\/berrygoodnews.fr\/index.php\/2024\/10\/15\/la-maison-du-blues-recoit-teddy-costa-blues-trio\/#primaryimage\"},\"thumbnailUrl\":\"https:\/\/i0.wp.com\/berrygoodnews.fr\/wp-content\/uploads\/2024\/10\/unnamed.png?fit=606%2C405&ssl=1\",\"datePublished\":\"2024-10-15T13:41:19+00:00\",\"dateModified\":\"2024-10-15T13:41:23+00:00\",\"breadcrumb\":{\"@id\":\"https:\/\/berrygoodnews.fr\/index.php\/2024\/10\/15\/la-maison-du-blues-recoit-teddy-costa-blues-trio\/#breadcrumb\"},\"inLanguage\":\"fr-FR\",\"potentialAction\":[{\"@type\":\"ReadAction\",\"target\":[\"https:\/\/berrygoodnews.fr\/index.php\/2024\/10\/15\/la-maison-du-blues-recoit-teddy-costa-blues-trio\/\"]}]},{\"@type\":\"ImageObject\",\"inLanguage\":\"fr-FR\",\"@id\":\"https:\/\/berrygoodnews.fr\/index.php\/2024\/10\/15\/la-maison-du-blues-recoit-teddy-costa-blues-trio\/#primaryimage\",\"url\":\"https:\/\/i0.wp.com\/berrygoodnews.fr\/wp-content\/uploads\/2024\/10\/unnamed.png?fit=606%2C405&ssl=1\",\"contentUrl\":\"https:\/\/i0.wp.com\/berrygoodnews.fr\/wp-content\/uploads\/2024\/10\/unnamed.png?fit=606%2C405&ssl=1\",\"width\":606,\"height\":405},{\"@type\":\"BreadcrumbList\",\"@id\":\"https:\/\/berrygoodnews.fr\/index.php\/2024\/10\/15\/la-maison-du-blues-recoit-teddy-costa-blues-trio\/#breadcrumb\",\"itemListElement\":[{\"@type\":\"ListItem\",\"position\":1,\"name\":\"Accueil\",\"item\":\"https:\/\/berrygoodnews.fr\/\"},{\"@type\":\"ListItem\",\"position\":2,\"name\":\"La maison du Blues re\u00e7oit \u00ab\u00a0TEDDY COSTA BLUES TRIO\u00a0\u00bb\"}]},{\"@type\":\"WebSite\",\"@id\":\"https:\/\/berrygoodnews.fr\/#website\",\"url\":\"https:\/\/berrygoodnews.fr\/\",\"name\":\"Berry Good News\",\"description\":\"Le Centre En Action\",\"publisher\":{\"@id\":\"https:\/\/berrygoodnews.fr\/#organization\"},\"potentialAction\":[{\"@type\":\"SearchAction\",\"target\":{\"@type\":\"EntryPoint\",\"urlTemplate\":\"https:\/\/berrygoodnews.fr\/?s={search_term_string}\"},\"query-input\":{\"@type\":\"PropertyValueSpecification\",\"valueRequired\":true,\"valueName\":\"search_term_string\"}}],\"inLanguage\":\"fr-FR\"},{\"@type\":\"Organization\",\"@id\":\"https:\/\/berrygoodnews.fr\/#organization\",\"name\":\"Berry Good News\",\"url\":\"https:\/\/berrygoodnews.fr\/\",\"logo\":{\"@type\":\"ImageObject\",\"inLanguage\":\"fr-FR\",\"@id\":\"https:\/\/berrygoodnews.fr\/#\/schema\/logo\/image\/\",\"url\":\"https:\/\/i0.wp.com\/berrygoodnews.fr\/wp-content\/uploads\/2023\/05\/LogoBGNCouleur.png?fit=318%2C181&ssl=1\",\"contentUrl\":\"https:\/\/i0.wp.com\/berrygoodnews.fr\/wp-content\/uploads\/2023\/05\/LogoBGNCouleur.png?fit=318%2C181&ssl=1\",\"width\":318,\"height\":181,\"caption\":\"Berry Good News\"},\"image\":{\"@id\":\"https:\/\/berrygoodnews.fr\/#\/schema\/logo\/image\/\"},\"sameAs\":[\"https:\/\/www.facebook.com\/berrygoodnews\/\",\"https:\/\/www.youtube.com\/channel\/UCdNcluXQMXIRcNvap69zaWg\"]},{\"@type\":\"Person\",\"@id\":\"https:\/\/berrygoodnews.fr\/#\/schema\/person\/6dbdc03bea7806cc92376ffe2fcd047d\",\"name\":\"Berry Good News\",\"image\":{\"@type\":\"ImageObject\",\"inLanguage\":\"fr-FR\",\"@id\":\"https:\/\/berrygoodnews.fr\/#\/schema\/person\/image\/\",\"url\":\"https:\/\/secure.gravatar.com\/avatar\/dc97e2c83b7805754cf833611fb0eaf80fd556a613a9819de1842868762ec883?s=96&d=mm&r=g\",\"contentUrl\":\"https:\/\/secure.gravatar.com\/avatar\/dc97e2c83b7805754cf833611fb0eaf80fd556a613a9819de1842868762ec883?s=96&d=mm&r=g\",\"caption\":\"Berry Good News\"},\"description\":\"Ex-parisienne, qui a choisi de s'installer il y a six ans \u00e0 Vierzon avec une activit\u00e9 de chambres d'h\u00f4tes. J'ai d\u00e9cid\u00e9 de montrer les bonnes initiatives. Je suis tr\u00e8s optimiste car on a beaucoup de talents ici. J'avais envie de changer la vision que certains ont sur la ville.\",\"url\":\"https:\/\/berrygoodnews.fr\/index.php\/author\/hv\/\"}]}<\/script>\n<!-- \/ Yoast SEO plugin. -->","yoast_head_json":{"title":"La maison du Blues re\u00e7oit \"TEDDY COSTA BLUES TRIO\" - Berry Good News","robots":{"index":"index","follow":"follow","max-snippet":"max-snippet:-1","max-image-preview":"max-image-preview:large","max-video-preview":"max-video-preview:-1"},"canonical":"https:\/\/berrygoodnews.fr\/index.php\/2024\/10\/15\/la-maison-du-blues-recoit-teddy-costa-blues-trio\/","og_locale":"fr_FR","og_type":"article","og_title":"La maison du Blues re\u00e7oit \"TEDDY COSTA BLUES TRIO\" - Berry Good News","og_description":"Une ambiance \u00ab\u00a0Juke joint\u00a0\u00bb Mississippi \u00e0 la Maison du Blues&nbsp; !! &nbsp;&nbsp;\u00ab\u00a0TEDDY COSTA BLUES TRIO\u00a0\u00bb\u00a0\u00bb (FR) Teddy Costa \/ harmonica, guitare et vocalYann Ravet \/ guitare Denis Bielsa \/ batterie Apr\u00e8s le Blues des Clubs de Chicago en compagnie de John Primer, nous descendrons dans le Sud, du c\u00f4t\u00e9 Mississippi et les sons du Hill &hellip;","og_url":"https:\/\/berrygoodnews.fr\/index.php\/2024\/10\/15\/la-maison-du-blues-recoit-teddy-costa-blues-trio\/","og_site_name":"Berry Good News","article_publisher":"https:\/\/www.facebook.com\/berrygoodnews\/","article_published_time":"2024-10-15T13:41:19+00:00","article_modified_time":"2024-10-15T13:41:23+00:00","og_image":[{"width":606,"height":405,"url":"https:\/\/berrygoodnews.fr\/wp-content\/uploads\/2024\/10\/unnamed.png","type":"image\/png"}],"author":"Berry Good News","twitter_card":"summary_large_image","twitter_misc":{"\u00c9crit par":"Berry Good News","Dur\u00e9e de lecture estim\u00e9e":"3 minutes"},"schema":{"@context":"https:\/\/schema.org","@graph":[{"@type":"Article","@id":"https:\/\/berrygoodnews.fr\/index.php\/2024\/10\/15\/la-maison-du-blues-recoit-teddy-costa-blues-trio\/#article","isPartOf":{"@id":"https:\/\/berrygoodnews.fr\/index.php\/2024\/10\/15\/la-maison-du-blues-recoit-teddy-costa-blues-trio\/"},"author":{"name":"Berry Good News","@id":"https:\/\/berrygoodnews.fr\/#\/schema\/person\/6dbdc03bea7806cc92376ffe2fcd047d"},"headline":"La maison du Blues re\u00e7oit \u00ab\u00a0TEDDY COSTA BLUES TRIO\u00a0\u00bb","datePublished":"2024-10-15T13:41:19+00:00","dateModified":"2024-10-15T13:41:23+00:00","mainEntityOfPage":{"@id":"https:\/\/berrygoodnews.fr\/index.php\/2024\/10\/15\/la-maison-du-blues-recoit-teddy-costa-blues-trio\/"},"wordCount":433,"commentCount":0,"publisher":{"@id":"https:\/\/berrygoodnews.fr\/#organization"},"image":{"@id":"https:\/\/berrygoodnews.fr\/index.php\/2024\/10\/15\/la-maison-du-blues-recoit-teddy-costa-blues-trio\/#primaryimage"},"thumbnailUrl":"https:\/\/i0.wp.com\/berrygoodnews.fr\/wp-content\/uploads\/2024\/10\/unnamed.png?fit=606%2C405&ssl=1","keywords":["chatre sur cher","la maison du blues","TEDDY COSTA BLUES TRIO","vierzon"],"articleSection":["Vierzon et ses Environs","Vivre mieux"],"inLanguage":"fr-FR","potentialAction":[{"@type":"CommentAction","name":"Comment","target":["https:\/\/berrygoodnews.fr\/index.php\/2024\/10\/15\/la-maison-du-blues-recoit-teddy-costa-blues-trio\/#respond"]}]},{"@type":"WebPage","@id":"https:\/\/berrygoodnews.fr\/index.php\/2024\/10\/15\/la-maison-du-blues-recoit-teddy-costa-blues-trio\/","url":"https:\/\/berrygoodnews.fr\/index.php\/2024\/10\/15\/la-maison-du-blues-recoit-teddy-costa-blues-trio\/","name":"La maison du Blues re\u00e7oit \"TEDDY COSTA BLUES TRIO\" - Berry Good News","isPartOf":{"@id":"https:\/\/berrygoodnews.fr\/#website"},"primaryImageOfPage":{"@id":"https:\/\/berrygoodnews.fr\/index.php\/2024\/10\/15\/la-maison-du-blues-recoit-teddy-costa-blues-trio\/#primaryimage"},"image":{"@id":"https:\/\/berrygoodnews.fr\/index.php\/2024\/10\/15\/la-maison-du-blues-recoit-teddy-costa-blues-trio\/#primaryimage"},"thumbnailUrl":"https:\/\/i0.wp.com\/berrygoodnews.fr\/wp-content\/uploads\/2024\/10\/unnamed.png?fit=606%2C405&ssl=1","datePublished":"2024-10-15T13:41:19+00:00","dateModified":"2024-10-15T13:41:23+00:00","breadcrumb":{"@id":"https:\/\/berrygoodnews.fr\/index.php\/2024\/10\/15\/la-maison-du-blues-recoit-teddy-costa-blues-trio\/#breadcrumb"},"inLanguage":"fr-FR","potentialAction":[{"@type":"ReadAction","target":["https:\/\/berrygoodnews.fr\/index.php\/2024\/10\/15\/la-maison-du-blues-recoit-teddy-costa-blues-trio\/"]}]},{"@type":"ImageObject","inLanguage":"fr-FR","@id":"https:\/\/berrygoodnews.fr\/index.php\/2024\/10\/15\/la-maison-du-blues-recoit-teddy-costa-blues-trio\/#primaryimage","url":"https:\/\/i0.wp.com\/berrygoodnews.fr\/wp-content\/uploads\/2024\/10\/unnamed.png?fit=606%2C405&ssl=1","contentUrl":"https:\/\/i0.wp.com\/berrygoodnews.fr\/wp-content\/uploads\/2024\/10\/unnamed.png?fit=606%2C405&ssl=1","width":606,"height":405},{"@type":"BreadcrumbList","@id":"https:\/\/berrygoodnews.fr\/index.php\/2024\/10\/15\/la-maison-du-blues-recoit-teddy-costa-blues-trio\/#breadcrumb","itemListElement":[{"@type":"ListItem","position":1,"name":"Accueil","item":"https:\/\/berrygoodnews.fr\/"},{"@type":"ListItem","position":2,"name":"La maison du Blues re\u00e7oit \u00ab\u00a0TEDDY COSTA BLUES TRIO\u00a0\u00bb"}]},{"@type":"WebSite","@id":"https:\/\/berrygoodnews.fr\/#website","url":"https:\/\/berrygoodnews.fr\/","name":"Berry Good News","description":"Le Centre En Action","publisher":{"@id":"https:\/\/berrygoodnews.fr\/#organization"},"potentialAction":[{"@type":"SearchAction","target":{"@type":"EntryPoint","urlTemplate":"https:\/\/berrygoodnews.fr\/?s={search_term_string}"},"query-input":{"@type":"PropertyValueSpecification","valueRequired":true,"valueName":"search_term_string"}}],"inLanguage":"fr-FR"},{"@type":"Organization","@id":"https:\/\/berrygoodnews.fr\/#organization","name":"Berry Good News","url":"https:\/\/berrygoodnews.fr\/","logo":{"@type":"ImageObject","inLanguage":"fr-FR","@id":"https:\/\/berrygoodnews.fr\/#\/schema\/logo\/image\/","url":"https:\/\/i0.wp.com\/berrygoodnews.fr\/wp-content\/uploads\/2023\/05\/LogoBGNCouleur.png?fit=318%2C181&ssl=1","contentUrl":"https:\/\/i0.wp.com\/berrygoodnews.fr\/wp-content\/uploads\/2023\/05\/LogoBGNCouleur.png?fit=318%2C181&ssl=1","width":318,"height":181,"caption":"Berry Good News"},"image":{"@id":"https:\/\/berrygoodnews.fr\/#\/schema\/logo\/image\/"},"sameAs":["https:\/\/www.facebook.com\/berrygoodnews\/","https:\/\/www.youtube.com\/channel\/UCdNcluXQMXIRcNvap69zaWg"]},{"@type":"Person","@id":"https:\/\/berrygoodnews.fr\/#\/schema\/person\/6dbdc03bea7806cc92376ffe2fcd047d","name":"Berry Good News","image":{"@type":"ImageObject","inLanguage":"fr-FR","@id":"https:\/\/berrygoodnews.fr\/#\/schema\/person\/image\/","url":"https:\/\/secure.gravatar.com\/avatar\/dc97e2c83b7805754cf833611fb0eaf80fd556a613a9819de1842868762ec883?s=96&d=mm&r=g","contentUrl":"https:\/\/secure.gravatar.com\/avatar\/dc97e2c83b7805754cf833611fb0eaf80fd556a613a9819de1842868762ec883?s=96&d=mm&r=g","caption":"Berry Good News"},"description":"Ex-parisienne, qui a choisi de s'installer il y a six ans \u00e0 Vierzon avec une activit\u00e9 de chambres d'h\u00f4tes. J'ai d\u00e9cid\u00e9 de montrer les bonnes initiatives. Je suis tr\u00e8s optimiste car on a beaucoup de talents ici. J'avais envie de changer la vision que certains ont sur la ville.","url":"https:\/\/berrygoodnews.fr\/index.php\/author\/hv\/"}]}},"jetpack_publicize_connections":[],"jetpack_featured_media_url":"https:\/\/i0.wp.com\/berrygoodnews.fr\/wp-content\/uploads\/2024\/10\/unnamed.png?fit=606%2C405&ssl=1","jetpack_shortlink":"https:\/\/wp.me\/paGqD8-3vY","jetpack-related-posts":[],"jetpack_sharing_enabled":true,"_links":{"self":[{"href":"https:\/\/berrygoodnews.fr\/index.php\/wp-json\/wp\/v2\/posts\/13514","targetHints":{"allow":["GET"]}}],"collection":[{"href":"https:\/\/berrygoodnews.fr\/index.php\/wp-json\/wp\/v2\/posts"}],"about":[{"href":"https:\/\/berrygoodnews.fr\/index.php\/wp-json\/wp\/v2\/types\/post"}],"author":[{"embeddable":true,"href":"https:\/\/berrygoodnews.fr\/index.php\/wp-json\/wp\/v2\/users\/2"}],"replies":[{"embeddable":true,"href":"https:\/\/berrygoodnews.fr\/index.php\/wp-json\/wp\/v2\/comments?post=13514"}],"version-history":[{"count":1,"href":"https:\/\/berrygoodnews.fr\/index.php\/wp-json\/wp\/v2\/posts\/13514\/revisions"}],"predecessor-version":[{"id":13516,"href":"https:\/\/berrygoodnews.fr\/index.php\/wp-json\/wp\/v2\/posts\/13514\/revisions\/13516"}],"wp:featuredmedia":[{"embeddable":true,"href":"https:\/\/berrygoodnews.fr\/index.php\/wp-json\/wp\/v2\/media\/13515"}],"wp:attachment":[{"href":"https:\/\/berrygoodnews.fr\/index.php\/wp-json\/wp\/v2\/media?parent=13514"}],"wp:term":[{"taxonomy":"category","embeddable":true,"href":"https:\/\/berrygoodnews.fr\/index.php\/wp-json\/wp\/v2\/categories?post=13514"},{"taxonomy":"post_tag","embeddable":true,"href":"https:\/\/berrygoodnews.fr\/index.php\/wp-json\/wp\/v2\/tags?post=13514"},{"taxonomy":"post_format","embeddable":true,"href":"https:\/\/berrygoodnews.fr\/index.php\/wp-json\/wp\/v2\/post_format?post=13514"},{"taxonomy":"flags","embeddable":true,"href":"https:\/\/berrygoodnews.fr\/index.php\/wp-json\/wp\/v2\/flags?post=13514"}],"curies":[{"name":"wp","href":"https:\/\/api.w.org\/{rel}","templated":true}]}}