{"id":12357,"date":"2023-08-19T22:06:01","date_gmt":"2023-08-19T20:06:01","guid":{"rendered":"https:\/\/berrygoodnews.fr\/?p=12357"},"modified":"2023-08-19T22:10:13","modified_gmt":"2023-08-19T20:10:13","slug":"radio-tintouin-recoit-au-zouzou-bar","status":"publish","type":"post","link":"https:\/\/berrygoodnews.fr\/index.php\/2023\/08\/19\/radio-tintouin-recoit-au-zouzou-bar\/","title":{"rendered":"Radio Tintouin re\u00e7oit au Zouzou Bar, les Jack et le Festival Guitare de Issoudun 2023"},"content":{"rendered":"\n<figure class=\"wp-block-embed-youtube wp-block-embed is-type-video is-provider-youtube wp-embed-aspect-16-9 wp-has-aspect-ratio\"><div class=\"wp-block-embed__wrapper\">\n<iframe loading=\"lazy\" width=\"850\" height=\"478\" src=\"https:\/\/www.youtube.com\/embed\/biBINAynMDY?feature=oembed\" frameborder=\"0\" allow=\"accelerometer; autoplay; clipboard-write; encrypted-media; gyroscope; picture-in-picture; web-share\" allowfullscreen title=\"Radio Tintouin re\u00e7oit, Le groupe rock Les Jack de Vierzon et le festival de Guitare d&#39;Issoudun\"><\/iframe>\n<\/div><figcaption><em>Les Jack acoustique en live (radio Tintouin)<\/em><\/figcaption><\/figure>\n\n\n\n<p><strong>Les Jack, une figure du rock de Vierzon<\/strong><\/p>\n\n\n\n<p>Un bassiste, un guitariste qui pense que son beau-fr\u00e8re pourrait chanter ailleurs que sous sa douche. Des influences tr\u00e8s -presque trop- vari\u00e9es, cheminant de la cold wave pur jus au blues Hendrixien, passant par l\u2019in\u00e9vitable post-punk. Ces trois ados de 40 ans de moyenne d\u2019\u00e2ge jettent un nom de groupe sur le formulaire d&rsquo;adh\u00e9sion du Not&rsquo;\u00eele, local style MJC, estampill\u00e9 eighties, avec un batteur kayakiste dedans.&nbsp;<strong>LESJACK est n\u00e9 !<\/strong><\/p>\n\n\n\n<figure class=\"wp-block-image\"><img data-recalc-dims=\"1\" loading=\"lazy\" decoding=\"async\" width=\"850\" height=\"493\" data-attachment-id=\"12359\" data-permalink=\"https:\/\/berrygoodnews.fr\/index.php\/2023\/08\/19\/radio-tintouin-recoit-au-zouzou-bar\/jackpic3\/\" data-orig-file=\"https:\/\/i0.wp.com\/berrygoodnews.fr\/wp-content\/uploads\/2023\/08\/JackPic3.png?fit=2234%2C1296&amp;ssl=1\" data-orig-size=\"2234,1296\" data-comments-opened=\"1\" data-image-meta=\"{&quot;aperture&quot;:&quot;0&quot;,&quot;credit&quot;:&quot;&quot;,&quot;camera&quot;:&quot;&quot;,&quot;caption&quot;:&quot;&quot;,&quot;created_timestamp&quot;:&quot;0&quot;,&quot;copyright&quot;:&quot;&quot;,&quot;focal_length&quot;:&quot;0&quot;,&quot;iso&quot;:&quot;0&quot;,&quot;shutter_speed&quot;:&quot;0&quot;,&quot;title&quot;:&quot;&quot;,&quot;orientation&quot;:&quot;0&quot;}\" data-image-title=\"JackPic3\" data-image-description=\"\" data-image-caption=\"\" data-medium-file=\"https:\/\/i0.wp.com\/berrygoodnews.fr\/wp-content\/uploads\/2023\/08\/JackPic3.png?fit=300%2C174&amp;ssl=1\" data-large-file=\"https:\/\/i0.wp.com\/berrygoodnews.fr\/wp-content\/uploads\/2023\/08\/JackPic3.png?fit=850%2C493&amp;ssl=1\" src=\"https:\/\/i0.wp.com\/berrygoodnews.fr\/wp-content\/uploads\/2023\/08\/1_JackPic3.png?resize=850%2C493&#038;ssl=1\" alt=\"\" class=\"wp-image-12359\"\/><figcaption> <em>Les Jack  <\/em><\/figcaption><\/figure>\n\n\n\n<p>Des compos arrivent tr\u00e8s vite, des bars, des sc\u00e8nes, des festivals (Brinay en Sc\u00e8ne, Villequiers, Parrassy), des premi\u00e8res parties (LLP, Les Breuvachons, Debout sur le Zinc, Pam\u00e9la Hute, Manu Lanvin). Le groupe communique au public sa folie, son \u00e9nergie. LesJack, personnage de son et d\u2019image, partage volontiers la sc\u00e8ne avec ses pairs.<\/p>\n\n\n\n<p>Une nouvelle bassiste int\u00e8gre l\u2019aventure. LESJACK prend la route, voit des \u00e9toiles, veut les partager.<\/p>\n\n\n\n<p><a href=\"https:\/\/lesjack.fr\/\">le site<\/a><\/p>\n\n\n\n<p><a href=\"https:\/\/lesjack.fr\/#contact\">Contact<\/a><\/p>\n\n\n\n<p><strong> Festival Guitare Issoudun <\/strong><\/p>\n\n\n\n<figure class=\"wp-block-image\"><img data-recalc-dims=\"1\" loading=\"lazy\" decoding=\"async\" width=\"850\" height=\"1134\" data-attachment-id=\"12358\" data-permalink=\"https:\/\/berrygoodnews.fr\/index.php\/2023\/08\/19\/radio-tintouin-recoit-au-zouzou-bar\/affiche2-fgi-2023-l1000h1333\/\" data-orig-file=\"https:\/\/i0.wp.com\/berrygoodnews.fr\/wp-content\/uploads\/2023\/08\/affiche2-FGI-2023-l1000h1333.jpg?fit=1000%2C1334&amp;ssl=1\" data-orig-size=\"1000,1334\" data-comments-opened=\"1\" data-image-meta=\"{&quot;aperture&quot;:&quot;0&quot;,&quot;credit&quot;:&quot;&quot;,&quot;camera&quot;:&quot;&quot;,&quot;caption&quot;:&quot;&quot;,&quot;created_timestamp&quot;:&quot;0&quot;,&quot;copyright&quot;:&quot;&quot;,&quot;focal_length&quot;:&quot;0&quot;,&quot;iso&quot;:&quot;0&quot;,&quot;shutter_speed&quot;:&quot;0&quot;,&quot;title&quot;:&quot;&quot;,&quot;orientation&quot;:&quot;0&quot;}\" data-image-title=\"affiche2-FGI-2023-l1000h1333\" data-image-description=\"\" data-image-caption=\"\" data-medium-file=\"https:\/\/i0.wp.com\/berrygoodnews.fr\/wp-content\/uploads\/2023\/08\/affiche2-FGI-2023-l1000h1333.jpg?fit=225%2C300&amp;ssl=1\" data-large-file=\"https:\/\/i0.wp.com\/berrygoodnews.fr\/wp-content\/uploads\/2023\/08\/affiche2-FGI-2023-l1000h1333.jpg?fit=768%2C1024&amp;ssl=1\" src=\"https:\/\/i0.wp.com\/berrygoodnews.fr\/wp-content\/uploads\/2023\/08\/1_affiche2-FGI-2023-l1000h1333.jpg?resize=850%2C1134&#038;ssl=1\" alt=\"\" class=\"wp-image-12358\"\/><\/figure>\n\n\n\n<p> Le Festival Guitare Issoudun (2-3-4 Novembre 2023) est une manifestation qui a lieu chaque ann\u00e9e (vers la fin du mois d&rsquo;octobre, ou d\u00e9but novembre) \u00e0 Issoudun (Indre). Cet \u00e9v\u00e9nement, organis\u00e9 autour de concerts, master-class, stages, salon de la lutherie, etc. anim\u00e9s par de nombreux artistes internationaux, s&rsquo;adresse \u00e0 tous les passionn\u00e9s de guitare. <\/p>\n\n\n\n<p>M\u00eame si la part belle \u00e9tait faite \u00e0 la guitare acoustique et au Fingerpicking, aujourd&rsquo;hui, de nombreux autres styles sont abord\u00e9s : Jazz, Bluegrass, Classique, Rock, Blues, Folk, etc.<\/p>\n\n\n\n<p>Le festival est n\u00e9 de l&rsquo;imagination de Marcel Dadi, en 1989. Il n&rsquo;a cess\u00e9 de s&rsquo;affiner depuis, et est d\u00e9sormais organis\u00e9 par une association locale (\u00ab\u00a0Issoudun, Capitale de la Guitare\u00a0\u00bb).<\/p>\n\n\n\n<p>Le festival a vu d\u00e9filer une pl\u00e9iade de grands guitaristes : Chet Atkins, Albert Lee, Larry Coryell, Bir\u00e9li Lagrene, Mike Stern, Christian Escoud\u00e9, Rapha\u00ebl Fays, Roland Dyens, Michel Cusson, Stefan Grossman, Adrian Legg, Pierre Bensusan, Preston Reed, Sylvain Luc, Nguy\u00ean L\u00ea, Romane, Jennifer Batten, Michel Haumont, Popa Chuby, Serge Lopez, John Renbourn, Larry Carlton, Al di Meola, Tommy Emmanuel, Paul Personne, Jean-F\u00e9lix Lalanne, John Scofield, Fred Chapellier, Robben Ford, Ana Popovic, Thibault Cauvin, etc&#8230;<\/p>\n\n\n\n<h2 class=\"wp-block-heading\">Comment \u00e7a se d\u00e9roule<\/h2>\n\n\n\n<p>Le festival se d\u00e9roule sur 3 jours. L&rsquo;accueil des inscrits a lieu le 1er jour. Ils participent ensemble \u00e0 toutes les festivit\u00e9s, jusqu&rsquo;au dernier jour (apr\u00e8s le d\u00e9jeuner). Pour ceux qui choisissent l&rsquo;h\u00e9bergement collectif, c&rsquo;est une autre occasion de jouer ensemble jusque tard dans la nuit ! Ce week-end est l&rsquo;occasion d&rsquo;\u00e9changes amicaux et musicaux tr\u00e8s forts. Bon nombre de festivaliers reviennent fid\u00e8lement chaque ann\u00e9e. De nombreuses amiti\u00e9s sont n\u00e9es de ce festival.<\/p>\n\n\n\n<p>Les artistes eux-m\u00eames reviennent parfois simplement pour le plaisir de retrouver l&rsquo;ambiance d&rsquo;Issoudun.<\/p>\n\n\n\n<h2 class=\"wp-block-heading\">L&rsquo;h\u00e9bergement et la restauration<\/h2>\n\n\n\n<p>L&rsquo;h\u00e9bergement a lieu dans un internat de lyc\u00e9e libre durant la p\u00e9riode du festival. Les chambres ont 4 lits, avec douches, lavabos et WC. Par contre, vous devez apporter votre sac de couchage ou votre duvet ! Nous assurons le transport depuis la gare jusqu&rsquo;au lieu du festival (pour ceux qui sont venus en train). Les repas (chauds, avec le choix entre plusieurs plats) ont lieu au Centre de Congr\u00e8s Champs-Elys\u00e9es (sur le lieu-m\u00eame du Festival).<\/p>\n\n\n\n<p>Si vous ne d\u00e9sirez pas profiter de l&rsquo;h\u00e9bergement et des repas, un lien vers la liste des h\u00f4tels et des restaurants vous est fournie sur&nbsp;<a href=\"https:\/\/www.issoudun-guitare.com\/tarifs.html\">la page des tarifs<\/a>. Il existe 2 types de forfaits, avec ou sans h\u00e9bergement.<\/p>\n\n\n\n<p>Attention, il ne sera d\u00e9duit aucun frais sur le montant du forfait !<\/p>\n\n\n\n<p><a href=\"http:\/\/www.issoudun-guitare.com\">Le site<\/a><\/p>\n\n\n\n<p><\/p>\n","protected":false},"excerpt":{"rendered":"<p>Les Jack, une figure du rock de Vierzon Un bassiste, un guitariste qui pense que son beau-fr\u00e8re pourrait chanter ailleurs que sous sa douche. Des influences tr\u00e8s -presque trop- vari\u00e9es, cheminant de la cold wave pur jus au blues Hendrixien, passant par l\u2019in\u00e9vitable post-punk. Ces trois ados de 40 ans de moyenne d\u2019\u00e2ge jettent un &hellip;<\/p>\n","protected":false},"author":2,"featured_media":12311,"comment_status":"open","ping_status":"open","sticky":false,"template":"","format":"standard","meta":{"jetpack_post_was_ever_published":false,"_jetpack_newsletter_access":"","_jetpack_dont_email_post_to_subs":false,"_jetpack_newsletter_tier_id":0,"_jetpack_memberships_contains_paywalled_content":false,"_jetpack_memberships_contains_paid_content":false,"footnotes":"","jetpack_publicize_message":"","jetpack_publicize_feature_enabled":true,"jetpack_social_post_already_shared":true,"jetpack_social_options":{"image_generator_settings":{"template":"highway","default_image_id":0,"font":"","enabled":false},"version":2}},"categories":[14,43],"tags":[1852,1849,1850,1851,27],"post_format":[],"flags":[],"class_list":["post-12357","post","type-post","status-publish","format-standard","has-post-thumbnail","hentry","category-vierzon-et-ses-environs","category-vous","tag-axel-bauer","tag-festival-guitare-issoudun","tag-issoudun","tag-les-jack","tag-vierzon"],"yoast_head":"<!-- This site is optimized with the Yoast SEO plugin v26.8 - https:\/\/yoast.com\/product\/yoast-seo-wordpress\/ -->\n<title>Radio Tintouin re\u00e7oit au Zouzou Bar, les Jack et le Festival Guitare de Issoudun 2023 - Berry Good News<\/title>\n<meta name=\"robots\" content=\"index, follow, max-snippet:-1, max-image-preview:large, max-video-preview:-1\" \/>\n<link rel=\"canonical\" href=\"https:\/\/berrygoodnews.fr\/index.php\/2023\/08\/19\/radio-tintouin-recoit-au-zouzou-bar\/\" \/>\n<meta property=\"og:locale\" content=\"fr_FR\" \/>\n<meta property=\"og:type\" content=\"article\" \/>\n<meta property=\"og:title\" content=\"Radio Tintouin re\u00e7oit au Zouzou Bar, les Jack et le Festival Guitare de Issoudun 2023 - Berry Good News\" \/>\n<meta property=\"og:description\" content=\"Les Jack, une figure du rock de Vierzon Un bassiste, un guitariste qui pense que son beau-fr\u00e8re pourrait chanter ailleurs que sous sa douche. Des influences tr\u00e8s -presque trop- vari\u00e9es, cheminant de la cold wave pur jus au blues Hendrixien, passant par l\u2019in\u00e9vitable post-punk. Ces trois ados de 40 ans de moyenne d\u2019\u00e2ge jettent un &hellip;\" \/>\n<meta property=\"og:url\" content=\"https:\/\/berrygoodnews.fr\/index.php\/2023\/08\/19\/radio-tintouin-recoit-au-zouzou-bar\/\" \/>\n<meta property=\"og:site_name\" content=\"Berry Good News\" \/>\n<meta property=\"article:publisher\" content=\"https:\/\/www.facebook.com\/berrygoodnews\/\" \/>\n<meta property=\"article:published_time\" content=\"2023-08-19T20:06:01+00:00\" \/>\n<meta property=\"article:modified_time\" content=\"2023-08-19T20:10:13+00:00\" \/>\n<meta property=\"og:image\" content=\"https:\/\/i0.wp.com\/berrygoodnews.fr\/wp-content\/uploads\/2023\/07\/istockphoto-174655172-612x612.jpg?fit=612%2C407&ssl=1\" \/>\n\t<meta property=\"og:image:width\" content=\"612\" \/>\n\t<meta property=\"og:image:height\" content=\"407\" \/>\n\t<meta property=\"og:image:type\" content=\"image\/jpeg\" \/>\n<meta name=\"author\" content=\"Berry Good News\" \/>\n<meta name=\"twitter:card\" content=\"summary_large_image\" \/>\n<meta name=\"twitter:label1\" content=\"\u00c9crit par\" \/>\n\t<meta name=\"twitter:data1\" content=\"Berry Good News\" \/>\n\t<meta name=\"twitter:label2\" content=\"Dur\u00e9e de lecture estim\u00e9e\" \/>\n\t<meta name=\"twitter:data2\" content=\"3 minutes\" \/>\n<script type=\"application\/ld+json\" class=\"yoast-schema-graph\">{\"@context\":\"https:\/\/schema.org\",\"@graph\":[{\"@type\":\"Article\",\"@id\":\"https:\/\/berrygoodnews.fr\/index.php\/2023\/08\/19\/radio-tintouin-recoit-au-zouzou-bar\/#article\",\"isPartOf\":{\"@id\":\"https:\/\/berrygoodnews.fr\/index.php\/2023\/08\/19\/radio-tintouin-recoit-au-zouzou-bar\/\"},\"author\":{\"name\":\"Berry Good News\",\"@id\":\"https:\/\/berrygoodnews.fr\/#\/schema\/person\/6dbdc03bea7806cc92376ffe2fcd047d\"},\"headline\":\"Radio Tintouin re\u00e7oit au Zouzou Bar, les Jack et le Festival Guitare de Issoudun 2023\",\"datePublished\":\"2023-08-19T20:06:01+00:00\",\"dateModified\":\"2023-08-19T20:10:13+00:00\",\"mainEntityOfPage\":{\"@id\":\"https:\/\/berrygoodnews.fr\/index.php\/2023\/08\/19\/radio-tintouin-recoit-au-zouzou-bar\/\"},\"wordCount\":650,\"commentCount\":0,\"publisher\":{\"@id\":\"https:\/\/berrygoodnews.fr\/#organization\"},\"image\":{\"@id\":\"https:\/\/berrygoodnews.fr\/index.php\/2023\/08\/19\/radio-tintouin-recoit-au-zouzou-bar\/#primaryimage\"},\"thumbnailUrl\":\"https:\/\/i0.wp.com\/berrygoodnews.fr\/wp-content\/uploads\/2023\/07\/istockphoto-174655172-612x612.jpg?fit=612%2C407&ssl=1\",\"keywords\":[\"axel bauer\",\"Festival Guitare Issoudun\",\"issoudun\",\"les jack\",\"vierzon\"],\"articleSection\":[\"Vierzon et ses Environs\",\"Vivre mieux\"],\"inLanguage\":\"fr-FR\",\"potentialAction\":[{\"@type\":\"CommentAction\",\"name\":\"Comment\",\"target\":[\"https:\/\/berrygoodnews.fr\/index.php\/2023\/08\/19\/radio-tintouin-recoit-au-zouzou-bar\/#respond\"]}]},{\"@type\":\"WebPage\",\"@id\":\"https:\/\/berrygoodnews.fr\/index.php\/2023\/08\/19\/radio-tintouin-recoit-au-zouzou-bar\/\",\"url\":\"https:\/\/berrygoodnews.fr\/index.php\/2023\/08\/19\/radio-tintouin-recoit-au-zouzou-bar\/\",\"name\":\"Radio Tintouin re\u00e7oit au Zouzou Bar, les Jack et le Festival Guitare de Issoudun 2023 - Berry Good News\",\"isPartOf\":{\"@id\":\"https:\/\/berrygoodnews.fr\/#website\"},\"primaryImageOfPage\":{\"@id\":\"https:\/\/berrygoodnews.fr\/index.php\/2023\/08\/19\/radio-tintouin-recoit-au-zouzou-bar\/#primaryimage\"},\"image\":{\"@id\":\"https:\/\/berrygoodnews.fr\/index.php\/2023\/08\/19\/radio-tintouin-recoit-au-zouzou-bar\/#primaryimage\"},\"thumbnailUrl\":\"https:\/\/i0.wp.com\/berrygoodnews.fr\/wp-content\/uploads\/2023\/07\/istockphoto-174655172-612x612.jpg?fit=612%2C407&ssl=1\",\"datePublished\":\"2023-08-19T20:06:01+00:00\",\"dateModified\":\"2023-08-19T20:10:13+00:00\",\"breadcrumb\":{\"@id\":\"https:\/\/berrygoodnews.fr\/index.php\/2023\/08\/19\/radio-tintouin-recoit-au-zouzou-bar\/#breadcrumb\"},\"inLanguage\":\"fr-FR\",\"potentialAction\":[{\"@type\":\"ReadAction\",\"target\":[\"https:\/\/berrygoodnews.fr\/index.php\/2023\/08\/19\/radio-tintouin-recoit-au-zouzou-bar\/\"]}]},{\"@type\":\"ImageObject\",\"inLanguage\":\"fr-FR\",\"@id\":\"https:\/\/berrygoodnews.fr\/index.php\/2023\/08\/19\/radio-tintouin-recoit-au-zouzou-bar\/#primaryimage\",\"url\":\"https:\/\/i0.wp.com\/berrygoodnews.fr\/wp-content\/uploads\/2023\/07\/istockphoto-174655172-612x612.jpg?fit=612%2C407&ssl=1\",\"contentUrl\":\"https:\/\/i0.wp.com\/berrygoodnews.fr\/wp-content\/uploads\/2023\/07\/istockphoto-174655172-612x612.jpg?fit=612%2C407&ssl=1\",\"width\":612,\"height\":407,\"caption\":\"Royalty free stock photo of a guitarist on stage with star light in background.\"},{\"@type\":\"BreadcrumbList\",\"@id\":\"https:\/\/berrygoodnews.fr\/index.php\/2023\/08\/19\/radio-tintouin-recoit-au-zouzou-bar\/#breadcrumb\",\"itemListElement\":[{\"@type\":\"ListItem\",\"position\":1,\"name\":\"Accueil\",\"item\":\"https:\/\/berrygoodnews.fr\/\"},{\"@type\":\"ListItem\",\"position\":2,\"name\":\"Radio Tintouin re\u00e7oit au Zouzou Bar, les Jack et le Festival Guitare de Issoudun 2023\"}]},{\"@type\":\"WebSite\",\"@id\":\"https:\/\/berrygoodnews.fr\/#website\",\"url\":\"https:\/\/berrygoodnews.fr\/\",\"name\":\"Berry Good News\",\"description\":\"Le Centre En Action\",\"publisher\":{\"@id\":\"https:\/\/berrygoodnews.fr\/#organization\"},\"potentialAction\":[{\"@type\":\"SearchAction\",\"target\":{\"@type\":\"EntryPoint\",\"urlTemplate\":\"https:\/\/berrygoodnews.fr\/?s={search_term_string}\"},\"query-input\":{\"@type\":\"PropertyValueSpecification\",\"valueRequired\":true,\"valueName\":\"search_term_string\"}}],\"inLanguage\":\"fr-FR\"},{\"@type\":\"Organization\",\"@id\":\"https:\/\/berrygoodnews.fr\/#organization\",\"name\":\"Berry Good News\",\"url\":\"https:\/\/berrygoodnews.fr\/\",\"logo\":{\"@type\":\"ImageObject\",\"inLanguage\":\"fr-FR\",\"@id\":\"https:\/\/berrygoodnews.fr\/#\/schema\/logo\/image\/\",\"url\":\"https:\/\/i0.wp.com\/berrygoodnews.fr\/wp-content\/uploads\/2023\/05\/LogoBGNCouleur.png?fit=318%2C181&ssl=1\",\"contentUrl\":\"https:\/\/i0.wp.com\/berrygoodnews.fr\/wp-content\/uploads\/2023\/05\/LogoBGNCouleur.png?fit=318%2C181&ssl=1\",\"width\":318,\"height\":181,\"caption\":\"Berry Good News\"},\"image\":{\"@id\":\"https:\/\/berrygoodnews.fr\/#\/schema\/logo\/image\/\"},\"sameAs\":[\"https:\/\/www.facebook.com\/berrygoodnews\/\",\"https:\/\/www.youtube.com\/channel\/UCdNcluXQMXIRcNvap69zaWg\"]},{\"@type\":\"Person\",\"@id\":\"https:\/\/berrygoodnews.fr\/#\/schema\/person\/6dbdc03bea7806cc92376ffe2fcd047d\",\"name\":\"Berry Good News\",\"image\":{\"@type\":\"ImageObject\",\"inLanguage\":\"fr-FR\",\"@id\":\"https:\/\/berrygoodnews.fr\/#\/schema\/person\/image\/\",\"url\":\"https:\/\/secure.gravatar.com\/avatar\/dc97e2c83b7805754cf833611fb0eaf80fd556a613a9819de1842868762ec883?s=96&d=mm&r=g\",\"contentUrl\":\"https:\/\/secure.gravatar.com\/avatar\/dc97e2c83b7805754cf833611fb0eaf80fd556a613a9819de1842868762ec883?s=96&d=mm&r=g\",\"caption\":\"Berry Good News\"},\"description\":\"Ex-parisienne, qui a choisi de s'installer il y a six ans \u00e0 Vierzon avec une activit\u00e9 de chambres d'h\u00f4tes. J'ai d\u00e9cid\u00e9 de montrer les bonnes initiatives. Je suis tr\u00e8s optimiste car on a beaucoup de talents ici. J'avais envie de changer la vision que certains ont sur la ville.\",\"url\":\"https:\/\/berrygoodnews.fr\/index.php\/author\/hv\/\"}]}<\/script>\n<!-- \/ Yoast SEO plugin. -->","yoast_head_json":{"title":"Radio Tintouin re\u00e7oit au Zouzou Bar, les Jack et le Festival Guitare de Issoudun 2023 - Berry Good News","robots":{"index":"index","follow":"follow","max-snippet":"max-snippet:-1","max-image-preview":"max-image-preview:large","max-video-preview":"max-video-preview:-1"},"canonical":"https:\/\/berrygoodnews.fr\/index.php\/2023\/08\/19\/radio-tintouin-recoit-au-zouzou-bar\/","og_locale":"fr_FR","og_type":"article","og_title":"Radio Tintouin re\u00e7oit au Zouzou Bar, les Jack et le Festival Guitare de Issoudun 2023 - Berry Good News","og_description":"Les Jack, une figure du rock de Vierzon Un bassiste, un guitariste qui pense que son beau-fr\u00e8re pourrait chanter ailleurs que sous sa douche. Des influences tr\u00e8s -presque trop- vari\u00e9es, cheminant de la cold wave pur jus au blues Hendrixien, passant par l\u2019in\u00e9vitable post-punk. Ces trois ados de 40 ans de moyenne d\u2019\u00e2ge jettent un &hellip;","og_url":"https:\/\/berrygoodnews.fr\/index.php\/2023\/08\/19\/radio-tintouin-recoit-au-zouzou-bar\/","og_site_name":"Berry Good News","article_publisher":"https:\/\/www.facebook.com\/berrygoodnews\/","article_published_time":"2023-08-19T20:06:01+00:00","article_modified_time":"2023-08-19T20:10:13+00:00","og_image":[{"width":612,"height":407,"url":"https:\/\/i0.wp.com\/berrygoodnews.fr\/wp-content\/uploads\/2023\/07\/istockphoto-174655172-612x612.jpg?fit=612%2C407&ssl=1","type":"image\/jpeg"}],"author":"Berry Good News","twitter_card":"summary_large_image","twitter_misc":{"\u00c9crit par":"Berry Good News","Dur\u00e9e de lecture estim\u00e9e":"3 minutes"},"schema":{"@context":"https:\/\/schema.org","@graph":[{"@type":"Article","@id":"https:\/\/berrygoodnews.fr\/index.php\/2023\/08\/19\/radio-tintouin-recoit-au-zouzou-bar\/#article","isPartOf":{"@id":"https:\/\/berrygoodnews.fr\/index.php\/2023\/08\/19\/radio-tintouin-recoit-au-zouzou-bar\/"},"author":{"name":"Berry Good News","@id":"https:\/\/berrygoodnews.fr\/#\/schema\/person\/6dbdc03bea7806cc92376ffe2fcd047d"},"headline":"Radio Tintouin re\u00e7oit au Zouzou Bar, les Jack et le Festival Guitare de Issoudun 2023","datePublished":"2023-08-19T20:06:01+00:00","dateModified":"2023-08-19T20:10:13+00:00","mainEntityOfPage":{"@id":"https:\/\/berrygoodnews.fr\/index.php\/2023\/08\/19\/radio-tintouin-recoit-au-zouzou-bar\/"},"wordCount":650,"commentCount":0,"publisher":{"@id":"https:\/\/berrygoodnews.fr\/#organization"},"image":{"@id":"https:\/\/berrygoodnews.fr\/index.php\/2023\/08\/19\/radio-tintouin-recoit-au-zouzou-bar\/#primaryimage"},"thumbnailUrl":"https:\/\/i0.wp.com\/berrygoodnews.fr\/wp-content\/uploads\/2023\/07\/istockphoto-174655172-612x612.jpg?fit=612%2C407&ssl=1","keywords":["axel bauer","Festival Guitare Issoudun","issoudun","les jack","vierzon"],"articleSection":["Vierzon et ses Environs","Vivre mieux"],"inLanguage":"fr-FR","potentialAction":[{"@type":"CommentAction","name":"Comment","target":["https:\/\/berrygoodnews.fr\/index.php\/2023\/08\/19\/radio-tintouin-recoit-au-zouzou-bar\/#respond"]}]},{"@type":"WebPage","@id":"https:\/\/berrygoodnews.fr\/index.php\/2023\/08\/19\/radio-tintouin-recoit-au-zouzou-bar\/","url":"https:\/\/berrygoodnews.fr\/index.php\/2023\/08\/19\/radio-tintouin-recoit-au-zouzou-bar\/","name":"Radio Tintouin re\u00e7oit au Zouzou Bar, les Jack et le Festival Guitare de Issoudun 2023 - Berry Good News","isPartOf":{"@id":"https:\/\/berrygoodnews.fr\/#website"},"primaryImageOfPage":{"@id":"https:\/\/berrygoodnews.fr\/index.php\/2023\/08\/19\/radio-tintouin-recoit-au-zouzou-bar\/#primaryimage"},"image":{"@id":"https:\/\/berrygoodnews.fr\/index.php\/2023\/08\/19\/radio-tintouin-recoit-au-zouzou-bar\/#primaryimage"},"thumbnailUrl":"https:\/\/i0.wp.com\/berrygoodnews.fr\/wp-content\/uploads\/2023\/07\/istockphoto-174655172-612x612.jpg?fit=612%2C407&ssl=1","datePublished":"2023-08-19T20:06:01+00:00","dateModified":"2023-08-19T20:10:13+00:00","breadcrumb":{"@id":"https:\/\/berrygoodnews.fr\/index.php\/2023\/08\/19\/radio-tintouin-recoit-au-zouzou-bar\/#breadcrumb"},"inLanguage":"fr-FR","potentialAction":[{"@type":"ReadAction","target":["https:\/\/berrygoodnews.fr\/index.php\/2023\/08\/19\/radio-tintouin-recoit-au-zouzou-bar\/"]}]},{"@type":"ImageObject","inLanguage":"fr-FR","@id":"https:\/\/berrygoodnews.fr\/index.php\/2023\/08\/19\/radio-tintouin-recoit-au-zouzou-bar\/#primaryimage","url":"https:\/\/i0.wp.com\/berrygoodnews.fr\/wp-content\/uploads\/2023\/07\/istockphoto-174655172-612x612.jpg?fit=612%2C407&ssl=1","contentUrl":"https:\/\/i0.wp.com\/berrygoodnews.fr\/wp-content\/uploads\/2023\/07\/istockphoto-174655172-612x612.jpg?fit=612%2C407&ssl=1","width":612,"height":407,"caption":"Royalty free stock photo of a guitarist on stage with star light in background."},{"@type":"BreadcrumbList","@id":"https:\/\/berrygoodnews.fr\/index.php\/2023\/08\/19\/radio-tintouin-recoit-au-zouzou-bar\/#breadcrumb","itemListElement":[{"@type":"ListItem","position":1,"name":"Accueil","item":"https:\/\/berrygoodnews.fr\/"},{"@type":"ListItem","position":2,"name":"Radio Tintouin re\u00e7oit au Zouzou Bar, les Jack et le Festival Guitare de Issoudun 2023"}]},{"@type":"WebSite","@id":"https:\/\/berrygoodnews.fr\/#website","url":"https:\/\/berrygoodnews.fr\/","name":"Berry Good News","description":"Le Centre En Action","publisher":{"@id":"https:\/\/berrygoodnews.fr\/#organization"},"potentialAction":[{"@type":"SearchAction","target":{"@type":"EntryPoint","urlTemplate":"https:\/\/berrygoodnews.fr\/?s={search_term_string}"},"query-input":{"@type":"PropertyValueSpecification","valueRequired":true,"valueName":"search_term_string"}}],"inLanguage":"fr-FR"},{"@type":"Organization","@id":"https:\/\/berrygoodnews.fr\/#organization","name":"Berry Good News","url":"https:\/\/berrygoodnews.fr\/","logo":{"@type":"ImageObject","inLanguage":"fr-FR","@id":"https:\/\/berrygoodnews.fr\/#\/schema\/logo\/image\/","url":"https:\/\/i0.wp.com\/berrygoodnews.fr\/wp-content\/uploads\/2023\/05\/LogoBGNCouleur.png?fit=318%2C181&ssl=1","contentUrl":"https:\/\/i0.wp.com\/berrygoodnews.fr\/wp-content\/uploads\/2023\/05\/LogoBGNCouleur.png?fit=318%2C181&ssl=1","width":318,"height":181,"caption":"Berry Good News"},"image":{"@id":"https:\/\/berrygoodnews.fr\/#\/schema\/logo\/image\/"},"sameAs":["https:\/\/www.facebook.com\/berrygoodnews\/","https:\/\/www.youtube.com\/channel\/UCdNcluXQMXIRcNvap69zaWg"]},{"@type":"Person","@id":"https:\/\/berrygoodnews.fr\/#\/schema\/person\/6dbdc03bea7806cc92376ffe2fcd047d","name":"Berry Good News","image":{"@type":"ImageObject","inLanguage":"fr-FR","@id":"https:\/\/berrygoodnews.fr\/#\/schema\/person\/image\/","url":"https:\/\/secure.gravatar.com\/avatar\/dc97e2c83b7805754cf833611fb0eaf80fd556a613a9819de1842868762ec883?s=96&d=mm&r=g","contentUrl":"https:\/\/secure.gravatar.com\/avatar\/dc97e2c83b7805754cf833611fb0eaf80fd556a613a9819de1842868762ec883?s=96&d=mm&r=g","caption":"Berry Good News"},"description":"Ex-parisienne, qui a choisi de s'installer il y a six ans \u00e0 Vierzon avec une activit\u00e9 de chambres d'h\u00f4tes. J'ai d\u00e9cid\u00e9 de montrer les bonnes initiatives. Je suis tr\u00e8s optimiste car on a beaucoup de talents ici. J'avais envie de changer la vision que certains ont sur la ville.","url":"https:\/\/berrygoodnews.fr\/index.php\/author\/hv\/"}]}},"jetpack_publicize_connections":[],"jetpack_featured_media_url":"https:\/\/i0.wp.com\/berrygoodnews.fr\/wp-content\/uploads\/2023\/07\/istockphoto-174655172-612x612.jpg?fit=612%2C407&ssl=1","jetpack_shortlink":"https:\/\/wp.me\/paGqD8-3dj","jetpack-related-posts":[],"jetpack_sharing_enabled":true,"_links":{"self":[{"href":"https:\/\/berrygoodnews.fr\/index.php\/wp-json\/wp\/v2\/posts\/12357","targetHints":{"allow":["GET"]}}],"collection":[{"href":"https:\/\/berrygoodnews.fr\/index.php\/wp-json\/wp\/v2\/posts"}],"about":[{"href":"https:\/\/berrygoodnews.fr\/index.php\/wp-json\/wp\/v2\/types\/post"}],"author":[{"embeddable":true,"href":"https:\/\/berrygoodnews.fr\/index.php\/wp-json\/wp\/v2\/users\/2"}],"replies":[{"embeddable":true,"href":"https:\/\/berrygoodnews.fr\/index.php\/wp-json\/wp\/v2\/comments?post=12357"}],"version-history":[{"count":3,"href":"https:\/\/berrygoodnews.fr\/index.php\/wp-json\/wp\/v2\/posts\/12357\/revisions"}],"predecessor-version":[{"id":12368,"href":"https:\/\/berrygoodnews.fr\/index.php\/wp-json\/wp\/v2\/posts\/12357\/revisions\/12368"}],"wp:featuredmedia":[{"embeddable":true,"href":"https:\/\/berrygoodnews.fr\/index.php\/wp-json\/wp\/v2\/media\/12311"}],"wp:attachment":[{"href":"https:\/\/berrygoodnews.fr\/index.php\/wp-json\/wp\/v2\/media?parent=12357"}],"wp:term":[{"taxonomy":"category","embeddable":true,"href":"https:\/\/berrygoodnews.fr\/index.php\/wp-json\/wp\/v2\/categories?post=12357"},{"taxonomy":"post_tag","embeddable":true,"href":"https:\/\/berrygoodnews.fr\/index.php\/wp-json\/wp\/v2\/tags?post=12357"},{"taxonomy":"post_format","embeddable":true,"href":"https:\/\/berrygoodnews.fr\/index.php\/wp-json\/wp\/v2\/post_format?post=12357"},{"taxonomy":"flags","embeddable":true,"href":"https:\/\/berrygoodnews.fr\/index.php\/wp-json\/wp\/v2\/flags?post=12357"}],"curies":[{"name":"wp","href":"https:\/\/api.w.org\/{rel}","templated":true}]}}