{"id":12238,"date":"2023-06-16T22:18:27","date_gmt":"2023-06-16T20:18:27","guid":{"rendered":"https:\/\/berrygoodnews.fr\/?p=12238"},"modified":"2023-06-16T22:18:32","modified_gmt":"2023-06-16T20:18:32","slug":"les-copains-dabord-les-copains-dehors-2023","status":"publish","type":"post","link":"https:\/\/berrygoodnews.fr\/index.php\/2023\/06\/16\/les-copains-dabord-les-copains-dehors-2023\/","title":{"rendered":"Les copains d&rsquo;abord, Les Copains Dehors 2023!"},"content":{"rendered":"\n<h1 class=\"wp-block-heading\">Les Copains Dehors 2023<\/h1>\n\n\n\n<p>Vendredi 16 Juin 2023, 20:00&nbsp;&#8211;&nbsp;Samedi 22 Juillet 2023, 20:00<\/p>\n\n\n\n<figure class=\"wp-block-image\"><a href=\"http:\/\/www.auxcopains.com\/spectacle\/copains-dehors-2023-06-16-180000-2023-07-22-180000\" target=\"_blank\" rel=\"noreferrer noopener\"><img data-recalc-dims=\"1\" decoding=\"async\" src=\"https:\/\/i0.wp.com\/berrygoodnews.fr\/wp-content\/uploads\/2023\/06\/img_648cc3933f96a.jpg?w=850&#038;ssl=1\" alt=\"Festival Les Copains Dehors\"\/><\/a><\/figure>\n\n\n\n<p>D\u00eeners concerts en plein air Venez d\u00eener, d\u00e9guster une planche ap\u00e9ro ou juste boire un verre&#8230; Vendredi 16 juin 2023 KARPATT Chanson fran\u00e7aise Samedi 17 juin 2023 PAPADAMDAM Chanson \/ Afrogroove Vendredi 23 juin 2023 COMME A LA MAISON Vari\u00e9t\u00e9 fran\u00e7aise Samedi 24 juin 2023 PCV Pop \/ Rock Vendredi&#8230;<a href=\"http:\/\/www.auxcopains.com\/spectacle\/copains-dehors-2023-06-16-180000-2023-07-22-180000\" target=\"_blank\" rel=\"noreferrer noopener\">En savoir plus<\/a><a rel=\"noreferrer noopener\" href=\"http:\/\/www.auxcopains.com\/tag\/concerts-chanson-francaise-41\" target=\"_blank\">C<\/a><\/p>\n\n\n\n<h2 class=\"wp-block-heading\">Karpatt<\/h2>\n\n\n\n<p>Vendredi 16 Juin 2023, 21:30<\/p>\n\n\n\n<figure class=\"wp-block-image\"><a href=\"http:\/\/www.auxcopains.com\/spectacle\/karpatt-2023-06-16-193000\" target=\"_blank\" rel=\"noreferrer noopener\"><img data-recalc-dims=\"1\" decoding=\"async\" src=\"https:\/\/i0.wp.com\/berrygoodnews.fr\/wp-content\/uploads\/2023\/06\/img_648cc393644c1.jpg?w=850&#038;ssl=1\" alt=\"Karpatt en concert \u00e0 Salbris 41\"\/><\/a><\/figure>\n\n\n\n<p>Entre chanson fran\u00e7aise, jazz manouche, rock, explorant les rythmiques sud-am\u00e9ricaines, ajoutant des petites touches \u00e9lectro \u00e7\u00e0 et l\u00e0, il n\u2019y a pas de fronti\u00e8res dans les musiques de ce groupe qui s\u00e8me ses chansons dans les bars et les salles de France et du monde depuis d\u00e9j\u00e0 vingt ans et qui a&#8230;<a href=\"http:\/\/www.auxcopains.com\/spectacle\/karpatt-2023-06-16-193000\" target=\"_blank\" rel=\"noreferrer noopener\">En savoir plus<\/a><a href=\"http:\/\/www.auxcopains.com\/contact-reservation-restaurant?date=Vendredi%2016%20Juin%202023%20-%20Karpatt\" target=\"_blank\" rel=\"noreferrer noopener\">R\u00e9server une table<\/a><a rel=\"noreferrer noopener\" href=\"http:\/\/www.auxcopains.com\/tag\/afro\" target=\"_blank\">A<\/a><\/p>\n\n\n\n<h2 class=\"wp-block-heading\">Papa Damdam<\/h2>\n\n\n\n<p>Samedi 17 Juin 2023, 21:30<\/p>\n\n\n\n<figure class=\"wp-block-image\"><a href=\"http:\/\/www.auxcopains.com\/spectacle\/papa-damdam-2023-06-17-193000\" target=\"_blank\" rel=\"noreferrer noopener\"><img data-recalc-dims=\"1\" decoding=\"async\" src=\"https:\/\/i0.wp.com\/berrygoodnews.fr\/wp-content\/uploads\/2023\/06\/img_648cc3937785d.jpg?w=850&#038;ssl=1\" alt=\"Papa Damdam\"\/><\/a><\/figure>\n\n\n\n<p>La musique de Papa Damdam traverse l\u2019Afrique, de la Rumba congolaise aux transes hypnotiques du d\u00e9sert, en passant par le Tsapiky de Madagascar. Ajoutez \u00e0 cela une voix chaude et timbr\u00e9e, une po\u00e9sie railleuse \u00e0 souhait, des perroquets et des chemises \u00e0 fleurs. Guitare, chant : Nader Mekdachi (Padam&#8230;<a href=\"http:\/\/www.auxcopains.com\/spectacle\/papa-damdam-2023-06-17-193000\" target=\"_blank\" rel=\"noreferrer noopener\">En savoir plus<\/a><a href=\"http:\/\/www.auxcopains.com\/contact-reservation-restaurant?date=Samedi%2017%20Juin%202023%20-%20Papa%20Damdam\" target=\"_blank\" rel=\"noreferrer noopener\">R\u00e9server une table<\/a><a rel=\"noreferrer noopener\" href=\"http:\/\/www.auxcopains.com\/tag\/concerts-chanson-francaise-41\" target=\"_blank\">C<\/a><\/p>\n\n\n\n<h2 class=\"wp-block-heading\">Comme \u00e0 la Maison<\/h2>\n\n\n\n<p>Vendredi 23 Juin 2023, 21:30<\/p>\n\n\n\n<figure class=\"wp-block-image\"><a href=\"http:\/\/www.auxcopains.com\/spectacle\/comme-a-la-maison-2023-06-23-193000\" target=\"_blank\" rel=\"noreferrer noopener\"><img data-recalc-dims=\"1\" decoding=\"async\" src=\"https:\/\/i0.wp.com\/berrygoodnews.fr\/wp-content\/uploads\/2023\/06\/img_648cc3938b2eb.jpg?w=850&#038;ssl=1\" alt=\"Comme \u00e0 la Maison (Manu et Hugo)\"\/><\/a><\/figure>\n\n\n\n<p>Apr\u00e8s avoir jou\u00e9 ensemble \u00e0 l&rsquo;occasion de plusieurs live facebook, Manu Benoist et Hugo Barbet r\u00e9pondent aux sollicitations des fid\u00e8les des rendez-vous fb en cr\u00e9ant ce duo qui interpr\u00e9te des standards de la vari\u00e9t\u00e9 fran\u00e7aise. Leur premier concert s&rsquo;est d\u00e9roul\u00e9 en d\u00e9cembre 2021 sur la sc\u00e8ne des&#8230;<a href=\"http:\/\/www.auxcopains.com\/spectacle\/comme-a-la-maison-2023-06-23-193000\" target=\"_blank\" rel=\"noreferrer noopener\">En savoir plus<\/a><a href=\"http:\/\/www.auxcopains.com\/contact-reservation-restaurant?date=Vendredi%2023%20Juin%202023%20-%20Comme%20%C3%A0%20la%20Maison\" target=\"_blank\" rel=\"noreferrer noopener\">R\u00e9server une table<\/a><a rel=\"noreferrer noopener\" href=\"http:\/\/www.auxcopains.com\/tag\/pop\" target=\"_blank\">P<\/a><\/p>\n\n\n\n<h2 class=\"wp-block-heading\">PCV<\/h2>\n\n\n\n<p>Samedi 24 Juin 2023, 21:30<\/p>\n\n\n\n<figure class=\"wp-block-image\"><a href=\"http:\/\/www.auxcopains.com\/spectacle\/pcv-2023-06-24-193000\" target=\"_blank\" rel=\"noreferrer noopener\"><img data-recalc-dims=\"1\" decoding=\"async\" src=\"https:\/\/i0.wp.com\/berrygoodnews.fr\/wp-content\/uploads\/2023\/06\/img_648cc3939cec8.jpg?w=850&#038;ssl=1\" alt=\"PCV &amp; Co aux Copains d'Abord (Salbris)\"\/><\/a><\/figure>\n\n\n\n<p>Le groupe salbrisien PCV , avec Seb \u00e0 la batterie, Sylvain \u00e0 la basse, Pascal \u00e0 la guitare et Vincent au chant, vient nous proposer ses reprises rock de T\u00e9l\u00e9phone, Thi\u00e9faine, Guns N&rsquo; Roses, les Red Hot Chili Peppers&#8230; entre autres !<a href=\"http:\/\/www.auxcopains.com\/spectacle\/pcv-2023-06-24-193000\" target=\"_blank\" rel=\"noreferrer noopener\">En savoir plus<\/a><a href=\"http:\/\/www.auxcopains.com\/contact-reservation-restaurant?date=Samedi%2024%20Juin%202023%20-%20PCV\" target=\"_blank\" rel=\"noreferrer noopener\">R\u00e9server une table<\/a><a rel=\"noreferrer noopener\" href=\"http:\/\/www.auxcopains.com\/tag\/beatles\" target=\"_blank\">B<\/a><\/p>\n\n\n\n<h2 class=\"wp-block-heading\">Apple Juice<\/h2>\n\n\n\n<p>Vendredi 30 Juin 2023, 21:30<\/p>\n\n\n\n<figure class=\"wp-block-image\"><a href=\"http:\/\/www.auxcopains.com\/spectacle\/apple-juice-2023-06-30-193000\" target=\"_blank\" rel=\"noreferrer noopener\"><img data-recalc-dims=\"1\" decoding=\"async\" src=\"https:\/\/i0.wp.com\/berrygoodnews.fr\/wp-content\/uploads\/2023\/06\/img_648cc393b20f2.jpg?w=850&#038;ssl=1\" alt=\"Apple Juice\"\/><\/a><\/figure>\n\n\n\n<p>Ils sont quatre musiciens-chanteurs, ils sont passion\u00e9s par les BEATLES &#8230; Sans fioritures, avec sinc\u00e9rit\u00e9, simplicit\u00e9 et talent APPLE JUICE revisite quantit\u00e9 de grands morceaux de l&rsquo;oeuvre des Beatles.<a href=\"http:\/\/www.auxcopains.com\/spectacle\/apple-juice-2023-06-30-193000\" target=\"_blank\" rel=\"noreferrer noopener\">En savoir plus<\/a><a href=\"http:\/\/www.auxcopains.com\/contact-reservation-restaurant?date=Vendredi%2030%20Juin%202023%20-%20Apple%20Juice\" target=\"_blank\" rel=\"noreferrer noopener\">R\u00e9server une table<\/a><a rel=\"noreferrer noopener\" href=\"http:\/\/www.auxcopains.com\/tag\/afro\" target=\"_blank\">A<\/a><\/p>\n\n\n\n<h2 class=\"wp-block-heading\">La fanfare Eyo&rsquo;Nl\u00e9<\/h2>\n\n\n\n<p>Samedi 01 Juillet 2023, 21:30<\/p>\n\n\n\n<figure class=\"wp-block-image\"><a href=\"http:\/\/www.auxcopains.com\/spectacle\/la-fanfare-eyonle-2023-07-01-193000\" target=\"_blank\" rel=\"noreferrer noopener\"><img data-recalc-dims=\"1\" decoding=\"async\" src=\"https:\/\/i0.wp.com\/berrygoodnews.fr\/wp-content\/uploads\/2023\/06\/img_648cc393c4f98.jpg?w=850&#038;ssl=1\" alt=\"La fanfare Eyo'Nl\u00e9 en concert \u00e0 Salbris (41) au restaurant les Copains d'Abord\"\/><\/a><\/figure>\n\n\n\n<p>Le groupe EYO\u2019NLE (\u00ab R\u00e9jouissons-nous \u00bb en Yoruba) est un orchestre de cuivres agr\u00e9ment\u00e9 de percussions. La formation a su allier ing\u00e9nieusement cet h\u00e9ritage de musique de rue \u00e0 vocation festive, avec d\u2019une part la tradition musicale b\u00e9ninoise que l\u2019on retrouve dans les percussions et d\u2019autre part&#8230;<a rel=\"noreferrer noopener\" href=\"http:\/\/www.auxcopains.com\/spectacle\/la-fanfare-eyonle-2023-07-01-193000\" target=\"_blank\">En savoir plus<\/a><a rel=\"noreferrer noopener\" href=\"http:\/\/www.auxcopains.com\/contact-reservation-restaurant?date=Samedi%2001%20Juillet%202023%20-%20La%20fanfare%20Eyo%27Nl%C3%A9\" target=\"_blank\">R\u00e9server une table<\/a><a rel=\"noreferrer noopener\" href=\"http:\/\/www.auxcopains.com\/tag\/concerts-chanson-41\" target=\"_blank\">C<\/a><\/p>\n\n\n\n<h2 class=\"wp-block-heading\">Jane Porter Trio<\/h2>\n\n\n\n<p>Vendredi 07 Juillet 2023, 21:30<\/p>\n\n\n\n<figure class=\"wp-block-image\"><a href=\"http:\/\/www.auxcopains.com\/spectacle\/jane-porter-trio-2023-07-07-193000\" target=\"_blank\" rel=\"noreferrer noopener\"><img data-recalc-dims=\"1\" decoding=\"async\" src=\"https:\/\/i0.wp.com\/berrygoodnews.fr\/wp-content\/uploads\/2023\/06\/img_648cc393dc420.jpg?w=850&#038;ssl=1\" alt=\"Jane Porter Trio\"\/><\/a><\/figure>\n\n\n\n<p>Le groupe est compos\u00e9 de Clarisse Millet (guitare, piano et chant), Laurent Delaveau , (guitare et chant) et de Xavier Vonguelo (contrebasse). En apportant sa sonorit\u00e9 jazzy, le trio revisite des titres c\u00e9l\u00e8bres et c&rsquo;est un plaisir pour les oreilles d&rsquo;\u00e9couter leurs interpr\u00e9tations de Jacques Brel,&#8230;<a rel=\"noreferrer noopener\" href=\"http:\/\/www.auxcopains.com\/spectacle\/jane-porter-trio-2023-07-07-193000\" target=\"_blank\">En savoir plus<\/a><a rel=\"noreferrer noopener\" href=\"http:\/\/www.auxcopains.com\/contact-reservation-restaurant?date=Vendredi%2007%20Juillet%202023%20-%20Jane%20Porter%20Trio\" target=\"_blank\">R\u00e9server une table<\/a><a rel=\"noreferrer noopener\" href=\"http:\/\/www.auxcopains.com\/tag\/concerts-chanson-francaise-41\" target=\"_blank\">.<\/a><\/p>\n\n\n\n<h2 class=\"wp-block-heading\">Eric Toulis<\/h2>\n\n\n\n<p>Samedi 08 Juillet 2023, 21:30<\/p>\n\n\n\n<figure class=\"wp-block-image\"><a href=\"http:\/\/www.auxcopains.com\/spectacle\/eric-toulis-2023-07-08-193000\" target=\"_blank\" rel=\"noreferrer noopener\"><img data-recalc-dims=\"1\" decoding=\"async\" src=\"https:\/\/i0.wp.com\/berrygoodnews.fr\/wp-content\/uploads\/2023\/06\/img_648cc393f14f3.jpg?w=850&#038;ssl=1\" alt=\"Eric Toulis en concert \u00e0 Salbris au restaurant Les Copains d'Abord\"\/><\/a><\/figure>\n\n\n\n<p>ERIC TOULIS nous fait toujours grand plaisir quand il nous rend visite aux Copains d\u2019Abord. Cette fois, c\u2019est seul en sc\u00e8ne qu\u2019il le fait avec dans l\u2019id\u00e9e de nous faire entendre, avec tout le talent qu\u2019on lui connait, un floril\u00e8ge de ses chansons toutes plus belles les unes que les autres et de ses sketches et autres blagues tous plus dr\u00f4les les uns que les autres.<a rel=\"noreferrer noopener\" href=\"http:\/\/www.auxcopains.com\/spectacle\/eric-toulis-2023-07-08-193000\" target=\"_blank\">En savoir plus<\/a><a rel=\"noreferrer noopener\" href=\"http:\/\/www.auxcopains.com\/contact-reservation-restaurant?date=Samedi%2008%20Juillet%202023%20-%20Eric%20Toulis\" target=\"_blank\">R\u00e9server une table<\/a>.<\/p>\n\n\n\n<p><\/p>\n\n\n\n<h2 class=\"wp-block-heading\">Am Ketenes<\/h2>\n\n\n\n<p>Jeudi 13 Juillet 2023, 21:30<\/p>\n\n\n\n<figure class=\"wp-block-image\"><a href=\"http:\/\/www.auxcopains.com\/spectacle\/am-ketenes-2023-07-13-193000\" target=\"_blank\" rel=\"noreferrer noopener\"><img data-recalc-dims=\"1\" decoding=\"async\" src=\"https:\/\/i0.wp.com\/berrygoodnews.fr\/wp-content\/uploads\/2023\/06\/img_648cc3940fb97.jpg?w=850&#038;ssl=1\" alt=\"Am Ketenes\"\/><\/a><\/figure>\n\n\n\n<p>Des Grands du swing manouche ! AM KETENES est une des r\u00e9v\u00e9lations de Swing 41 Edition 2006 \u2026 Ce quartet compos\u00e9 d&rsquo;Emmanuel KASSIMO (guitare solo et chant manouche), Jean Baptiste FRUGIER (violon) Pablo ROBIN (guitare rythmique) et Jean Charles BAVOUZET (contrebasse) interpr\u00e8te des reprises de&#8230;<a rel=\"noreferrer noopener\" href=\"http:\/\/www.auxcopains.com\/spectacle\/am-ketenes-2023-07-13-193000\" target=\"_blank\">En savoir plus<\/a><a rel=\"noreferrer noopener\" href=\"http:\/\/www.auxcopains.com\/contact-reservation-restaurant?date=Jeudi%2013%20Juillet%202023%20-%20Am%20Ketenes\" target=\"_blank\">R\u00e9server une table<\/a><a rel=\"noreferrer noopener\" href=\"http:\/\/www.auxcopains.com\/tag\/concerts-chanson-francaise-41\" target=\"_blank\"><\/a><a rel=\"noreferrer noopener\" href=\"http:\/\/www.auxcopains.com\/tag\/karaoke-41\" target=\"_blank\">K<\/a><\/p>\n\n\n\n<h2 class=\"wp-block-heading\">C&rsquo;est vous qui chantez !<\/h2>\n\n\n\n<p>Vendredi 14 Juillet 2023, 21:30<\/p>\n\n\n\n<figure class=\"wp-block-image\"><a href=\"http:\/\/www.auxcopains.com\/spectacle\/cest-vous-qui-chantez-2023-07-14-193000\" target=\"_blank\" rel=\"noreferrer noopener\"><img data-recalc-dims=\"1\" decoding=\"async\" src=\"https:\/\/i0.wp.com\/berrygoodnews.fr\/wp-content\/uploads\/2023\/06\/img_648cc39421fcb.jpg?w=850&#038;ssl=1\" alt=\"montez sur la sc\u00e8ne du restaurant Les Copains d'Abord \u00e0 Salbris\"\/><\/a><\/figure>\n\n\n\n<p>Le principe de cette soir\u00e9e est simple : des musiciens vous accompagnent sur les chansons de votre choix mais\u2026 c\u2019est VOUS qui chantez !! Plus d\u2019une centaine de morceaux choisis du patrimoine \u00abchansons fran\u00e7aises et populaires\u00bb vous sont propos\u00e9s, de BRASSENS \u00e0 TELEPHONE en passant par les RITA&#8230;<a rel=\"noreferrer noopener\" href=\"http:\/\/www.auxcopains.com\/spectacle\/cest-vous-qui-chantez-2023-07-14-193000\" target=\"_blank\">En savoir plus<\/a><a rel=\"noreferrer noopener\" href=\"http:\/\/www.auxcopains.com\/contact-reservation-restaurant?date=Vendredi%2014%20Juillet%202023%20-%20C%27est%20vous%20qui%20chantez%20%21\" target=\"_blank\">R\u00e9server une table<\/a><a rel=\"noreferrer noopener\" href=\"http:\/\/www.auxcopains.com\/tag\/concerts-chanson-francaise-41\" target=\"_blank\">C<\/a><\/p>\n\n\n\n<h2 class=\"wp-block-heading\">Le Bouffon et ses Clochettes<\/h2>\n\n\n\n<p>Samedi 15 Juillet 2023, 21:30<\/p>\n\n\n\n<figure class=\"wp-block-image\"><a href=\"http:\/\/www.auxcopains.com\/spectacle\/bouffon-et-ses-clochettes-2023-07-15-193000\" target=\"_blank\" rel=\"noreferrer noopener\"><img data-recalc-dims=\"1\" decoding=\"async\" src=\"https:\/\/i0.wp.com\/berrygoodnews.fr\/wp-content\/uploads\/2023\/06\/img_648cc39435197.jpg?w=850&#038;ssl=1\" alt=\"Concert chanson fran\u00e7aise humoristique \u00e0 Salbris 41 avec Le Bouffon et ses Clochettes\"\/><\/a><\/figure>\n\n\n\n<p>Si vous voulez faire valser la morosit\u00e9, il est alors urgent de venir d\u00e9couvrir ou red\u00e9couvrir LE BOUFFON ET SES CLOCHETTES \u2026 s\u00e9rieux s\u2019abstenir !!!!<a rel=\"noreferrer noopener\" href=\"http:\/\/www.auxcopains.com\/spectacle\/bouffon-et-ses-clochettes-2023-07-15-193000\" target=\"_blank\">En savoir plus<\/a><a rel=\"noreferrer noopener\" href=\"http:\/\/www.auxcopains.com\/contact-reservation-restaurant?date=Samedi%2015%20Juillet%202023%20-%20Le%20Bouffon%20et%20ses%20Clochettes\" target=\"_blank\">R\u00e9server une table<\/a><a rel=\"noreferrer noopener\" href=\"http:\/\/www.auxcopains.com\/tag\/rire\" target=\"_blank\"><\/a><\/p>\n\n\n\n<h2 class=\"wp-block-heading\">Marie Reno<\/h2>\n\n\n\n<p>Vendredi 21 Juillet 2023, 21:30<\/p>\n\n\n\n<figure class=\"wp-block-image\"><a href=\"http:\/\/www.auxcopains.com\/spectacle\/marie-reno-2023-07-21-193000\" target=\"_blank\" rel=\"noreferrer noopener\"><img data-recalc-dims=\"1\" decoding=\"async\" src=\"https:\/\/i0.wp.com\/berrygoodnews.fr\/wp-content\/uploads\/2023\/06\/img_648cc394482b1.jpg?w=850&#038;ssl=1\" alt=\"Marie Reno\"\/><\/a><\/figure>\n\n\n\n<p>Marie Reno est auteur-compositeur-interpr\u00e8te et humoriste. Elle chante, joue du piano, de la guitare et du ukul\u00e9l\u00e9. Et elle nous fait beaucoup rire&#8230;<a rel=\"noreferrer noopener\" href=\"http:\/\/www.auxcopains.com\/spectacle\/marie-reno-2023-07-21-193000\" target=\"_blank\">En savoir plus<\/a><a rel=\"noreferrer noopener\" href=\"http:\/\/www.auxcopains.com\/contact-reservation-restaurant?date=Vendredi%2021%20Juillet%202023%20-%20Marie%20Reno\" target=\"_blank\">R\u00e9server une table<\/a><\/p>\n\n\n\n<h2 class=\"wp-block-heading\">La G\u00e2pette<\/h2>\n\n\n\n<p>Samedi 22 Juillet 2023, 21:30<\/p>\n\n\n\n<figure class=\"wp-block-image\"><a href=\"http:\/\/www.auxcopains.com\/spectacle\/la-gapette-2023-07-22-193000\" target=\"_blank\" rel=\"noreferrer noopener\"><img data-recalc-dims=\"1\" decoding=\"async\" src=\"https:\/\/i0.wp.com\/berrygoodnews.fr\/wp-content\/uploads\/2023\/06\/img_648cc3945c8b9.jpg?w=850&#038;ssl=1\" alt=\"La Gapette\"\/><\/a><\/figure>\n\n\n\n<p>Plus de 800 concerts de St Malo \u00e0 Berlin en passant par Budapest, des textes profonds port\u00e9s par la rythmique festive d&rsquo;un style \u00ab\u00a0muzouche\u00a0\u00bb unique (entre musette, manouche et rock), une g\u00e9n\u00e9rosit\u00e9 hors normes sur sc\u00e8ne, les 5 membres de la G\u00e2pette, coiff\u00e9s de leur fameux couvre-chef, se plaisent \u00e0&#8230;<a href=\"http:\/\/www.auxcopains.com\/spectacle\/la-gapette-2023-07-22-193000\" target=\"_blank\" rel=\"noreferrer noopener\">En savoir plus<\/a><a href=\"http:\/\/www.auxcopains.com\/contact-reservation-restaurant?date=Samedi%2022%20Juillet%202023%20-%20La%20G%C3%A2pette\" target=\"_blank\" rel=\"noreferrer noopener\">R\u00e9server une table<\/a><\/p>\n","protected":false},"excerpt":{"rendered":"<p>Les Copains Dehors 2023 Vendredi 16 Juin 2023, 20:00&nbsp;&#8211;&nbsp;Samedi 22 Juillet 2023, 20:00 D\u00eeners concerts en plein air Venez d\u00eener, d\u00e9guster une planche ap\u00e9ro ou juste boire un verre&#8230; Vendredi 16 juin 2023 KARPATT Chanson fran\u00e7aise Samedi 17 juin 2023 PAPADAMDAM Chanson \/ Afrogroove Vendredi 23 juin 2023 COMME A LA MAISON Vari\u00e9t\u00e9 fran\u00e7aise Samedi &hellip;<\/p>\n","protected":false},"author":2,"featured_media":11986,"comment_status":"open","ping_status":"open","sticky":false,"template":"","format":"standard","meta":{"jetpack_post_was_ever_published":false,"_jetpack_newsletter_access":"","_jetpack_dont_email_post_to_subs":false,"_jetpack_newsletter_tier_id":0,"_jetpack_memberships_contains_paywalled_content":false,"_jetpack_memberships_contains_paid_content":false,"footnotes":"","jetpack_publicize_message":"","jetpack_publicize_feature_enabled":true,"jetpack_social_post_already_shared":true,"jetpack_social_options":{"image_generator_settings":{"template":"highway","default_image_id":0,"font":"","enabled":false},"version":2}},"categories":[14,43],"tags":[1233,1819,1764,90],"post_format":[],"flags":[],"class_list":["post-12238","post","type-post","status-publish","format-standard","has-post-thumbnail","hentry","category-vierzon-et-ses-environs","category-vous","tag-les-copains-dabord","tag-les-copains-dehors-2023","tag-programme","tag-salbris"],"yoast_head":"<!-- This site is optimized with the Yoast SEO plugin v26.8 - https:\/\/yoast.com\/product\/yoast-seo-wordpress\/ -->\n<title>Les copains d&#039;abord, Les Copains Dehors 2023! - Berry Good News<\/title>\n<meta name=\"robots\" content=\"index, follow, max-snippet:-1, max-image-preview:large, max-video-preview:-1\" \/>\n<link rel=\"canonical\" href=\"https:\/\/berrygoodnews.fr\/index.php\/2023\/06\/16\/les-copains-dabord-les-copains-dehors-2023\/\" \/>\n<meta property=\"og:locale\" content=\"fr_FR\" \/>\n<meta property=\"og:type\" content=\"article\" \/>\n<meta property=\"og:title\" content=\"Les copains d&#039;abord, Les Copains Dehors 2023! - Berry Good News\" \/>\n<meta property=\"og:description\" content=\"Les Copains Dehors 2023 Vendredi 16 Juin 2023, 20:00&nbsp;&#8211;&nbsp;Samedi 22 Juillet 2023, 20:00 D\u00eeners concerts en plein air Venez d\u00eener, d\u00e9guster une planche ap\u00e9ro ou juste boire un verre&#8230; Vendredi 16 juin 2023 KARPATT Chanson fran\u00e7aise Samedi 17 juin 2023 PAPADAMDAM Chanson \/ Afrogroove Vendredi 23 juin 2023 COMME A LA MAISON Vari\u00e9t\u00e9 fran\u00e7aise Samedi &hellip;\" \/>\n<meta property=\"og:url\" content=\"https:\/\/berrygoodnews.fr\/index.php\/2023\/06\/16\/les-copains-dabord-les-copains-dehors-2023\/\" \/>\n<meta property=\"og:site_name\" content=\"Berry Good News\" \/>\n<meta property=\"article:publisher\" content=\"https:\/\/www.facebook.com\/berrygoodnews\/\" \/>\n<meta property=\"article:published_time\" content=\"2023-06-16T20:18:27+00:00\" \/>\n<meta property=\"article:modified_time\" content=\"2023-06-16T20:18:32+00:00\" \/>\n<meta property=\"og:image\" content=\"https:\/\/i0.wp.com\/berrygoodnews.fr\/wp-content\/uploads\/2023\/05\/img_6457a4048b54d.png?fit=439%2C250&ssl=1\" \/>\n\t<meta property=\"og:image:width\" content=\"439\" \/>\n\t<meta property=\"og:image:height\" content=\"250\" \/>\n\t<meta property=\"og:image:type\" content=\"image\/png\" \/>\n<meta name=\"author\" content=\"Berry Good News\" \/>\n<meta name=\"twitter:card\" content=\"summary_large_image\" \/>\n<meta name=\"twitter:label1\" content=\"\u00c9crit par\" \/>\n\t<meta name=\"twitter:data1\" content=\"Berry Good News\" \/>\n\t<meta name=\"twitter:label2\" content=\"Dur\u00e9e de lecture estim\u00e9e\" \/>\n\t<meta name=\"twitter:data2\" content=\"4 minutes\" \/>\n<script type=\"application\/ld+json\" class=\"yoast-schema-graph\">{\"@context\":\"https:\/\/schema.org\",\"@graph\":[{\"@type\":\"Article\",\"@id\":\"https:\/\/berrygoodnews.fr\/index.php\/2023\/06\/16\/les-copains-dabord-les-copains-dehors-2023\/#article\",\"isPartOf\":{\"@id\":\"https:\/\/berrygoodnews.fr\/index.php\/2023\/06\/16\/les-copains-dabord-les-copains-dehors-2023\/\"},\"author\":{\"name\":\"Berry Good News\",\"@id\":\"https:\/\/berrygoodnews.fr\/#\/schema\/person\/6dbdc03bea7806cc92376ffe2fcd047d\"},\"headline\":\"Les copains d&rsquo;abord, Les Copains Dehors 2023!\",\"datePublished\":\"2023-06-16T20:18:27+00:00\",\"dateModified\":\"2023-06-16T20:18:32+00:00\",\"mainEntityOfPage\":{\"@id\":\"https:\/\/berrygoodnews.fr\/index.php\/2023\/06\/16\/les-copains-dabord-les-copains-dehors-2023\/\"},\"wordCount\":840,\"commentCount\":0,\"publisher\":{\"@id\":\"https:\/\/berrygoodnews.fr\/#organization\"},\"image\":{\"@id\":\"https:\/\/berrygoodnews.fr\/index.php\/2023\/06\/16\/les-copains-dabord-les-copains-dehors-2023\/#primaryimage\"},\"thumbnailUrl\":\"https:\/\/i0.wp.com\/berrygoodnews.fr\/wp-content\/uploads\/2023\/05\/img_6457a4048b54d.png?fit=439%2C250&ssl=1\",\"keywords\":[\"les copains d'abord\",\"Les Copains Dehors 2023\",\"programme\",\"salbris\"],\"articleSection\":[\"Vierzon et ses Environs\",\"Vivre mieux\"],\"inLanguage\":\"fr-FR\",\"potentialAction\":[{\"@type\":\"CommentAction\",\"name\":\"Comment\",\"target\":[\"https:\/\/berrygoodnews.fr\/index.php\/2023\/06\/16\/les-copains-dabord-les-copains-dehors-2023\/#respond\"]}]},{\"@type\":\"WebPage\",\"@id\":\"https:\/\/berrygoodnews.fr\/index.php\/2023\/06\/16\/les-copains-dabord-les-copains-dehors-2023\/\",\"url\":\"https:\/\/berrygoodnews.fr\/index.php\/2023\/06\/16\/les-copains-dabord-les-copains-dehors-2023\/\",\"name\":\"Les copains d'abord, Les Copains Dehors 2023! - Berry Good News\",\"isPartOf\":{\"@id\":\"https:\/\/berrygoodnews.fr\/#website\"},\"primaryImageOfPage\":{\"@id\":\"https:\/\/berrygoodnews.fr\/index.php\/2023\/06\/16\/les-copains-dabord-les-copains-dehors-2023\/#primaryimage\"},\"image\":{\"@id\":\"https:\/\/berrygoodnews.fr\/index.php\/2023\/06\/16\/les-copains-dabord-les-copains-dehors-2023\/#primaryimage\"},\"thumbnailUrl\":\"https:\/\/i0.wp.com\/berrygoodnews.fr\/wp-content\/uploads\/2023\/05\/img_6457a4048b54d.png?fit=439%2C250&ssl=1\",\"datePublished\":\"2023-06-16T20:18:27+00:00\",\"dateModified\":\"2023-06-16T20:18:32+00:00\",\"breadcrumb\":{\"@id\":\"https:\/\/berrygoodnews.fr\/index.php\/2023\/06\/16\/les-copains-dabord-les-copains-dehors-2023\/#breadcrumb\"},\"inLanguage\":\"fr-FR\",\"potentialAction\":[{\"@type\":\"ReadAction\",\"target\":[\"https:\/\/berrygoodnews.fr\/index.php\/2023\/06\/16\/les-copains-dabord-les-copains-dehors-2023\/\"]}]},{\"@type\":\"ImageObject\",\"inLanguage\":\"fr-FR\",\"@id\":\"https:\/\/berrygoodnews.fr\/index.php\/2023\/06\/16\/les-copains-dabord-les-copains-dehors-2023\/#primaryimage\",\"url\":\"https:\/\/i0.wp.com\/berrygoodnews.fr\/wp-content\/uploads\/2023\/05\/img_6457a4048b54d.png?fit=439%2C250&ssl=1\",\"contentUrl\":\"https:\/\/i0.wp.com\/berrygoodnews.fr\/wp-content\/uploads\/2023\/05\/img_6457a4048b54d.png?fit=439%2C250&ssl=1\",\"width\":439,\"height\":250},{\"@type\":\"BreadcrumbList\",\"@id\":\"https:\/\/berrygoodnews.fr\/index.php\/2023\/06\/16\/les-copains-dabord-les-copains-dehors-2023\/#breadcrumb\",\"itemListElement\":[{\"@type\":\"ListItem\",\"position\":1,\"name\":\"Accueil\",\"item\":\"https:\/\/berrygoodnews.fr\/\"},{\"@type\":\"ListItem\",\"position\":2,\"name\":\"Les copains d&rsquo;abord, Les Copains Dehors 2023!\"}]},{\"@type\":\"WebSite\",\"@id\":\"https:\/\/berrygoodnews.fr\/#website\",\"url\":\"https:\/\/berrygoodnews.fr\/\",\"name\":\"Berry Good News\",\"description\":\"Le Centre En Action\",\"publisher\":{\"@id\":\"https:\/\/berrygoodnews.fr\/#organization\"},\"potentialAction\":[{\"@type\":\"SearchAction\",\"target\":{\"@type\":\"EntryPoint\",\"urlTemplate\":\"https:\/\/berrygoodnews.fr\/?s={search_term_string}\"},\"query-input\":{\"@type\":\"PropertyValueSpecification\",\"valueRequired\":true,\"valueName\":\"search_term_string\"}}],\"inLanguage\":\"fr-FR\"},{\"@type\":\"Organization\",\"@id\":\"https:\/\/berrygoodnews.fr\/#organization\",\"name\":\"Berry Good News\",\"url\":\"https:\/\/berrygoodnews.fr\/\",\"logo\":{\"@type\":\"ImageObject\",\"inLanguage\":\"fr-FR\",\"@id\":\"https:\/\/berrygoodnews.fr\/#\/schema\/logo\/image\/\",\"url\":\"https:\/\/i0.wp.com\/berrygoodnews.fr\/wp-content\/uploads\/2023\/05\/LogoBGNCouleur.png?fit=318%2C181&ssl=1\",\"contentUrl\":\"https:\/\/i0.wp.com\/berrygoodnews.fr\/wp-content\/uploads\/2023\/05\/LogoBGNCouleur.png?fit=318%2C181&ssl=1\",\"width\":318,\"height\":181,\"caption\":\"Berry Good News\"},\"image\":{\"@id\":\"https:\/\/berrygoodnews.fr\/#\/schema\/logo\/image\/\"},\"sameAs\":[\"https:\/\/www.facebook.com\/berrygoodnews\/\",\"https:\/\/www.youtube.com\/channel\/UCdNcluXQMXIRcNvap69zaWg\"]},{\"@type\":\"Person\",\"@id\":\"https:\/\/berrygoodnews.fr\/#\/schema\/person\/6dbdc03bea7806cc92376ffe2fcd047d\",\"name\":\"Berry Good News\",\"image\":{\"@type\":\"ImageObject\",\"inLanguage\":\"fr-FR\",\"@id\":\"https:\/\/berrygoodnews.fr\/#\/schema\/person\/image\/\",\"url\":\"https:\/\/secure.gravatar.com\/avatar\/dc97e2c83b7805754cf833611fb0eaf80fd556a613a9819de1842868762ec883?s=96&d=mm&r=g\",\"contentUrl\":\"https:\/\/secure.gravatar.com\/avatar\/dc97e2c83b7805754cf833611fb0eaf80fd556a613a9819de1842868762ec883?s=96&d=mm&r=g\",\"caption\":\"Berry Good News\"},\"description\":\"Ex-parisienne, qui a choisi de s'installer il y a six ans \u00e0 Vierzon avec une activit\u00e9 de chambres d'h\u00f4tes. J'ai d\u00e9cid\u00e9 de montrer les bonnes initiatives. Je suis tr\u00e8s optimiste car on a beaucoup de talents ici. J'avais envie de changer la vision que certains ont sur la ville.\",\"url\":\"https:\/\/berrygoodnews.fr\/index.php\/author\/hv\/\"}]}<\/script>\n<!-- \/ Yoast SEO plugin. -->","yoast_head_json":{"title":"Les copains d'abord, Les Copains Dehors 2023! - Berry Good News","robots":{"index":"index","follow":"follow","max-snippet":"max-snippet:-1","max-image-preview":"max-image-preview:large","max-video-preview":"max-video-preview:-1"},"canonical":"https:\/\/berrygoodnews.fr\/index.php\/2023\/06\/16\/les-copains-dabord-les-copains-dehors-2023\/","og_locale":"fr_FR","og_type":"article","og_title":"Les copains d'abord, Les Copains Dehors 2023! - Berry Good News","og_description":"Les Copains Dehors 2023 Vendredi 16 Juin 2023, 20:00&nbsp;&#8211;&nbsp;Samedi 22 Juillet 2023, 20:00 D\u00eeners concerts en plein air Venez d\u00eener, d\u00e9guster une planche ap\u00e9ro ou juste boire un verre&#8230; Vendredi 16 juin 2023 KARPATT Chanson fran\u00e7aise Samedi 17 juin 2023 PAPADAMDAM Chanson \/ Afrogroove Vendredi 23 juin 2023 COMME A LA MAISON Vari\u00e9t\u00e9 fran\u00e7aise Samedi &hellip;","og_url":"https:\/\/berrygoodnews.fr\/index.php\/2023\/06\/16\/les-copains-dabord-les-copains-dehors-2023\/","og_site_name":"Berry Good News","article_publisher":"https:\/\/www.facebook.com\/berrygoodnews\/","article_published_time":"2023-06-16T20:18:27+00:00","article_modified_time":"2023-06-16T20:18:32+00:00","og_image":[{"width":439,"height":250,"url":"https:\/\/i0.wp.com\/berrygoodnews.fr\/wp-content\/uploads\/2023\/05\/img_6457a4048b54d.png?fit=439%2C250&ssl=1","type":"image\/png"}],"author":"Berry Good News","twitter_card":"summary_large_image","twitter_misc":{"\u00c9crit par":"Berry Good News","Dur\u00e9e de lecture estim\u00e9e":"4 minutes"},"schema":{"@context":"https:\/\/schema.org","@graph":[{"@type":"Article","@id":"https:\/\/berrygoodnews.fr\/index.php\/2023\/06\/16\/les-copains-dabord-les-copains-dehors-2023\/#article","isPartOf":{"@id":"https:\/\/berrygoodnews.fr\/index.php\/2023\/06\/16\/les-copains-dabord-les-copains-dehors-2023\/"},"author":{"name":"Berry Good News","@id":"https:\/\/berrygoodnews.fr\/#\/schema\/person\/6dbdc03bea7806cc92376ffe2fcd047d"},"headline":"Les copains d&rsquo;abord, Les Copains Dehors 2023!","datePublished":"2023-06-16T20:18:27+00:00","dateModified":"2023-06-16T20:18:32+00:00","mainEntityOfPage":{"@id":"https:\/\/berrygoodnews.fr\/index.php\/2023\/06\/16\/les-copains-dabord-les-copains-dehors-2023\/"},"wordCount":840,"commentCount":0,"publisher":{"@id":"https:\/\/berrygoodnews.fr\/#organization"},"image":{"@id":"https:\/\/berrygoodnews.fr\/index.php\/2023\/06\/16\/les-copains-dabord-les-copains-dehors-2023\/#primaryimage"},"thumbnailUrl":"https:\/\/i0.wp.com\/berrygoodnews.fr\/wp-content\/uploads\/2023\/05\/img_6457a4048b54d.png?fit=439%2C250&ssl=1","keywords":["les copains d'abord","Les Copains Dehors 2023","programme","salbris"],"articleSection":["Vierzon et ses Environs","Vivre mieux"],"inLanguage":"fr-FR","potentialAction":[{"@type":"CommentAction","name":"Comment","target":["https:\/\/berrygoodnews.fr\/index.php\/2023\/06\/16\/les-copains-dabord-les-copains-dehors-2023\/#respond"]}]},{"@type":"WebPage","@id":"https:\/\/berrygoodnews.fr\/index.php\/2023\/06\/16\/les-copains-dabord-les-copains-dehors-2023\/","url":"https:\/\/berrygoodnews.fr\/index.php\/2023\/06\/16\/les-copains-dabord-les-copains-dehors-2023\/","name":"Les copains d'abord, Les Copains Dehors 2023! - Berry Good News","isPartOf":{"@id":"https:\/\/berrygoodnews.fr\/#website"},"primaryImageOfPage":{"@id":"https:\/\/berrygoodnews.fr\/index.php\/2023\/06\/16\/les-copains-dabord-les-copains-dehors-2023\/#primaryimage"},"image":{"@id":"https:\/\/berrygoodnews.fr\/index.php\/2023\/06\/16\/les-copains-dabord-les-copains-dehors-2023\/#primaryimage"},"thumbnailUrl":"https:\/\/i0.wp.com\/berrygoodnews.fr\/wp-content\/uploads\/2023\/05\/img_6457a4048b54d.png?fit=439%2C250&ssl=1","datePublished":"2023-06-16T20:18:27+00:00","dateModified":"2023-06-16T20:18:32+00:00","breadcrumb":{"@id":"https:\/\/berrygoodnews.fr\/index.php\/2023\/06\/16\/les-copains-dabord-les-copains-dehors-2023\/#breadcrumb"},"inLanguage":"fr-FR","potentialAction":[{"@type":"ReadAction","target":["https:\/\/berrygoodnews.fr\/index.php\/2023\/06\/16\/les-copains-dabord-les-copains-dehors-2023\/"]}]},{"@type":"ImageObject","inLanguage":"fr-FR","@id":"https:\/\/berrygoodnews.fr\/index.php\/2023\/06\/16\/les-copains-dabord-les-copains-dehors-2023\/#primaryimage","url":"https:\/\/i0.wp.com\/berrygoodnews.fr\/wp-content\/uploads\/2023\/05\/img_6457a4048b54d.png?fit=439%2C250&ssl=1","contentUrl":"https:\/\/i0.wp.com\/berrygoodnews.fr\/wp-content\/uploads\/2023\/05\/img_6457a4048b54d.png?fit=439%2C250&ssl=1","width":439,"height":250},{"@type":"BreadcrumbList","@id":"https:\/\/berrygoodnews.fr\/index.php\/2023\/06\/16\/les-copains-dabord-les-copains-dehors-2023\/#breadcrumb","itemListElement":[{"@type":"ListItem","position":1,"name":"Accueil","item":"https:\/\/berrygoodnews.fr\/"},{"@type":"ListItem","position":2,"name":"Les copains d&rsquo;abord, Les Copains Dehors 2023!"}]},{"@type":"WebSite","@id":"https:\/\/berrygoodnews.fr\/#website","url":"https:\/\/berrygoodnews.fr\/","name":"Berry Good News","description":"Le Centre En Action","publisher":{"@id":"https:\/\/berrygoodnews.fr\/#organization"},"potentialAction":[{"@type":"SearchAction","target":{"@type":"EntryPoint","urlTemplate":"https:\/\/berrygoodnews.fr\/?s={search_term_string}"},"query-input":{"@type":"PropertyValueSpecification","valueRequired":true,"valueName":"search_term_string"}}],"inLanguage":"fr-FR"},{"@type":"Organization","@id":"https:\/\/berrygoodnews.fr\/#organization","name":"Berry Good News","url":"https:\/\/berrygoodnews.fr\/","logo":{"@type":"ImageObject","inLanguage":"fr-FR","@id":"https:\/\/berrygoodnews.fr\/#\/schema\/logo\/image\/","url":"https:\/\/i0.wp.com\/berrygoodnews.fr\/wp-content\/uploads\/2023\/05\/LogoBGNCouleur.png?fit=318%2C181&ssl=1","contentUrl":"https:\/\/i0.wp.com\/berrygoodnews.fr\/wp-content\/uploads\/2023\/05\/LogoBGNCouleur.png?fit=318%2C181&ssl=1","width":318,"height":181,"caption":"Berry Good News"},"image":{"@id":"https:\/\/berrygoodnews.fr\/#\/schema\/logo\/image\/"},"sameAs":["https:\/\/www.facebook.com\/berrygoodnews\/","https:\/\/www.youtube.com\/channel\/UCdNcluXQMXIRcNvap69zaWg"]},{"@type":"Person","@id":"https:\/\/berrygoodnews.fr\/#\/schema\/person\/6dbdc03bea7806cc92376ffe2fcd047d","name":"Berry Good News","image":{"@type":"ImageObject","inLanguage":"fr-FR","@id":"https:\/\/berrygoodnews.fr\/#\/schema\/person\/image\/","url":"https:\/\/secure.gravatar.com\/avatar\/dc97e2c83b7805754cf833611fb0eaf80fd556a613a9819de1842868762ec883?s=96&d=mm&r=g","contentUrl":"https:\/\/secure.gravatar.com\/avatar\/dc97e2c83b7805754cf833611fb0eaf80fd556a613a9819de1842868762ec883?s=96&d=mm&r=g","caption":"Berry Good News"},"description":"Ex-parisienne, qui a choisi de s'installer il y a six ans \u00e0 Vierzon avec une activit\u00e9 de chambres d'h\u00f4tes. J'ai d\u00e9cid\u00e9 de montrer les bonnes initiatives. Je suis tr\u00e8s optimiste car on a beaucoup de talents ici. J'avais envie de changer la vision que certains ont sur la ville.","url":"https:\/\/berrygoodnews.fr\/index.php\/author\/hv\/"}]}},"jetpack_publicize_connections":[],"jetpack_featured_media_url":"https:\/\/i0.wp.com\/berrygoodnews.fr\/wp-content\/uploads\/2023\/05\/img_6457a4048b54d.png?fit=439%2C250&ssl=1","jetpack_shortlink":"https:\/\/wp.me\/paGqD8-3bo","jetpack-related-posts":[],"jetpack_sharing_enabled":true,"_links":{"self":[{"href":"https:\/\/berrygoodnews.fr\/index.php\/wp-json\/wp\/v2\/posts\/12238","targetHints":{"allow":["GET"]}}],"collection":[{"href":"https:\/\/berrygoodnews.fr\/index.php\/wp-json\/wp\/v2\/posts"}],"about":[{"href":"https:\/\/berrygoodnews.fr\/index.php\/wp-json\/wp\/v2\/types\/post"}],"author":[{"embeddable":true,"href":"https:\/\/berrygoodnews.fr\/index.php\/wp-json\/wp\/v2\/users\/2"}],"replies":[{"embeddable":true,"href":"https:\/\/berrygoodnews.fr\/index.php\/wp-json\/wp\/v2\/comments?post=12238"}],"version-history":[{"count":1,"href":"https:\/\/berrygoodnews.fr\/index.php\/wp-json\/wp\/v2\/posts\/12238\/revisions"}],"predecessor-version":[{"id":12253,"href":"https:\/\/berrygoodnews.fr\/index.php\/wp-json\/wp\/v2\/posts\/12238\/revisions\/12253"}],"wp:featuredmedia":[{"embeddable":true,"href":"https:\/\/berrygoodnews.fr\/index.php\/wp-json\/wp\/v2\/media\/11986"}],"wp:attachment":[{"href":"https:\/\/berrygoodnews.fr\/index.php\/wp-json\/wp\/v2\/media?parent=12238"}],"wp:term":[{"taxonomy":"category","embeddable":true,"href":"https:\/\/berrygoodnews.fr\/index.php\/wp-json\/wp\/v2\/categories?post=12238"},{"taxonomy":"post_tag","embeddable":true,"href":"https:\/\/berrygoodnews.fr\/index.php\/wp-json\/wp\/v2\/tags?post=12238"},{"taxonomy":"post_format","embeddable":true,"href":"https:\/\/berrygoodnews.fr\/index.php\/wp-json\/wp\/v2\/post_format?post=12238"},{"taxonomy":"flags","embeddable":true,"href":"https:\/\/berrygoodnews.fr\/index.php\/wp-json\/wp\/v2\/flags?post=12238"}],"curies":[{"name":"wp","href":"https:\/\/api.w.org\/{rel}","templated":true}]}}