{"id":12120,"date":"2023-05-25T00:03:07","date_gmt":"2023-05-24T22:03:07","guid":{"rendered":"https:\/\/berrygoodnews.fr\/?p=12120"},"modified":"2023-05-25T10:22:26","modified_gmt":"2023-05-25T08:22:26","slug":"festival-tkf-a-vierzon","status":"publish","type":"post","link":"https:\/\/berrygoodnews.fr\/index.php\/2023\/05\/25\/festival-tkf-a-vierzon\/","title":{"rendered":"Festival TKF \u00e0 Vierzon"},"content":{"rendered":"\n<figure class=\"wp-block-image\"><img data-recalc-dims=\"1\" loading=\"lazy\" decoding=\"async\" width=\"724\" height=\"1024\" data-attachment-id=\"12134\" data-permalink=\"https:\/\/berrygoodnews.fr\/index.php\/2023\/05\/25\/festival-tkf-a-vierzon\/whatsapp-image-2023-05-25-a-09-44-09\/\" data-orig-file=\"https:\/\/i0.wp.com\/berrygoodnews.fr\/wp-content\/uploads\/2023\/05\/WhatsApp-Image-2023-05-25-%C3%A0-09.44.09.jpg?fit=1131%2C1600&amp;ssl=1\" data-orig-size=\"1131,1600\" data-comments-opened=\"1\" data-image-meta=\"{&quot;aperture&quot;:&quot;0&quot;,&quot;credit&quot;:&quot;&quot;,&quot;camera&quot;:&quot;&quot;,&quot;caption&quot;:&quot;&quot;,&quot;created_timestamp&quot;:&quot;0&quot;,&quot;copyright&quot;:&quot;&quot;,&quot;focal_length&quot;:&quot;0&quot;,&quot;iso&quot;:&quot;0&quot;,&quot;shutter_speed&quot;:&quot;0&quot;,&quot;title&quot;:&quot;&quot;,&quot;orientation&quot;:&quot;0&quot;}\" data-image-title=\"WhatsApp Image 2023-05-25 \u00e0 09.44.09\" data-image-description=\"\" data-image-caption=\"\" data-medium-file=\"https:\/\/i0.wp.com\/berrygoodnews.fr\/wp-content\/uploads\/2023\/05\/WhatsApp-Image-2023-05-25-%C3%A0-09.44.09.jpg?fit=212%2C300&amp;ssl=1\" data-large-file=\"https:\/\/i0.wp.com\/berrygoodnews.fr\/wp-content\/uploads\/2023\/05\/WhatsApp-Image-2023-05-25-%C3%A0-09.44.09.jpg?fit=724%2C1024&amp;ssl=1\" src=\"https:\/\/i0.wp.com\/berrygoodnews.fr\/wp-content\/uploads\/2023\/05\/WhatsApp-Image-2023-05-25-%C3%A0-09.44.09.jpg?resize=724%2C1024&#038;ssl=1\" alt=\"\" class=\"wp-image-12134\" srcset=\"https:\/\/i0.wp.com\/berrygoodnews.fr\/wp-content\/uploads\/2023\/05\/WhatsApp-Image-2023-05-25-%C3%A0-09.44.09.jpg?resize=724%2C1024&amp;ssl=1 724w, https:\/\/i0.wp.com\/berrygoodnews.fr\/wp-content\/uploads\/2023\/05\/WhatsApp-Image-2023-05-25-%C3%A0-09.44.09.jpg?resize=212%2C300&amp;ssl=1 212w, https:\/\/i0.wp.com\/berrygoodnews.fr\/wp-content\/uploads\/2023\/05\/WhatsApp-Image-2023-05-25-%C3%A0-09.44.09.jpg?resize=768%2C1086&amp;ssl=1 768w, https:\/\/i0.wp.com\/berrygoodnews.fr\/wp-content\/uploads\/2023\/05\/WhatsApp-Image-2023-05-25-%C3%A0-09.44.09.jpg?resize=845%2C1195&amp;ssl=1 845w, https:\/\/i0.wp.com\/berrygoodnews.fr\/wp-content\/uploads\/2023\/05\/WhatsApp-Image-2023-05-25-%C3%A0-09.44.09.jpg?w=1131&amp;ssl=1 1131w\" sizes=\"auto, (max-width: 724px) 100vw, 724px\" \/><\/figure>\n\n\n\n<figure class=\"wp-block-embed-youtube wp-block-embed is-type-video is-provider-youtube wp-embed-aspect-16-9 wp-has-aspect-ratio\"><div class=\"wp-block-embed__wrapper\">\n<iframe loading=\"lazy\" width=\"850\" height=\"478\" src=\"https:\/\/www.youtube.com\/embed\/nfKXdX09VHQ?feature=oembed\" frameborder=\"0\" allow=\"accelerometer; autoplay; clipboard-write; encrypted-media; gyroscope; picture-in-picture; web-share\" allowfullscreen title=\"Festival TKF \u00e0 Vierzon 2023\"><\/iframe>\n<\/div><\/figure>\n\n\n\n<p><\/p>\n\n\n\n<p>Le Collectif TKF -Tout Konte Fait &#8211; de\u0301veloppe ses activite\u0301s dans huit re\u0301gions de France.<br> Sa dynamique prend appui sur les diffe\u0301rents moyens d&rsquo;expression propres a\u0300 la culture hip-hop. <br> Elle cible un public interge\u0301ne\u0301rationnel en accordant une attention particulie\u0300re aux publics e\u0301loigne\u0301s de toute activite\u0301 artistique et en pr\u00f4nant ainsi une valeur qui lui est che\u0300re : tisser du lien social.<br> Favoriser l\u2019acce\u0300s a\u0300 l\u2019art, la culture, contribuer a\u0300 poser les fondations ne\u0301cessaires a\u0300 la construction de tout avenir, TKF e\u0301rige en principe fondateur les valeurs ve\u0301hicule\u0301es par la culture hip-hop <br> \u00ab Peace,Unity, Love and Havin\u2019 fun ! \u00bb.<br> Par ses diffe\u0301rentes actions, le po\u0302le TKF SCHOOL symbolise le c\u0153ur pe\u0301dagogique et e\u0301ducatif du collectif.<\/p>\n\n\n\n<figure class=\"wp-block-image\"><img data-recalc-dims=\"1\" loading=\"lazy\" decoding=\"async\" width=\"828\" height=\"828\" data-attachment-id=\"12122\" data-permalink=\"https:\/\/berrygoodnews.fr\/index.php\/2023\/05\/25\/festival-tkf-a-vierzon\/339086946_181037288111896_4703851129735835195_n\/\" data-orig-file=\"https:\/\/i0.wp.com\/berrygoodnews.fr\/wp-content\/uploads\/2023\/05\/339086946_181037288111896_4703851129735835195_n.jpg?fit=828%2C828&amp;ssl=1\" data-orig-size=\"828,828\" data-comments-opened=\"1\" data-image-meta=\"{&quot;aperture&quot;:&quot;0&quot;,&quot;credit&quot;:&quot;&quot;,&quot;camera&quot;:&quot;&quot;,&quot;caption&quot;:&quot;&quot;,&quot;created_timestamp&quot;:&quot;0&quot;,&quot;copyright&quot;:&quot;&quot;,&quot;focal_length&quot;:&quot;0&quot;,&quot;iso&quot;:&quot;0&quot;,&quot;shutter_speed&quot;:&quot;0&quot;,&quot;title&quot;:&quot;&quot;,&quot;orientation&quot;:&quot;0&quot;}\" data-image-title=\"339086946_181037288111896_4703851129735835195_n\" data-image-description=\"\" data-image-caption=\"\" data-medium-file=\"https:\/\/i0.wp.com\/berrygoodnews.fr\/wp-content\/uploads\/2023\/05\/339086946_181037288111896_4703851129735835195_n.jpg?fit=300%2C300&amp;ssl=1\" data-large-file=\"https:\/\/i0.wp.com\/berrygoodnews.fr\/wp-content\/uploads\/2023\/05\/339086946_181037288111896_4703851129735835195_n.jpg?fit=828%2C828&amp;ssl=1\" src=\"https:\/\/i0.wp.com\/berrygoodnews.fr\/wp-content\/uploads\/2023\/05\/339086946_181037288111896_4703851129735835195_n.jpg?resize=828%2C828&#038;ssl=1\" alt=\"\" class=\"wp-image-12122\" srcset=\"https:\/\/i0.wp.com\/berrygoodnews.fr\/wp-content\/uploads\/2023\/05\/339086946_181037288111896_4703851129735835195_n.jpg?w=828&amp;ssl=1 828w, https:\/\/i0.wp.com\/berrygoodnews.fr\/wp-content\/uploads\/2023\/05\/339086946_181037288111896_4703851129735835195_n.jpg?resize=200%2C200&amp;ssl=1 200w, https:\/\/i0.wp.com\/berrygoodnews.fr\/wp-content\/uploads\/2023\/05\/339086946_181037288111896_4703851129735835195_n.jpg?resize=300%2C300&amp;ssl=1 300w, https:\/\/i0.wp.com\/berrygoodnews.fr\/wp-content\/uploads\/2023\/05\/339086946_181037288111896_4703851129735835195_n.jpg?resize=768%2C768&amp;ssl=1 768w\" sizes=\"auto, (max-width: 828px) 100vw, 828px\" \/><figcaption> <em>Festival TKF \u00e0 Vierzon 2023<\/em> <\/figcaption><\/figure>\n\n\n\n<p><br> Le Collectif TKF, c&rsquo;est plus de 25 ans d&rsquo;exp\u00e9rience et de nombreux p\u00f4les d&rsquo;activit\u00e9s :<br> Des ateliers chore\u0301graphiques en milieu scolaire<br> De l&rsquo;enseignement et des comp\u00e9titions chor\u00e9graphiques <br> Des ateliers de de\u0301couverte des diffe\u0301rentes disciplines Hip-hopdans les quartiers prioritaires<br> Une cre\u0301ation chore\u0301graphique<br> L&rsquo;organisation d\u2019e\u0301ve\u0300nements <br> Des se\u0301jours de danse organise\u0301s en France et en Outre-Mer<\/p>\n\n\n\n<figure class=\"wp-block-image\"><img data-recalc-dims=\"1\" loading=\"lazy\" decoding=\"async\" width=\"600\" height=\"600\" data-attachment-id=\"12124\" data-permalink=\"https:\/\/berrygoodnews.fr\/index.php\/2023\/05\/25\/festival-tkf-a-vierzon\/342776340_279537341090897_8781951019398242263_n\/\" data-orig-file=\"https:\/\/i0.wp.com\/berrygoodnews.fr\/wp-content\/uploads\/2023\/05\/342776340_279537341090897_8781951019398242263_n.jpg?fit=600%2C600&amp;ssl=1\" data-orig-size=\"600,600\" data-comments-opened=\"1\" data-image-meta=\"{&quot;aperture&quot;:&quot;0&quot;,&quot;credit&quot;:&quot;Daphn\\u00e9 Moschonas&quot;,&quot;camera&quot;:&quot;&quot;,&quot;caption&quot;:&quot;&quot;,&quot;created_timestamp&quot;:&quot;0&quot;,&quot;copyright&quot;:&quot;Daphn\\u00e9 Moschonas&quot;,&quot;focal_length&quot;:&quot;0&quot;,&quot;iso&quot;:&quot;0&quot;,&quot;shutter_speed&quot;:&quot;0&quot;,&quot;title&quot;:&quot;&quot;,&quot;orientation&quot;:&quot;0&quot;}\" data-image-title=\"342776340_279537341090897_8781951019398242263_n\" data-image-description=\"\" data-image-caption=\"\" data-medium-file=\"https:\/\/i0.wp.com\/berrygoodnews.fr\/wp-content\/uploads\/2023\/05\/342776340_279537341090897_8781951019398242263_n.jpg?fit=300%2C300&amp;ssl=1\" data-large-file=\"https:\/\/i0.wp.com\/berrygoodnews.fr\/wp-content\/uploads\/2023\/05\/342776340_279537341090897_8781951019398242263_n.jpg?fit=600%2C600&amp;ssl=1\" src=\"https:\/\/i0.wp.com\/berrygoodnews.fr\/wp-content\/uploads\/2023\/05\/342776340_279537341090897_8781951019398242263_n.jpg?resize=600%2C600&#038;ssl=1\" alt=\"\" class=\"wp-image-12124\" srcset=\"https:\/\/i0.wp.com\/berrygoodnews.fr\/wp-content\/uploads\/2023\/05\/342776340_279537341090897_8781951019398242263_n.jpg?w=600&amp;ssl=1 600w, https:\/\/i0.wp.com\/berrygoodnews.fr\/wp-content\/uploads\/2023\/05\/342776340_279537341090897_8781951019398242263_n.jpg?resize=200%2C200&amp;ssl=1 200w, https:\/\/i0.wp.com\/berrygoodnews.fr\/wp-content\/uploads\/2023\/05\/342776340_279537341090897_8781951019398242263_n.jpg?resize=300%2C300&amp;ssl=1 300w\" sizes=\"auto, (max-width: 600px) 100vw, 600px\" \/><figcaption><em>Festival TKF \u00e0 Vierzon 2023<\/em><\/figcaption><\/figure>\n\n\n\n<p>Le Festival TKF<\/p>\n\n\n\n<p>TKF SCHOOL VIERZON vous donne RDV les 3 &amp; 4 juin 2023 pour son FESTIVAL &#8211; salle Madeleine Sologne (stages ouverts \u00e0 tous, spectacle tous styles confondus, battle hip-hop)<\/p>\n\n\n\n<p>\ud83d\udc49 Infos d\u00e9taill\u00e9es : https:\/\/www.payasso.fr\/tkf\/festvierzon <\/p>\n\n\n\n<figure class=\"wp-block-image\"><img data-recalc-dims=\"1\" loading=\"lazy\" decoding=\"async\" width=\"850\" height=\"566\" data-attachment-id=\"12129\" data-permalink=\"https:\/\/berrygoodnews.fr\/index.php\/2023\/05\/25\/festival-tkf-a-vierzon\/whatsapp-image-2023-05-19-a-17-38-13\/\" data-orig-file=\"https:\/\/i0.wp.com\/berrygoodnews.fr\/wp-content\/uploads\/2023\/05\/WhatsApp-Image-2023-05-19-%C3%A0-17.38.13.jpg?fit=1600%2C1066&amp;ssl=1\" data-orig-size=\"1600,1066\" data-comments-opened=\"1\" data-image-meta=\"{&quot;aperture&quot;:&quot;0&quot;,&quot;credit&quot;:&quot;&quot;,&quot;camera&quot;:&quot;&quot;,&quot;caption&quot;:&quot;&quot;,&quot;created_timestamp&quot;:&quot;0&quot;,&quot;copyright&quot;:&quot;&quot;,&quot;focal_length&quot;:&quot;0&quot;,&quot;iso&quot;:&quot;0&quot;,&quot;shutter_speed&quot;:&quot;0&quot;,&quot;title&quot;:&quot;&quot;,&quot;orientation&quot;:&quot;0&quot;}\" data-image-title=\"WhatsApp Image 2023-05-19 \u00e0 17.38.13\" data-image-description=\"\" data-image-caption=\"\" data-medium-file=\"https:\/\/i0.wp.com\/berrygoodnews.fr\/wp-content\/uploads\/2023\/05\/WhatsApp-Image-2023-05-19-%C3%A0-17.38.13.jpg?fit=300%2C200&amp;ssl=1\" data-large-file=\"https:\/\/i0.wp.com\/berrygoodnews.fr\/wp-content\/uploads\/2023\/05\/WhatsApp-Image-2023-05-19-%C3%A0-17.38.13.jpg?fit=850%2C566&amp;ssl=1\" src=\"https:\/\/i0.wp.com\/berrygoodnews.fr\/wp-content\/uploads\/2023\/05\/WhatsApp-Image-2023-05-19-%C3%A0-17.38.13.jpg?resize=850%2C566&#038;ssl=1\" alt=\"\" class=\"wp-image-12129\" srcset=\"https:\/\/i0.wp.com\/berrygoodnews.fr\/wp-content\/uploads\/2023\/05\/WhatsApp-Image-2023-05-19-%C3%A0-17.38.13.jpg?resize=1024%2C682&amp;ssl=1 1024w, https:\/\/i0.wp.com\/berrygoodnews.fr\/wp-content\/uploads\/2023\/05\/WhatsApp-Image-2023-05-19-%C3%A0-17.38.13.jpg?resize=300%2C200&amp;ssl=1 300w, https:\/\/i0.wp.com\/berrygoodnews.fr\/wp-content\/uploads\/2023\/05\/WhatsApp-Image-2023-05-19-%C3%A0-17.38.13.jpg?resize=768%2C512&amp;ssl=1 768w, https:\/\/i0.wp.com\/berrygoodnews.fr\/wp-content\/uploads\/2023\/05\/WhatsApp-Image-2023-05-19-%C3%A0-17.38.13.jpg?resize=845%2C563&amp;ssl=1 845w, https:\/\/i0.wp.com\/berrygoodnews.fr\/wp-content\/uploads\/2023\/05\/WhatsApp-Image-2023-05-19-%C3%A0-17.38.13.jpg?w=1600&amp;ssl=1 1600w\" sizes=\"auto, (max-width: 850px) 100vw, 850px\" \/><figcaption> <em>Festival TKF \u00e0 Vierzon 2023<\/em> <\/figcaption><\/figure>\n\n\n\n<p>Au programme du&nbsp;Festival&nbsp;:<br>\ndes STAGES ouverts \u00e0 tous (adh\u00e9rents.es et non adh\u00e9rents.es), sans pr\u00e9requis de niveau en danse<br>\nune soir\u00e9e de&nbsp;SPECTACLES<br>\nun BATTLE de Danses Hip-hop<\/p>\n\n\n\n<p>Adresse&nbsp;: Salle Madeleine Sologne &#8211; Place de la Lib\u00e9ration -18100 Vierzon<\/p>\n\n\n\n<p>A NOTER :&nbsp;Entr\u00e9es gratuites pour les enfants \u00e2g\u00e9s de moins de 6 ans<\/p>\n\n\n\n<figure class=\"wp-block-image\"><img data-recalc-dims=\"1\" loading=\"lazy\" decoding=\"async\" width=\"850\" height=\"638\" data-attachment-id=\"12130\" data-permalink=\"https:\/\/berrygoodnews.fr\/index.php\/2023\/05\/25\/festival-tkf-a-vierzon\/whatsapp-image-2023-05-19-a-17-38-14\/\" data-orig-file=\"https:\/\/i0.wp.com\/berrygoodnews.fr\/wp-content\/uploads\/2023\/05\/WhatsApp-Image-2023-05-19-%C3%A0-17.38.14.jpg?fit=1600%2C1200&amp;ssl=1\" data-orig-size=\"1600,1200\" data-comments-opened=\"1\" data-image-meta=\"{&quot;aperture&quot;:&quot;0&quot;,&quot;credit&quot;:&quot;&quot;,&quot;camera&quot;:&quot;&quot;,&quot;caption&quot;:&quot;&quot;,&quot;created_timestamp&quot;:&quot;0&quot;,&quot;copyright&quot;:&quot;&quot;,&quot;focal_length&quot;:&quot;0&quot;,&quot;iso&quot;:&quot;0&quot;,&quot;shutter_speed&quot;:&quot;0&quot;,&quot;title&quot;:&quot;&quot;,&quot;orientation&quot;:&quot;0&quot;}\" data-image-title=\"WhatsApp Image 2023-05-19 \u00e0 17.38.14\" data-image-description=\"\" data-image-caption=\"\" data-medium-file=\"https:\/\/i0.wp.com\/berrygoodnews.fr\/wp-content\/uploads\/2023\/05\/WhatsApp-Image-2023-05-19-%C3%A0-17.38.14.jpg?fit=300%2C225&amp;ssl=1\" data-large-file=\"https:\/\/i0.wp.com\/berrygoodnews.fr\/wp-content\/uploads\/2023\/05\/WhatsApp-Image-2023-05-19-%C3%A0-17.38.14.jpg?fit=850%2C638&amp;ssl=1\" src=\"https:\/\/i0.wp.com\/berrygoodnews.fr\/wp-content\/uploads\/2023\/05\/WhatsApp-Image-2023-05-19-%C3%A0-17.38.14.jpg?resize=850%2C638&#038;ssl=1\" alt=\"\" class=\"wp-image-12130\" srcset=\"https:\/\/i0.wp.com\/berrygoodnews.fr\/wp-content\/uploads\/2023\/05\/WhatsApp-Image-2023-05-19-%C3%A0-17.38.14.jpg?resize=1024%2C768&amp;ssl=1 1024w, https:\/\/i0.wp.com\/berrygoodnews.fr\/wp-content\/uploads\/2023\/05\/WhatsApp-Image-2023-05-19-%C3%A0-17.38.14.jpg?resize=300%2C225&amp;ssl=1 300w, https:\/\/i0.wp.com\/berrygoodnews.fr\/wp-content\/uploads\/2023\/05\/WhatsApp-Image-2023-05-19-%C3%A0-17.38.14.jpg?resize=768%2C576&amp;ssl=1 768w, https:\/\/i0.wp.com\/berrygoodnews.fr\/wp-content\/uploads\/2023\/05\/WhatsApp-Image-2023-05-19-%C3%A0-17.38.14.jpg?resize=845%2C634&amp;ssl=1 845w, https:\/\/i0.wp.com\/berrygoodnews.fr\/wp-content\/uploads\/2023\/05\/WhatsApp-Image-2023-05-19-%C3%A0-17.38.14.jpg?w=1600&amp;ssl=1 1600w\" sizes=\"auto, (max-width: 850px) 100vw, 850px\" \/><figcaption> <em>Festival TKF \u00e0 Vierzon 2023<\/em> <\/figcaption><\/figure>\n\n\n\n<p>Programme<\/p>\n\n\n\n<p>&nbsp;STAGE SAMEDI&nbsp;:&nbsp;&nbsp;5,00&nbsp;\u20ac&nbsp;&nbsp;<br>\n2 heures&nbsp;de Stage de&nbsp;Danse Hip-hop, tout public et sans pr\u00e9requis de niveau en danse.<br>\nSamedi 3 juin&nbsp;de&nbsp;16H30 \u00e0 18H30&nbsp;\u00e0 la Salle Madeleine Sologne &#8211; Place de la Lib\u00e9ration&nbsp;&nbsp;<br>\nOuverture des portes 15 mn. avant le d\u00e9but du stage<\/p>\n\n\n\n<p>&nbsp;SPECTACLE&nbsp;:&nbsp;&nbsp;10,00&nbsp;\u20ac&nbsp;&nbsp;<br>\nTKF fait son show !<br>\nShows chor\u00e9graphiques&nbsp;&nbsp;TKF SCHOOL et des artistes de la R\u00e9gion<br>\nSamedi 3 juin&nbsp;de&nbsp;20H30 \u00e0 22H&nbsp;\u00e0 la Salle Madeleine Sologne &#8211; Place de la Lib\u00e9ration<br>\nOuverture des portes 30 mn. avant le d\u00e9but du spectacle<\/p>\n\n\n\n<p>&nbsp;STAGE DIMANCHE&nbsp;:&nbsp;&nbsp;5,00&nbsp;\u20ac&nbsp;&nbsp;<br>\n2 heures&nbsp;de Stage de&nbsp;Danse Hip-hop, tout public et sans pr\u00e9requis de niveau en danse.<br>\nDimanche 4 juin&nbsp;de&nbsp;10H30 \u00e0 12H30&nbsp;\u00e0 la Salle Madeleine Sologne &#8211; Place de la Lib\u00e9ration<br>\nOuverture des portes 15 mn. avant le d\u00e9but du tournoi<\/p>\n\n\n\n<p>&nbsp;BATTLES TKF&nbsp;:&nbsp;&nbsp;5,00&nbsp;\u20ac&nbsp;&nbsp;<br>\nLes danseurs Hip-hop se d\u00e9fient en&nbsp;Battle.<br>\n2 cat\u00e9gories :&nbsp;All Style &amp; Break<\/p>\n\n\n\n<p>Inscription danseurs.euses&nbsp;: gratuite<\/p>\n","protected":false},"excerpt":{"rendered":"<p>Le Collectif TKF -Tout Konte Fait &#8211; de\u0301veloppe ses activite\u0301s dans huit re\u0301gions de France. Sa dynamique prend appui sur les diffe\u0301rents moyens d&rsquo;expression propres a\u0300 la culture hip-hop. Elle cible un public interge\u0301ne\u0301rationnel en accordant une attention particulie\u0300re aux publics e\u0301loigne\u0301s de toute activite\u0301 artistique et en pr\u00f4nant ainsi une valeur qui lui est &hellip;<\/p>\n","protected":false},"author":2,"featured_media":12130,"comment_status":"open","ping_status":"open","sticky":false,"template":"","format":"standard","meta":{"jetpack_post_was_ever_published":false,"_jetpack_newsletter_access":"","_jetpack_dont_email_post_to_subs":false,"_jetpack_newsletter_tier_id":0,"_jetpack_memberships_contains_paywalled_content":false,"_jetpack_memberships_contains_paid_content":false,"footnotes":"","jetpack_publicize_message":"","jetpack_publicize_feature_enabled":true,"jetpack_social_post_already_shared":true,"jetpack_social_options":{"image_generator_settings":{"template":"highway","default_image_id":0,"font":"","enabled":false},"version":2}},"categories":[14,43],"tags":[1745,1796,1530,27],"post_format":[],"flags":[],"class_list":["post-12120","post","type-post","status-publish","format-standard","has-post-thumbnail","hentry","category-vierzon-et-ses-environs","category-vous","tag-1745","tag-collectif-tkf","tag-festival","tag-vierzon"],"yoast_head":"<!-- This site is optimized with the Yoast SEO plugin v26.8 - https:\/\/yoast.com\/product\/yoast-seo-wordpress\/ -->\n<title>Festival TKF \u00e0 Vierzon - Berry Good News<\/title>\n<meta name=\"robots\" content=\"index, follow, max-snippet:-1, max-image-preview:large, max-video-preview:-1\" \/>\n<link rel=\"canonical\" href=\"https:\/\/berrygoodnews.fr\/index.php\/2023\/05\/25\/festival-tkf-a-vierzon\/\" \/>\n<meta property=\"og:locale\" content=\"fr_FR\" \/>\n<meta property=\"og:type\" content=\"article\" \/>\n<meta property=\"og:title\" content=\"Festival TKF \u00e0 Vierzon - Berry Good News\" \/>\n<meta property=\"og:description\" content=\"Le Collectif TKF -Tout Konte Fait &#8211; de\u0301veloppe ses activite\u0301s dans huit re\u0301gions de France. Sa dynamique prend appui sur les diffe\u0301rents moyens d&rsquo;expression propres a\u0300 la culture hip-hop. Elle cible un public interge\u0301ne\u0301rationnel en accordant une attention particulie\u0300re aux publics e\u0301loigne\u0301s de toute activite\u0301 artistique et en pr\u00f4nant ainsi une valeur qui lui est &hellip;\" \/>\n<meta property=\"og:url\" content=\"https:\/\/berrygoodnews.fr\/index.php\/2023\/05\/25\/festival-tkf-a-vierzon\/\" \/>\n<meta property=\"og:site_name\" content=\"Berry Good News\" \/>\n<meta property=\"article:publisher\" content=\"https:\/\/www.facebook.com\/berrygoodnews\/\" \/>\n<meta property=\"article:published_time\" content=\"2023-05-24T22:03:07+00:00\" \/>\n<meta property=\"article:modified_time\" content=\"2023-05-25T08:22:26+00:00\" \/>\n<meta property=\"og:image\" content=\"https:\/\/i0.wp.com\/berrygoodnews.fr\/wp-content\/uploads\/2023\/05\/WhatsApp-Image-2023-05-19-\u00e0-17.38.14.jpg?fit=1600%2C1200&ssl=1\" \/>\n\t<meta property=\"og:image:width\" content=\"1600\" \/>\n\t<meta property=\"og:image:height\" content=\"1200\" \/>\n\t<meta property=\"og:image:type\" content=\"image\/jpeg\" \/>\n<meta name=\"author\" content=\"Berry Good News\" \/>\n<meta name=\"twitter:card\" content=\"summary_large_image\" \/>\n<meta name=\"twitter:label1\" content=\"\u00c9crit par\" \/>\n\t<meta name=\"twitter:data1\" content=\"Berry Good News\" \/>\n\t<meta name=\"twitter:label2\" content=\"Dur\u00e9e de lecture estim\u00e9e\" \/>\n\t<meta name=\"twitter:data2\" content=\"3 minutes\" \/>\n<script type=\"application\/ld+json\" class=\"yoast-schema-graph\">{\"@context\":\"https:\/\/schema.org\",\"@graph\":[{\"@type\":\"Article\",\"@id\":\"https:\/\/berrygoodnews.fr\/index.php\/2023\/05\/25\/festival-tkf-a-vierzon\/#article\",\"isPartOf\":{\"@id\":\"https:\/\/berrygoodnews.fr\/index.php\/2023\/05\/25\/festival-tkf-a-vierzon\/\"},\"author\":{\"name\":\"Berry Good News\",\"@id\":\"https:\/\/berrygoodnews.fr\/#\/schema\/person\/6dbdc03bea7806cc92376ffe2fcd047d\"},\"headline\":\"Festival TKF \u00e0 Vierzon\",\"datePublished\":\"2023-05-24T22:03:07+00:00\",\"dateModified\":\"2023-05-25T08:22:26+00:00\",\"mainEntityOfPage\":{\"@id\":\"https:\/\/berrygoodnews.fr\/index.php\/2023\/05\/25\/festival-tkf-a-vierzon\/\"},\"wordCount\":526,\"commentCount\":0,\"publisher\":{\"@id\":\"https:\/\/berrygoodnews.fr\/#organization\"},\"image\":{\"@id\":\"https:\/\/berrygoodnews.fr\/index.php\/2023\/05\/25\/festival-tkf-a-vierzon\/#primaryimage\"},\"thumbnailUrl\":\"https:\/\/i0.wp.com\/berrygoodnews.fr\/wp-content\/uploads\/2023\/05\/WhatsApp-Image-2023-05-19-%C3%A0-17.38.14.jpg?fit=1600%2C1200&ssl=1\",\"keywords\":[\"2023\",\"Collectif TKF\",\"festival\",\"vierzon\"],\"articleSection\":[\"Vierzon et ses Environs\",\"Vivre mieux\"],\"inLanguage\":\"fr-FR\",\"potentialAction\":[{\"@type\":\"CommentAction\",\"name\":\"Comment\",\"target\":[\"https:\/\/berrygoodnews.fr\/index.php\/2023\/05\/25\/festival-tkf-a-vierzon\/#respond\"]}]},{\"@type\":\"WebPage\",\"@id\":\"https:\/\/berrygoodnews.fr\/index.php\/2023\/05\/25\/festival-tkf-a-vierzon\/\",\"url\":\"https:\/\/berrygoodnews.fr\/index.php\/2023\/05\/25\/festival-tkf-a-vierzon\/\",\"name\":\"Festival TKF \u00e0 Vierzon - Berry Good News\",\"isPartOf\":{\"@id\":\"https:\/\/berrygoodnews.fr\/#website\"},\"primaryImageOfPage\":{\"@id\":\"https:\/\/berrygoodnews.fr\/index.php\/2023\/05\/25\/festival-tkf-a-vierzon\/#primaryimage\"},\"image\":{\"@id\":\"https:\/\/berrygoodnews.fr\/index.php\/2023\/05\/25\/festival-tkf-a-vierzon\/#primaryimage\"},\"thumbnailUrl\":\"https:\/\/i0.wp.com\/berrygoodnews.fr\/wp-content\/uploads\/2023\/05\/WhatsApp-Image-2023-05-19-%C3%A0-17.38.14.jpg?fit=1600%2C1200&ssl=1\",\"datePublished\":\"2023-05-24T22:03:07+00:00\",\"dateModified\":\"2023-05-25T08:22:26+00:00\",\"breadcrumb\":{\"@id\":\"https:\/\/berrygoodnews.fr\/index.php\/2023\/05\/25\/festival-tkf-a-vierzon\/#breadcrumb\"},\"inLanguage\":\"fr-FR\",\"potentialAction\":[{\"@type\":\"ReadAction\",\"target\":[\"https:\/\/berrygoodnews.fr\/index.php\/2023\/05\/25\/festival-tkf-a-vierzon\/\"]}]},{\"@type\":\"ImageObject\",\"inLanguage\":\"fr-FR\",\"@id\":\"https:\/\/berrygoodnews.fr\/index.php\/2023\/05\/25\/festival-tkf-a-vierzon\/#primaryimage\",\"url\":\"https:\/\/i0.wp.com\/berrygoodnews.fr\/wp-content\/uploads\/2023\/05\/WhatsApp-Image-2023-05-19-%C3%A0-17.38.14.jpg?fit=1600%2C1200&ssl=1\",\"contentUrl\":\"https:\/\/i0.wp.com\/berrygoodnews.fr\/wp-content\/uploads\/2023\/05\/WhatsApp-Image-2023-05-19-%C3%A0-17.38.14.jpg?fit=1600%2C1200&ssl=1\",\"width\":1600,\"height\":1200},{\"@type\":\"BreadcrumbList\",\"@id\":\"https:\/\/berrygoodnews.fr\/index.php\/2023\/05\/25\/festival-tkf-a-vierzon\/#breadcrumb\",\"itemListElement\":[{\"@type\":\"ListItem\",\"position\":1,\"name\":\"Accueil\",\"item\":\"https:\/\/berrygoodnews.fr\/\"},{\"@type\":\"ListItem\",\"position\":2,\"name\":\"Festival TKF \u00e0 Vierzon\"}]},{\"@type\":\"WebSite\",\"@id\":\"https:\/\/berrygoodnews.fr\/#website\",\"url\":\"https:\/\/berrygoodnews.fr\/\",\"name\":\"Berry Good News\",\"description\":\"Le Centre En Action\",\"publisher\":{\"@id\":\"https:\/\/berrygoodnews.fr\/#organization\"},\"potentialAction\":[{\"@type\":\"SearchAction\",\"target\":{\"@type\":\"EntryPoint\",\"urlTemplate\":\"https:\/\/berrygoodnews.fr\/?s={search_term_string}\"},\"query-input\":{\"@type\":\"PropertyValueSpecification\",\"valueRequired\":true,\"valueName\":\"search_term_string\"}}],\"inLanguage\":\"fr-FR\"},{\"@type\":\"Organization\",\"@id\":\"https:\/\/berrygoodnews.fr\/#organization\",\"name\":\"Berry Good News\",\"url\":\"https:\/\/berrygoodnews.fr\/\",\"logo\":{\"@type\":\"ImageObject\",\"inLanguage\":\"fr-FR\",\"@id\":\"https:\/\/berrygoodnews.fr\/#\/schema\/logo\/image\/\",\"url\":\"https:\/\/i0.wp.com\/berrygoodnews.fr\/wp-content\/uploads\/2023\/05\/LogoBGNCouleur.png?fit=318%2C181&ssl=1\",\"contentUrl\":\"https:\/\/i0.wp.com\/berrygoodnews.fr\/wp-content\/uploads\/2023\/05\/LogoBGNCouleur.png?fit=318%2C181&ssl=1\",\"width\":318,\"height\":181,\"caption\":\"Berry Good News\"},\"image\":{\"@id\":\"https:\/\/berrygoodnews.fr\/#\/schema\/logo\/image\/\"},\"sameAs\":[\"https:\/\/www.facebook.com\/berrygoodnews\/\",\"https:\/\/www.youtube.com\/channel\/UCdNcluXQMXIRcNvap69zaWg\"]},{\"@type\":\"Person\",\"@id\":\"https:\/\/berrygoodnews.fr\/#\/schema\/person\/6dbdc03bea7806cc92376ffe2fcd047d\",\"name\":\"Berry Good News\",\"image\":{\"@type\":\"ImageObject\",\"inLanguage\":\"fr-FR\",\"@id\":\"https:\/\/berrygoodnews.fr\/#\/schema\/person\/image\/\",\"url\":\"https:\/\/secure.gravatar.com\/avatar\/dc97e2c83b7805754cf833611fb0eaf80fd556a613a9819de1842868762ec883?s=96&d=mm&r=g\",\"contentUrl\":\"https:\/\/secure.gravatar.com\/avatar\/dc97e2c83b7805754cf833611fb0eaf80fd556a613a9819de1842868762ec883?s=96&d=mm&r=g\",\"caption\":\"Berry Good News\"},\"description\":\"Ex-parisienne, qui a choisi de s'installer il y a six ans \u00e0 Vierzon avec une activit\u00e9 de chambres d'h\u00f4tes. J'ai d\u00e9cid\u00e9 de montrer les bonnes initiatives. Je suis tr\u00e8s optimiste car on a beaucoup de talents ici. J'avais envie de changer la vision que certains ont sur la ville.\",\"url\":\"https:\/\/berrygoodnews.fr\/index.php\/author\/hv\/\"}]}<\/script>\n<!-- \/ Yoast SEO plugin. -->","yoast_head_json":{"title":"Festival TKF \u00e0 Vierzon - Berry Good News","robots":{"index":"index","follow":"follow","max-snippet":"max-snippet:-1","max-image-preview":"max-image-preview:large","max-video-preview":"max-video-preview:-1"},"canonical":"https:\/\/berrygoodnews.fr\/index.php\/2023\/05\/25\/festival-tkf-a-vierzon\/","og_locale":"fr_FR","og_type":"article","og_title":"Festival TKF \u00e0 Vierzon - Berry Good News","og_description":"Le Collectif TKF -Tout Konte Fait &#8211; de\u0301veloppe ses activite\u0301s dans huit re\u0301gions de France. Sa dynamique prend appui sur les diffe\u0301rents moyens d&rsquo;expression propres a\u0300 la culture hip-hop. Elle cible un public interge\u0301ne\u0301rationnel en accordant une attention particulie\u0300re aux publics e\u0301loigne\u0301s de toute activite\u0301 artistique et en pr\u00f4nant ainsi une valeur qui lui est &hellip;","og_url":"https:\/\/berrygoodnews.fr\/index.php\/2023\/05\/25\/festival-tkf-a-vierzon\/","og_site_name":"Berry Good News","article_publisher":"https:\/\/www.facebook.com\/berrygoodnews\/","article_published_time":"2023-05-24T22:03:07+00:00","article_modified_time":"2023-05-25T08:22:26+00:00","og_image":[{"width":1600,"height":1200,"url":"https:\/\/i0.wp.com\/berrygoodnews.fr\/wp-content\/uploads\/2023\/05\/WhatsApp-Image-2023-05-19-\u00e0-17.38.14.jpg?fit=1600%2C1200&ssl=1","type":"image\/jpeg"}],"author":"Berry Good News","twitter_card":"summary_large_image","twitter_misc":{"\u00c9crit par":"Berry Good News","Dur\u00e9e de lecture estim\u00e9e":"3 minutes"},"schema":{"@context":"https:\/\/schema.org","@graph":[{"@type":"Article","@id":"https:\/\/berrygoodnews.fr\/index.php\/2023\/05\/25\/festival-tkf-a-vierzon\/#article","isPartOf":{"@id":"https:\/\/berrygoodnews.fr\/index.php\/2023\/05\/25\/festival-tkf-a-vierzon\/"},"author":{"name":"Berry Good News","@id":"https:\/\/berrygoodnews.fr\/#\/schema\/person\/6dbdc03bea7806cc92376ffe2fcd047d"},"headline":"Festival TKF \u00e0 Vierzon","datePublished":"2023-05-24T22:03:07+00:00","dateModified":"2023-05-25T08:22:26+00:00","mainEntityOfPage":{"@id":"https:\/\/berrygoodnews.fr\/index.php\/2023\/05\/25\/festival-tkf-a-vierzon\/"},"wordCount":526,"commentCount":0,"publisher":{"@id":"https:\/\/berrygoodnews.fr\/#organization"},"image":{"@id":"https:\/\/berrygoodnews.fr\/index.php\/2023\/05\/25\/festival-tkf-a-vierzon\/#primaryimage"},"thumbnailUrl":"https:\/\/i0.wp.com\/berrygoodnews.fr\/wp-content\/uploads\/2023\/05\/WhatsApp-Image-2023-05-19-%C3%A0-17.38.14.jpg?fit=1600%2C1200&ssl=1","keywords":["2023","Collectif TKF","festival","vierzon"],"articleSection":["Vierzon et ses Environs","Vivre mieux"],"inLanguage":"fr-FR","potentialAction":[{"@type":"CommentAction","name":"Comment","target":["https:\/\/berrygoodnews.fr\/index.php\/2023\/05\/25\/festival-tkf-a-vierzon\/#respond"]}]},{"@type":"WebPage","@id":"https:\/\/berrygoodnews.fr\/index.php\/2023\/05\/25\/festival-tkf-a-vierzon\/","url":"https:\/\/berrygoodnews.fr\/index.php\/2023\/05\/25\/festival-tkf-a-vierzon\/","name":"Festival TKF \u00e0 Vierzon - Berry Good News","isPartOf":{"@id":"https:\/\/berrygoodnews.fr\/#website"},"primaryImageOfPage":{"@id":"https:\/\/berrygoodnews.fr\/index.php\/2023\/05\/25\/festival-tkf-a-vierzon\/#primaryimage"},"image":{"@id":"https:\/\/berrygoodnews.fr\/index.php\/2023\/05\/25\/festival-tkf-a-vierzon\/#primaryimage"},"thumbnailUrl":"https:\/\/i0.wp.com\/berrygoodnews.fr\/wp-content\/uploads\/2023\/05\/WhatsApp-Image-2023-05-19-%C3%A0-17.38.14.jpg?fit=1600%2C1200&ssl=1","datePublished":"2023-05-24T22:03:07+00:00","dateModified":"2023-05-25T08:22:26+00:00","breadcrumb":{"@id":"https:\/\/berrygoodnews.fr\/index.php\/2023\/05\/25\/festival-tkf-a-vierzon\/#breadcrumb"},"inLanguage":"fr-FR","potentialAction":[{"@type":"ReadAction","target":["https:\/\/berrygoodnews.fr\/index.php\/2023\/05\/25\/festival-tkf-a-vierzon\/"]}]},{"@type":"ImageObject","inLanguage":"fr-FR","@id":"https:\/\/berrygoodnews.fr\/index.php\/2023\/05\/25\/festival-tkf-a-vierzon\/#primaryimage","url":"https:\/\/i0.wp.com\/berrygoodnews.fr\/wp-content\/uploads\/2023\/05\/WhatsApp-Image-2023-05-19-%C3%A0-17.38.14.jpg?fit=1600%2C1200&ssl=1","contentUrl":"https:\/\/i0.wp.com\/berrygoodnews.fr\/wp-content\/uploads\/2023\/05\/WhatsApp-Image-2023-05-19-%C3%A0-17.38.14.jpg?fit=1600%2C1200&ssl=1","width":1600,"height":1200},{"@type":"BreadcrumbList","@id":"https:\/\/berrygoodnews.fr\/index.php\/2023\/05\/25\/festival-tkf-a-vierzon\/#breadcrumb","itemListElement":[{"@type":"ListItem","position":1,"name":"Accueil","item":"https:\/\/berrygoodnews.fr\/"},{"@type":"ListItem","position":2,"name":"Festival TKF \u00e0 Vierzon"}]},{"@type":"WebSite","@id":"https:\/\/berrygoodnews.fr\/#website","url":"https:\/\/berrygoodnews.fr\/","name":"Berry Good News","description":"Le Centre En Action","publisher":{"@id":"https:\/\/berrygoodnews.fr\/#organization"},"potentialAction":[{"@type":"SearchAction","target":{"@type":"EntryPoint","urlTemplate":"https:\/\/berrygoodnews.fr\/?s={search_term_string}"},"query-input":{"@type":"PropertyValueSpecification","valueRequired":true,"valueName":"search_term_string"}}],"inLanguage":"fr-FR"},{"@type":"Organization","@id":"https:\/\/berrygoodnews.fr\/#organization","name":"Berry Good News","url":"https:\/\/berrygoodnews.fr\/","logo":{"@type":"ImageObject","inLanguage":"fr-FR","@id":"https:\/\/berrygoodnews.fr\/#\/schema\/logo\/image\/","url":"https:\/\/i0.wp.com\/berrygoodnews.fr\/wp-content\/uploads\/2023\/05\/LogoBGNCouleur.png?fit=318%2C181&ssl=1","contentUrl":"https:\/\/i0.wp.com\/berrygoodnews.fr\/wp-content\/uploads\/2023\/05\/LogoBGNCouleur.png?fit=318%2C181&ssl=1","width":318,"height":181,"caption":"Berry Good News"},"image":{"@id":"https:\/\/berrygoodnews.fr\/#\/schema\/logo\/image\/"},"sameAs":["https:\/\/www.facebook.com\/berrygoodnews\/","https:\/\/www.youtube.com\/channel\/UCdNcluXQMXIRcNvap69zaWg"]},{"@type":"Person","@id":"https:\/\/berrygoodnews.fr\/#\/schema\/person\/6dbdc03bea7806cc92376ffe2fcd047d","name":"Berry Good News","image":{"@type":"ImageObject","inLanguage":"fr-FR","@id":"https:\/\/berrygoodnews.fr\/#\/schema\/person\/image\/","url":"https:\/\/secure.gravatar.com\/avatar\/dc97e2c83b7805754cf833611fb0eaf80fd556a613a9819de1842868762ec883?s=96&d=mm&r=g","contentUrl":"https:\/\/secure.gravatar.com\/avatar\/dc97e2c83b7805754cf833611fb0eaf80fd556a613a9819de1842868762ec883?s=96&d=mm&r=g","caption":"Berry Good News"},"description":"Ex-parisienne, qui a choisi de s'installer il y a six ans \u00e0 Vierzon avec une activit\u00e9 de chambres d'h\u00f4tes. J'ai d\u00e9cid\u00e9 de montrer les bonnes initiatives. Je suis tr\u00e8s optimiste car on a beaucoup de talents ici. J'avais envie de changer la vision que certains ont sur la ville.","url":"https:\/\/berrygoodnews.fr\/index.php\/author\/hv\/"}]}},"jetpack_publicize_connections":[],"jetpack_featured_media_url":"https:\/\/i0.wp.com\/berrygoodnews.fr\/wp-content\/uploads\/2023\/05\/WhatsApp-Image-2023-05-19-%C3%A0-17.38.14.jpg?fit=1600%2C1200&ssl=1","jetpack_shortlink":"https:\/\/wp.me\/paGqD8-39u","jetpack-related-posts":[],"jetpack_sharing_enabled":true,"_links":{"self":[{"href":"https:\/\/berrygoodnews.fr\/index.php\/wp-json\/wp\/v2\/posts\/12120","targetHints":{"allow":["GET"]}}],"collection":[{"href":"https:\/\/berrygoodnews.fr\/index.php\/wp-json\/wp\/v2\/posts"}],"about":[{"href":"https:\/\/berrygoodnews.fr\/index.php\/wp-json\/wp\/v2\/types\/post"}],"author":[{"embeddable":true,"href":"https:\/\/berrygoodnews.fr\/index.php\/wp-json\/wp\/v2\/users\/2"}],"replies":[{"embeddable":true,"href":"https:\/\/berrygoodnews.fr\/index.php\/wp-json\/wp\/v2\/comments?post=12120"}],"version-history":[{"count":2,"href":"https:\/\/berrygoodnews.fr\/index.php\/wp-json\/wp\/v2\/posts\/12120\/revisions"}],"predecessor-version":[{"id":12135,"href":"https:\/\/berrygoodnews.fr\/index.php\/wp-json\/wp\/v2\/posts\/12120\/revisions\/12135"}],"wp:featuredmedia":[{"embeddable":true,"href":"https:\/\/berrygoodnews.fr\/index.php\/wp-json\/wp\/v2\/media\/12130"}],"wp:attachment":[{"href":"https:\/\/berrygoodnews.fr\/index.php\/wp-json\/wp\/v2\/media?parent=12120"}],"wp:term":[{"taxonomy":"category","embeddable":true,"href":"https:\/\/berrygoodnews.fr\/index.php\/wp-json\/wp\/v2\/categories?post=12120"},{"taxonomy":"post_tag","embeddable":true,"href":"https:\/\/berrygoodnews.fr\/index.php\/wp-json\/wp\/v2\/tags?post=12120"},{"taxonomy":"post_format","embeddable":true,"href":"https:\/\/berrygoodnews.fr\/index.php\/wp-json\/wp\/v2\/post_format?post=12120"},{"taxonomy":"flags","embeddable":true,"href":"https:\/\/berrygoodnews.fr\/index.php\/wp-json\/wp\/v2\/flags?post=12120"}],"curies":[{"name":"wp","href":"https:\/\/api.w.org\/{rel}","templated":true}]}}