{"id":1209,"date":"2017-07-07T18:41:12","date_gmt":"2017-07-07T16:41:12","guid":{"rendered":"https:\/\/berrygoodvierzon.fr\/?p=1209"},"modified":"2023-11-06T17:37:35","modified_gmt":"2023-11-06T16:37:35","slug":"la-picardiere","status":"publish","type":"post","link":"https:\/\/berrygoodnews.fr\/index.php\/2017\/07\/07\/la-picardiere\/","title":{"rendered":"Master Pro &#8211; grand national de dressage \u00e0 la Picardi\u00e8re"},"content":{"rendered":"<div>\n<div id=\"x_divRplyFwdMsg\" dir=\"ltr\">\n<h2 style=\"text-align: center;\"><strong>Dressage \u00e0 la Picardi\u00e8re<\/strong><\/h2>\n<h3 style=\"text-align: center;\">\u00a0A vierzon<\/h3>\n<p>&nbsp;<\/p>\n<p><img data-recalc-dims=\"1\" data-attachment-id=\"1221\" data-permalink=\"https:\/\/berrygoodnews.fr\/logo-picardiere2-2\/\" data-orig-file=\"https:\/\/i0.wp.com\/berrygoodnews.fr\/wp-content\/uploads\/2017\/07\/logo-picardiere2-1.png?fit=110%2C114&amp;ssl=1\" data-orig-size=\"110,114\" data-comments-opened=\"1\" data-image-meta=\"{&quot;aperture&quot;:&quot;0&quot;,&quot;credit&quot;:&quot;&quot;,&quot;camera&quot;:&quot;&quot;,&quot;caption&quot;:&quot;&quot;,&quot;created_timestamp&quot;:&quot;0&quot;,&quot;copyright&quot;:&quot;&quot;,&quot;focal_length&quot;:&quot;0&quot;,&quot;iso&quot;:&quot;0&quot;,&quot;shutter_speed&quot;:&quot;0&quot;,&quot;title&quot;:&quot;&quot;,&quot;orientation&quot;:&quot;0&quot;}\" data-image-title=\"logo-picardiere2\" data-image-description=\"\" data-image-caption=\"\" data-medium-file=\"https:\/\/i0.wp.com\/berrygoodnews.fr\/wp-content\/uploads\/2017\/07\/logo-picardiere2-1.png?fit=110%2C114&amp;ssl=1\" data-large-file=\"https:\/\/i0.wp.com\/berrygoodnews.fr\/wp-content\/uploads\/2017\/07\/logo-picardiere2-1.png?fit=110%2C114&amp;ssl=1\" decoding=\"async\" loading=\"lazy\" class=\"size-full wp-image-1221 aligncenter\" src=\"https:\/\/i0.wp.com\/berrygoodnews.fr\/wp-content\/uploads\/2017\/07\/logo-picardiere2.png?resize=110%2C114\" alt='' width=\"110\" height=\"114\" \/> <img data-recalc-dims=\"1\" data-attachment-id=\"1219\" data-permalink=\"https:\/\/berrygoodnews.fr\/affiche-version\/\" data-orig-file=\"https:\/\/i0.wp.com\/berrygoodnews.fr\/wp-content\/uploads\/2017\/07\/affiche-version.png?fit=500%2C232&amp;ssl=1\" data-orig-size=\"500,232\" data-comments-opened=\"1\" data-image-meta=\"{&quot;aperture&quot;:&quot;0&quot;,&quot;credit&quot;:&quot;&quot;,&quot;camera&quot;:&quot;&quot;,&quot;caption&quot;:&quot;&quot;,&quot;created_timestamp&quot;:&quot;0&quot;,&quot;copyright&quot;:&quot;&quot;,&quot;focal_length&quot;:&quot;0&quot;,&quot;iso&quot;:&quot;0&quot;,&quot;shutter_speed&quot;:&quot;0&quot;,&quot;title&quot;:&quot;&quot;,&quot;orientation&quot;:&quot;0&quot;}\" data-image-title=\"affiche version\" data-image-description=\"\" data-image-caption=\"\" data-medium-file=\"https:\/\/i0.wp.com\/berrygoodnews.fr\/wp-content\/uploads\/2017\/07\/affiche-version.png?fit=300%2C139&amp;ssl=1\" data-large-file=\"https:\/\/i0.wp.com\/berrygoodnews.fr\/wp-content\/uploads\/2017\/07\/affiche-version.png?fit=500%2C232&amp;ssl=1\" decoding=\"async\" loading=\"lazy\" class=\"size-medium wp-image-1219 aligncenter\" src=\"https:\/\/i0.wp.com\/berrygoodnews.fr\/wp-content\/uploads\/2017\/07\/5c40d34d8a9cd_affiche-version-300x139.png?resize=300%2C139\" alt='' width=\"300\" height=\"139\" \/><\/p>\n<\/div>\n<\/div>\n<div class=\"PlainText\" style=\"text-align: center;\"><\/div>\n<div class=\"PlainText\" style=\"text-align: center;\">La manifestation attire chaque ann\u00e9e un public de comp\u00e9titeurs<br \/>\n(cavaliers et accompagnateurs) nombreux, venant de la France enti\u00e8re<br \/>\npour courir le Championnat de France de Dressage dans la cat\u00e9gorie<br \/>\nProfessionnels. La Manifestation est \u00e9galement le support d&rsquo;une \u00e9tape du<br \/>\nCircuit F\u00e9d\u00e9ral Grand National, qui labellise les plus beaux sites de<br \/>\ncomp\u00e9tition en France. Enfin, la comp\u00e9tition est le support de la<br \/>\ns\u00e9lection des jeunes chevaux de 5 et 6 ans qui repr\u00e9senteront la France<br \/>\naux Championnats du Monde pr\u00e9vus en ao\u00fbt \u00e0 Ermelo.<\/div>\n<div class=\"PlainText\" style=\"text-align: center;\"><\/div>\n<div class=\"PlainText\" style=\"text-align: center;\">\n<figure id=\"attachment_1211\" aria-describedby=\"caption-attachment-1211\" style=\"width: 300px\" class=\"wp-caption aligncenter\"><img data-recalc-dims=\"1\" data-attachment-id=\"1211\" data-permalink=\"https:\/\/berrygoodnews.fr\/dressage-chevaux\/\" data-orig-file=\"https:\/\/i0.wp.com\/berrygoodnews.fr\/wp-content\/uploads\/2017\/07\/dressage_chevaux_1499444163.png?fit=1280%2C1132&amp;ssl=1\" data-orig-size=\"1280,1132\" data-comments-opened=\"1\" data-image-meta=\"{&quot;aperture&quot;:&quot;0&quot;,&quot;credit&quot;:&quot;&quot;,&quot;camera&quot;:&quot;&quot;,&quot;caption&quot;:&quot;&quot;,&quot;created_timestamp&quot;:&quot;0&quot;,&quot;copyright&quot;:&quot;&quot;,&quot;focal_length&quot;:&quot;0&quot;,&quot;iso&quot;:&quot;0&quot;,&quot;shutter_speed&quot;:&quot;0&quot;,&quot;title&quot;:&quot;&quot;,&quot;orientation&quot;:&quot;0&quot;}\" data-image-title=\"Dressage, Chevaux\" data-image-description=\"\" data-image-caption=\"&lt;p&gt;&lt;a href=&quot;https:\/\/pixabay.com\/users\/OpenClipart-Vectors\/&quot;&gt;OpenClipart-Vectors&lt;\/a&gt; \/ Pixabay&lt;\/p&gt;\n\" data-medium-file=\"https:\/\/i0.wp.com\/berrygoodnews.fr\/wp-content\/uploads\/2017\/07\/dressage_chevaux_1499444163.png?fit=300%2C265&amp;ssl=1\" data-large-file=\"https:\/\/i0.wp.com\/berrygoodnews.fr\/wp-content\/uploads\/2017\/07\/dressage_chevaux_1499444163.png?fit=850%2C752&amp;ssl=1\" decoding=\"async\" loading=\"lazy\" class=\"size-medium wp-image-1211\" src=\"https:\/\/i0.wp.com\/berrygoodnews.fr\/wp-content\/uploads\/2017\/07\/5c40d34dbd8ce_dressage_chevaux_1499444163-300x265.png?resize=300%2C265\" alt='' width=\"300\" height=\"265\" \/><figcaption id=\"caption-attachment-1211\" class=\"wp-caption-text\"><a href=\"https:\/\/pixabay.com\/users\/OpenClipart-Vectors\/\">OpenClipart-Vectors<\/a> \/ Pixabay<\/figcaption><\/figure>\n<p>Quelques chiffres cl\u00e9s sur la manifestation :<\/p>\n<p>En 2016, environ 700 personnes ont \u00e9t\u00e9 accueillies sur le site pendant<br \/>\nles 4 jours de comp\u00e9tition (cavaliers, propri\u00e9taires, accompagnateurs,<br \/>\n&#8230;). Le programme \u00e9tant \u00e9toff\u00e9 d&rsquo;ann\u00e9es en ann\u00e9es et la comp\u00e9tition<br \/>\nrencontrant un vif succ\u00e8s aupr\u00e8s des sportifs, nous avons cette ann\u00e9e<br \/>\nune participation en hausse : plus de 500 engagements, 250 chevaux<br \/>\naccueillis, 180 cavaliers (soit environ 900 \u00e0 1000 personnes sur le<br \/>\nsite). 30 officiels et 130 b\u00e9n\u00e9voles contribuent \u00e0 la bonne organisation<br \/>\ndu concours cette ann\u00e9e.<\/p>\n<\/div>\n<div class=\"PlainText\" style=\"text-align: center;\">\n<figure id=\"attachment_1213\" aria-describedby=\"caption-attachment-1213\" style=\"width: 300px\" class=\"wp-caption aligncenter\"><img data-recalc-dims=\"1\" data-attachment-id=\"1213\" data-permalink=\"https:\/\/berrygoodnews.fr\/dressage\/\" data-orig-file=\"https:\/\/i0.wp.com\/berrygoodnews.fr\/wp-content\/uploads\/2017\/07\/dressage_1499445598.jpg?fit=1280%2C935&amp;ssl=1\" data-orig-size=\"1280,935\" data-comments-opened=\"1\" data-image-meta=\"{&quot;aperture&quot;:&quot;0&quot;,&quot;credit&quot;:&quot;&quot;,&quot;camera&quot;:&quot;&quot;,&quot;caption&quot;:&quot;&quot;,&quot;created_timestamp&quot;:&quot;0&quot;,&quot;copyright&quot;:&quot;&quot;,&quot;focal_length&quot;:&quot;0&quot;,&quot;iso&quot;:&quot;0&quot;,&quot;shutter_speed&quot;:&quot;0&quot;,&quot;title&quot;:&quot;&quot;,&quot;orientation&quot;:&quot;0&quot;}\" data-image-title=\"Dressage\" data-image-description=\"\" data-image-caption=\"&lt;p&gt;&lt;a href=&quot;https:\/\/pixabay.com\/users\/jackmac34\/&quot;&gt;jackmac34&lt;\/a&gt; \/ Pixabay&lt;\/p&gt;\n\" data-medium-file=\"https:\/\/i0.wp.com\/berrygoodnews.fr\/wp-content\/uploads\/2017\/07\/dressage_1499445598.jpg?fit=300%2C219&amp;ssl=1\" data-large-file=\"https:\/\/i0.wp.com\/berrygoodnews.fr\/wp-content\/uploads\/2017\/07\/dressage_1499445598.jpg?fit=850%2C621&amp;ssl=1\" decoding=\"async\" loading=\"lazy\" class=\"size-medium wp-image-1213\" src=\"https:\/\/i0.wp.com\/berrygoodnews.fr\/wp-content\/uploads\/2017\/07\/5c40d34e1d1e8_dressage_1499445598-300x219.jpg?resize=300%2C219\" alt='' width=\"300\" height=\"219\" \/><figcaption id=\"caption-attachment-1213\" class=\"wp-caption-text\"><a href=\"https:\/\/pixabay.com\/users\/jackmac34\/\">jackmac34<\/a> \/ Pixabay<\/figcaption><\/figure>\n<p>Chaque ann\u00e9e, nous avoisinons les 3000 personnes sur le site en termes<br \/>\nde spectateurs, et esp\u00e9rons cette ann\u00e9e, avec la mise en place d&rsquo;un<br \/>\nvillage enfants gratuit le samedi et le dimanche, attirer encore<br \/>\ndavantage de public.<\/p>\n<p>L&rsquo;\u00e9v\u00e8nement est largement m\u00e9diatis\u00e9, dans la presse locale, mais aussi<br \/>\net surtout dans la presse sp\u00e9cialis\u00e9e avec une visibilit\u00e9 TV sur la<br \/>\ncha\u00eene sp\u00e9cialis\u00e9e Equidia et sur les r\u00e9seaux sociaux, relay\u00e9e par le<br \/>\ncircuit Grand National.<\/p>\n<p>Si vous souhaitez davantage d&rsquo;informations, vous pouvez consulter notre<br \/>\nsite internet :<span style=\"color: #0000ff;\"><strong> <a id=\"LPlnk299529\" style=\"color: #0000ff;\" href=\"http:\/\/www.centre-equestre-vierzon.com\"> www.centre-equestre-vierzon.com<\/a><\/strong><\/span>, rubrique comp\u00e9titions \/<br \/>\nmaster pro. Notre FACEBOOK PROFIL \u00ab\u00a0Dressage Picardi\u00e8re\u00a0\u00bb<br \/>\nMaster Pro &#8211; grand national de dressage \u00e0 la Picardi\u00e8re<\/p>\n<p>&nbsp;<\/p>\n<\/div>\n","protected":false},"excerpt":{"rendered":"<p>Dressage \u00e0 la Picardi\u00e8re \u00a0A vierzon &nbsp; La manifestation attire chaque ann\u00e9e un public de comp\u00e9titeurs (cavaliers et accompagnateurs) nombreux, venant de la France enti\u00e8re pour courir le Championnat de France de Dressage dans la cat\u00e9gorie Professionnels. La Manifestation est \u00e9galement le support d&rsquo;une \u00e9tape du Circuit F\u00e9d\u00e9ral Grand National, qui labellise les plus beaux &hellip;<\/p>\n","protected":false},"author":2,"featured_media":1212,"comment_status":"open","ping_status":"open","sticky":false,"template":"","format":"standard","meta":{"jetpack_post_was_ever_published":false,"_jetpack_newsletter_access":"","_jetpack_dont_email_post_to_subs":false,"_jetpack_newsletter_tier_id":0,"_jetpack_memberships_contains_paywalled_content":false,"_jetpack_memberships_contains_paid_content":false,"footnotes":"","jetpack_publicize_message":"","jetpack_publicize_feature_enabled":true,"jetpack_social_post_already_shared":false,"jetpack_social_options":{"image_generator_settings":{"template":"highway","default_image_id":0,"font":"","enabled":false},"version":2}},"categories":[14],"tags":[28,17,19,21,22,23,129,31,130,131,132,26,27,65],"post_format":[],"flags":[],"class_list":["post-1209","post","type-post","status-publish","format-standard","has-post-thumbnail","hentry","category-vierzon-et-ses-environs","tag-article-berry-republicain","tag-berry-good-vierzon","tag-berrygoodvierzon-fr","tag-centre","tag-changer","tag-cher","tag-dressage","tag-eve-elisabeth-martin","tag-la-picardiere","tag-master-pro","tag-picardiere","tag-region-centre","tag-vierzon","tag-vierzonitude"],"yoast_head":"<!-- This site is optimized with the Yoast SEO plugin v26.8 - https:\/\/yoast.com\/product\/yoast-seo-wordpress\/ -->\n<title>Master Pro - grand national de dressage \u00e0 la Picardi\u00e8re - Berry Good News<\/title>\n<meta name=\"description\" content=\"La manifestation attire chaque ann\u00e9e un public de comp\u00e9titeurs (cavaliers et accompagnateurs) nombreux, venant de la France enti\u00e8re \u00e0 la picardi\u00e8re\" \/>\n<meta name=\"robots\" content=\"index, follow, max-snippet:-1, max-image-preview:large, max-video-preview:-1\" \/>\n<link rel=\"canonical\" href=\"https:\/\/berrygoodnews.fr\/index.php\/2017\/07\/07\/la-picardiere\/\" \/>\n<meta property=\"og:locale\" content=\"fr_FR\" \/>\n<meta property=\"og:type\" content=\"article\" \/>\n<meta property=\"og:title\" content=\"Master Pro - grand national de dressage \u00e0 la Picardi\u00e8re - Berry Good News\" \/>\n<meta property=\"og:description\" content=\"La manifestation attire chaque ann\u00e9e un public de comp\u00e9titeurs (cavaliers et accompagnateurs) nombreux, venant de la France enti\u00e8re \u00e0 la picardi\u00e8re\" \/>\n<meta property=\"og:url\" content=\"https:\/\/berrygoodnews.fr\/index.php\/2017\/07\/07\/la-picardiere\/\" \/>\n<meta property=\"og:site_name\" content=\"Berry Good News\" \/>\n<meta property=\"article:publisher\" content=\"https:\/\/www.facebook.com\/berrygoodnews\/\" \/>\n<meta property=\"article:published_time\" content=\"2017-07-07T16:41:12+00:00\" \/>\n<meta property=\"article:modified_time\" content=\"2023-11-06T16:37:35+00:00\" \/>\n<meta property=\"og:image\" content=\"https:\/\/i0.wp.com\/berrygoodnews.fr\/wp-content\/uploads\/2017\/07\/dressage_chevaux_1499444182.jpg?fit=1280%2C850&ssl=1\" \/>\n\t<meta property=\"og:image:width\" content=\"1280\" \/>\n\t<meta property=\"og:image:height\" content=\"850\" \/>\n\t<meta property=\"og:image:type\" content=\"image\/jpeg\" \/>\n<meta name=\"author\" content=\"Berry Good News\" \/>\n<meta name=\"twitter:card\" content=\"summary_large_image\" \/>\n<meta name=\"twitter:label1\" content=\"\u00c9crit par\" \/>\n\t<meta name=\"twitter:data1\" content=\"Berry Good News\" \/>\n\t<meta name=\"twitter:label2\" content=\"Dur\u00e9e de lecture estim\u00e9e\" \/>\n\t<meta name=\"twitter:data2\" content=\"2 minutes\" \/>\n<script type=\"application\/ld+json\" class=\"yoast-schema-graph\">{\"@context\":\"https:\/\/schema.org\",\"@graph\":[{\"@type\":\"Article\",\"@id\":\"https:\/\/berrygoodnews.fr\/index.php\/2017\/07\/07\/la-picardiere\/#article\",\"isPartOf\":{\"@id\":\"https:\/\/berrygoodnews.fr\/index.php\/2017\/07\/07\/la-picardiere\/\"},\"author\":{\"name\":\"Berry Good News\",\"@id\":\"https:\/\/berrygoodnews.fr\/#\/schema\/person\/6dbdc03bea7806cc92376ffe2fcd047d\"},\"headline\":\"Master Pro &#8211; grand national de dressage \u00e0 la Picardi\u00e8re\",\"datePublished\":\"2017-07-07T16:41:12+00:00\",\"dateModified\":\"2023-11-06T16:37:35+00:00\",\"mainEntityOfPage\":{\"@id\":\"https:\/\/berrygoodnews.fr\/index.php\/2017\/07\/07\/la-picardiere\/\"},\"wordCount\":325,\"commentCount\":0,\"publisher\":{\"@id\":\"https:\/\/berrygoodnews.fr\/#organization\"},\"image\":{\"@id\":\"https:\/\/berrygoodnews.fr\/index.php\/2017\/07\/07\/la-picardiere\/#primaryimage\"},\"thumbnailUrl\":\"https:\/\/i0.wp.com\/berrygoodnews.fr\/wp-content\/uploads\/2017\/07\/dressage_chevaux_1499444182.jpg?fit=1280%2C850&ssl=1\",\"keywords\":[\"article berry republicain\",\"Berry Good Vierzon\",\"berrygoodvierzon.fr\",\"centre\",\"changer\",\"Cher\",\"dressage\",\"Eve- Elisabeth Martin\",\"la Picardi\u00e8re\",\"master-pro\",\"picardiere\",\"region centre\",\"vierzon\",\"Vierzonitude\"],\"articleSection\":[\"Vierzon et ses Environs\"],\"inLanguage\":\"fr-FR\",\"potentialAction\":[{\"@type\":\"CommentAction\",\"name\":\"Comment\",\"target\":[\"https:\/\/berrygoodnews.fr\/index.php\/2017\/07\/07\/la-picardiere\/#respond\"]}]},{\"@type\":\"WebPage\",\"@id\":\"https:\/\/berrygoodnews.fr\/index.php\/2017\/07\/07\/la-picardiere\/\",\"url\":\"https:\/\/berrygoodnews.fr\/index.php\/2017\/07\/07\/la-picardiere\/\",\"name\":\"Master Pro - grand national de dressage \u00e0 la Picardi\u00e8re - Berry Good News\",\"isPartOf\":{\"@id\":\"https:\/\/berrygoodnews.fr\/#website\"},\"primaryImageOfPage\":{\"@id\":\"https:\/\/berrygoodnews.fr\/index.php\/2017\/07\/07\/la-picardiere\/#primaryimage\"},\"image\":{\"@id\":\"https:\/\/berrygoodnews.fr\/index.php\/2017\/07\/07\/la-picardiere\/#primaryimage\"},\"thumbnailUrl\":\"https:\/\/i0.wp.com\/berrygoodnews.fr\/wp-content\/uploads\/2017\/07\/dressage_chevaux_1499444182.jpg?fit=1280%2C850&ssl=1\",\"datePublished\":\"2017-07-07T16:41:12+00:00\",\"dateModified\":\"2023-11-06T16:37:35+00:00\",\"description\":\"La manifestation attire chaque ann\u00e9e un public de comp\u00e9titeurs (cavaliers et accompagnateurs) nombreux, venant de la France enti\u00e8re \u00e0 la picardi\u00e8re\",\"breadcrumb\":{\"@id\":\"https:\/\/berrygoodnews.fr\/index.php\/2017\/07\/07\/la-picardiere\/#breadcrumb\"},\"inLanguage\":\"fr-FR\",\"potentialAction\":[{\"@type\":\"ReadAction\",\"target\":[\"https:\/\/berrygoodnews.fr\/index.php\/2017\/07\/07\/la-picardiere\/\"]}]},{\"@type\":\"ImageObject\",\"inLanguage\":\"fr-FR\",\"@id\":\"https:\/\/berrygoodnews.fr\/index.php\/2017\/07\/07\/la-picardiere\/#primaryimage\",\"url\":\"https:\/\/i0.wp.com\/berrygoodnews.fr\/wp-content\/uploads\/2017\/07\/dressage_chevaux_1499444182.jpg?fit=1280%2C850&ssl=1\",\"contentUrl\":\"https:\/\/i0.wp.com\/berrygoodnews.fr\/wp-content\/uploads\/2017\/07\/dressage_chevaux_1499444182.jpg?fit=1280%2C850&ssl=1\",\"width\":1280,\"height\":850,\"caption\":\"caropat \/ Pixabay\"},{\"@type\":\"BreadcrumbList\",\"@id\":\"https:\/\/berrygoodnews.fr\/index.php\/2017\/07\/07\/la-picardiere\/#breadcrumb\",\"itemListElement\":[{\"@type\":\"ListItem\",\"position\":1,\"name\":\"Accueil\",\"item\":\"https:\/\/berrygoodnews.fr\/\"},{\"@type\":\"ListItem\",\"position\":2,\"name\":\"Master Pro &#8211; grand national de dressage \u00e0 la Picardi\u00e8re\"}]},{\"@type\":\"WebSite\",\"@id\":\"https:\/\/berrygoodnews.fr\/#website\",\"url\":\"https:\/\/berrygoodnews.fr\/\",\"name\":\"Berry Good News\",\"description\":\"Le Centre En Action\",\"publisher\":{\"@id\":\"https:\/\/berrygoodnews.fr\/#organization\"},\"potentialAction\":[{\"@type\":\"SearchAction\",\"target\":{\"@type\":\"EntryPoint\",\"urlTemplate\":\"https:\/\/berrygoodnews.fr\/?s={search_term_string}\"},\"query-input\":{\"@type\":\"PropertyValueSpecification\",\"valueRequired\":true,\"valueName\":\"search_term_string\"}}],\"inLanguage\":\"fr-FR\"},{\"@type\":\"Organization\",\"@id\":\"https:\/\/berrygoodnews.fr\/#organization\",\"name\":\"Berry Good News\",\"url\":\"https:\/\/berrygoodnews.fr\/\",\"logo\":{\"@type\":\"ImageObject\",\"inLanguage\":\"fr-FR\",\"@id\":\"https:\/\/berrygoodnews.fr\/#\/schema\/logo\/image\/\",\"url\":\"https:\/\/i0.wp.com\/berrygoodnews.fr\/wp-content\/uploads\/2023\/05\/LogoBGNCouleur.png?fit=318%2C181&ssl=1\",\"contentUrl\":\"https:\/\/i0.wp.com\/berrygoodnews.fr\/wp-content\/uploads\/2023\/05\/LogoBGNCouleur.png?fit=318%2C181&ssl=1\",\"width\":318,\"height\":181,\"caption\":\"Berry Good News\"},\"image\":{\"@id\":\"https:\/\/berrygoodnews.fr\/#\/schema\/logo\/image\/\"},\"sameAs\":[\"https:\/\/www.facebook.com\/berrygoodnews\/\",\"https:\/\/www.youtube.com\/channel\/UCdNcluXQMXIRcNvap69zaWg\"]},{\"@type\":\"Person\",\"@id\":\"https:\/\/berrygoodnews.fr\/#\/schema\/person\/6dbdc03bea7806cc92376ffe2fcd047d\",\"name\":\"Berry Good News\",\"image\":{\"@type\":\"ImageObject\",\"inLanguage\":\"fr-FR\",\"@id\":\"https:\/\/berrygoodnews.fr\/#\/schema\/person\/image\/\",\"url\":\"https:\/\/secure.gravatar.com\/avatar\/dc97e2c83b7805754cf833611fb0eaf80fd556a613a9819de1842868762ec883?s=96&d=mm&r=g\",\"contentUrl\":\"https:\/\/secure.gravatar.com\/avatar\/dc97e2c83b7805754cf833611fb0eaf80fd556a613a9819de1842868762ec883?s=96&d=mm&r=g\",\"caption\":\"Berry Good News\"},\"description\":\"Ex-parisienne, qui a choisi de s'installer il y a six ans \u00e0 Vierzon avec une activit\u00e9 de chambres d'h\u00f4tes. J'ai d\u00e9cid\u00e9 de montrer les bonnes initiatives. Je suis tr\u00e8s optimiste car on a beaucoup de talents ici. J'avais envie de changer la vision que certains ont sur la ville.\",\"url\":\"https:\/\/berrygoodnews.fr\/index.php\/author\/hv\/\"}]}<\/script>\n<!-- \/ Yoast SEO plugin. -->","yoast_head_json":{"title":"Master Pro - grand national de dressage \u00e0 la Picardi\u00e8re - Berry Good News","description":"La manifestation attire chaque ann\u00e9e un public de comp\u00e9titeurs (cavaliers et accompagnateurs) nombreux, venant de la France enti\u00e8re \u00e0 la picardi\u00e8re","robots":{"index":"index","follow":"follow","max-snippet":"max-snippet:-1","max-image-preview":"max-image-preview:large","max-video-preview":"max-video-preview:-1"},"canonical":"https:\/\/berrygoodnews.fr\/index.php\/2017\/07\/07\/la-picardiere\/","og_locale":"fr_FR","og_type":"article","og_title":"Master Pro - grand national de dressage \u00e0 la Picardi\u00e8re - Berry Good News","og_description":"La manifestation attire chaque ann\u00e9e un public de comp\u00e9titeurs (cavaliers et accompagnateurs) nombreux, venant de la France enti\u00e8re \u00e0 la picardi\u00e8re","og_url":"https:\/\/berrygoodnews.fr\/index.php\/2017\/07\/07\/la-picardiere\/","og_site_name":"Berry Good News","article_publisher":"https:\/\/www.facebook.com\/berrygoodnews\/","article_published_time":"2017-07-07T16:41:12+00:00","article_modified_time":"2023-11-06T16:37:35+00:00","og_image":[{"width":1280,"height":850,"url":"https:\/\/i0.wp.com\/berrygoodnews.fr\/wp-content\/uploads\/2017\/07\/dressage_chevaux_1499444182.jpg?fit=1280%2C850&ssl=1","type":"image\/jpeg"}],"author":"Berry Good News","twitter_card":"summary_large_image","twitter_misc":{"\u00c9crit par":"Berry Good News","Dur\u00e9e de lecture estim\u00e9e":"2 minutes"},"schema":{"@context":"https:\/\/schema.org","@graph":[{"@type":"Article","@id":"https:\/\/berrygoodnews.fr\/index.php\/2017\/07\/07\/la-picardiere\/#article","isPartOf":{"@id":"https:\/\/berrygoodnews.fr\/index.php\/2017\/07\/07\/la-picardiere\/"},"author":{"name":"Berry Good News","@id":"https:\/\/berrygoodnews.fr\/#\/schema\/person\/6dbdc03bea7806cc92376ffe2fcd047d"},"headline":"Master Pro &#8211; grand national de dressage \u00e0 la Picardi\u00e8re","datePublished":"2017-07-07T16:41:12+00:00","dateModified":"2023-11-06T16:37:35+00:00","mainEntityOfPage":{"@id":"https:\/\/berrygoodnews.fr\/index.php\/2017\/07\/07\/la-picardiere\/"},"wordCount":325,"commentCount":0,"publisher":{"@id":"https:\/\/berrygoodnews.fr\/#organization"},"image":{"@id":"https:\/\/berrygoodnews.fr\/index.php\/2017\/07\/07\/la-picardiere\/#primaryimage"},"thumbnailUrl":"https:\/\/i0.wp.com\/berrygoodnews.fr\/wp-content\/uploads\/2017\/07\/dressage_chevaux_1499444182.jpg?fit=1280%2C850&ssl=1","keywords":["article berry republicain","Berry Good Vierzon","berrygoodvierzon.fr","centre","changer","Cher","dressage","Eve- Elisabeth Martin","la Picardi\u00e8re","master-pro","picardiere","region centre","vierzon","Vierzonitude"],"articleSection":["Vierzon et ses Environs"],"inLanguage":"fr-FR","potentialAction":[{"@type":"CommentAction","name":"Comment","target":["https:\/\/berrygoodnews.fr\/index.php\/2017\/07\/07\/la-picardiere\/#respond"]}]},{"@type":"WebPage","@id":"https:\/\/berrygoodnews.fr\/index.php\/2017\/07\/07\/la-picardiere\/","url":"https:\/\/berrygoodnews.fr\/index.php\/2017\/07\/07\/la-picardiere\/","name":"Master Pro - grand national de dressage \u00e0 la Picardi\u00e8re - Berry Good News","isPartOf":{"@id":"https:\/\/berrygoodnews.fr\/#website"},"primaryImageOfPage":{"@id":"https:\/\/berrygoodnews.fr\/index.php\/2017\/07\/07\/la-picardiere\/#primaryimage"},"image":{"@id":"https:\/\/berrygoodnews.fr\/index.php\/2017\/07\/07\/la-picardiere\/#primaryimage"},"thumbnailUrl":"https:\/\/i0.wp.com\/berrygoodnews.fr\/wp-content\/uploads\/2017\/07\/dressage_chevaux_1499444182.jpg?fit=1280%2C850&ssl=1","datePublished":"2017-07-07T16:41:12+00:00","dateModified":"2023-11-06T16:37:35+00:00","description":"La manifestation attire chaque ann\u00e9e un public de comp\u00e9titeurs (cavaliers et accompagnateurs) nombreux, venant de la France enti\u00e8re \u00e0 la picardi\u00e8re","breadcrumb":{"@id":"https:\/\/berrygoodnews.fr\/index.php\/2017\/07\/07\/la-picardiere\/#breadcrumb"},"inLanguage":"fr-FR","potentialAction":[{"@type":"ReadAction","target":["https:\/\/berrygoodnews.fr\/index.php\/2017\/07\/07\/la-picardiere\/"]}]},{"@type":"ImageObject","inLanguage":"fr-FR","@id":"https:\/\/berrygoodnews.fr\/index.php\/2017\/07\/07\/la-picardiere\/#primaryimage","url":"https:\/\/i0.wp.com\/berrygoodnews.fr\/wp-content\/uploads\/2017\/07\/dressage_chevaux_1499444182.jpg?fit=1280%2C850&ssl=1","contentUrl":"https:\/\/i0.wp.com\/berrygoodnews.fr\/wp-content\/uploads\/2017\/07\/dressage_chevaux_1499444182.jpg?fit=1280%2C850&ssl=1","width":1280,"height":850,"caption":"caropat \/ Pixabay"},{"@type":"BreadcrumbList","@id":"https:\/\/berrygoodnews.fr\/index.php\/2017\/07\/07\/la-picardiere\/#breadcrumb","itemListElement":[{"@type":"ListItem","position":1,"name":"Accueil","item":"https:\/\/berrygoodnews.fr\/"},{"@type":"ListItem","position":2,"name":"Master Pro &#8211; grand national de dressage \u00e0 la Picardi\u00e8re"}]},{"@type":"WebSite","@id":"https:\/\/berrygoodnews.fr\/#website","url":"https:\/\/berrygoodnews.fr\/","name":"Berry Good News","description":"Le Centre En Action","publisher":{"@id":"https:\/\/berrygoodnews.fr\/#organization"},"potentialAction":[{"@type":"SearchAction","target":{"@type":"EntryPoint","urlTemplate":"https:\/\/berrygoodnews.fr\/?s={search_term_string}"},"query-input":{"@type":"PropertyValueSpecification","valueRequired":true,"valueName":"search_term_string"}}],"inLanguage":"fr-FR"},{"@type":"Organization","@id":"https:\/\/berrygoodnews.fr\/#organization","name":"Berry Good News","url":"https:\/\/berrygoodnews.fr\/","logo":{"@type":"ImageObject","inLanguage":"fr-FR","@id":"https:\/\/berrygoodnews.fr\/#\/schema\/logo\/image\/","url":"https:\/\/i0.wp.com\/berrygoodnews.fr\/wp-content\/uploads\/2023\/05\/LogoBGNCouleur.png?fit=318%2C181&ssl=1","contentUrl":"https:\/\/i0.wp.com\/berrygoodnews.fr\/wp-content\/uploads\/2023\/05\/LogoBGNCouleur.png?fit=318%2C181&ssl=1","width":318,"height":181,"caption":"Berry Good News"},"image":{"@id":"https:\/\/berrygoodnews.fr\/#\/schema\/logo\/image\/"},"sameAs":["https:\/\/www.facebook.com\/berrygoodnews\/","https:\/\/www.youtube.com\/channel\/UCdNcluXQMXIRcNvap69zaWg"]},{"@type":"Person","@id":"https:\/\/berrygoodnews.fr\/#\/schema\/person\/6dbdc03bea7806cc92376ffe2fcd047d","name":"Berry Good News","image":{"@type":"ImageObject","inLanguage":"fr-FR","@id":"https:\/\/berrygoodnews.fr\/#\/schema\/person\/image\/","url":"https:\/\/secure.gravatar.com\/avatar\/dc97e2c83b7805754cf833611fb0eaf80fd556a613a9819de1842868762ec883?s=96&d=mm&r=g","contentUrl":"https:\/\/secure.gravatar.com\/avatar\/dc97e2c83b7805754cf833611fb0eaf80fd556a613a9819de1842868762ec883?s=96&d=mm&r=g","caption":"Berry Good News"},"description":"Ex-parisienne, qui a choisi de s'installer il y a six ans \u00e0 Vierzon avec une activit\u00e9 de chambres d'h\u00f4tes. J'ai d\u00e9cid\u00e9 de montrer les bonnes initiatives. Je suis tr\u00e8s optimiste car on a beaucoup de talents ici. J'avais envie de changer la vision que certains ont sur la ville.","url":"https:\/\/berrygoodnews.fr\/index.php\/author\/hv\/"}]}},"jetpack_publicize_connections":[],"jetpack_featured_media_url":"https:\/\/i0.wp.com\/berrygoodnews.fr\/wp-content\/uploads\/2017\/07\/dressage_chevaux_1499444182.jpg?fit=1280%2C850&ssl=1","jetpack_shortlink":"https:\/\/wp.me\/paGqD8-jv","jetpack-related-posts":[],"jetpack_sharing_enabled":true,"_links":{"self":[{"href":"https:\/\/berrygoodnews.fr\/index.php\/wp-json\/wp\/v2\/posts\/1209","targetHints":{"allow":["GET"]}}],"collection":[{"href":"https:\/\/berrygoodnews.fr\/index.php\/wp-json\/wp\/v2\/posts"}],"about":[{"href":"https:\/\/berrygoodnews.fr\/index.php\/wp-json\/wp\/v2\/types\/post"}],"author":[{"embeddable":true,"href":"https:\/\/berrygoodnews.fr\/index.php\/wp-json\/wp\/v2\/users\/2"}],"replies":[{"embeddable":true,"href":"https:\/\/berrygoodnews.fr\/index.php\/wp-json\/wp\/v2\/comments?post=1209"}],"version-history":[{"count":2,"href":"https:\/\/berrygoodnews.fr\/index.php\/wp-json\/wp\/v2\/posts\/1209\/revisions"}],"predecessor-version":[{"id":12741,"href":"https:\/\/berrygoodnews.fr\/index.php\/wp-json\/wp\/v2\/posts\/1209\/revisions\/12741"}],"wp:featuredmedia":[{"embeddable":true,"href":"https:\/\/berrygoodnews.fr\/index.php\/wp-json\/wp\/v2\/media\/1212"}],"wp:attachment":[{"href":"https:\/\/berrygoodnews.fr\/index.php\/wp-json\/wp\/v2\/media?parent=1209"}],"wp:term":[{"taxonomy":"category","embeddable":true,"href":"https:\/\/berrygoodnews.fr\/index.php\/wp-json\/wp\/v2\/categories?post=1209"},{"taxonomy":"post_tag","embeddable":true,"href":"https:\/\/berrygoodnews.fr\/index.php\/wp-json\/wp\/v2\/tags?post=1209"},{"taxonomy":"post_format","embeddable":true,"href":"https:\/\/berrygoodnews.fr\/index.php\/wp-json\/wp\/v2\/post_format?post=1209"},{"taxonomy":"flags","embeddable":true,"href":"https:\/\/berrygoodnews.fr\/index.php\/wp-json\/wp\/v2\/flags?post=1209"}],"curies":[{"name":"wp","href":"https:\/\/api.w.org\/{rel}","templated":true}]}}