{"id":11615,"date":"2022-11-24T17:05:02","date_gmt":"2022-11-24T16:05:02","guid":{"rendered":"https:\/\/berrygoodnews.fr\/?p=11615"},"modified":"2022-11-24T17:05:05","modified_gmt":"2022-11-24T16:05:05","slug":"journee-departementale-des-personnes-en-situation-de-handicap","status":"publish","type":"post","link":"https:\/\/berrygoodnews.fr\/index.php\/2022\/11\/24\/journee-departementale-des-personnes-en-situation-de-handicap\/","title":{"rendered":"Journ\u00e9e d\u00e9partementale des personnes en situation de handicap"},"content":{"rendered":"\n<p>\n\nCHER (18)<\/p>\n\n\n\n<figure class=\"wp-block-embed-youtube wp-block-embed is-type-video is-provider-youtube wp-embed-aspect-16-9 wp-has-aspect-ratio\"><div class=\"wp-block-embed__wrapper\">\n<iframe loading=\"lazy\" width=\"850\" height=\"478\" src=\"https:\/\/www.youtube.com\/embed\/BXLqEpgVo5g?feature=oembed\" frameborder=\"0\" allow=\"accelerometer; autoplay; clipboard-write; encrypted-media; gyroscope; picture-in-picture; web-share\" allowfullscreen title=\"Radio re\u00e7oit des intervenants pour les personnes en situation de handicap\"><\/iframe>\n<\/div><\/figure>\n\n\n\n<h2 class=\"wp-block-heading\">Enfance et handicap<\/h2>\n\n\n\n<div class=\"wp-block-image\"><figure class=\"alignleft\"><img data-recalc-dims=\"1\" loading=\"lazy\" decoding=\"async\" width=\"220\" height=\"95\" data-attachment-id=\"11616\" data-permalink=\"https:\/\/berrygoodnews.fr\/index.php\/2022\/11\/24\/journee-departementale-des-personnes-en-situation-de-handicap\/logo-pole-ressources-cher\/\" data-orig-file=\"https:\/\/i0.wp.com\/berrygoodnews.fr\/wp-content\/uploads\/2022\/11\/logo-pole-ressources-cher.png?fit=220%2C95&amp;ssl=1\" data-orig-size=\"220,95\" data-comments-opened=\"1\" data-image-meta=\"{&quot;aperture&quot;:&quot;0&quot;,&quot;credit&quot;:&quot;&quot;,&quot;camera&quot;:&quot;&quot;,&quot;caption&quot;:&quot;&quot;,&quot;created_timestamp&quot;:&quot;0&quot;,&quot;copyright&quot;:&quot;&quot;,&quot;focal_length&quot;:&quot;0&quot;,&quot;iso&quot;:&quot;0&quot;,&quot;shutter_speed&quot;:&quot;0&quot;,&quot;title&quot;:&quot;&quot;,&quot;orientation&quot;:&quot;0&quot;}\" data-image-title=\"logo pole ressources cher\" data-image-description=\"\" data-image-caption=\"\" data-medium-file=\"https:\/\/i0.wp.com\/berrygoodnews.fr\/wp-content\/uploads\/2022\/11\/logo-pole-ressources-cher.png?fit=220%2C95&amp;ssl=1\" data-large-file=\"https:\/\/i0.wp.com\/berrygoodnews.fr\/wp-content\/uploads\/2022\/11\/logo-pole-ressources-cher.png?fit=220%2C95&amp;ssl=1\" src=\"https:\/\/i0.wp.com\/berrygoodnews.fr\/wp-content\/uploads\/2022\/11\/logo-pole-ressources-cher.png?resize=220%2C95&#038;ssl=1\" alt=\"\" class=\"wp-image-11616\"\/><\/figure><\/div>\n\n\n\n<p class=\"has-drop-cap\">Le P\u00f4le ressources 18 propose des actions dans le Cher pour favoriser l\u2019inclusion de l\u2019enfant de moins de 18 ans ayant des besoins particuliers(en situation de handicap, porteur de diff\u00e9rence, atteint de maladie chronique, ayant des troubles du comportement, etc\u2026) et favoriser l&rsquo;accueil au sein des modes de garde et de loisirs : cr\u00e8ches, haltes garderies, assistants maternels, accueil collectif de mineurs sur temps p\u00e9riscolaire ou extrascolaire, colonies de vacances, cours de sport, art, culture &#8230;<\/p>\n\n\n\n<figure class=\"wp-block-image\"><img data-recalc-dims=\"1\" loading=\"lazy\" decoding=\"async\" width=\"850\" height=\"478\" data-attachment-id=\"11619\" data-permalink=\"https:\/\/berrygoodnews.fr\/index.php\/2022\/11\/24\/journee-departementale-des-personnes-en-situation-de-handicap\/vlcsnap-2022-11-24-17h02m29s108\/\" data-orig-file=\"https:\/\/i0.wp.com\/berrygoodnews.fr\/wp-content\/uploads\/2022\/11\/vlcsnap-2022-11-24-17h02m29s108.png?fit=1920%2C1080&amp;ssl=1\" data-orig-size=\"1920,1080\" data-comments-opened=\"1\" data-image-meta=\"{&quot;aperture&quot;:&quot;0&quot;,&quot;credit&quot;:&quot;&quot;,&quot;camera&quot;:&quot;&quot;,&quot;caption&quot;:&quot;&quot;,&quot;created_timestamp&quot;:&quot;0&quot;,&quot;copyright&quot;:&quot;&quot;,&quot;focal_length&quot;:&quot;0&quot;,&quot;iso&quot;:&quot;0&quot;,&quot;shutter_speed&quot;:&quot;0&quot;,&quot;title&quot;:&quot;&quot;,&quot;orientation&quot;:&quot;0&quot;}\" data-image-title=\"vlcsnap-2022-11-24-17h02m29s108\" data-image-description=\"\" data-image-caption=\"\" data-medium-file=\"https:\/\/i0.wp.com\/berrygoodnews.fr\/wp-content\/uploads\/2022\/11\/vlcsnap-2022-11-24-17h02m29s108.png?fit=300%2C169&amp;ssl=1\" data-large-file=\"https:\/\/i0.wp.com\/berrygoodnews.fr\/wp-content\/uploads\/2022\/11\/vlcsnap-2022-11-24-17h02m29s108.png?fit=850%2C478&amp;ssl=1\" src=\"https:\/\/i0.wp.com\/berrygoodnews.fr\/wp-content\/uploads\/2022\/11\/vlcsnap-2022-11-24-17h02m29s108.png?resize=850%2C478&#038;ssl=1\" alt=\"\" class=\"wp-image-11619\" srcset=\"https:\/\/i0.wp.com\/berrygoodnews.fr\/wp-content\/uploads\/2022\/11\/vlcsnap-2022-11-24-17h02m29s108.png?resize=1024%2C576&amp;ssl=1 1024w, https:\/\/i0.wp.com\/berrygoodnews.fr\/wp-content\/uploads\/2022\/11\/vlcsnap-2022-11-24-17h02m29s108.png?resize=300%2C169&amp;ssl=1 300w, https:\/\/i0.wp.com\/berrygoodnews.fr\/wp-content\/uploads\/2022\/11\/vlcsnap-2022-11-24-17h02m29s108.png?resize=768%2C432&amp;ssl=1 768w, https:\/\/i0.wp.com\/berrygoodnews.fr\/wp-content\/uploads\/2022\/11\/vlcsnap-2022-11-24-17h02m29s108.png?resize=845%2C475&amp;ssl=1 845w, https:\/\/i0.wp.com\/berrygoodnews.fr\/wp-content\/uploads\/2022\/11\/vlcsnap-2022-11-24-17h02m29s108.png?resize=1240%2C698&amp;ssl=1 1240w, https:\/\/i0.wp.com\/berrygoodnews.fr\/wp-content\/uploads\/2022\/11\/vlcsnap-2022-11-24-17h02m29s108.png?w=1920&amp;ssl=1 1920w, https:\/\/i0.wp.com\/berrygoodnews.fr\/wp-content\/uploads\/2022\/11\/vlcsnap-2022-11-24-17h02m29s108.png?w=1700&amp;ssl=1 1700w\" sizes=\"auto, (max-width: 850px) 100vw, 850px\" \/><\/figure>\n\n\n\n<p><br>Renseignements :<br>Antoine\u00a0DEHOEST,\u00a0\u00a0coordinateur\u00a0du\u00a0p\u00f4le\u00a0ressources<br><a href=\"mailto:a.dehoest@ligue18.org\">a.dehoest@ligue18.org<\/a>\u00a0&#8211;\u00a0\u00a009\u00a054\u00a091\u00a064\u00a063\u00a0&#8211;\u00a006\u00a074\u00a078\u00a031\u00a060<br>Armelle\u00a0JACOB,\u00a0animatrice\u00a0d\u00e9partementale\u00a0du\u00a0p\u00f4le\u00a0ressources\u00a018<br><a href=\"mailto:poleressources18@ligue18.org\">poleressources18@ligue18.org<\/a>\u00a0&#8211;\u00a009\u00a054\u00a091\u00a064\u00a063-\u00a006\u00a083\u00a089\u00a084\u00a068<br>Facebook\u00a0:\u00a0P\u00f4le\u00a0Ressources\u00a0du\u00a0Cher<br><a rel=\"noreferrer noopener\" href=\"https:\/\/www.enfant-different.org\/sites\/default\/files\/documents\/fichier%20pdf\/Plaquette%20pole%20ressources-Cher.pdf\" target=\"_blank\">Plaquette<\/a><a rel=\"noreferrer noopener\" href=\"https:\/\/www.laliguedelenseignement-18.fr\/inclusion\/\" target=\"_blank\">https:\/\/www.laliguedelenseignement-18.fr\/inclusion\/<\/a><\/p>\n\n\n\n<p style=\"text-align:center\"><strong>Relations avec les animaux et en particulier avec les \u00e2nes pour un rapport  <br> privil\u00e9gi\u00e9 avec les personnes en situation de handicap.<\/strong><\/p>\n\n\n\n<p>  Autrefois l&rsquo;on mettait un enfant au coin avec un chapeau d&rsquo;\u00e2ne et cela ne correspondait pas \u00e0 une punition mais l&rsquo;\u00e2ne \u00e9tait consid\u00e9r\u00e9 comme un animal tr\u00e8s intelligent et en portant ce \u00ab\u00a0bonnet\u00a0\u00bb l&rsquo;enfant pouvait s&rsquo;accaparer l&rsquo;intelligence de ce dernier. Aujourd&rsquo;hui , et cela est une erreur, la bonnet d&rsquo;\u00e2ne est vu \u00e0 tort comme une image n\u00e9gative.<\/p>\n\n\n\n<p><strong>Caract\u00e9ristiques des \u00e2nes et sp\u00e9cificit\u00e9s utiles pour le travail en th\u00e9rapie :\u00a0\u00a0<\/strong><br>On me demande r\u00e9guli\u00e8rement pourquoi nous avons choisi de travailler en th\u00e9rapie avec des \u00e2nes et ce qu&rsquo;ils peuvent bien apporter de sp\u00e9cifique\u00a0par rapport aux chiens, chats ou\u00a0chevaux, plus usuellement rencontr\u00e9s\u00a0en zooth\u00e9rapie. Le choix de l&rsquo;\u00e2ne est fond\u00e9 sur de nombreuses sp\u00e9cificit\u00e9s qui en fait un animal de pr\u00e9dilection pour aborder certaines difficult\u00e9s humaines et le distingue\u00a0des autres animaux. Ci-dessous, l&rsquo;essentiel (tr\u00e8s succinctement)\u00a0des caract\u00e9ristiques de l&rsquo;\u00e2ne sur laquelle la d\u00e9marche th\u00e9rapeutique s&rsquo;appuie. \u00a0<br><strong>Les \u00e2nes\u00a0aiment\u00a0les relations :<\/strong>\u00a0Les \u00e2nes\u00a0sont des animaux gr\u00e9gaires et\u00a0l&rsquo;organisation sociale existe entre eux ( dominance, protection, hi\u00e9rarchie) mais elle est peu structur\u00e9e (contrairement aux chevaux). Ils n&rsquo;aiment donc pas \u00eatre seuls\u00a0et il est indispensable \u00e0 leur\u00a0bien-\u00eatre\u00a0d&rsquo;\u00eatre au moins deux.\u00a0Ils sont ensuite tr\u00e8s difficilement s\u00e9parables la vie en groupe \u00e9tant, pour eux, un facteur d&rsquo;\u00e9quilibre. Ils sont donc assez semblables aux humains, en marquant un grand attachement diff\u00e9renci\u00e9\u00a0envers leur cong\u00e9n\u00e8res et envers les personnes humaines qu&rsquo;ils fr\u00e9quentent. Diff\u00e9renci\u00e9\u00a0au sens qu&rsquo;ils s&rsquo;attachent \u00e0 chaque \u00eatre pour lui-m\u00eame et non pour le fait de ne plus \u00eatre seul. On peut m\u00eame facilement observer le manque, voir\u00a0la d\u00e9chirure que provoque l&rsquo;absence d&rsquo;un \u00eatre auquel ils se sont attach\u00e9s. Cette capacit\u00e9 \u00e0 cr\u00e9er du lien est un point commun avec l&rsquo;humanit\u00e9 qui est\u00a0pr\u00e9cieux\u00a0dans la mesure o\u00f9 ils d\u00e9veloppent un int\u00e9r\u00eat sans cesse renouvel\u00e9 pour de nouvelles rencontres et sont tr\u00e8s prudents et observateurs des attitudes des autres. En quelque\u00a0sorte, ils\u00a0savent qu&rsquo;ils peuvent s&rsquo;attacher et vont faire preuve du prudence\u00a0et de bienveillance dans les nouveaux liens.\u00a0La relation \u00e0 l&rsquo;\u00a0autre\u00a0est donc au coeur du fonctionnement de\u00a0cet animal, ce qui est \u00e9videmment un atout pour le travail en th\u00e9rapie et m\u00e9diation asine car il nous rejoint au plus profond de notre \u00eatre.\u00a0<br><strong>Les \u00e2nes sont tr\u00e8s sensitifs :\u00a0<\/strong>Ce sont des animaux\u00a0curieux qui\u00a0utilisent leur cinq sens pour interagir avec le milieu ext\u00e9rieur et adapter leur\u00a0comportement. Leurs sens sont particuli\u00e8rement d\u00e9velopp\u00e9s. Ils sont capables de rep\u00e9rer une odeur de pomme sur vos mains ou dans votre sac \u00e0 plusieurs m\u00e8tres d&rsquo;eux. Ils ont \u00e9galement une ou\u00efe extr\u00eamement fine et leurs oreilles fonctionnent tel le balayage\u00a0d&rsquo;ondes radars, pour scruter l&rsquo;environnement et obtenir un\u00a0maximum d&rsquo;informations. Leur vue est \u00e9galement tr\u00e8s performante\u00a0rep\u00e9rant bien avant les humains\u00a0un chat \u00e0 plusieurs kilom\u00e8tres, ce qui rend parfois incompr\u00e9hensible un arr\u00eat soudain de l&rsquo;\u00e2ne, regardant au loin ce qui lui semble \u00eatre un danger, sans que nous ne percevions quoique soit.\u00a0\u00a0La litt\u00e9rature ou la science ne d\u00e9crivent pas les autres sens des \u00e2nes (peu document\u00e9s car difficile \u00e0 objectiver)\u00a0mais les \u00e2nes poss\u00e8dent\u00a0d&rsquo;autres sens intuitifs leur permettant de d\u00e9tecter les \u00e9motions, les \u00e9tats int\u00e9rieurs et situations de leurs cong\u00e9n\u00e8res mais \u00e9galement des humains. Cela est\u00a0une des sp\u00e9cificit\u00e9s importantes pour le travail en th\u00e9rapie. IL est donc impossible de tromper un \u00e2ne en arrivant souriant aupr\u00e8s de lui, si ,en r\u00e9alit\u00e9,\u00a0nous sommes\u00a0tendus ou stress\u00e9s. L&rsquo;\u00e2ne, v\u00e9ritable \u00e9ponge \u00e0 \u00e9motions humaines, le d\u00e9tectera sans peine et r\u00e9agira en fonction.\u00a0<br><strong>La grande intelligence des \u00e2nes :\u00a0<\/strong>Les \u00e2nes ont des capacit\u00e9s cognitives tr\u00e8s importantes. Contrairement aux dictons populaires, les \u00e2nes sont tr\u00e8s intelligents et dot\u00e9s de facult\u00e9s d&rsquo;apprentissage, de m\u00e9moire et\u00a0de compr\u00e9hension tout \u00e0 fait impressionnantes. Ils sont bien plus intelligents que les chevaux et \u00e9galement nettement moins craintifs. Ce sont aussi des caract\u00e9ristiques pr\u00e9cieuses pour le travail en th\u00e9rapie ou m\u00e9diation animale car\u00a0un apprentissage, un \u00e9v\u00e9nement, une rencontre restent grav\u00e9s dans leur m\u00e9moire et conditionnent leur comportement. C&rsquo;est\u00a0pourquoi l&rsquo;\u00e2ne et son fameux coup de pied, n&rsquo;arrive jamais par hasard. Il sait qui vous \u00eates, quelle relation vous avez avec lui et l&rsquo;historique des \u00e9v\u00e9nements v\u00e9cus avec vous. Il se souviendra d&rsquo;un pont p\u00e9rilleux, d&rsquo;une odeur d\u00e9plaisante, d&rsquo;une situation d\u00e9licate et il en tiendra compte dans ses choix. Tout comme les \u00eatres humains, ils ont besoin d&rsquo;\u00eatre compris, rejoints et \u00ab\u00a0\u00e9cout\u00e9s\u00a0\u00bb. La th\u00e9rapie repose donc sur cette condition, bilat\u00e9rale, d&rsquo;\u00e9couter et de prendre en compte l&rsquo;ensemble de ce qui constitue l&rsquo;\u00eatre de la personne accueillie et de l&rsquo;\u00e2ne en m\u00e9diation. La probl\u00e9matique est une indication de travail, d\u00e9finissant les approches et objectifs \u00e0 choisir, mais en aucun cas\u00a0nous ne souhaitons r\u00e9duire\u00a0les \u00eatres et la\u00a0relation \u00e0 cette unique donn\u00e9e.\u00a0<br><strong>L&rsquo;\u00e2ne ne fait que ce dont\u00a0il a envie \u00a0:<\/strong>\u00a0Les \u00e2nes sont des animaux qui ne se dressent pas. On obtient leur collaboration par amiti\u00e9 et l&rsquo;on peut alors proc\u00e9der \u00e0 des apprentissages, une \u00e9ducation qu&rsquo;ils acceptent si le lien est bon et qu&rsquo;ils ont envie de nous faire plaisir. Cette qualit\u00e9 de l&rsquo;\u00e2ne est tr\u00e8s pr\u00e9cieuse\u00a0en th\u00e9rapie car , contrairement \u00e0 de nombreux autres animaux utilis\u00e9s en th\u00e9rapie ou m\u00e9diation animale, l&rsquo;\u00e2ne ne peut pas \u00eatre conditionn\u00e9 ou contraint \u00e0 entrer en relation et encore moins \u00e0 s&rsquo;ex\u00e9cuter dans des t\u00e2ches qu&rsquo;il n&rsquo;a pas envie de r\u00e9aliser ( sauf en cas de maltraitance, comme cela a \u00e9t\u00e9 longtemps le cas). C&rsquo;est en partie\u00a0sur cette caract\u00e9ristique que repose la d\u00e9marche th\u00e9rapeutique car rien n&rsquo;est possible avec un \u00e2ne en amont de l&rsquo;instantan\u00e9 de la\u00a0relation. On ne peut pas dresser un \u00e2ne ( comme on pourrait le faire avec un\u00a0chien par exemple) \u00e0 effectuer un rapprochement avec une personne, \u00e0 faire des c\u00e2lins ou m\u00eame accepter d&rsquo;aller se balader. Bien qu&rsquo;il soit \u00e9duqu\u00e9 au centre \u00e0 r\u00e9aliser des parcours, \u00e0 marcher en longe, il ne r\u00e9alise cela que s&rsquo;il en a envie et cela repose le plus souvent sur son envie \u00e0\u00a0nous faire plaisir. C&rsquo;est parce\u00a0qu&rsquo;il a confiance en nous, qu&rsquo;il a cr\u00e9\u00e9 un lien avec nous, qu&rsquo;il aura envie de r\u00e9aliser ce qu&rsquo;on lui demande. Cet aspect de l&rsquo;\u00e2ne est \u00e0 l&rsquo;origine d&rsquo;une partie de sa mauvaise r\u00e9putation, car en effet, il est connu pour se bloquer et refuser tout ce qu&rsquo;on lui demande. En th\u00e9rapie c&rsquo;est un v\u00e9ritable avantage, car les personnes en p\u00e9riode de vuln\u00e9rabilit\u00e9 savent bien \u00e0 quel point la collaboration, la sympathie, l&rsquo;amiti\u00e9 est une source essentielle \u00e0 leur mieux-\u00eatre. Ils sont souvent contraints de prendre des traitements, d&rsquo;accepter de multiples contraintes parfois violente pour le corps et le psychisme. Le comportement de l&rsquo;\u00e2ne est bon mirroir pour nous inviter \u00e0 nous interroger sur nos actions, par sa propre prudence\u00a0et r\u00e9flexion, il nous sugg\u00e8rent l&rsquo;introspection.\u00a0En outre, sa facult\u00e9\u00a0\u00e0 ne jamais outrepasser ses d\u00e9cisions\u00a0renforce en nous notre capacit\u00e9 \u00e0 exercer nos libert\u00e9s.<br><strong>L&rsquo;\u00e2ne pr\u00e9serve sa\u00a0\u00ab\u00a0maison\u00a0\u00bb :<\/strong>\u00a0Les \u00e2nes sont\u00a0\u00ab\u00a0territoriaux\u00a0\u00bb. Quand on\u00a0vient les voir au pr\u00e9, les \u00e2nes, curieux, viennent vers nous. Cependant ils\u00a0n&rsquo;h\u00e9siteront\u00a0pas \u00e0 prot\u00e9ger\u00a0leur espace de vie des intrus ( chiens, chats, renards, etc). Il est d&rsquo;ailleurs plus prudent\u00a0de ne pas laisser entrer des chiens dans l&rsquo;espace des \u00e2nes,\u00a0au risque de voir les \u00e2nes user de leurs sabots pour faire fuir le visiteur. C&rsquo;est une\u00a0sp\u00e9cificit\u00e9 de l&rsquo;\u00e2ne que l&rsquo;on ne soup\u00e7onne pas tant son regard est doux et lui donne un air pacifique en toutes circonstances;\u00a0cependant c&rsquo;est aussi l\u00e0 un \u00e9l\u00e9ment tr\u00e8s int\u00e9ressant pour l&rsquo;accompagnement th\u00e9rapeutique. De quoi avons-nous besoin, en tant qu&rsquo;\u00eatre humain, pour pr\u00e9server notre espace et le d\u00e9fendre des intrusions ? Pouvons-nous apprendre des \u00e2nes \u00e0 rester pacifique et bienveillant envers autrui, ouvert \u00e0 la relation, sans pour autant n\u00e9gliger de prot\u00e9ger son espace de vie essentiel ?<\/p>\n\n\n\n<p><strong>L&rsquo;\u00e2ne est d&rsquo;une grande sagesse:\u00a0<\/strong>C&rsquo;est une des caract\u00e9ristiques sur laquelle nous fondons les prises en soins pour des personnes en difficult\u00e9s psychologiques ( d\u00e9pression, \u00ab\u00a0burn out\u00a0\u00bb) ou dans des approches de type d\u00e9veloppement personnel ( relation \u00e0 soi et \u00e0 l&rsquo;autre, management, etc) car cette sagesse est un guide pour se r\u00e9apprendre ses propres limites. L&rsquo;\u00e2ne est un animal qui r\u00e9fl\u00e9chit beaucoup. On attribue souvent ces blocages \u00e0 un mauvais caract\u00e8re, comme si l&rsquo;\u00e2ne avait des lubies ou des sautes\u00a0d&rsquo;humeur. Or, l&rsquo;\u00e2ne se pose beaucoup de questions et examine le bienfond\u00e9 de ce qu&rsquo;on lui demande. Contrairement aux chevaux ou chiens, il refusera de se mettre en danger inutilement. Il est vraiment difficile de convaincre un \u00e2ne \u00e0 vous suivre dans une situation qu&rsquo;il estime idiote, inutile ou p\u00e9rilleuse. IL n&rsquo;est pas craintif mais il est prudent et il prend le temps de r\u00e9fl\u00e9chir et de sous-peser ce qui est pr\u00e9f\u00e9rable pour moi.\u00a0IL a donc un tr\u00e8s grand respect pour\u00a0ses limites, son confort de\u00a0vie et celui\u00a0de ses cong\u00e9n\u00e8res. C&rsquo;est une aptitude tr\u00e8s int\u00e9ressante, pour nous humains, qui avons tendance \u00e0 nous surmener, \u00e0 nous mettre en situation de danger, en prenant souvent des chemins difficiles. On peut donc, par\u00a0analogie, dans le travail effectu\u00e9 \u00e0 l&rsquo;\u00e2ne, retrouver nos instincts protecteurs et int\u00e9grer ce temps de r\u00e9flexion ( mise \u00e0 distance) par rapport aux exigences que l&rsquo;on re\u00e7oit d&rsquo;autrui.\u00a0 Extrait du site <a href=\"https:\/\/asinotherapie.ch\/a-propos-des-%C3%A2nes\">asinoth\u00e9rapie<\/a><\/p>\n\n\n\n<p><\/p>\n","protected":false},"excerpt":{"rendered":"<p>CHER (18) Enfance et handicap Le P\u00f4le ressources 18 propose des actions dans le Cher pour favoriser l\u2019inclusion de l\u2019enfant de moins de 18 ans ayant des besoins particuliers(en situation de handicap, porteur de diff\u00e9rence, atteint de maladie chronique, ayant des troubles du comportement, etc\u2026) et favoriser l&rsquo;accueil au sein des modes de garde et &hellip;<\/p>\n","protected":false},"author":2,"featured_media":11618,"comment_status":"open","ping_status":"open","sticky":false,"template":"","format":"standard","meta":{"jetpack_post_was_ever_published":false,"_jetpack_newsletter_access":"","_jetpack_dont_email_post_to_subs":false,"_jetpack_newsletter_tier_id":0,"_jetpack_memberships_contains_paywalled_content":false,"_jetpack_memberships_contains_paid_content":false,"footnotes":"","jetpack_publicize_message":"","jetpack_publicize_feature_enabled":true,"jetpack_social_post_already_shared":true,"jetpack_social_options":{"image_generator_settings":{"template":"highway","default_image_id":0,"font":"","enabled":false},"version":2}},"categories":[14,43],"tags":[1673,1674,1671,1340,1672,252,27],"post_format":[],"flags":[],"class_list":["post-11615","post","type-post","status-publish","format-standard","has-post-thumbnail","hentry","category-vierzon-et-ses-environs","category-vous","tag-antoine-dehoest","tag-asinotherapie","tag-danielle-sommier","tag-david-bernard","tag-pole-ressources-18","tag-radio-tintouin","tag-vierzon"],"yoast_head":"<!-- This site is optimized with the Yoast SEO plugin v26.8 - https:\/\/yoast.com\/product\/yoast-seo-wordpress\/ -->\n<title>Journ\u00e9e d\u00e9partementale des personnes en situation de handicap - Berry Good News<\/title>\n<meta name=\"robots\" content=\"index, follow, max-snippet:-1, max-image-preview:large, max-video-preview:-1\" \/>\n<link rel=\"canonical\" href=\"https:\/\/berrygoodnews.fr\/index.php\/2022\/11\/24\/journee-departementale-des-personnes-en-situation-de-handicap\/\" \/>\n<meta property=\"og:locale\" content=\"fr_FR\" \/>\n<meta property=\"og:type\" content=\"article\" \/>\n<meta property=\"og:title\" content=\"Journ\u00e9e d\u00e9partementale des personnes en situation de handicap - Berry Good News\" \/>\n<meta property=\"og:description\" content=\"CHER (18) Enfance et handicap Le P\u00f4le ressources 18 propose des actions dans le Cher pour favoriser l\u2019inclusion de l\u2019enfant de moins de 18 ans ayant des besoins particuliers(en situation de handicap, porteur de diff\u00e9rence, atteint de maladie chronique, ayant des troubles du comportement, etc\u2026) et favoriser l&rsquo;accueil au sein des modes de garde et &hellip;\" \/>\n<meta property=\"og:url\" content=\"https:\/\/berrygoodnews.fr\/index.php\/2022\/11\/24\/journee-departementale-des-personnes-en-situation-de-handicap\/\" \/>\n<meta property=\"og:site_name\" content=\"Berry Good News\" \/>\n<meta property=\"article:publisher\" content=\"https:\/\/www.facebook.com\/berrygoodnews\/\" \/>\n<meta property=\"article:published_time\" content=\"2022-11-24T16:05:02+00:00\" \/>\n<meta property=\"article:modified_time\" content=\"2022-11-24T16:05:05+00:00\" \/>\n<meta property=\"og:image\" content=\"https:\/\/i0.wp.com\/berrygoodnews.fr\/wp-content\/uploads\/2022\/11\/vlcsnap-2022-11-24-17h01m59s531.png?fit=1920%2C1080&ssl=1\" \/>\n\t<meta property=\"og:image:width\" content=\"1920\" \/>\n\t<meta property=\"og:image:height\" content=\"1080\" \/>\n\t<meta property=\"og:image:type\" content=\"image\/png\" \/>\n<meta name=\"author\" content=\"Berry Good News\" \/>\n<meta name=\"twitter:card\" content=\"summary_large_image\" \/>\n<meta name=\"twitter:label1\" content=\"\u00c9crit par\" \/>\n\t<meta name=\"twitter:data1\" content=\"Berry Good News\" \/>\n\t<meta name=\"twitter:label2\" content=\"Dur\u00e9e de lecture estim\u00e9e\" \/>\n\t<meta name=\"twitter:data2\" content=\"9 minutes\" \/>\n<script type=\"application\/ld+json\" class=\"yoast-schema-graph\">{\"@context\":\"https:\/\/schema.org\",\"@graph\":[{\"@type\":\"Article\",\"@id\":\"https:\/\/berrygoodnews.fr\/index.php\/2022\/11\/24\/journee-departementale-des-personnes-en-situation-de-handicap\/#article\",\"isPartOf\":{\"@id\":\"https:\/\/berrygoodnews.fr\/index.php\/2022\/11\/24\/journee-departementale-des-personnes-en-situation-de-handicap\/\"},\"author\":{\"name\":\"Berry Good News\",\"@id\":\"https:\/\/berrygoodnews.fr\/#\/schema\/person\/6dbdc03bea7806cc92376ffe2fcd047d\"},\"headline\":\"Journ\u00e9e d\u00e9partementale des personnes en situation de handicap\",\"datePublished\":\"2022-11-24T16:05:02+00:00\",\"dateModified\":\"2022-11-24T16:05:05+00:00\",\"mainEntityOfPage\":{\"@id\":\"https:\/\/berrygoodnews.fr\/index.php\/2022\/11\/24\/journee-departementale-des-personnes-en-situation-de-handicap\/\"},\"wordCount\":1898,\"commentCount\":0,\"publisher\":{\"@id\":\"https:\/\/berrygoodnews.fr\/#organization\"},\"image\":{\"@id\":\"https:\/\/berrygoodnews.fr\/index.php\/2022\/11\/24\/journee-departementale-des-personnes-en-situation-de-handicap\/#primaryimage\"},\"thumbnailUrl\":\"https:\/\/i0.wp.com\/berrygoodnews.fr\/wp-content\/uploads\/2022\/11\/vlcsnap-2022-11-24-17h01m59s531.png?fit=1920%2C1080&ssl=1\",\"keywords\":[\"Antoine DEHOEST\",\"asinoth\u00e9rapie\",\"danielle sommier\",\"David bernard\",\"pole ressources 18\",\"radio tintouin\",\"vierzon\"],\"articleSection\":[\"Vierzon et ses Environs\",\"Vivre mieux\"],\"inLanguage\":\"fr-FR\",\"potentialAction\":[{\"@type\":\"CommentAction\",\"name\":\"Comment\",\"target\":[\"https:\/\/berrygoodnews.fr\/index.php\/2022\/11\/24\/journee-departementale-des-personnes-en-situation-de-handicap\/#respond\"]}]},{\"@type\":\"WebPage\",\"@id\":\"https:\/\/berrygoodnews.fr\/index.php\/2022\/11\/24\/journee-departementale-des-personnes-en-situation-de-handicap\/\",\"url\":\"https:\/\/berrygoodnews.fr\/index.php\/2022\/11\/24\/journee-departementale-des-personnes-en-situation-de-handicap\/\",\"name\":\"Journ\u00e9e d\u00e9partementale des personnes en situation de handicap - Berry Good News\",\"isPartOf\":{\"@id\":\"https:\/\/berrygoodnews.fr\/#website\"},\"primaryImageOfPage\":{\"@id\":\"https:\/\/berrygoodnews.fr\/index.php\/2022\/11\/24\/journee-departementale-des-personnes-en-situation-de-handicap\/#primaryimage\"},\"image\":{\"@id\":\"https:\/\/berrygoodnews.fr\/index.php\/2022\/11\/24\/journee-departementale-des-personnes-en-situation-de-handicap\/#primaryimage\"},\"thumbnailUrl\":\"https:\/\/i0.wp.com\/berrygoodnews.fr\/wp-content\/uploads\/2022\/11\/vlcsnap-2022-11-24-17h01m59s531.png?fit=1920%2C1080&ssl=1\",\"datePublished\":\"2022-11-24T16:05:02+00:00\",\"dateModified\":\"2022-11-24T16:05:05+00:00\",\"breadcrumb\":{\"@id\":\"https:\/\/berrygoodnews.fr\/index.php\/2022\/11\/24\/journee-departementale-des-personnes-en-situation-de-handicap\/#breadcrumb\"},\"inLanguage\":\"fr-FR\",\"potentialAction\":[{\"@type\":\"ReadAction\",\"target\":[\"https:\/\/berrygoodnews.fr\/index.php\/2022\/11\/24\/journee-departementale-des-personnes-en-situation-de-handicap\/\"]}]},{\"@type\":\"ImageObject\",\"inLanguage\":\"fr-FR\",\"@id\":\"https:\/\/berrygoodnews.fr\/index.php\/2022\/11\/24\/journee-departementale-des-personnes-en-situation-de-handicap\/#primaryimage\",\"url\":\"https:\/\/i0.wp.com\/berrygoodnews.fr\/wp-content\/uploads\/2022\/11\/vlcsnap-2022-11-24-17h01m59s531.png?fit=1920%2C1080&ssl=1\",\"contentUrl\":\"https:\/\/i0.wp.com\/berrygoodnews.fr\/wp-content\/uploads\/2022\/11\/vlcsnap-2022-11-24-17h01m59s531.png?fit=1920%2C1080&ssl=1\",\"width\":1920,\"height\":1080},{\"@type\":\"BreadcrumbList\",\"@id\":\"https:\/\/berrygoodnews.fr\/index.php\/2022\/11\/24\/journee-departementale-des-personnes-en-situation-de-handicap\/#breadcrumb\",\"itemListElement\":[{\"@type\":\"ListItem\",\"position\":1,\"name\":\"Accueil\",\"item\":\"https:\/\/berrygoodnews.fr\/\"},{\"@type\":\"ListItem\",\"position\":2,\"name\":\"Journ\u00e9e d\u00e9partementale des personnes en situation de handicap\"}]},{\"@type\":\"WebSite\",\"@id\":\"https:\/\/berrygoodnews.fr\/#website\",\"url\":\"https:\/\/berrygoodnews.fr\/\",\"name\":\"Berry Good News\",\"description\":\"Le Centre En Action\",\"publisher\":{\"@id\":\"https:\/\/berrygoodnews.fr\/#organization\"},\"potentialAction\":[{\"@type\":\"SearchAction\",\"target\":{\"@type\":\"EntryPoint\",\"urlTemplate\":\"https:\/\/berrygoodnews.fr\/?s={search_term_string}\"},\"query-input\":{\"@type\":\"PropertyValueSpecification\",\"valueRequired\":true,\"valueName\":\"search_term_string\"}}],\"inLanguage\":\"fr-FR\"},{\"@type\":\"Organization\",\"@id\":\"https:\/\/berrygoodnews.fr\/#organization\",\"name\":\"Berry Good News\",\"url\":\"https:\/\/berrygoodnews.fr\/\",\"logo\":{\"@type\":\"ImageObject\",\"inLanguage\":\"fr-FR\",\"@id\":\"https:\/\/berrygoodnews.fr\/#\/schema\/logo\/image\/\",\"url\":\"https:\/\/i0.wp.com\/berrygoodnews.fr\/wp-content\/uploads\/2023\/05\/LogoBGNCouleur.png?fit=318%2C181&ssl=1\",\"contentUrl\":\"https:\/\/i0.wp.com\/berrygoodnews.fr\/wp-content\/uploads\/2023\/05\/LogoBGNCouleur.png?fit=318%2C181&ssl=1\",\"width\":318,\"height\":181,\"caption\":\"Berry Good News\"},\"image\":{\"@id\":\"https:\/\/berrygoodnews.fr\/#\/schema\/logo\/image\/\"},\"sameAs\":[\"https:\/\/www.facebook.com\/berrygoodnews\/\",\"https:\/\/www.youtube.com\/channel\/UCdNcluXQMXIRcNvap69zaWg\"]},{\"@type\":\"Person\",\"@id\":\"https:\/\/berrygoodnews.fr\/#\/schema\/person\/6dbdc03bea7806cc92376ffe2fcd047d\",\"name\":\"Berry Good News\",\"image\":{\"@type\":\"ImageObject\",\"inLanguage\":\"fr-FR\",\"@id\":\"https:\/\/berrygoodnews.fr\/#\/schema\/person\/image\/\",\"url\":\"https:\/\/secure.gravatar.com\/avatar\/dc97e2c83b7805754cf833611fb0eaf80fd556a613a9819de1842868762ec883?s=96&d=mm&r=g\",\"contentUrl\":\"https:\/\/secure.gravatar.com\/avatar\/dc97e2c83b7805754cf833611fb0eaf80fd556a613a9819de1842868762ec883?s=96&d=mm&r=g\",\"caption\":\"Berry Good News\"},\"description\":\"Ex-parisienne, qui a choisi de s'installer il y a six ans \u00e0 Vierzon avec une activit\u00e9 de chambres d'h\u00f4tes. J'ai d\u00e9cid\u00e9 de montrer les bonnes initiatives. Je suis tr\u00e8s optimiste car on a beaucoup de talents ici. J'avais envie de changer la vision que certains ont sur la ville.\",\"url\":\"https:\/\/berrygoodnews.fr\/index.php\/author\/hv\/\"}]}<\/script>\n<!-- \/ Yoast SEO plugin. -->","yoast_head_json":{"title":"Journ\u00e9e d\u00e9partementale des personnes en situation de handicap - Berry Good News","robots":{"index":"index","follow":"follow","max-snippet":"max-snippet:-1","max-image-preview":"max-image-preview:large","max-video-preview":"max-video-preview:-1"},"canonical":"https:\/\/berrygoodnews.fr\/index.php\/2022\/11\/24\/journee-departementale-des-personnes-en-situation-de-handicap\/","og_locale":"fr_FR","og_type":"article","og_title":"Journ\u00e9e d\u00e9partementale des personnes en situation de handicap - Berry Good News","og_description":"CHER (18) Enfance et handicap Le P\u00f4le ressources 18 propose des actions dans le Cher pour favoriser l\u2019inclusion de l\u2019enfant de moins de 18 ans ayant des besoins particuliers(en situation de handicap, porteur de diff\u00e9rence, atteint de maladie chronique, ayant des troubles du comportement, etc\u2026) et favoriser l&rsquo;accueil au sein des modes de garde et &hellip;","og_url":"https:\/\/berrygoodnews.fr\/index.php\/2022\/11\/24\/journee-departementale-des-personnes-en-situation-de-handicap\/","og_site_name":"Berry Good News","article_publisher":"https:\/\/www.facebook.com\/berrygoodnews\/","article_published_time":"2022-11-24T16:05:02+00:00","article_modified_time":"2022-11-24T16:05:05+00:00","og_image":[{"width":1920,"height":1080,"url":"https:\/\/i0.wp.com\/berrygoodnews.fr\/wp-content\/uploads\/2022\/11\/vlcsnap-2022-11-24-17h01m59s531.png?fit=1920%2C1080&ssl=1","type":"image\/png"}],"author":"Berry Good News","twitter_card":"summary_large_image","twitter_misc":{"\u00c9crit par":"Berry Good News","Dur\u00e9e de lecture estim\u00e9e":"9 minutes"},"schema":{"@context":"https:\/\/schema.org","@graph":[{"@type":"Article","@id":"https:\/\/berrygoodnews.fr\/index.php\/2022\/11\/24\/journee-departementale-des-personnes-en-situation-de-handicap\/#article","isPartOf":{"@id":"https:\/\/berrygoodnews.fr\/index.php\/2022\/11\/24\/journee-departementale-des-personnes-en-situation-de-handicap\/"},"author":{"name":"Berry Good News","@id":"https:\/\/berrygoodnews.fr\/#\/schema\/person\/6dbdc03bea7806cc92376ffe2fcd047d"},"headline":"Journ\u00e9e d\u00e9partementale des personnes en situation de handicap","datePublished":"2022-11-24T16:05:02+00:00","dateModified":"2022-11-24T16:05:05+00:00","mainEntityOfPage":{"@id":"https:\/\/berrygoodnews.fr\/index.php\/2022\/11\/24\/journee-departementale-des-personnes-en-situation-de-handicap\/"},"wordCount":1898,"commentCount":0,"publisher":{"@id":"https:\/\/berrygoodnews.fr\/#organization"},"image":{"@id":"https:\/\/berrygoodnews.fr\/index.php\/2022\/11\/24\/journee-departementale-des-personnes-en-situation-de-handicap\/#primaryimage"},"thumbnailUrl":"https:\/\/i0.wp.com\/berrygoodnews.fr\/wp-content\/uploads\/2022\/11\/vlcsnap-2022-11-24-17h01m59s531.png?fit=1920%2C1080&ssl=1","keywords":["Antoine DEHOEST","asinoth\u00e9rapie","danielle sommier","David bernard","pole ressources 18","radio tintouin","vierzon"],"articleSection":["Vierzon et ses Environs","Vivre mieux"],"inLanguage":"fr-FR","potentialAction":[{"@type":"CommentAction","name":"Comment","target":["https:\/\/berrygoodnews.fr\/index.php\/2022\/11\/24\/journee-departementale-des-personnes-en-situation-de-handicap\/#respond"]}]},{"@type":"WebPage","@id":"https:\/\/berrygoodnews.fr\/index.php\/2022\/11\/24\/journee-departementale-des-personnes-en-situation-de-handicap\/","url":"https:\/\/berrygoodnews.fr\/index.php\/2022\/11\/24\/journee-departementale-des-personnes-en-situation-de-handicap\/","name":"Journ\u00e9e d\u00e9partementale des personnes en situation de handicap - Berry Good News","isPartOf":{"@id":"https:\/\/berrygoodnews.fr\/#website"},"primaryImageOfPage":{"@id":"https:\/\/berrygoodnews.fr\/index.php\/2022\/11\/24\/journee-departementale-des-personnes-en-situation-de-handicap\/#primaryimage"},"image":{"@id":"https:\/\/berrygoodnews.fr\/index.php\/2022\/11\/24\/journee-departementale-des-personnes-en-situation-de-handicap\/#primaryimage"},"thumbnailUrl":"https:\/\/i0.wp.com\/berrygoodnews.fr\/wp-content\/uploads\/2022\/11\/vlcsnap-2022-11-24-17h01m59s531.png?fit=1920%2C1080&ssl=1","datePublished":"2022-11-24T16:05:02+00:00","dateModified":"2022-11-24T16:05:05+00:00","breadcrumb":{"@id":"https:\/\/berrygoodnews.fr\/index.php\/2022\/11\/24\/journee-departementale-des-personnes-en-situation-de-handicap\/#breadcrumb"},"inLanguage":"fr-FR","potentialAction":[{"@type":"ReadAction","target":["https:\/\/berrygoodnews.fr\/index.php\/2022\/11\/24\/journee-departementale-des-personnes-en-situation-de-handicap\/"]}]},{"@type":"ImageObject","inLanguage":"fr-FR","@id":"https:\/\/berrygoodnews.fr\/index.php\/2022\/11\/24\/journee-departementale-des-personnes-en-situation-de-handicap\/#primaryimage","url":"https:\/\/i0.wp.com\/berrygoodnews.fr\/wp-content\/uploads\/2022\/11\/vlcsnap-2022-11-24-17h01m59s531.png?fit=1920%2C1080&ssl=1","contentUrl":"https:\/\/i0.wp.com\/berrygoodnews.fr\/wp-content\/uploads\/2022\/11\/vlcsnap-2022-11-24-17h01m59s531.png?fit=1920%2C1080&ssl=1","width":1920,"height":1080},{"@type":"BreadcrumbList","@id":"https:\/\/berrygoodnews.fr\/index.php\/2022\/11\/24\/journee-departementale-des-personnes-en-situation-de-handicap\/#breadcrumb","itemListElement":[{"@type":"ListItem","position":1,"name":"Accueil","item":"https:\/\/berrygoodnews.fr\/"},{"@type":"ListItem","position":2,"name":"Journ\u00e9e d\u00e9partementale des personnes en situation de handicap"}]},{"@type":"WebSite","@id":"https:\/\/berrygoodnews.fr\/#website","url":"https:\/\/berrygoodnews.fr\/","name":"Berry Good News","description":"Le Centre En Action","publisher":{"@id":"https:\/\/berrygoodnews.fr\/#organization"},"potentialAction":[{"@type":"SearchAction","target":{"@type":"EntryPoint","urlTemplate":"https:\/\/berrygoodnews.fr\/?s={search_term_string}"},"query-input":{"@type":"PropertyValueSpecification","valueRequired":true,"valueName":"search_term_string"}}],"inLanguage":"fr-FR"},{"@type":"Organization","@id":"https:\/\/berrygoodnews.fr\/#organization","name":"Berry Good News","url":"https:\/\/berrygoodnews.fr\/","logo":{"@type":"ImageObject","inLanguage":"fr-FR","@id":"https:\/\/berrygoodnews.fr\/#\/schema\/logo\/image\/","url":"https:\/\/i0.wp.com\/berrygoodnews.fr\/wp-content\/uploads\/2023\/05\/LogoBGNCouleur.png?fit=318%2C181&ssl=1","contentUrl":"https:\/\/i0.wp.com\/berrygoodnews.fr\/wp-content\/uploads\/2023\/05\/LogoBGNCouleur.png?fit=318%2C181&ssl=1","width":318,"height":181,"caption":"Berry Good News"},"image":{"@id":"https:\/\/berrygoodnews.fr\/#\/schema\/logo\/image\/"},"sameAs":["https:\/\/www.facebook.com\/berrygoodnews\/","https:\/\/www.youtube.com\/channel\/UCdNcluXQMXIRcNvap69zaWg"]},{"@type":"Person","@id":"https:\/\/berrygoodnews.fr\/#\/schema\/person\/6dbdc03bea7806cc92376ffe2fcd047d","name":"Berry Good News","image":{"@type":"ImageObject","inLanguage":"fr-FR","@id":"https:\/\/berrygoodnews.fr\/#\/schema\/person\/image\/","url":"https:\/\/secure.gravatar.com\/avatar\/dc97e2c83b7805754cf833611fb0eaf80fd556a613a9819de1842868762ec883?s=96&d=mm&r=g","contentUrl":"https:\/\/secure.gravatar.com\/avatar\/dc97e2c83b7805754cf833611fb0eaf80fd556a613a9819de1842868762ec883?s=96&d=mm&r=g","caption":"Berry Good News"},"description":"Ex-parisienne, qui a choisi de s'installer il y a six ans \u00e0 Vierzon avec une activit\u00e9 de chambres d'h\u00f4tes. J'ai d\u00e9cid\u00e9 de montrer les bonnes initiatives. Je suis tr\u00e8s optimiste car on a beaucoup de talents ici. J'avais envie de changer la vision que certains ont sur la ville.","url":"https:\/\/berrygoodnews.fr\/index.php\/author\/hv\/"}]}},"jetpack_publicize_connections":[],"jetpack_featured_media_url":"https:\/\/i0.wp.com\/berrygoodnews.fr\/wp-content\/uploads\/2022\/11\/vlcsnap-2022-11-24-17h01m59s531.png?fit=1920%2C1080&ssl=1","jetpack_shortlink":"https:\/\/wp.me\/paGqD8-31l","jetpack-related-posts":[],"jetpack_sharing_enabled":true,"_links":{"self":[{"href":"https:\/\/berrygoodnews.fr\/index.php\/wp-json\/wp\/v2\/posts\/11615","targetHints":{"allow":["GET"]}}],"collection":[{"href":"https:\/\/berrygoodnews.fr\/index.php\/wp-json\/wp\/v2\/posts"}],"about":[{"href":"https:\/\/berrygoodnews.fr\/index.php\/wp-json\/wp\/v2\/types\/post"}],"author":[{"embeddable":true,"href":"https:\/\/berrygoodnews.fr\/index.php\/wp-json\/wp\/v2\/users\/2"}],"replies":[{"embeddable":true,"href":"https:\/\/berrygoodnews.fr\/index.php\/wp-json\/wp\/v2\/comments?post=11615"}],"version-history":[{"count":2,"href":"https:\/\/berrygoodnews.fr\/index.php\/wp-json\/wp\/v2\/posts\/11615\/revisions"}],"predecessor-version":[{"id":11620,"href":"https:\/\/berrygoodnews.fr\/index.php\/wp-json\/wp\/v2\/posts\/11615\/revisions\/11620"}],"wp:featuredmedia":[{"embeddable":true,"href":"https:\/\/berrygoodnews.fr\/index.php\/wp-json\/wp\/v2\/media\/11618"}],"wp:attachment":[{"href":"https:\/\/berrygoodnews.fr\/index.php\/wp-json\/wp\/v2\/media?parent=11615"}],"wp:term":[{"taxonomy":"category","embeddable":true,"href":"https:\/\/berrygoodnews.fr\/index.php\/wp-json\/wp\/v2\/categories?post=11615"},{"taxonomy":"post_tag","embeddable":true,"href":"https:\/\/berrygoodnews.fr\/index.php\/wp-json\/wp\/v2\/tags?post=11615"},{"taxonomy":"post_format","embeddable":true,"href":"https:\/\/berrygoodnews.fr\/index.php\/wp-json\/wp\/v2\/post_format?post=11615"},{"taxonomy":"flags","embeddable":true,"href":"https:\/\/berrygoodnews.fr\/index.php\/wp-json\/wp\/v2\/flags?post=11615"}],"curies":[{"name":"wp","href":"https:\/\/api.w.org\/{rel}","templated":true}]}}