{"id":11608,"date":"2022-11-21T17:59:40","date_gmt":"2022-11-21T16:59:40","guid":{"rendered":"https:\/\/berrygoodnews.fr\/?p=11608"},"modified":"2022-11-21T18:02:34","modified_gmt":"2022-11-21T17:02:34","slug":"gersende-retrouve-louis-chedid-8-ans-apres-la-1ere-rencontre","status":"publish","type":"post","link":"https:\/\/berrygoodnews.fr\/index.php\/2022\/11\/21\/gersende-retrouve-louis-chedid-8-ans-apres-la-1ere-rencontre\/","title":{"rendered":"Gersende retrouve Louis Ch\u00e9did 8 ans apr\u00e8s la 1ere rencontre"},"content":{"rendered":"\n<figure class=\"wp-block-embed-youtube wp-block-embed is-type-video is-provider-youtube wp-embed-aspect-16-9 wp-has-aspect-ratio\"><div class=\"wp-block-embed__wrapper\">\n<iframe loading=\"lazy\" width=\"850\" height=\"478\" src=\"https:\/\/www.youtube.com\/embed\/ze0Ytx-f-Ak?feature=oembed\" frameborder=\"0\" allow=\"accelerometer; autoplay; clipboard-write; encrypted-media; gyroscope; picture-in-picture; web-share\" allowfullscreen title=\"Je retrouve Louis Ch\u00e9did 8 ans apr\u00e8s \u00eatre mont\u00e9 sur sc\u00e8ne \u00e0 6 ans\"><\/iframe>\n<\/div><\/figure>\n\n\n\n<p class=\"has-drop-cap\"> \u00ab\u00a0j&rsquo;avais 6 ans et comme tous les enfants, j&rsquo;adorais chanter en boucle la com\u00e9die musicale de l&rsquo;\u00e9poque: Le soldat rose. Et un jour de 2014 vient&nbsp; pour une prestation , Louis Ch\u00e9did et ni une ni deux me voil\u00e0 devant la sc\u00e8ne des estivales de Vierzon. Je vocif\u00e9rais comme une diablesse et Louis Ch\u00e9did pour calmer mon ardeur de Fan incontr\u00f4lable me fait monter sur sc\u00e8ne. Et \u00e0 un moment pr\u00e9cis le voil\u00e0 qu&rsquo;il se trompe et au lieu de dire les filles, il dit les gar\u00e7on. Je lui fais savoir illico presto que ce ne sont pas les bonnes paroles et l&rsquo;on me donne un micro que je prends sans plus attendre trop heureuse de chanter avec Louis Ch\u00e9did. Mais \u00e0 cette \u00e9poque je braillais plut\u00f4t que je ne chantais et le pauvre Louis a du supporter ce moment difficile. Mais gentiment il m&rsquo;a f\u00e9licit\u00e9. <\/p>\n\n\n\n<figure class=\"wp-block-image\"><img data-recalc-dims=\"1\" loading=\"lazy\" decoding=\"async\" width=\"850\" height=\"638\" data-attachment-id=\"11609\" data-permalink=\"https:\/\/berrygoodnews.fr\/index.php\/2022\/11\/21\/gersende-retrouve-louis-chedid-8-ans-apres-la-1ere-rencontre\/img_20221119_232453\/\" data-orig-file=\"https:\/\/i0.wp.com\/berrygoodnews.fr\/wp-content\/uploads\/2022\/11\/IMG_20221119_232453.jpg?fit=4000%2C3000&amp;ssl=1\" data-orig-size=\"4000,3000\" data-comments-opened=\"1\" data-image-meta=\"{&quot;aperture&quot;:&quot;1.79&quot;,&quot;credit&quot;:&quot;&quot;,&quot;camera&quot;:&quot;Redmi Note 9S&quot;,&quot;caption&quot;:&quot;&quot;,&quot;created_timestamp&quot;:&quot;1668900294&quot;,&quot;copyright&quot;:&quot;&quot;,&quot;focal_length&quot;:&quot;4.74&quot;,&quot;iso&quot;:&quot;399&quot;,&quot;shutter_speed&quot;:&quot;0.03030303030303&quot;,&quot;title&quot;:&quot;&quot;,&quot;orientation&quot;:&quot;1&quot;}\" data-image-title=\"IMG_20221119_232453\" data-image-description=\"\" data-image-caption=\"\" data-medium-file=\"https:\/\/i0.wp.com\/berrygoodnews.fr\/wp-content\/uploads\/2022\/11\/IMG_20221119_232453.jpg?fit=300%2C225&amp;ssl=1\" data-large-file=\"https:\/\/i0.wp.com\/berrygoodnews.fr\/wp-content\/uploads\/2022\/11\/IMG_20221119_232453.jpg?fit=850%2C638&amp;ssl=1\" src=\"https:\/\/i0.wp.com\/berrygoodnews.fr\/wp-content\/uploads\/2022\/11\/IMG_20221119_232453.jpg?resize=850%2C638&#038;ssl=1\" alt=\"\" class=\"wp-image-11609\" srcset=\"https:\/\/i0.wp.com\/berrygoodnews.fr\/wp-content\/uploads\/2022\/11\/IMG_20221119_232453.jpg?resize=1024%2C768&amp;ssl=1 1024w, https:\/\/i0.wp.com\/berrygoodnews.fr\/wp-content\/uploads\/2022\/11\/IMG_20221119_232453.jpg?resize=300%2C225&amp;ssl=1 300w, https:\/\/i0.wp.com\/berrygoodnews.fr\/wp-content\/uploads\/2022\/11\/IMG_20221119_232453.jpg?resize=768%2C576&amp;ssl=1 768w, https:\/\/i0.wp.com\/berrygoodnews.fr\/wp-content\/uploads\/2022\/11\/IMG_20221119_232453.jpg?resize=845%2C634&amp;ssl=1 845w, https:\/\/i0.wp.com\/berrygoodnews.fr\/wp-content\/uploads\/2022\/11\/IMG_20221119_232453.jpg?w=1700&amp;ssl=1 1700w, https:\/\/i0.wp.com\/berrygoodnews.fr\/wp-content\/uploads\/2022\/11\/IMG_20221119_232453.jpg?w=2550&amp;ssl=1 2550w\" sizes=\"auto, (max-width: 850px) 100vw, 850px\" \/><figcaption><em>Louis et Gersende<\/em><\/figcaption><\/figure>\n\n\n\n<p> Et c&rsquo;est \u00e0 cet instant et je m&rsquo;en souviens encore tr\u00e8s&nbsp; bien, j&rsquo;ai eu comme une r\u00e9v\u00e9lation: je veux devenir chanteuse. Derni\u00e8rement j&rsquo;ai su que Louis Ch\u00e9did devait repasser le 19 Novembre 2022 au Mac Nab pour un tour de chant \u00e0 Vierzon . Alors je devais absolument le remercier car gr\u00e2ce \u00e0 lui j&rsquo;avais compris que le chant \u00e9tait ma vraie vocation. Yvan Cassar m&rsquo;a permis de le retrouver dans les loges et ce fut pour moi un v\u00e9ritable moment de bonheur. J&rsquo;\u00e9tais excit\u00e9e comme une pile atomique. Pour moi ce fut une aventure extraordinaire\u00a0\u00bb, des retrouvailles pleines d&rsquo;\u00e9motion. <\/p>\n\n\n\n<figure class=\"wp-block-image\"><img data-recalc-dims=\"1\" loading=\"lazy\" decoding=\"async\" width=\"850\" height=\"638\" data-attachment-id=\"11610\" data-permalink=\"https:\/\/berrygoodnews.fr\/index.php\/2022\/11\/21\/gersende-retrouve-louis-chedid-8-ans-apres-la-1ere-rencontre\/img_20221119_232519\/\" data-orig-file=\"https:\/\/i0.wp.com\/berrygoodnews.fr\/wp-content\/uploads\/2022\/11\/IMG_20221119_232519.jpg?fit=4000%2C3000&amp;ssl=1\" data-orig-size=\"4000,3000\" data-comments-opened=\"1\" data-image-meta=\"{&quot;aperture&quot;:&quot;1.79&quot;,&quot;credit&quot;:&quot;&quot;,&quot;camera&quot;:&quot;Redmi Note 9S&quot;,&quot;caption&quot;:&quot;&quot;,&quot;created_timestamp&quot;:&quot;1668900320&quot;,&quot;copyright&quot;:&quot;&quot;,&quot;focal_length&quot;:&quot;4.74&quot;,&quot;iso&quot;:&quot;344&quot;,&quot;shutter_speed&quot;:&quot;0.03030303030303&quot;,&quot;title&quot;:&quot;&quot;,&quot;orientation&quot;:&quot;1&quot;}\" data-image-title=\"IMG_20221119_232519\" data-image-description=\"\" data-image-caption=\"\" data-medium-file=\"https:\/\/i0.wp.com\/berrygoodnews.fr\/wp-content\/uploads\/2022\/11\/IMG_20221119_232519.jpg?fit=300%2C225&amp;ssl=1\" data-large-file=\"https:\/\/i0.wp.com\/berrygoodnews.fr\/wp-content\/uploads\/2022\/11\/IMG_20221119_232519.jpg?fit=850%2C638&amp;ssl=1\" src=\"https:\/\/i0.wp.com\/berrygoodnews.fr\/wp-content\/uploads\/2022\/11\/IMG_20221119_232519.jpg?resize=850%2C638&#038;ssl=1\" alt=\"\" class=\"wp-image-11610\" srcset=\"https:\/\/i0.wp.com\/berrygoodnews.fr\/wp-content\/uploads\/2022\/11\/IMG_20221119_232519.jpg?resize=1024%2C768&amp;ssl=1 1024w, https:\/\/i0.wp.com\/berrygoodnews.fr\/wp-content\/uploads\/2022\/11\/IMG_20221119_232519.jpg?resize=300%2C225&amp;ssl=1 300w, https:\/\/i0.wp.com\/berrygoodnews.fr\/wp-content\/uploads\/2022\/11\/IMG_20221119_232519.jpg?resize=768%2C576&amp;ssl=1 768w, https:\/\/i0.wp.com\/berrygoodnews.fr\/wp-content\/uploads\/2022\/11\/IMG_20221119_232519.jpg?resize=845%2C634&amp;ssl=1 845w, https:\/\/i0.wp.com\/berrygoodnews.fr\/wp-content\/uploads\/2022\/11\/IMG_20221119_232519.jpg?w=1700&amp;ssl=1 1700w, https:\/\/i0.wp.com\/berrygoodnews.fr\/wp-content\/uploads\/2022\/11\/IMG_20221119_232519.jpg?w=2550&amp;ssl=1 2550w\" sizes=\"auto, (max-width: 850px) 100vw, 850px\" \/><figcaption><em>Yvan Cassar, Gersende, Louis Ch\u00e9did<\/em><\/figcaption><\/figure>\n","protected":false},"excerpt":{"rendered":"<p>\u00ab\u00a0j&rsquo;avais 6 ans et comme tous les enfants, j&rsquo;adorais chanter en boucle la com\u00e9die musicale de l&rsquo;\u00e9poque: Le soldat rose. Et un jour de 2014 vient&nbsp; pour une prestation , Louis Ch\u00e9did et ni une ni deux me voil\u00e0 devant la sc\u00e8ne des estivales de Vierzon. Je vocif\u00e9rais comme une diablesse et Louis Ch\u00e9did pour &hellip;<\/p>\n","protected":false},"author":2,"featured_media":11612,"comment_status":"open","ping_status":"open","sticky":false,"template":"","format":"standard","meta":{"jetpack_post_was_ever_published":false,"_jetpack_newsletter_access":"","_jetpack_dont_email_post_to_subs":false,"_jetpack_newsletter_tier_id":0,"_jetpack_memberships_contains_paywalled_content":false,"_jetpack_memberships_contains_paid_content":false,"footnotes":"","jetpack_publicize_message":"","jetpack_publicize_feature_enabled":true,"jetpack_social_post_already_shared":true,"jetpack_social_options":{"image_generator_settings":{"template":"highway","default_image_id":0,"font":"","enabled":false},"version":2}},"categories":[14,43],"tags":[629,1668,1670,1228,27,1669],"post_format":[],"flags":[],"class_list":["post-11608","post","type-post","status-publish","format-standard","has-post-thumbnail","hentry","category-vierzon-et-ses-environs","category-vous","tag-gersende","tag-louis-chedid","tag-mac-nab","tag-the-voice-kids","tag-vierzon","tag-yvan-cassar"],"yoast_head":"<!-- This site is optimized with the Yoast SEO plugin v26.8 - https:\/\/yoast.com\/product\/yoast-seo-wordpress\/ -->\n<title>Gersende retrouve Louis Ch\u00e9did 8 ans apr\u00e8s la 1ere rencontre - Berry Good News<\/title>\n<meta name=\"robots\" content=\"index, follow, max-snippet:-1, max-image-preview:large, max-video-preview:-1\" \/>\n<link rel=\"canonical\" href=\"https:\/\/berrygoodnews.fr\/index.php\/2022\/11\/21\/gersende-retrouve-louis-chedid-8-ans-apres-la-1ere-rencontre\/\" \/>\n<meta property=\"og:locale\" content=\"fr_FR\" \/>\n<meta property=\"og:type\" content=\"article\" \/>\n<meta property=\"og:title\" content=\"Gersende retrouve Louis Ch\u00e9did 8 ans apr\u00e8s la 1ere rencontre - Berry Good News\" \/>\n<meta property=\"og:description\" content=\"\u00ab\u00a0j&rsquo;avais 6 ans et comme tous les enfants, j&rsquo;adorais chanter en boucle la com\u00e9die musicale de l&rsquo;\u00e9poque: Le soldat rose. Et un jour de 2014 vient&nbsp; pour une prestation , Louis Ch\u00e9did et ni une ni deux me voil\u00e0 devant la sc\u00e8ne des estivales de Vierzon. Je vocif\u00e9rais comme une diablesse et Louis Ch\u00e9did pour &hellip;\" \/>\n<meta property=\"og:url\" content=\"https:\/\/berrygoodnews.fr\/index.php\/2022\/11\/21\/gersende-retrouve-louis-chedid-8-ans-apres-la-1ere-rencontre\/\" \/>\n<meta property=\"og:site_name\" content=\"Berry Good News\" \/>\n<meta property=\"article:publisher\" content=\"https:\/\/www.facebook.com\/berrygoodnews\/\" \/>\n<meta property=\"article:published_time\" content=\"2022-11-21T16:59:40+00:00\" \/>\n<meta property=\"article:modified_time\" content=\"2022-11-21T17:02:34+00:00\" \/>\n<meta property=\"og:image\" content=\"https:\/\/berrygoodnews.fr\/wp-content\/uploads\/2022\/11\/IMG_20221119_232445-1024x768.jpg\" \/>\n\t<meta property=\"og:image:width\" content=\"1024\" \/>\n\t<meta property=\"og:image:height\" content=\"768\" \/>\n\t<meta property=\"og:image:type\" content=\"image\/jpeg\" \/>\n<meta name=\"author\" content=\"Berry Good News\" \/>\n<meta name=\"twitter:card\" content=\"summary_large_image\" \/>\n<meta name=\"twitter:label1\" content=\"\u00c9crit par\" \/>\n\t<meta name=\"twitter:data1\" content=\"Berry Good News\" \/>\n\t<meta name=\"twitter:label2\" content=\"Dur\u00e9e de lecture estim\u00e9e\" \/>\n\t<meta name=\"twitter:data2\" content=\"1 minute\" \/>\n<script type=\"application\/ld+json\" class=\"yoast-schema-graph\">{\"@context\":\"https:\/\/schema.org\",\"@graph\":[{\"@type\":\"Article\",\"@id\":\"https:\/\/berrygoodnews.fr\/index.php\/2022\/11\/21\/gersende-retrouve-louis-chedid-8-ans-apres-la-1ere-rencontre\/#article\",\"isPartOf\":{\"@id\":\"https:\/\/berrygoodnews.fr\/index.php\/2022\/11\/21\/gersende-retrouve-louis-chedid-8-ans-apres-la-1ere-rencontre\/\"},\"author\":{\"name\":\"Berry Good News\",\"@id\":\"https:\/\/berrygoodnews.fr\/#\/schema\/person\/6dbdc03bea7806cc92376ffe2fcd047d\"},\"headline\":\"Gersende retrouve Louis Ch\u00e9did 8 ans apr\u00e8s la 1ere rencontre\",\"datePublished\":\"2022-11-21T16:59:40+00:00\",\"dateModified\":\"2022-11-21T17:02:34+00:00\",\"mainEntityOfPage\":{\"@id\":\"https:\/\/berrygoodnews.fr\/index.php\/2022\/11\/21\/gersende-retrouve-louis-chedid-8-ans-apres-la-1ere-rencontre\/\"},\"wordCount\":296,\"commentCount\":0,\"publisher\":{\"@id\":\"https:\/\/berrygoodnews.fr\/#organization\"},\"image\":{\"@id\":\"https:\/\/berrygoodnews.fr\/index.php\/2022\/11\/21\/gersende-retrouve-louis-chedid-8-ans-apres-la-1ere-rencontre\/#primaryimage\"},\"thumbnailUrl\":\"https:\/\/i0.wp.com\/berrygoodnews.fr\/wp-content\/uploads\/2022\/11\/IMG_20221119_232445.jpg?fit=4000%2C3000&ssl=1\",\"keywords\":[\"gersende\",\"louis Chedid\",\"mac nab\",\"The Voice Kids\",\"vierzon\",\"yvan Cassar\"],\"articleSection\":[\"Vierzon et ses Environs\",\"Vivre mieux\"],\"inLanguage\":\"fr-FR\",\"potentialAction\":[{\"@type\":\"CommentAction\",\"name\":\"Comment\",\"target\":[\"https:\/\/berrygoodnews.fr\/index.php\/2022\/11\/21\/gersende-retrouve-louis-chedid-8-ans-apres-la-1ere-rencontre\/#respond\"]}]},{\"@type\":\"WebPage\",\"@id\":\"https:\/\/berrygoodnews.fr\/index.php\/2022\/11\/21\/gersende-retrouve-louis-chedid-8-ans-apres-la-1ere-rencontre\/\",\"url\":\"https:\/\/berrygoodnews.fr\/index.php\/2022\/11\/21\/gersende-retrouve-louis-chedid-8-ans-apres-la-1ere-rencontre\/\",\"name\":\"Gersende retrouve Louis Ch\u00e9did 8 ans apr\u00e8s la 1ere rencontre - Berry Good News\",\"isPartOf\":{\"@id\":\"https:\/\/berrygoodnews.fr\/#website\"},\"primaryImageOfPage\":{\"@id\":\"https:\/\/berrygoodnews.fr\/index.php\/2022\/11\/21\/gersende-retrouve-louis-chedid-8-ans-apres-la-1ere-rencontre\/#primaryimage\"},\"image\":{\"@id\":\"https:\/\/berrygoodnews.fr\/index.php\/2022\/11\/21\/gersende-retrouve-louis-chedid-8-ans-apres-la-1ere-rencontre\/#primaryimage\"},\"thumbnailUrl\":\"https:\/\/i0.wp.com\/berrygoodnews.fr\/wp-content\/uploads\/2022\/11\/IMG_20221119_232445.jpg?fit=4000%2C3000&ssl=1\",\"datePublished\":\"2022-11-21T16:59:40+00:00\",\"dateModified\":\"2022-11-21T17:02:34+00:00\",\"breadcrumb\":{\"@id\":\"https:\/\/berrygoodnews.fr\/index.php\/2022\/11\/21\/gersende-retrouve-louis-chedid-8-ans-apres-la-1ere-rencontre\/#breadcrumb\"},\"inLanguage\":\"fr-FR\",\"potentialAction\":[{\"@type\":\"ReadAction\",\"target\":[\"https:\/\/berrygoodnews.fr\/index.php\/2022\/11\/21\/gersende-retrouve-louis-chedid-8-ans-apres-la-1ere-rencontre\/\"]}]},{\"@type\":\"ImageObject\",\"inLanguage\":\"fr-FR\",\"@id\":\"https:\/\/berrygoodnews.fr\/index.php\/2022\/11\/21\/gersende-retrouve-louis-chedid-8-ans-apres-la-1ere-rencontre\/#primaryimage\",\"url\":\"https:\/\/i0.wp.com\/berrygoodnews.fr\/wp-content\/uploads\/2022\/11\/IMG_20221119_232445.jpg?fit=4000%2C3000&ssl=1\",\"contentUrl\":\"https:\/\/i0.wp.com\/berrygoodnews.fr\/wp-content\/uploads\/2022\/11\/IMG_20221119_232445.jpg?fit=4000%2C3000&ssl=1\",\"width\":4000,\"height\":3000},{\"@type\":\"BreadcrumbList\",\"@id\":\"https:\/\/berrygoodnews.fr\/index.php\/2022\/11\/21\/gersende-retrouve-louis-chedid-8-ans-apres-la-1ere-rencontre\/#breadcrumb\",\"itemListElement\":[{\"@type\":\"ListItem\",\"position\":1,\"name\":\"Accueil\",\"item\":\"https:\/\/berrygoodnews.fr\/\"},{\"@type\":\"ListItem\",\"position\":2,\"name\":\"Gersende retrouve Louis Ch\u00e9did 8 ans apr\u00e8s la 1ere rencontre\"}]},{\"@type\":\"WebSite\",\"@id\":\"https:\/\/berrygoodnews.fr\/#website\",\"url\":\"https:\/\/berrygoodnews.fr\/\",\"name\":\"Berry Good News\",\"description\":\"Le Centre En Action\",\"publisher\":{\"@id\":\"https:\/\/berrygoodnews.fr\/#organization\"},\"potentialAction\":[{\"@type\":\"SearchAction\",\"target\":{\"@type\":\"EntryPoint\",\"urlTemplate\":\"https:\/\/berrygoodnews.fr\/?s={search_term_string}\"},\"query-input\":{\"@type\":\"PropertyValueSpecification\",\"valueRequired\":true,\"valueName\":\"search_term_string\"}}],\"inLanguage\":\"fr-FR\"},{\"@type\":\"Organization\",\"@id\":\"https:\/\/berrygoodnews.fr\/#organization\",\"name\":\"Berry Good News\",\"url\":\"https:\/\/berrygoodnews.fr\/\",\"logo\":{\"@type\":\"ImageObject\",\"inLanguage\":\"fr-FR\",\"@id\":\"https:\/\/berrygoodnews.fr\/#\/schema\/logo\/image\/\",\"url\":\"https:\/\/i0.wp.com\/berrygoodnews.fr\/wp-content\/uploads\/2023\/05\/LogoBGNCouleur.png?fit=318%2C181&ssl=1\",\"contentUrl\":\"https:\/\/i0.wp.com\/berrygoodnews.fr\/wp-content\/uploads\/2023\/05\/LogoBGNCouleur.png?fit=318%2C181&ssl=1\",\"width\":318,\"height\":181,\"caption\":\"Berry Good News\"},\"image\":{\"@id\":\"https:\/\/berrygoodnews.fr\/#\/schema\/logo\/image\/\"},\"sameAs\":[\"https:\/\/www.facebook.com\/berrygoodnews\/\",\"https:\/\/www.youtube.com\/channel\/UCdNcluXQMXIRcNvap69zaWg\"]},{\"@type\":\"Person\",\"@id\":\"https:\/\/berrygoodnews.fr\/#\/schema\/person\/6dbdc03bea7806cc92376ffe2fcd047d\",\"name\":\"Berry Good News\",\"image\":{\"@type\":\"ImageObject\",\"inLanguage\":\"fr-FR\",\"@id\":\"https:\/\/berrygoodnews.fr\/#\/schema\/person\/image\/\",\"url\":\"https:\/\/secure.gravatar.com\/avatar\/dc97e2c83b7805754cf833611fb0eaf80fd556a613a9819de1842868762ec883?s=96&d=mm&r=g\",\"contentUrl\":\"https:\/\/secure.gravatar.com\/avatar\/dc97e2c83b7805754cf833611fb0eaf80fd556a613a9819de1842868762ec883?s=96&d=mm&r=g\",\"caption\":\"Berry Good News\"},\"description\":\"Ex-parisienne, qui a choisi de s'installer il y a six ans \u00e0 Vierzon avec une activit\u00e9 de chambres d'h\u00f4tes. J'ai d\u00e9cid\u00e9 de montrer les bonnes initiatives. Je suis tr\u00e8s optimiste car on a beaucoup de talents ici. J'avais envie de changer la vision que certains ont sur la ville.\",\"url\":\"https:\/\/berrygoodnews.fr\/index.php\/author\/hv\/\"}]}<\/script>\n<!-- \/ Yoast SEO plugin. -->","yoast_head_json":{"title":"Gersende retrouve Louis Ch\u00e9did 8 ans apr\u00e8s la 1ere rencontre - Berry Good News","robots":{"index":"index","follow":"follow","max-snippet":"max-snippet:-1","max-image-preview":"max-image-preview:large","max-video-preview":"max-video-preview:-1"},"canonical":"https:\/\/berrygoodnews.fr\/index.php\/2022\/11\/21\/gersende-retrouve-louis-chedid-8-ans-apres-la-1ere-rencontre\/","og_locale":"fr_FR","og_type":"article","og_title":"Gersende retrouve Louis Ch\u00e9did 8 ans apr\u00e8s la 1ere rencontre - Berry Good News","og_description":"\u00ab\u00a0j&rsquo;avais 6 ans et comme tous les enfants, j&rsquo;adorais chanter en boucle la com\u00e9die musicale de l&rsquo;\u00e9poque: Le soldat rose. Et un jour de 2014 vient&nbsp; pour une prestation , Louis Ch\u00e9did et ni une ni deux me voil\u00e0 devant la sc\u00e8ne des estivales de Vierzon. Je vocif\u00e9rais comme une diablesse et Louis Ch\u00e9did pour &hellip;","og_url":"https:\/\/berrygoodnews.fr\/index.php\/2022\/11\/21\/gersende-retrouve-louis-chedid-8-ans-apres-la-1ere-rencontre\/","og_site_name":"Berry Good News","article_publisher":"https:\/\/www.facebook.com\/berrygoodnews\/","article_published_time":"2022-11-21T16:59:40+00:00","article_modified_time":"2022-11-21T17:02:34+00:00","og_image":[{"width":1024,"height":768,"url":"https:\/\/berrygoodnews.fr\/wp-content\/uploads\/2022\/11\/IMG_20221119_232445-1024x768.jpg","type":"image\/jpeg"}],"author":"Berry Good News","twitter_card":"summary_large_image","twitter_misc":{"\u00c9crit par":"Berry Good News","Dur\u00e9e de lecture estim\u00e9e":"1 minute"},"schema":{"@context":"https:\/\/schema.org","@graph":[{"@type":"Article","@id":"https:\/\/berrygoodnews.fr\/index.php\/2022\/11\/21\/gersende-retrouve-louis-chedid-8-ans-apres-la-1ere-rencontre\/#article","isPartOf":{"@id":"https:\/\/berrygoodnews.fr\/index.php\/2022\/11\/21\/gersende-retrouve-louis-chedid-8-ans-apres-la-1ere-rencontre\/"},"author":{"name":"Berry Good News","@id":"https:\/\/berrygoodnews.fr\/#\/schema\/person\/6dbdc03bea7806cc92376ffe2fcd047d"},"headline":"Gersende retrouve Louis Ch\u00e9did 8 ans apr\u00e8s la 1ere rencontre","datePublished":"2022-11-21T16:59:40+00:00","dateModified":"2022-11-21T17:02:34+00:00","mainEntityOfPage":{"@id":"https:\/\/berrygoodnews.fr\/index.php\/2022\/11\/21\/gersende-retrouve-louis-chedid-8-ans-apres-la-1ere-rencontre\/"},"wordCount":296,"commentCount":0,"publisher":{"@id":"https:\/\/berrygoodnews.fr\/#organization"},"image":{"@id":"https:\/\/berrygoodnews.fr\/index.php\/2022\/11\/21\/gersende-retrouve-louis-chedid-8-ans-apres-la-1ere-rencontre\/#primaryimage"},"thumbnailUrl":"https:\/\/i0.wp.com\/berrygoodnews.fr\/wp-content\/uploads\/2022\/11\/IMG_20221119_232445.jpg?fit=4000%2C3000&ssl=1","keywords":["gersende","louis Chedid","mac nab","The Voice Kids","vierzon","yvan Cassar"],"articleSection":["Vierzon et ses Environs","Vivre mieux"],"inLanguage":"fr-FR","potentialAction":[{"@type":"CommentAction","name":"Comment","target":["https:\/\/berrygoodnews.fr\/index.php\/2022\/11\/21\/gersende-retrouve-louis-chedid-8-ans-apres-la-1ere-rencontre\/#respond"]}]},{"@type":"WebPage","@id":"https:\/\/berrygoodnews.fr\/index.php\/2022\/11\/21\/gersende-retrouve-louis-chedid-8-ans-apres-la-1ere-rencontre\/","url":"https:\/\/berrygoodnews.fr\/index.php\/2022\/11\/21\/gersende-retrouve-louis-chedid-8-ans-apres-la-1ere-rencontre\/","name":"Gersende retrouve Louis Ch\u00e9did 8 ans apr\u00e8s la 1ere rencontre - Berry Good News","isPartOf":{"@id":"https:\/\/berrygoodnews.fr\/#website"},"primaryImageOfPage":{"@id":"https:\/\/berrygoodnews.fr\/index.php\/2022\/11\/21\/gersende-retrouve-louis-chedid-8-ans-apres-la-1ere-rencontre\/#primaryimage"},"image":{"@id":"https:\/\/berrygoodnews.fr\/index.php\/2022\/11\/21\/gersende-retrouve-louis-chedid-8-ans-apres-la-1ere-rencontre\/#primaryimage"},"thumbnailUrl":"https:\/\/i0.wp.com\/berrygoodnews.fr\/wp-content\/uploads\/2022\/11\/IMG_20221119_232445.jpg?fit=4000%2C3000&ssl=1","datePublished":"2022-11-21T16:59:40+00:00","dateModified":"2022-11-21T17:02:34+00:00","breadcrumb":{"@id":"https:\/\/berrygoodnews.fr\/index.php\/2022\/11\/21\/gersende-retrouve-louis-chedid-8-ans-apres-la-1ere-rencontre\/#breadcrumb"},"inLanguage":"fr-FR","potentialAction":[{"@type":"ReadAction","target":["https:\/\/berrygoodnews.fr\/index.php\/2022\/11\/21\/gersende-retrouve-louis-chedid-8-ans-apres-la-1ere-rencontre\/"]}]},{"@type":"ImageObject","inLanguage":"fr-FR","@id":"https:\/\/berrygoodnews.fr\/index.php\/2022\/11\/21\/gersende-retrouve-louis-chedid-8-ans-apres-la-1ere-rencontre\/#primaryimage","url":"https:\/\/i0.wp.com\/berrygoodnews.fr\/wp-content\/uploads\/2022\/11\/IMG_20221119_232445.jpg?fit=4000%2C3000&ssl=1","contentUrl":"https:\/\/i0.wp.com\/berrygoodnews.fr\/wp-content\/uploads\/2022\/11\/IMG_20221119_232445.jpg?fit=4000%2C3000&ssl=1","width":4000,"height":3000},{"@type":"BreadcrumbList","@id":"https:\/\/berrygoodnews.fr\/index.php\/2022\/11\/21\/gersende-retrouve-louis-chedid-8-ans-apres-la-1ere-rencontre\/#breadcrumb","itemListElement":[{"@type":"ListItem","position":1,"name":"Accueil","item":"https:\/\/berrygoodnews.fr\/"},{"@type":"ListItem","position":2,"name":"Gersende retrouve Louis Ch\u00e9did 8 ans apr\u00e8s la 1ere rencontre"}]},{"@type":"WebSite","@id":"https:\/\/berrygoodnews.fr\/#website","url":"https:\/\/berrygoodnews.fr\/","name":"Berry Good News","description":"Le Centre En Action","publisher":{"@id":"https:\/\/berrygoodnews.fr\/#organization"},"potentialAction":[{"@type":"SearchAction","target":{"@type":"EntryPoint","urlTemplate":"https:\/\/berrygoodnews.fr\/?s={search_term_string}"},"query-input":{"@type":"PropertyValueSpecification","valueRequired":true,"valueName":"search_term_string"}}],"inLanguage":"fr-FR"},{"@type":"Organization","@id":"https:\/\/berrygoodnews.fr\/#organization","name":"Berry Good News","url":"https:\/\/berrygoodnews.fr\/","logo":{"@type":"ImageObject","inLanguage":"fr-FR","@id":"https:\/\/berrygoodnews.fr\/#\/schema\/logo\/image\/","url":"https:\/\/i0.wp.com\/berrygoodnews.fr\/wp-content\/uploads\/2023\/05\/LogoBGNCouleur.png?fit=318%2C181&ssl=1","contentUrl":"https:\/\/i0.wp.com\/berrygoodnews.fr\/wp-content\/uploads\/2023\/05\/LogoBGNCouleur.png?fit=318%2C181&ssl=1","width":318,"height":181,"caption":"Berry Good News"},"image":{"@id":"https:\/\/berrygoodnews.fr\/#\/schema\/logo\/image\/"},"sameAs":["https:\/\/www.facebook.com\/berrygoodnews\/","https:\/\/www.youtube.com\/channel\/UCdNcluXQMXIRcNvap69zaWg"]},{"@type":"Person","@id":"https:\/\/berrygoodnews.fr\/#\/schema\/person\/6dbdc03bea7806cc92376ffe2fcd047d","name":"Berry Good News","image":{"@type":"ImageObject","inLanguage":"fr-FR","@id":"https:\/\/berrygoodnews.fr\/#\/schema\/person\/image\/","url":"https:\/\/secure.gravatar.com\/avatar\/dc97e2c83b7805754cf833611fb0eaf80fd556a613a9819de1842868762ec883?s=96&d=mm&r=g","contentUrl":"https:\/\/secure.gravatar.com\/avatar\/dc97e2c83b7805754cf833611fb0eaf80fd556a613a9819de1842868762ec883?s=96&d=mm&r=g","caption":"Berry Good News"},"description":"Ex-parisienne, qui a choisi de s'installer il y a six ans \u00e0 Vierzon avec une activit\u00e9 de chambres d'h\u00f4tes. J'ai d\u00e9cid\u00e9 de montrer les bonnes initiatives. Je suis tr\u00e8s optimiste car on a beaucoup de talents ici. J'avais envie de changer la vision que certains ont sur la ville.","url":"https:\/\/berrygoodnews.fr\/index.php\/author\/hv\/"}]}},"jetpack_publicize_connections":[],"jetpack_featured_media_url":"https:\/\/i0.wp.com\/berrygoodnews.fr\/wp-content\/uploads\/2022\/11\/IMG_20221119_232445.jpg?fit=4000%2C3000&ssl=1","jetpack_shortlink":"https:\/\/wp.me\/paGqD8-31e","jetpack-related-posts":[],"jetpack_sharing_enabled":true,"_links":{"self":[{"href":"https:\/\/berrygoodnews.fr\/index.php\/wp-json\/wp\/v2\/posts\/11608","targetHints":{"allow":["GET"]}}],"collection":[{"href":"https:\/\/berrygoodnews.fr\/index.php\/wp-json\/wp\/v2\/posts"}],"about":[{"href":"https:\/\/berrygoodnews.fr\/index.php\/wp-json\/wp\/v2\/types\/post"}],"author":[{"embeddable":true,"href":"https:\/\/berrygoodnews.fr\/index.php\/wp-json\/wp\/v2\/users\/2"}],"replies":[{"embeddable":true,"href":"https:\/\/berrygoodnews.fr\/index.php\/wp-json\/wp\/v2\/comments?post=11608"}],"version-history":[{"count":2,"href":"https:\/\/berrygoodnews.fr\/index.php\/wp-json\/wp\/v2\/posts\/11608\/revisions"}],"predecessor-version":[{"id":11613,"href":"https:\/\/berrygoodnews.fr\/index.php\/wp-json\/wp\/v2\/posts\/11608\/revisions\/11613"}],"wp:featuredmedia":[{"embeddable":true,"href":"https:\/\/berrygoodnews.fr\/index.php\/wp-json\/wp\/v2\/media\/11612"}],"wp:attachment":[{"href":"https:\/\/berrygoodnews.fr\/index.php\/wp-json\/wp\/v2\/media?parent=11608"}],"wp:term":[{"taxonomy":"category","embeddable":true,"href":"https:\/\/berrygoodnews.fr\/index.php\/wp-json\/wp\/v2\/categories?post=11608"},{"taxonomy":"post_tag","embeddable":true,"href":"https:\/\/berrygoodnews.fr\/index.php\/wp-json\/wp\/v2\/tags?post=11608"},{"taxonomy":"post_format","embeddable":true,"href":"https:\/\/berrygoodnews.fr\/index.php\/wp-json\/wp\/v2\/post_format?post=11608"},{"taxonomy":"flags","embeddable":true,"href":"https:\/\/berrygoodnews.fr\/index.php\/wp-json\/wp\/v2\/flags?post=11608"}],"curies":[{"name":"wp","href":"https:\/\/api.w.org\/{rel}","templated":true}]}}