{"id":11601,"date":"2022-11-20T17:29:20","date_gmt":"2022-11-20T16:29:20","guid":{"rendered":"https:\/\/berrygoodnews.fr\/?p=11601"},"modified":"2022-11-20T17:31:22","modified_gmt":"2022-11-20T16:31:22","slug":"radio-tintouin-2","status":"publish","type":"post","link":"https:\/\/berrygoodnews.fr\/index.php\/2022\/11\/20\/radio-tintouin-2\/","title":{"rendered":"Radio Tintouin une r\u00e9f\u00e9rence r\u00e9gionale!"},"content":{"rendered":"\n<p><\/p>\n\n\n\n<figure class=\"wp-block-embed-youtube wp-block-embed is-type-video is-provider-youtube wp-embed-aspect-16-9 wp-has-aspect-ratio\"><div class=\"wp-block-embed__wrapper\">\n<iframe loading=\"lazy\" width=\"850\" height=\"478\" src=\"https:\/\/www.youtube.com\/embed\/wNR0rmHy9JE?feature=oembed\" frameborder=\"0\" allow=\"accelerometer; autoplay; clipboard-write; encrypted-media; gyroscope; picture-in-picture; web-share\" allowfullscreen title=\"Tintouin interaction avec le lyc\u00e9e de Romorantin\"><\/iframe>\n<\/div><figcaption><strong>Lyc\u00e9e Claude de France<\/strong><em> pour assister \u00e0 une \u00e9mission de radio Tintouin<\/em><\/figcaption><\/figure>\n\n\n\n<p>Un regard sur le monde avec radio Tintouin qui fait participer plus de 35 \u00e9l\u00e8ves du  <strong>Lyc\u00e9e Claude de France<\/strong> \u00e0 une \u00e9mission en direct afin de faire comprendre les rouages de ce m\u00e9dia si particulier. Un projet qui se pr\u00e9pare par une immersion totale au sein de Radio Tintouin. David Bernard propose aux lyc\u00e9ens de mieux connaitre les diff\u00e9rents rouages d&rsquo;une radio: le mat\u00e9riel, la technique, le savoir- faire face au micro, le sens de l&rsquo;improvisation&#8230; Et puis par la suite il faudra mieux saisir la notion d&rsquo;\u00e9quipe, la ligne r\u00e9dactionnelle ou encore le travail en amont pour la pr\u00e9paration d&rsquo;une l&rsquo;\u00e9mission. Le talent est aussi un facteur important afin de r\u00e9ussir l&rsquo;entr\u00e9e dans le monde radiophonique.<\/p>\n","protected":false},"excerpt":{"rendered":"<p>Un regard sur le monde avec radio Tintouin qui fait participer plus de 35 \u00e9l\u00e8ves du Lyc\u00e9e Claude de France \u00e0 une \u00e9mission en direct afin de faire comprendre les rouages de ce m\u00e9dia si particulier. Un projet qui se pr\u00e9pare par une immersion totale au sein de Radio Tintouin. David Bernard propose aux lyc\u00e9ens &hellip;<\/p>\n","protected":false},"author":2,"featured_media":11388,"comment_status":"open","ping_status":"open","sticky":false,"template":"","format":"standard","meta":{"jetpack_post_was_ever_published":false,"_jetpack_newsletter_access":"","_jetpack_dont_email_post_to_subs":false,"_jetpack_newsletter_tier_id":0,"_jetpack_memberships_contains_paywalled_content":false,"_jetpack_memberships_contains_paid_content":false,"footnotes":"","jetpack_publicize_message":"","jetpack_publicize_feature_enabled":true,"jetpack_social_post_already_shared":true,"jetpack_social_options":{"image_generator_settings":{"template":"highway","default_image_id":0,"font":"","enabled":false},"version":2}},"categories":[14,43],"tags":[1667,252],"post_format":[],"flags":[],"class_list":["post-11601","post","type-post","status-publish","format-standard","has-post-thumbnail","hentry","category-vierzon-et-ses-environs","category-vous","tag-lycee-claude-de-france","tag-radio-tintouin"],"yoast_head":"<!-- This site is optimized with the Yoast SEO plugin v26.8 - https:\/\/yoast.com\/product\/yoast-seo-wordpress\/ -->\n<title>Radio Tintouin une r\u00e9f\u00e9rence r\u00e9gionale! - Berry Good News<\/title>\n<meta name=\"robots\" content=\"index, follow, max-snippet:-1, max-image-preview:large, max-video-preview:-1\" \/>\n<link rel=\"canonical\" href=\"https:\/\/berrygoodnews.fr\/index.php\/2022\/11\/20\/radio-tintouin-2\/\" \/>\n<meta property=\"og:locale\" content=\"fr_FR\" \/>\n<meta property=\"og:type\" content=\"article\" \/>\n<meta property=\"og:title\" content=\"Radio Tintouin une r\u00e9f\u00e9rence r\u00e9gionale! - Berry Good News\" \/>\n<meta property=\"og:description\" content=\"Un regard sur le monde avec radio Tintouin qui fait participer plus de 35 \u00e9l\u00e8ves du Lyc\u00e9e Claude de France \u00e0 une \u00e9mission en direct afin de faire comprendre les rouages de ce m\u00e9dia si particulier. Un projet qui se pr\u00e9pare par une immersion totale au sein de Radio Tintouin. David Bernard propose aux lyc\u00e9ens &hellip;\" \/>\n<meta property=\"og:url\" content=\"https:\/\/berrygoodnews.fr\/index.php\/2022\/11\/20\/radio-tintouin-2\/\" \/>\n<meta property=\"og:site_name\" content=\"Berry Good News\" \/>\n<meta property=\"article:publisher\" content=\"https:\/\/www.facebook.com\/berrygoodnews\/\" \/>\n<meta property=\"article:published_time\" content=\"2022-11-20T16:29:20+00:00\" \/>\n<meta property=\"article:modified_time\" content=\"2022-11-20T16:31:22+00:00\" \/>\n<meta property=\"og:image\" content=\"https:\/\/i0.wp.com\/berrygoodnews.fr\/wp-content\/uploads\/2022\/09\/maxresdefault.jpg?fit=1280%2C720&ssl=1\" \/>\n\t<meta property=\"og:image:width\" content=\"1280\" \/>\n\t<meta property=\"og:image:height\" content=\"720\" \/>\n\t<meta property=\"og:image:type\" content=\"image\/jpeg\" \/>\n<meta name=\"author\" content=\"Berry Good News\" \/>\n<meta name=\"twitter:card\" content=\"summary_large_image\" \/>\n<meta name=\"twitter:label1\" content=\"\u00c9crit par\" \/>\n\t<meta name=\"twitter:data1\" content=\"Berry Good News\" \/>\n\t<meta name=\"twitter:label2\" content=\"Dur\u00e9e de lecture estim\u00e9e\" \/>\n\t<meta name=\"twitter:data2\" content=\"1 minute\" \/>\n<script type=\"application\/ld+json\" class=\"yoast-schema-graph\">{\"@context\":\"https:\/\/schema.org\",\"@graph\":[{\"@type\":\"Article\",\"@id\":\"https:\/\/berrygoodnews.fr\/index.php\/2022\/11\/20\/radio-tintouin-2\/#article\",\"isPartOf\":{\"@id\":\"https:\/\/berrygoodnews.fr\/index.php\/2022\/11\/20\/radio-tintouin-2\/\"},\"author\":{\"name\":\"Berry Good News\",\"@id\":\"https:\/\/berrygoodnews.fr\/#\/schema\/person\/6dbdc03bea7806cc92376ffe2fcd047d\"},\"headline\":\"Radio Tintouin une r\u00e9f\u00e9rence r\u00e9gionale!\",\"datePublished\":\"2022-11-20T16:29:20+00:00\",\"dateModified\":\"2022-11-20T16:31:22+00:00\",\"mainEntityOfPage\":{\"@id\":\"https:\/\/berrygoodnews.fr\/index.php\/2022\/11\/20\/radio-tintouin-2\/\"},\"wordCount\":162,\"commentCount\":0,\"publisher\":{\"@id\":\"https:\/\/berrygoodnews.fr\/#organization\"},\"image\":{\"@id\":\"https:\/\/berrygoodnews.fr\/index.php\/2022\/11\/20\/radio-tintouin-2\/#primaryimage\"},\"thumbnailUrl\":\"https:\/\/i0.wp.com\/berrygoodnews.fr\/wp-content\/uploads\/2022\/09\/maxresdefault.jpg?fit=1280%2C720&ssl=1\",\"keywords\":[\"Lyc\u00e9e Claude de France\",\"radio tintouin\"],\"articleSection\":[\"Vierzon et ses Environs\",\"Vivre mieux\"],\"inLanguage\":\"fr-FR\",\"potentialAction\":[{\"@type\":\"CommentAction\",\"name\":\"Comment\",\"target\":[\"https:\/\/berrygoodnews.fr\/index.php\/2022\/11\/20\/radio-tintouin-2\/#respond\"]}]},{\"@type\":\"WebPage\",\"@id\":\"https:\/\/berrygoodnews.fr\/index.php\/2022\/11\/20\/radio-tintouin-2\/\",\"url\":\"https:\/\/berrygoodnews.fr\/index.php\/2022\/11\/20\/radio-tintouin-2\/\",\"name\":\"Radio Tintouin une r\u00e9f\u00e9rence r\u00e9gionale! - Berry Good News\",\"isPartOf\":{\"@id\":\"https:\/\/berrygoodnews.fr\/#website\"},\"primaryImageOfPage\":{\"@id\":\"https:\/\/berrygoodnews.fr\/index.php\/2022\/11\/20\/radio-tintouin-2\/#primaryimage\"},\"image\":{\"@id\":\"https:\/\/berrygoodnews.fr\/index.php\/2022\/11\/20\/radio-tintouin-2\/#primaryimage\"},\"thumbnailUrl\":\"https:\/\/i0.wp.com\/berrygoodnews.fr\/wp-content\/uploads\/2022\/09\/maxresdefault.jpg?fit=1280%2C720&ssl=1\",\"datePublished\":\"2022-11-20T16:29:20+00:00\",\"dateModified\":\"2022-11-20T16:31:22+00:00\",\"breadcrumb\":{\"@id\":\"https:\/\/berrygoodnews.fr\/index.php\/2022\/11\/20\/radio-tintouin-2\/#breadcrumb\"},\"inLanguage\":\"fr-FR\",\"potentialAction\":[{\"@type\":\"ReadAction\",\"target\":[\"https:\/\/berrygoodnews.fr\/index.php\/2022\/11\/20\/radio-tintouin-2\/\"]}]},{\"@type\":\"ImageObject\",\"inLanguage\":\"fr-FR\",\"@id\":\"https:\/\/berrygoodnews.fr\/index.php\/2022\/11\/20\/radio-tintouin-2\/#primaryimage\",\"url\":\"https:\/\/i0.wp.com\/berrygoodnews.fr\/wp-content\/uploads\/2022\/09\/maxresdefault.jpg?fit=1280%2C720&ssl=1\",\"contentUrl\":\"https:\/\/i0.wp.com\/berrygoodnews.fr\/wp-content\/uploads\/2022\/09\/maxresdefault.jpg?fit=1280%2C720&ssl=1\",\"width\":1280,\"height\":720},{\"@type\":\"BreadcrumbList\",\"@id\":\"https:\/\/berrygoodnews.fr\/index.php\/2022\/11\/20\/radio-tintouin-2\/#breadcrumb\",\"itemListElement\":[{\"@type\":\"ListItem\",\"position\":1,\"name\":\"Accueil\",\"item\":\"https:\/\/berrygoodnews.fr\/\"},{\"@type\":\"ListItem\",\"position\":2,\"name\":\"Radio Tintouin une r\u00e9f\u00e9rence r\u00e9gionale!\"}]},{\"@type\":\"WebSite\",\"@id\":\"https:\/\/berrygoodnews.fr\/#website\",\"url\":\"https:\/\/berrygoodnews.fr\/\",\"name\":\"Berry Good News\",\"description\":\"Le Centre En Action\",\"publisher\":{\"@id\":\"https:\/\/berrygoodnews.fr\/#organization\"},\"potentialAction\":[{\"@type\":\"SearchAction\",\"target\":{\"@type\":\"EntryPoint\",\"urlTemplate\":\"https:\/\/berrygoodnews.fr\/?s={search_term_string}\"},\"query-input\":{\"@type\":\"PropertyValueSpecification\",\"valueRequired\":true,\"valueName\":\"search_term_string\"}}],\"inLanguage\":\"fr-FR\"},{\"@type\":\"Organization\",\"@id\":\"https:\/\/berrygoodnews.fr\/#organization\",\"name\":\"Berry Good News\",\"url\":\"https:\/\/berrygoodnews.fr\/\",\"logo\":{\"@type\":\"ImageObject\",\"inLanguage\":\"fr-FR\",\"@id\":\"https:\/\/berrygoodnews.fr\/#\/schema\/logo\/image\/\",\"url\":\"https:\/\/i0.wp.com\/berrygoodnews.fr\/wp-content\/uploads\/2023\/05\/LogoBGNCouleur.png?fit=318%2C181&ssl=1\",\"contentUrl\":\"https:\/\/i0.wp.com\/berrygoodnews.fr\/wp-content\/uploads\/2023\/05\/LogoBGNCouleur.png?fit=318%2C181&ssl=1\",\"width\":318,\"height\":181,\"caption\":\"Berry Good News\"},\"image\":{\"@id\":\"https:\/\/berrygoodnews.fr\/#\/schema\/logo\/image\/\"},\"sameAs\":[\"https:\/\/www.facebook.com\/berrygoodnews\/\",\"https:\/\/www.youtube.com\/channel\/UCdNcluXQMXIRcNvap69zaWg\"]},{\"@type\":\"Person\",\"@id\":\"https:\/\/berrygoodnews.fr\/#\/schema\/person\/6dbdc03bea7806cc92376ffe2fcd047d\",\"name\":\"Berry Good News\",\"image\":{\"@type\":\"ImageObject\",\"inLanguage\":\"fr-FR\",\"@id\":\"https:\/\/berrygoodnews.fr\/#\/schema\/person\/image\/\",\"url\":\"https:\/\/secure.gravatar.com\/avatar\/dc97e2c83b7805754cf833611fb0eaf80fd556a613a9819de1842868762ec883?s=96&d=mm&r=g\",\"contentUrl\":\"https:\/\/secure.gravatar.com\/avatar\/dc97e2c83b7805754cf833611fb0eaf80fd556a613a9819de1842868762ec883?s=96&d=mm&r=g\",\"caption\":\"Berry Good News\"},\"description\":\"Ex-parisienne, qui a choisi de s'installer il y a six ans \u00e0 Vierzon avec une activit\u00e9 de chambres d'h\u00f4tes. J'ai d\u00e9cid\u00e9 de montrer les bonnes initiatives. Je suis tr\u00e8s optimiste car on a beaucoup de talents ici. J'avais envie de changer la vision que certains ont sur la ville.\",\"url\":\"https:\/\/berrygoodnews.fr\/index.php\/author\/hv\/\"}]}<\/script>\n<!-- \/ Yoast SEO plugin. -->","yoast_head_json":{"title":"Radio Tintouin une r\u00e9f\u00e9rence r\u00e9gionale! - Berry Good News","robots":{"index":"index","follow":"follow","max-snippet":"max-snippet:-1","max-image-preview":"max-image-preview:large","max-video-preview":"max-video-preview:-1"},"canonical":"https:\/\/berrygoodnews.fr\/index.php\/2022\/11\/20\/radio-tintouin-2\/","og_locale":"fr_FR","og_type":"article","og_title":"Radio Tintouin une r\u00e9f\u00e9rence r\u00e9gionale! - Berry Good News","og_description":"Un regard sur le monde avec radio Tintouin qui fait participer plus de 35 \u00e9l\u00e8ves du Lyc\u00e9e Claude de France \u00e0 une \u00e9mission en direct afin de faire comprendre les rouages de ce m\u00e9dia si particulier. Un projet qui se pr\u00e9pare par une immersion totale au sein de Radio Tintouin. David Bernard propose aux lyc\u00e9ens &hellip;","og_url":"https:\/\/berrygoodnews.fr\/index.php\/2022\/11\/20\/radio-tintouin-2\/","og_site_name":"Berry Good News","article_publisher":"https:\/\/www.facebook.com\/berrygoodnews\/","article_published_time":"2022-11-20T16:29:20+00:00","article_modified_time":"2022-11-20T16:31:22+00:00","og_image":[{"width":1280,"height":720,"url":"https:\/\/i0.wp.com\/berrygoodnews.fr\/wp-content\/uploads\/2022\/09\/maxresdefault.jpg?fit=1280%2C720&ssl=1","type":"image\/jpeg"}],"author":"Berry Good News","twitter_card":"summary_large_image","twitter_misc":{"\u00c9crit par":"Berry Good News","Dur\u00e9e de lecture estim\u00e9e":"1 minute"},"schema":{"@context":"https:\/\/schema.org","@graph":[{"@type":"Article","@id":"https:\/\/berrygoodnews.fr\/index.php\/2022\/11\/20\/radio-tintouin-2\/#article","isPartOf":{"@id":"https:\/\/berrygoodnews.fr\/index.php\/2022\/11\/20\/radio-tintouin-2\/"},"author":{"name":"Berry Good News","@id":"https:\/\/berrygoodnews.fr\/#\/schema\/person\/6dbdc03bea7806cc92376ffe2fcd047d"},"headline":"Radio Tintouin une r\u00e9f\u00e9rence r\u00e9gionale!","datePublished":"2022-11-20T16:29:20+00:00","dateModified":"2022-11-20T16:31:22+00:00","mainEntityOfPage":{"@id":"https:\/\/berrygoodnews.fr\/index.php\/2022\/11\/20\/radio-tintouin-2\/"},"wordCount":162,"commentCount":0,"publisher":{"@id":"https:\/\/berrygoodnews.fr\/#organization"},"image":{"@id":"https:\/\/berrygoodnews.fr\/index.php\/2022\/11\/20\/radio-tintouin-2\/#primaryimage"},"thumbnailUrl":"https:\/\/i0.wp.com\/berrygoodnews.fr\/wp-content\/uploads\/2022\/09\/maxresdefault.jpg?fit=1280%2C720&ssl=1","keywords":["Lyc\u00e9e Claude de France","radio tintouin"],"articleSection":["Vierzon et ses Environs","Vivre mieux"],"inLanguage":"fr-FR","potentialAction":[{"@type":"CommentAction","name":"Comment","target":["https:\/\/berrygoodnews.fr\/index.php\/2022\/11\/20\/radio-tintouin-2\/#respond"]}]},{"@type":"WebPage","@id":"https:\/\/berrygoodnews.fr\/index.php\/2022\/11\/20\/radio-tintouin-2\/","url":"https:\/\/berrygoodnews.fr\/index.php\/2022\/11\/20\/radio-tintouin-2\/","name":"Radio Tintouin une r\u00e9f\u00e9rence r\u00e9gionale! - Berry Good News","isPartOf":{"@id":"https:\/\/berrygoodnews.fr\/#website"},"primaryImageOfPage":{"@id":"https:\/\/berrygoodnews.fr\/index.php\/2022\/11\/20\/radio-tintouin-2\/#primaryimage"},"image":{"@id":"https:\/\/berrygoodnews.fr\/index.php\/2022\/11\/20\/radio-tintouin-2\/#primaryimage"},"thumbnailUrl":"https:\/\/i0.wp.com\/berrygoodnews.fr\/wp-content\/uploads\/2022\/09\/maxresdefault.jpg?fit=1280%2C720&ssl=1","datePublished":"2022-11-20T16:29:20+00:00","dateModified":"2022-11-20T16:31:22+00:00","breadcrumb":{"@id":"https:\/\/berrygoodnews.fr\/index.php\/2022\/11\/20\/radio-tintouin-2\/#breadcrumb"},"inLanguage":"fr-FR","potentialAction":[{"@type":"ReadAction","target":["https:\/\/berrygoodnews.fr\/index.php\/2022\/11\/20\/radio-tintouin-2\/"]}]},{"@type":"ImageObject","inLanguage":"fr-FR","@id":"https:\/\/berrygoodnews.fr\/index.php\/2022\/11\/20\/radio-tintouin-2\/#primaryimage","url":"https:\/\/i0.wp.com\/berrygoodnews.fr\/wp-content\/uploads\/2022\/09\/maxresdefault.jpg?fit=1280%2C720&ssl=1","contentUrl":"https:\/\/i0.wp.com\/berrygoodnews.fr\/wp-content\/uploads\/2022\/09\/maxresdefault.jpg?fit=1280%2C720&ssl=1","width":1280,"height":720},{"@type":"BreadcrumbList","@id":"https:\/\/berrygoodnews.fr\/index.php\/2022\/11\/20\/radio-tintouin-2\/#breadcrumb","itemListElement":[{"@type":"ListItem","position":1,"name":"Accueil","item":"https:\/\/berrygoodnews.fr\/"},{"@type":"ListItem","position":2,"name":"Radio Tintouin une r\u00e9f\u00e9rence r\u00e9gionale!"}]},{"@type":"WebSite","@id":"https:\/\/berrygoodnews.fr\/#website","url":"https:\/\/berrygoodnews.fr\/","name":"Berry Good News","description":"Le Centre En Action","publisher":{"@id":"https:\/\/berrygoodnews.fr\/#organization"},"potentialAction":[{"@type":"SearchAction","target":{"@type":"EntryPoint","urlTemplate":"https:\/\/berrygoodnews.fr\/?s={search_term_string}"},"query-input":{"@type":"PropertyValueSpecification","valueRequired":true,"valueName":"search_term_string"}}],"inLanguage":"fr-FR"},{"@type":"Organization","@id":"https:\/\/berrygoodnews.fr\/#organization","name":"Berry Good News","url":"https:\/\/berrygoodnews.fr\/","logo":{"@type":"ImageObject","inLanguage":"fr-FR","@id":"https:\/\/berrygoodnews.fr\/#\/schema\/logo\/image\/","url":"https:\/\/i0.wp.com\/berrygoodnews.fr\/wp-content\/uploads\/2023\/05\/LogoBGNCouleur.png?fit=318%2C181&ssl=1","contentUrl":"https:\/\/i0.wp.com\/berrygoodnews.fr\/wp-content\/uploads\/2023\/05\/LogoBGNCouleur.png?fit=318%2C181&ssl=1","width":318,"height":181,"caption":"Berry Good News"},"image":{"@id":"https:\/\/berrygoodnews.fr\/#\/schema\/logo\/image\/"},"sameAs":["https:\/\/www.facebook.com\/berrygoodnews\/","https:\/\/www.youtube.com\/channel\/UCdNcluXQMXIRcNvap69zaWg"]},{"@type":"Person","@id":"https:\/\/berrygoodnews.fr\/#\/schema\/person\/6dbdc03bea7806cc92376ffe2fcd047d","name":"Berry Good News","image":{"@type":"ImageObject","inLanguage":"fr-FR","@id":"https:\/\/berrygoodnews.fr\/#\/schema\/person\/image\/","url":"https:\/\/secure.gravatar.com\/avatar\/dc97e2c83b7805754cf833611fb0eaf80fd556a613a9819de1842868762ec883?s=96&d=mm&r=g","contentUrl":"https:\/\/secure.gravatar.com\/avatar\/dc97e2c83b7805754cf833611fb0eaf80fd556a613a9819de1842868762ec883?s=96&d=mm&r=g","caption":"Berry Good News"},"description":"Ex-parisienne, qui a choisi de s'installer il y a six ans \u00e0 Vierzon avec une activit\u00e9 de chambres d'h\u00f4tes. J'ai d\u00e9cid\u00e9 de montrer les bonnes initiatives. Je suis tr\u00e8s optimiste car on a beaucoup de talents ici. J'avais envie de changer la vision que certains ont sur la ville.","url":"https:\/\/berrygoodnews.fr\/index.php\/author\/hv\/"}]}},"jetpack_publicize_connections":[],"jetpack_featured_media_url":"https:\/\/i0.wp.com\/berrygoodnews.fr\/wp-content\/uploads\/2022\/09\/maxresdefault.jpg?fit=1280%2C720&ssl=1","jetpack_shortlink":"https:\/\/wp.me\/paGqD8-317","jetpack-related-posts":[],"jetpack_sharing_enabled":true,"_links":{"self":[{"href":"https:\/\/berrygoodnews.fr\/index.php\/wp-json\/wp\/v2\/posts\/11601","targetHints":{"allow":["GET"]}}],"collection":[{"href":"https:\/\/berrygoodnews.fr\/index.php\/wp-json\/wp\/v2\/posts"}],"about":[{"href":"https:\/\/berrygoodnews.fr\/index.php\/wp-json\/wp\/v2\/types\/post"}],"author":[{"embeddable":true,"href":"https:\/\/berrygoodnews.fr\/index.php\/wp-json\/wp\/v2\/users\/2"}],"replies":[{"embeddable":true,"href":"https:\/\/berrygoodnews.fr\/index.php\/wp-json\/wp\/v2\/comments?post=11601"}],"version-history":[{"count":4,"href":"https:\/\/berrygoodnews.fr\/index.php\/wp-json\/wp\/v2\/posts\/11601\/revisions"}],"predecessor-version":[{"id":11606,"href":"https:\/\/berrygoodnews.fr\/index.php\/wp-json\/wp\/v2\/posts\/11601\/revisions\/11606"}],"wp:featuredmedia":[{"embeddable":true,"href":"https:\/\/berrygoodnews.fr\/index.php\/wp-json\/wp\/v2\/media\/11388"}],"wp:attachment":[{"href":"https:\/\/berrygoodnews.fr\/index.php\/wp-json\/wp\/v2\/media?parent=11601"}],"wp:term":[{"taxonomy":"category","embeddable":true,"href":"https:\/\/berrygoodnews.fr\/index.php\/wp-json\/wp\/v2\/categories?post=11601"},{"taxonomy":"post_tag","embeddable":true,"href":"https:\/\/berrygoodnews.fr\/index.php\/wp-json\/wp\/v2\/tags?post=11601"},{"taxonomy":"post_format","embeddable":true,"href":"https:\/\/berrygoodnews.fr\/index.php\/wp-json\/wp\/v2\/post_format?post=11601"},{"taxonomy":"flags","embeddable":true,"href":"https:\/\/berrygoodnews.fr\/index.php\/wp-json\/wp\/v2\/flags?post=11601"}],"curies":[{"name":"wp","href":"https:\/\/api.w.org\/{rel}","templated":true}]}}