{"id":11439,"date":"2022-09-23T20:41:57","date_gmt":"2022-09-23T18:41:57","guid":{"rendered":"https:\/\/berrygoodnews.fr\/?p=11439"},"modified":"2022-09-23T23:12:10","modified_gmt":"2022-09-23T21:12:10","slug":"les-annees-vintages-2022-on-se-prepare-dans-la-joie-et-la-bonne-humeur","status":"publish","type":"post","link":"https:\/\/berrygoodnews.fr\/index.php\/2022\/09\/23\/les-annees-vintages-2022-on-se-prepare-dans-la-joie-et-la-bonne-humeur\/","title":{"rendered":"Les ann\u00e9es Vintages  2022, on se pr\u00e9pare dans la joie et la bonne humeur!"},"content":{"rendered":"\n<h3 class=\"wp-block-heading\">Ils sont tous au taquet , c&rsquo;est le moment de peaufiner son stand. Certains sont fin pr\u00eats et d&rsquo;autres sont encore au four et au moulin.<\/h3>\n\n\n\n<figure class=\"wp-block-embed-youtube wp-block-embed is-type-video is-provider-youtube wp-embed-aspect-16-9 wp-has-aspect-ratio\"><div class=\"wp-block-embed__wrapper\">\n<iframe loading=\"lazy\" width=\"850\" height=\"478\" src=\"https:\/\/www.youtube.com\/embed\/jqP8u8JlL6k?feature=oembed\" frameborder=\"0\" allow=\"accelerometer; autoplay; clipboard-write; encrypted-media; gyroscope; picture-in-picture; web-share\" allowfullscreen title=\"Les ann\u00e9es vintage Vierzon 2022: les pr\u00e9paratifs\"><\/iframe>\n<\/div><\/figure>\n\n\n\n<p class=\"has-drop-cap\"> Vierzon accueille, pour une \u00e9ni\u00e8me fois Les Ann\u00e9es Vintage.<br>Un \u00e9v\u00e9nement unique et exceptionnel l&rsquo;espace d&rsquo;un week-end o\u00f9 des milliers de passionn\u00e9s sont attendus dans cet univers fashion et r\u00e9tro.<\/p>\n\n\n\n<figure class=\"wp-block-image\"><img data-recalc-dims=\"1\" loading=\"lazy\" decoding=\"async\" width=\"850\" height=\"478\" data-attachment-id=\"11445\" data-permalink=\"https:\/\/berrygoodnews.fr\/index.php\/2022\/09\/23\/les-annees-vintages-2022-on-se-prepare-dans-la-joie-et-la-bonne-humeur\/vlcsnap-2022-09-23-21h21m47s464\/\" data-orig-file=\"https:\/\/i0.wp.com\/berrygoodnews.fr\/wp-content\/uploads\/2022\/09\/vlcsnap-2022-09-23-21h21m47s464.png?fit=1920%2C1080&amp;ssl=1\" data-orig-size=\"1920,1080\" data-comments-opened=\"1\" data-image-meta=\"{&quot;aperture&quot;:&quot;0&quot;,&quot;credit&quot;:&quot;&quot;,&quot;camera&quot;:&quot;&quot;,&quot;caption&quot;:&quot;&quot;,&quot;created_timestamp&quot;:&quot;0&quot;,&quot;copyright&quot;:&quot;&quot;,&quot;focal_length&quot;:&quot;0&quot;,&quot;iso&quot;:&quot;0&quot;,&quot;shutter_speed&quot;:&quot;0&quot;,&quot;title&quot;:&quot;&quot;,&quot;orientation&quot;:&quot;0&quot;}\" data-image-title=\"vlcsnap-2022-09-23-21h21m47s464\" data-image-description=\"\" data-image-caption=\"\" data-medium-file=\"https:\/\/i0.wp.com\/berrygoodnews.fr\/wp-content\/uploads\/2022\/09\/vlcsnap-2022-09-23-21h21m47s464.png?fit=300%2C169&amp;ssl=1\" data-large-file=\"https:\/\/i0.wp.com\/berrygoodnews.fr\/wp-content\/uploads\/2022\/09\/vlcsnap-2022-09-23-21h21m47s464.png?fit=850%2C478&amp;ssl=1\" src=\"https:\/\/i0.wp.com\/berrygoodnews.fr\/wp-content\/uploads\/2022\/09\/vlcsnap-2022-09-23-21h21m47s464.png?resize=850%2C478&#038;ssl=1\" alt=\"\" class=\"wp-image-11445\" srcset=\"https:\/\/i0.wp.com\/berrygoodnews.fr\/wp-content\/uploads\/2022\/09\/vlcsnap-2022-09-23-21h21m47s464.png?resize=1024%2C576&amp;ssl=1 1024w, https:\/\/i0.wp.com\/berrygoodnews.fr\/wp-content\/uploads\/2022\/09\/vlcsnap-2022-09-23-21h21m47s464.png?resize=300%2C169&amp;ssl=1 300w, https:\/\/i0.wp.com\/berrygoodnews.fr\/wp-content\/uploads\/2022\/09\/vlcsnap-2022-09-23-21h21m47s464.png?resize=768%2C432&amp;ssl=1 768w, https:\/\/i0.wp.com\/berrygoodnews.fr\/wp-content\/uploads\/2022\/09\/vlcsnap-2022-09-23-21h21m47s464.png?resize=845%2C475&amp;ssl=1 845w, https:\/\/i0.wp.com\/berrygoodnews.fr\/wp-content\/uploads\/2022\/09\/vlcsnap-2022-09-23-21h21m47s464.png?resize=1240%2C698&amp;ssl=1 1240w, https:\/\/i0.wp.com\/berrygoodnews.fr\/wp-content\/uploads\/2022\/09\/vlcsnap-2022-09-23-21h21m47s464.png?w=1920&amp;ssl=1 1920w, https:\/\/i0.wp.com\/berrygoodnews.fr\/wp-content\/uploads\/2022\/09\/vlcsnap-2022-09-23-21h21m47s464.png?w=1700&amp;ssl=1 1700w\" sizes=\"auto, (max-width: 850px) 100vw, 850px\" \/><\/figure>\n\n\n\n<p><br>Que vous soyez particulier, professionnel, cr\u00e9ateur dans la tendance vintage, vous \u00eates les bienvenus sur ce grand&nbsp;salon&nbsp;des ann\u00e9es nostalgiques, o\u00f9 plus de 10000 visiteurs sont attendus. <\/p>\n\n\n\n<figure class=\"wp-block-image\"><img data-recalc-dims=\"1\" loading=\"lazy\" decoding=\"async\" width=\"850\" height=\"478\" data-attachment-id=\"11443\" data-permalink=\"https:\/\/berrygoodnews.fr\/index.php\/2022\/09\/23\/les-annees-vintages-2022-on-se-prepare-dans-la-joie-et-la-bonne-humeur\/vlcsnap-2022-09-23-20h43m41s918\/\" data-orig-file=\"https:\/\/i0.wp.com\/berrygoodnews.fr\/wp-content\/uploads\/2022\/09\/vlcsnap-2022-09-23-20h43m41s918.png?fit=1920%2C1080&amp;ssl=1\" data-orig-size=\"1920,1080\" data-comments-opened=\"1\" data-image-meta=\"{&quot;aperture&quot;:&quot;0&quot;,&quot;credit&quot;:&quot;&quot;,&quot;camera&quot;:&quot;&quot;,&quot;caption&quot;:&quot;&quot;,&quot;created_timestamp&quot;:&quot;0&quot;,&quot;copyright&quot;:&quot;&quot;,&quot;focal_length&quot;:&quot;0&quot;,&quot;iso&quot;:&quot;0&quot;,&quot;shutter_speed&quot;:&quot;0&quot;,&quot;title&quot;:&quot;&quot;,&quot;orientation&quot;:&quot;0&quot;}\" data-image-title=\"vlcsnap-2022-09-23-20h43m41s918\" data-image-description=\"\" data-image-caption=\"\" data-medium-file=\"https:\/\/i0.wp.com\/berrygoodnews.fr\/wp-content\/uploads\/2022\/09\/vlcsnap-2022-09-23-20h43m41s918.png?fit=300%2C169&amp;ssl=1\" data-large-file=\"https:\/\/i0.wp.com\/berrygoodnews.fr\/wp-content\/uploads\/2022\/09\/vlcsnap-2022-09-23-20h43m41s918.png?fit=850%2C478&amp;ssl=1\" src=\"https:\/\/i0.wp.com\/berrygoodnews.fr\/wp-content\/uploads\/2022\/09\/vlcsnap-2022-09-23-20h43m41s918.png?resize=850%2C478&#038;ssl=1\" alt=\"\" class=\"wp-image-11443\" srcset=\"https:\/\/i0.wp.com\/berrygoodnews.fr\/wp-content\/uploads\/2022\/09\/vlcsnap-2022-09-23-20h43m41s918.png?resize=1024%2C576&amp;ssl=1 1024w, https:\/\/i0.wp.com\/berrygoodnews.fr\/wp-content\/uploads\/2022\/09\/vlcsnap-2022-09-23-20h43m41s918.png?resize=300%2C169&amp;ssl=1 300w, https:\/\/i0.wp.com\/berrygoodnews.fr\/wp-content\/uploads\/2022\/09\/vlcsnap-2022-09-23-20h43m41s918.png?resize=768%2C432&amp;ssl=1 768w, https:\/\/i0.wp.com\/berrygoodnews.fr\/wp-content\/uploads\/2022\/09\/vlcsnap-2022-09-23-20h43m41s918.png?resize=845%2C475&amp;ssl=1 845w, https:\/\/i0.wp.com\/berrygoodnews.fr\/wp-content\/uploads\/2022\/09\/vlcsnap-2022-09-23-20h43m41s918.png?resize=1240%2C698&amp;ssl=1 1240w, https:\/\/i0.wp.com\/berrygoodnews.fr\/wp-content\/uploads\/2022\/09\/vlcsnap-2022-09-23-20h43m41s918.png?w=1920&amp;ssl=1 1920w, https:\/\/i0.wp.com\/berrygoodnews.fr\/wp-content\/uploads\/2022\/09\/vlcsnap-2022-09-23-20h43m41s918.png?w=1700&amp;ssl=1 1700w\" sizes=\"auto, (max-width: 850px) 100vw, 850px\" \/><\/figure>\n\n\n\n<p>On est vendredi soir et la ruche des exposants s&rsquo;affaire dans le calme et la s\u00e9r\u00e9nit\u00e9 pour nous proposer des stands aux couleurs des ann\u00e9es joyeuses, des concerts, des d\u00e9mos, des danses, des surprises, des d\u00e9couvertes, des sensations et tout cela vous attend demain samedi 24 et dimanche 25 septembre pour 2 jours de folie o\u00f9 l&rsquo;exceptionnel nous c\u00f4toie dans chaque all\u00e9e. Aujourd&rsquo;hui l&rsquo;ext\u00e9rieur est encore nu, mais d\u00e8s l&rsquo;aube arriveront des machines mythiques qui se donneront en spectacle pour votre plus grand bonheur.<\/p>\n\n\n\n<figure class=\"wp-block-image\"><img data-recalc-dims=\"1\" loading=\"lazy\" decoding=\"async\" width=\"850\" height=\"638\" data-attachment-id=\"11440\" data-permalink=\"https:\/\/berrygoodnews.fr\/index.php\/2022\/09\/23\/les-annees-vintages-2022-on-se-prepare-dans-la-joie-et-la-bonne-humeur\/img_20220923_185454\/\" data-orig-file=\"https:\/\/i0.wp.com\/berrygoodnews.fr\/wp-content\/uploads\/2022\/09\/IMG_20220923_185454.jpg?fit=4000%2C3000&amp;ssl=1\" data-orig-size=\"4000,3000\" data-comments-opened=\"1\" data-image-meta=\"{&quot;aperture&quot;:&quot;1.79&quot;,&quot;credit&quot;:&quot;&quot;,&quot;camera&quot;:&quot;Redmi Note 9S&quot;,&quot;caption&quot;:&quot;&quot;,&quot;created_timestamp&quot;:&quot;1663959296&quot;,&quot;copyright&quot;:&quot;&quot;,&quot;focal_length&quot;:&quot;4.74&quot;,&quot;iso&quot;:&quot;381&quot;,&quot;shutter_speed&quot;:&quot;0.033333333333333&quot;,&quot;title&quot;:&quot;&quot;,&quot;orientation&quot;:&quot;1&quot;}\" data-image-title=\"IMG_20220923_185454\" data-image-description=\"\" data-image-caption=\"\" data-medium-file=\"https:\/\/i0.wp.com\/berrygoodnews.fr\/wp-content\/uploads\/2022\/09\/IMG_20220923_185454.jpg?fit=300%2C225&amp;ssl=1\" data-large-file=\"https:\/\/i0.wp.com\/berrygoodnews.fr\/wp-content\/uploads\/2022\/09\/IMG_20220923_185454.jpg?fit=850%2C638&amp;ssl=1\" src=\"https:\/\/i0.wp.com\/berrygoodnews.fr\/wp-content\/uploads\/2022\/09\/IMG_20220923_185454.jpg?resize=850%2C638&#038;ssl=1\" alt=\"\" class=\"wp-image-11440\" srcset=\"https:\/\/i0.wp.com\/berrygoodnews.fr\/wp-content\/uploads\/2022\/09\/IMG_20220923_185454.jpg?resize=1024%2C768&amp;ssl=1 1024w, https:\/\/i0.wp.com\/berrygoodnews.fr\/wp-content\/uploads\/2022\/09\/IMG_20220923_185454.jpg?resize=300%2C225&amp;ssl=1 300w, https:\/\/i0.wp.com\/berrygoodnews.fr\/wp-content\/uploads\/2022\/09\/IMG_20220923_185454.jpg?resize=768%2C576&amp;ssl=1 768w, https:\/\/i0.wp.com\/berrygoodnews.fr\/wp-content\/uploads\/2022\/09\/IMG_20220923_185454.jpg?resize=845%2C634&amp;ssl=1 845w, https:\/\/i0.wp.com\/berrygoodnews.fr\/wp-content\/uploads\/2022\/09\/IMG_20220923_185454.jpg?w=1700&amp;ssl=1 1700w, https:\/\/i0.wp.com\/berrygoodnews.fr\/wp-content\/uploads\/2022\/09\/IMG_20220923_185454.jpg?w=2550&amp;ssl=1 2550w\" sizes=\"auto, (max-width: 850px) 100vw, 850px\" \/><\/figure>\n\n\n\n<div class=\"wp-block-image\"><figure class=\"alignleft is-resized\"><img data-recalc-dims=\"1\" loading=\"lazy\" decoding=\"async\" data-attachment-id=\"11270\" data-permalink=\"https:\/\/berrygoodnews.fr\/index.php\/2022\/06\/25\/miss-cher-gersende-fait-son-show-a-la-salle-madeleine-sologne\/_dsc3480\/\" data-orig-file=\"https:\/\/i0.wp.com\/berrygoodnews.fr\/wp-content\/uploads\/2022\/06\/DSC3480.jpg?fit=1920%2C1278&amp;ssl=1\" data-orig-size=\"1920,1278\" data-comments-opened=\"1\" data-image-meta=\"{&quot;aperture&quot;:&quot;2.8&quot;,&quot;credit&quot;:&quot;&quot;,&quot;camera&quot;:&quot;NIKON Z 6_2&quot;,&quot;caption&quot;:&quot;&quot;,&quot;created_timestamp&quot;:&quot;1654868485&quot;,&quot;copyright&quot;:&quot;&quot;,&quot;focal_length&quot;:&quot;53&quot;,&quot;iso&quot;:&quot;250&quot;,&quot;shutter_speed&quot;:&quot;0.005&quot;,&quot;title&quot;:&quot;&quot;,&quot;orientation&quot;:&quot;1&quot;}\" data-image-title=\"_DSC3480\" data-image-description=\"\" data-image-caption=\"\" data-medium-file=\"https:\/\/i0.wp.com\/berrygoodnews.fr\/wp-content\/uploads\/2022\/06\/DSC3480.jpg?fit=300%2C200&amp;ssl=1\" data-large-file=\"https:\/\/i0.wp.com\/berrygoodnews.fr\/wp-content\/uploads\/2022\/06\/DSC3480.jpg?fit=850%2C566&amp;ssl=1\" src=\"https:\/\/i0.wp.com\/berrygoodnews.fr\/wp-content\/uploads\/2022\/06\/DSC3480.jpg?resize=240%2C160&#038;ssl=1\" alt=\"\" class=\"wp-image-11270\" width=\"240\" height=\"160\" srcset=\"https:\/\/i0.wp.com\/berrygoodnews.fr\/wp-content\/uploads\/2022\/06\/DSC3480.jpg?resize=1024%2C682&amp;ssl=1 1024w, https:\/\/i0.wp.com\/berrygoodnews.fr\/wp-content\/uploads\/2022\/06\/DSC3480.jpg?resize=300%2C200&amp;ssl=1 300w, https:\/\/i0.wp.com\/berrygoodnews.fr\/wp-content\/uploads\/2022\/06\/DSC3480.jpg?resize=768%2C511&amp;ssl=1 768w, https:\/\/i0.wp.com\/berrygoodnews.fr\/wp-content\/uploads\/2022\/06\/DSC3480.jpg?resize=845%2C562&amp;ssl=1 845w, https:\/\/i0.wp.com\/berrygoodnews.fr\/wp-content\/uploads\/2022\/06\/DSC3480.jpg?w=1920&amp;ssl=1 1920w, https:\/\/i0.wp.com\/berrygoodnews.fr\/wp-content\/uploads\/2022\/06\/DSC3480.jpg?w=1700&amp;ssl=1 1700w\" sizes=\"auto, (max-width: 240px) 100vw, 240px\" \/><figcaption><em>Gersende jeune chanteuse talent de Vierzon\u00a0sera\u00a0en\u00a0showcase\u00a0le\u00a0samedi\u00a0et\u00a0le\u00a0dimanche\u00a024-25\u00a0septembre\u00a02022\u00a0\u00e0\u00a016h<\/em><\/figcaption><\/figure><\/div>\n\n\n\n<p><strong><em>De nombreux artistes seront sur la grande sc\u00e8ne pour des moments inoubliables. Gersende la jeune vierzonnaise, chanteuse talent, <\/em><\/strong><em> <br><\/em><strong><em>\u00a0sera\u00a0aussi pr\u00e9sente pour un\u00a0showcase\u00a0le\u00a0samedi 24\u00a0et\u00a0le\u00a0dimanche\u00a024-\u00a0septembre\u00a02022\u00a0\u00e0\u00a016h.\u00a0<\/em><\/strong><\/p>\n\n\n\n<p>Dates<\/p>\n\n\n\n<ul class=\"wp-block-list\"><li>du 2022-09-24 au 2022-09-25 de 10:00:00 \u00e0 19:00:00<br><\/li><\/ul>\n\n\n\n<p>Contact<\/p>\n\n\n\n<ul class=\"wp-block-list\"><li>T\u00e9l\u00e9phone : +33 2 54 87 19 83<br><\/li><\/ul>\n\n\n\n<p>Adresse<\/p>\n\n\n\n<ul class=\"wp-block-list\"><li>Parc des expositions , Vierzon<br><\/li><\/ul>\n\n\n\n<p>Information mise \u00e0 jour le<\/p>\n\n\n\n<ul class=\"wp-block-list\"><li>2022-06-27<\/li><\/ul>\n\n\n\n<p>\uf10b<\/p>\n\n\n\n<ul class=\"wp-block-list\"><li>Vierzon<\/li><\/ul>\n\n\n\n<ul class=\"wp-block-list\"><li><a href=\"https:\/\/www.eterritoire.fr\/evenements\/france\/exposition\">Exposition<\/a><\/li><\/ul>\n\n\n\n<p>\uf117<\/p>\n\n\n\n<ul class=\"wp-block-list\"><li>Du 24\/09\/2022 au 25\/09\/2022<\/li><\/ul>\n\n\n\n<p>3600 m2 d&rsquo;exposition\n\n<\/p>\n","protected":false},"excerpt":{"rendered":"<p>Ils sont tous au taquet , c&rsquo;est le moment de peaufiner son stand. Certains sont fin pr\u00eats et d&rsquo;autres sont encore au four et au moulin. Vierzon accueille, pour une \u00e9ni\u00e8me fois Les Ann\u00e9es Vintage.Un \u00e9v\u00e9nement unique et exceptionnel l&rsquo;espace d&rsquo;un week-end o\u00f9 des milliers de passionn\u00e9s sont attendus dans cet univers fashion et r\u00e9tro. &hellip;<\/p>\n","protected":false},"author":2,"featured_media":11444,"comment_status":"open","ping_status":"open","sticky":false,"template":"","format":"standard","meta":{"jetpack_post_was_ever_published":false,"_jetpack_newsletter_access":"","_jetpack_dont_email_post_to_subs":false,"_jetpack_newsletter_tier_id":0,"_jetpack_memberships_contains_paywalled_content":false,"_jetpack_memberships_contains_paid_content":false,"footnotes":"","jetpack_publicize_message":"","jetpack_publicize_feature_enabled":true,"jetpack_social_post_already_shared":true,"jetpack_social_options":{"image_generator_settings":{"template":"highway","default_image_id":0,"font":"","enabled":false},"version":2}},"categories":[14],"tags":[259,629,1228,27],"post_format":[],"flags":[],"class_list":["post-11439","post","type-post","status-publish","format-standard","has-post-thumbnail","hentry","category-vierzon-et-ses-environs","tag-annees-vintage","tag-gersende","tag-the-voice-kids","tag-vierzon"],"yoast_head":"<!-- This site is optimized with the Yoast SEO plugin v26.8 - https:\/\/yoast.com\/product\/yoast-seo-wordpress\/ -->\n<title>Les ann\u00e9es Vintages 2022, on se pr\u00e9pare dans la joie et la bonne humeur! - Berry Good News<\/title>\n<meta name=\"robots\" content=\"index, follow, max-snippet:-1, max-image-preview:large, max-video-preview:-1\" \/>\n<link rel=\"canonical\" href=\"https:\/\/berrygoodnews.fr\/index.php\/2022\/09\/23\/les-annees-vintages-2022-on-se-prepare-dans-la-joie-et-la-bonne-humeur\/\" \/>\n<meta property=\"og:locale\" content=\"fr_FR\" \/>\n<meta property=\"og:type\" content=\"article\" \/>\n<meta property=\"og:title\" content=\"Les ann\u00e9es Vintages 2022, on se pr\u00e9pare dans la joie et la bonne humeur! - Berry Good News\" \/>\n<meta property=\"og:description\" content=\"Ils sont tous au taquet , c&rsquo;est le moment de peaufiner son stand. Certains sont fin pr\u00eats et d&rsquo;autres sont encore au four et au moulin. Vierzon accueille, pour une \u00e9ni\u00e8me fois Les Ann\u00e9es Vintage.Un \u00e9v\u00e9nement unique et exceptionnel l&rsquo;espace d&rsquo;un week-end o\u00f9 des milliers de passionn\u00e9s sont attendus dans cet univers fashion et r\u00e9tro. &hellip;\" \/>\n<meta property=\"og:url\" content=\"https:\/\/berrygoodnews.fr\/index.php\/2022\/09\/23\/les-annees-vintages-2022-on-se-prepare-dans-la-joie-et-la-bonne-humeur\/\" \/>\n<meta property=\"og:site_name\" content=\"Berry Good News\" \/>\n<meta property=\"article:publisher\" content=\"https:\/\/www.facebook.com\/berrygoodnews\/\" \/>\n<meta property=\"article:published_time\" content=\"2022-09-23T18:41:57+00:00\" \/>\n<meta property=\"article:modified_time\" content=\"2022-09-23T21:12:10+00:00\" \/>\n<meta property=\"og:image\" content=\"https:\/\/i0.wp.com\/berrygoodnews.fr\/wp-content\/uploads\/2022\/09\/vlcsnap-2022-09-23-20h44m18s202.png?fit=1920%2C1080&ssl=1\" \/>\n\t<meta property=\"og:image:width\" content=\"1920\" \/>\n\t<meta property=\"og:image:height\" content=\"1080\" \/>\n\t<meta property=\"og:image:type\" content=\"image\/png\" \/>\n<meta name=\"author\" content=\"Berry Good News\" \/>\n<meta name=\"twitter:card\" content=\"summary_large_image\" \/>\n<meta name=\"twitter:label1\" content=\"\u00c9crit par\" \/>\n\t<meta name=\"twitter:data1\" content=\"Berry Good News\" \/>\n\t<meta name=\"twitter:label2\" content=\"Dur\u00e9e de lecture estim\u00e9e\" \/>\n\t<meta name=\"twitter:data2\" content=\"1 minute\" \/>\n<script type=\"application\/ld+json\" class=\"yoast-schema-graph\">{\"@context\":\"https:\/\/schema.org\",\"@graph\":[{\"@type\":\"Article\",\"@id\":\"https:\/\/berrygoodnews.fr\/index.php\/2022\/09\/23\/les-annees-vintages-2022-on-se-prepare-dans-la-joie-et-la-bonne-humeur\/#article\",\"isPartOf\":{\"@id\":\"https:\/\/berrygoodnews.fr\/index.php\/2022\/09\/23\/les-annees-vintages-2022-on-se-prepare-dans-la-joie-et-la-bonne-humeur\/\"},\"author\":{\"name\":\"Berry Good News\",\"@id\":\"https:\/\/berrygoodnews.fr\/#\/schema\/person\/6dbdc03bea7806cc92376ffe2fcd047d\"},\"headline\":\"Les ann\u00e9es Vintages 2022, on se pr\u00e9pare dans la joie et la bonne humeur!\",\"datePublished\":\"2022-09-23T18:41:57+00:00\",\"dateModified\":\"2022-09-23T21:12:10+00:00\",\"mainEntityOfPage\":{\"@id\":\"https:\/\/berrygoodnews.fr\/index.php\/2022\/09\/23\/les-annees-vintages-2022-on-se-prepare-dans-la-joie-et-la-bonne-humeur\/\"},\"wordCount\":297,\"commentCount\":0,\"publisher\":{\"@id\":\"https:\/\/berrygoodnews.fr\/#organization\"},\"image\":{\"@id\":\"https:\/\/berrygoodnews.fr\/index.php\/2022\/09\/23\/les-annees-vintages-2022-on-se-prepare-dans-la-joie-et-la-bonne-humeur\/#primaryimage\"},\"thumbnailUrl\":\"https:\/\/i0.wp.com\/berrygoodnews.fr\/wp-content\/uploads\/2022\/09\/vlcsnap-2022-09-23-20h44m18s202.png?fit=1920%2C1080&ssl=1\",\"keywords\":[\"ann\u00e9es vintage\",\"gersende\",\"The Voice Kids\",\"vierzon\"],\"articleSection\":[\"Vierzon et ses Environs\"],\"inLanguage\":\"fr-FR\",\"potentialAction\":[{\"@type\":\"CommentAction\",\"name\":\"Comment\",\"target\":[\"https:\/\/berrygoodnews.fr\/index.php\/2022\/09\/23\/les-annees-vintages-2022-on-se-prepare-dans-la-joie-et-la-bonne-humeur\/#respond\"]}]},{\"@type\":\"WebPage\",\"@id\":\"https:\/\/berrygoodnews.fr\/index.php\/2022\/09\/23\/les-annees-vintages-2022-on-se-prepare-dans-la-joie-et-la-bonne-humeur\/\",\"url\":\"https:\/\/berrygoodnews.fr\/index.php\/2022\/09\/23\/les-annees-vintages-2022-on-se-prepare-dans-la-joie-et-la-bonne-humeur\/\",\"name\":\"Les ann\u00e9es Vintages 2022, on se pr\u00e9pare dans la joie et la bonne humeur! - Berry Good News\",\"isPartOf\":{\"@id\":\"https:\/\/berrygoodnews.fr\/#website\"},\"primaryImageOfPage\":{\"@id\":\"https:\/\/berrygoodnews.fr\/index.php\/2022\/09\/23\/les-annees-vintages-2022-on-se-prepare-dans-la-joie-et-la-bonne-humeur\/#primaryimage\"},\"image\":{\"@id\":\"https:\/\/berrygoodnews.fr\/index.php\/2022\/09\/23\/les-annees-vintages-2022-on-se-prepare-dans-la-joie-et-la-bonne-humeur\/#primaryimage\"},\"thumbnailUrl\":\"https:\/\/i0.wp.com\/berrygoodnews.fr\/wp-content\/uploads\/2022\/09\/vlcsnap-2022-09-23-20h44m18s202.png?fit=1920%2C1080&ssl=1\",\"datePublished\":\"2022-09-23T18:41:57+00:00\",\"dateModified\":\"2022-09-23T21:12:10+00:00\",\"breadcrumb\":{\"@id\":\"https:\/\/berrygoodnews.fr\/index.php\/2022\/09\/23\/les-annees-vintages-2022-on-se-prepare-dans-la-joie-et-la-bonne-humeur\/#breadcrumb\"},\"inLanguage\":\"fr-FR\",\"potentialAction\":[{\"@type\":\"ReadAction\",\"target\":[\"https:\/\/berrygoodnews.fr\/index.php\/2022\/09\/23\/les-annees-vintages-2022-on-se-prepare-dans-la-joie-et-la-bonne-humeur\/\"]}]},{\"@type\":\"ImageObject\",\"inLanguage\":\"fr-FR\",\"@id\":\"https:\/\/berrygoodnews.fr\/index.php\/2022\/09\/23\/les-annees-vintages-2022-on-se-prepare-dans-la-joie-et-la-bonne-humeur\/#primaryimage\",\"url\":\"https:\/\/i0.wp.com\/berrygoodnews.fr\/wp-content\/uploads\/2022\/09\/vlcsnap-2022-09-23-20h44m18s202.png?fit=1920%2C1080&ssl=1\",\"contentUrl\":\"https:\/\/i0.wp.com\/berrygoodnews.fr\/wp-content\/uploads\/2022\/09\/vlcsnap-2022-09-23-20h44m18s202.png?fit=1920%2C1080&ssl=1\",\"width\":1920,\"height\":1080},{\"@type\":\"BreadcrumbList\",\"@id\":\"https:\/\/berrygoodnews.fr\/index.php\/2022\/09\/23\/les-annees-vintages-2022-on-se-prepare-dans-la-joie-et-la-bonne-humeur\/#breadcrumb\",\"itemListElement\":[{\"@type\":\"ListItem\",\"position\":1,\"name\":\"Accueil\",\"item\":\"https:\/\/berrygoodnews.fr\/\"},{\"@type\":\"ListItem\",\"position\":2,\"name\":\"Les ann\u00e9es Vintages 2022, on se pr\u00e9pare dans la joie et la bonne humeur!\"}]},{\"@type\":\"WebSite\",\"@id\":\"https:\/\/berrygoodnews.fr\/#website\",\"url\":\"https:\/\/berrygoodnews.fr\/\",\"name\":\"Berry Good News\",\"description\":\"Le Centre En Action\",\"publisher\":{\"@id\":\"https:\/\/berrygoodnews.fr\/#organization\"},\"potentialAction\":[{\"@type\":\"SearchAction\",\"target\":{\"@type\":\"EntryPoint\",\"urlTemplate\":\"https:\/\/berrygoodnews.fr\/?s={search_term_string}\"},\"query-input\":{\"@type\":\"PropertyValueSpecification\",\"valueRequired\":true,\"valueName\":\"search_term_string\"}}],\"inLanguage\":\"fr-FR\"},{\"@type\":\"Organization\",\"@id\":\"https:\/\/berrygoodnews.fr\/#organization\",\"name\":\"Berry Good News\",\"url\":\"https:\/\/berrygoodnews.fr\/\",\"logo\":{\"@type\":\"ImageObject\",\"inLanguage\":\"fr-FR\",\"@id\":\"https:\/\/berrygoodnews.fr\/#\/schema\/logo\/image\/\",\"url\":\"https:\/\/i0.wp.com\/berrygoodnews.fr\/wp-content\/uploads\/2023\/05\/LogoBGNCouleur.png?fit=318%2C181&ssl=1\",\"contentUrl\":\"https:\/\/i0.wp.com\/berrygoodnews.fr\/wp-content\/uploads\/2023\/05\/LogoBGNCouleur.png?fit=318%2C181&ssl=1\",\"width\":318,\"height\":181,\"caption\":\"Berry Good News\"},\"image\":{\"@id\":\"https:\/\/berrygoodnews.fr\/#\/schema\/logo\/image\/\"},\"sameAs\":[\"https:\/\/www.facebook.com\/berrygoodnews\/\",\"https:\/\/www.youtube.com\/channel\/UCdNcluXQMXIRcNvap69zaWg\"]},{\"@type\":\"Person\",\"@id\":\"https:\/\/berrygoodnews.fr\/#\/schema\/person\/6dbdc03bea7806cc92376ffe2fcd047d\",\"name\":\"Berry Good News\",\"image\":{\"@type\":\"ImageObject\",\"inLanguage\":\"fr-FR\",\"@id\":\"https:\/\/berrygoodnews.fr\/#\/schema\/person\/image\/\",\"url\":\"https:\/\/secure.gravatar.com\/avatar\/dc97e2c83b7805754cf833611fb0eaf80fd556a613a9819de1842868762ec883?s=96&d=mm&r=g\",\"contentUrl\":\"https:\/\/secure.gravatar.com\/avatar\/dc97e2c83b7805754cf833611fb0eaf80fd556a613a9819de1842868762ec883?s=96&d=mm&r=g\",\"caption\":\"Berry Good News\"},\"description\":\"Ex-parisienne, qui a choisi de s'installer il y a six ans \u00e0 Vierzon avec une activit\u00e9 de chambres d'h\u00f4tes. J'ai d\u00e9cid\u00e9 de montrer les bonnes initiatives. Je suis tr\u00e8s optimiste car on a beaucoup de talents ici. J'avais envie de changer la vision que certains ont sur la ville.\",\"url\":\"https:\/\/berrygoodnews.fr\/index.php\/author\/hv\/\"}]}<\/script>\n<!-- \/ Yoast SEO plugin. -->","yoast_head_json":{"title":"Les ann\u00e9es Vintages 2022, on se pr\u00e9pare dans la joie et la bonne humeur! - Berry Good News","robots":{"index":"index","follow":"follow","max-snippet":"max-snippet:-1","max-image-preview":"max-image-preview:large","max-video-preview":"max-video-preview:-1"},"canonical":"https:\/\/berrygoodnews.fr\/index.php\/2022\/09\/23\/les-annees-vintages-2022-on-se-prepare-dans-la-joie-et-la-bonne-humeur\/","og_locale":"fr_FR","og_type":"article","og_title":"Les ann\u00e9es Vintages 2022, on se pr\u00e9pare dans la joie et la bonne humeur! - Berry Good News","og_description":"Ils sont tous au taquet , c&rsquo;est le moment de peaufiner son stand. Certains sont fin pr\u00eats et d&rsquo;autres sont encore au four et au moulin. Vierzon accueille, pour une \u00e9ni\u00e8me fois Les Ann\u00e9es Vintage.Un \u00e9v\u00e9nement unique et exceptionnel l&rsquo;espace d&rsquo;un week-end o\u00f9 des milliers de passionn\u00e9s sont attendus dans cet univers fashion et r\u00e9tro. &hellip;","og_url":"https:\/\/berrygoodnews.fr\/index.php\/2022\/09\/23\/les-annees-vintages-2022-on-se-prepare-dans-la-joie-et-la-bonne-humeur\/","og_site_name":"Berry Good News","article_publisher":"https:\/\/www.facebook.com\/berrygoodnews\/","article_published_time":"2022-09-23T18:41:57+00:00","article_modified_time":"2022-09-23T21:12:10+00:00","og_image":[{"width":1920,"height":1080,"url":"https:\/\/i0.wp.com\/berrygoodnews.fr\/wp-content\/uploads\/2022\/09\/vlcsnap-2022-09-23-20h44m18s202.png?fit=1920%2C1080&ssl=1","type":"image\/png"}],"author":"Berry Good News","twitter_card":"summary_large_image","twitter_misc":{"\u00c9crit par":"Berry Good News","Dur\u00e9e de lecture estim\u00e9e":"1 minute"},"schema":{"@context":"https:\/\/schema.org","@graph":[{"@type":"Article","@id":"https:\/\/berrygoodnews.fr\/index.php\/2022\/09\/23\/les-annees-vintages-2022-on-se-prepare-dans-la-joie-et-la-bonne-humeur\/#article","isPartOf":{"@id":"https:\/\/berrygoodnews.fr\/index.php\/2022\/09\/23\/les-annees-vintages-2022-on-se-prepare-dans-la-joie-et-la-bonne-humeur\/"},"author":{"name":"Berry Good News","@id":"https:\/\/berrygoodnews.fr\/#\/schema\/person\/6dbdc03bea7806cc92376ffe2fcd047d"},"headline":"Les ann\u00e9es Vintages 2022, on se pr\u00e9pare dans la joie et la bonne humeur!","datePublished":"2022-09-23T18:41:57+00:00","dateModified":"2022-09-23T21:12:10+00:00","mainEntityOfPage":{"@id":"https:\/\/berrygoodnews.fr\/index.php\/2022\/09\/23\/les-annees-vintages-2022-on-se-prepare-dans-la-joie-et-la-bonne-humeur\/"},"wordCount":297,"commentCount":0,"publisher":{"@id":"https:\/\/berrygoodnews.fr\/#organization"},"image":{"@id":"https:\/\/berrygoodnews.fr\/index.php\/2022\/09\/23\/les-annees-vintages-2022-on-se-prepare-dans-la-joie-et-la-bonne-humeur\/#primaryimage"},"thumbnailUrl":"https:\/\/i0.wp.com\/berrygoodnews.fr\/wp-content\/uploads\/2022\/09\/vlcsnap-2022-09-23-20h44m18s202.png?fit=1920%2C1080&ssl=1","keywords":["ann\u00e9es vintage","gersende","The Voice Kids","vierzon"],"articleSection":["Vierzon et ses Environs"],"inLanguage":"fr-FR","potentialAction":[{"@type":"CommentAction","name":"Comment","target":["https:\/\/berrygoodnews.fr\/index.php\/2022\/09\/23\/les-annees-vintages-2022-on-se-prepare-dans-la-joie-et-la-bonne-humeur\/#respond"]}]},{"@type":"WebPage","@id":"https:\/\/berrygoodnews.fr\/index.php\/2022\/09\/23\/les-annees-vintages-2022-on-se-prepare-dans-la-joie-et-la-bonne-humeur\/","url":"https:\/\/berrygoodnews.fr\/index.php\/2022\/09\/23\/les-annees-vintages-2022-on-se-prepare-dans-la-joie-et-la-bonne-humeur\/","name":"Les ann\u00e9es Vintages 2022, on se pr\u00e9pare dans la joie et la bonne humeur! - Berry Good News","isPartOf":{"@id":"https:\/\/berrygoodnews.fr\/#website"},"primaryImageOfPage":{"@id":"https:\/\/berrygoodnews.fr\/index.php\/2022\/09\/23\/les-annees-vintages-2022-on-se-prepare-dans-la-joie-et-la-bonne-humeur\/#primaryimage"},"image":{"@id":"https:\/\/berrygoodnews.fr\/index.php\/2022\/09\/23\/les-annees-vintages-2022-on-se-prepare-dans-la-joie-et-la-bonne-humeur\/#primaryimage"},"thumbnailUrl":"https:\/\/i0.wp.com\/berrygoodnews.fr\/wp-content\/uploads\/2022\/09\/vlcsnap-2022-09-23-20h44m18s202.png?fit=1920%2C1080&ssl=1","datePublished":"2022-09-23T18:41:57+00:00","dateModified":"2022-09-23T21:12:10+00:00","breadcrumb":{"@id":"https:\/\/berrygoodnews.fr\/index.php\/2022\/09\/23\/les-annees-vintages-2022-on-se-prepare-dans-la-joie-et-la-bonne-humeur\/#breadcrumb"},"inLanguage":"fr-FR","potentialAction":[{"@type":"ReadAction","target":["https:\/\/berrygoodnews.fr\/index.php\/2022\/09\/23\/les-annees-vintages-2022-on-se-prepare-dans-la-joie-et-la-bonne-humeur\/"]}]},{"@type":"ImageObject","inLanguage":"fr-FR","@id":"https:\/\/berrygoodnews.fr\/index.php\/2022\/09\/23\/les-annees-vintages-2022-on-se-prepare-dans-la-joie-et-la-bonne-humeur\/#primaryimage","url":"https:\/\/i0.wp.com\/berrygoodnews.fr\/wp-content\/uploads\/2022\/09\/vlcsnap-2022-09-23-20h44m18s202.png?fit=1920%2C1080&ssl=1","contentUrl":"https:\/\/i0.wp.com\/berrygoodnews.fr\/wp-content\/uploads\/2022\/09\/vlcsnap-2022-09-23-20h44m18s202.png?fit=1920%2C1080&ssl=1","width":1920,"height":1080},{"@type":"BreadcrumbList","@id":"https:\/\/berrygoodnews.fr\/index.php\/2022\/09\/23\/les-annees-vintages-2022-on-se-prepare-dans-la-joie-et-la-bonne-humeur\/#breadcrumb","itemListElement":[{"@type":"ListItem","position":1,"name":"Accueil","item":"https:\/\/berrygoodnews.fr\/"},{"@type":"ListItem","position":2,"name":"Les ann\u00e9es Vintages 2022, on se pr\u00e9pare dans la joie et la bonne humeur!"}]},{"@type":"WebSite","@id":"https:\/\/berrygoodnews.fr\/#website","url":"https:\/\/berrygoodnews.fr\/","name":"Berry Good News","description":"Le Centre En Action","publisher":{"@id":"https:\/\/berrygoodnews.fr\/#organization"},"potentialAction":[{"@type":"SearchAction","target":{"@type":"EntryPoint","urlTemplate":"https:\/\/berrygoodnews.fr\/?s={search_term_string}"},"query-input":{"@type":"PropertyValueSpecification","valueRequired":true,"valueName":"search_term_string"}}],"inLanguage":"fr-FR"},{"@type":"Organization","@id":"https:\/\/berrygoodnews.fr\/#organization","name":"Berry Good News","url":"https:\/\/berrygoodnews.fr\/","logo":{"@type":"ImageObject","inLanguage":"fr-FR","@id":"https:\/\/berrygoodnews.fr\/#\/schema\/logo\/image\/","url":"https:\/\/i0.wp.com\/berrygoodnews.fr\/wp-content\/uploads\/2023\/05\/LogoBGNCouleur.png?fit=318%2C181&ssl=1","contentUrl":"https:\/\/i0.wp.com\/berrygoodnews.fr\/wp-content\/uploads\/2023\/05\/LogoBGNCouleur.png?fit=318%2C181&ssl=1","width":318,"height":181,"caption":"Berry Good News"},"image":{"@id":"https:\/\/berrygoodnews.fr\/#\/schema\/logo\/image\/"},"sameAs":["https:\/\/www.facebook.com\/berrygoodnews\/","https:\/\/www.youtube.com\/channel\/UCdNcluXQMXIRcNvap69zaWg"]},{"@type":"Person","@id":"https:\/\/berrygoodnews.fr\/#\/schema\/person\/6dbdc03bea7806cc92376ffe2fcd047d","name":"Berry Good News","image":{"@type":"ImageObject","inLanguage":"fr-FR","@id":"https:\/\/berrygoodnews.fr\/#\/schema\/person\/image\/","url":"https:\/\/secure.gravatar.com\/avatar\/dc97e2c83b7805754cf833611fb0eaf80fd556a613a9819de1842868762ec883?s=96&d=mm&r=g","contentUrl":"https:\/\/secure.gravatar.com\/avatar\/dc97e2c83b7805754cf833611fb0eaf80fd556a613a9819de1842868762ec883?s=96&d=mm&r=g","caption":"Berry Good News"},"description":"Ex-parisienne, qui a choisi de s'installer il y a six ans \u00e0 Vierzon avec une activit\u00e9 de chambres d'h\u00f4tes. J'ai d\u00e9cid\u00e9 de montrer les bonnes initiatives. Je suis tr\u00e8s optimiste car on a beaucoup de talents ici. J'avais envie de changer la vision que certains ont sur la ville.","url":"https:\/\/berrygoodnews.fr\/index.php\/author\/hv\/"}]}},"jetpack_publicize_connections":[],"jetpack_featured_media_url":"https:\/\/i0.wp.com\/berrygoodnews.fr\/wp-content\/uploads\/2022\/09\/vlcsnap-2022-09-23-20h44m18s202.png?fit=1920%2C1080&ssl=1","jetpack_shortlink":"https:\/\/wp.me\/paGqD8-2Yv","jetpack-related-posts":[],"jetpack_sharing_enabled":true,"_links":{"self":[{"href":"https:\/\/berrygoodnews.fr\/index.php\/wp-json\/wp\/v2\/posts\/11439","targetHints":{"allow":["GET"]}}],"collection":[{"href":"https:\/\/berrygoodnews.fr\/index.php\/wp-json\/wp\/v2\/posts"}],"about":[{"href":"https:\/\/berrygoodnews.fr\/index.php\/wp-json\/wp\/v2\/types\/post"}],"author":[{"embeddable":true,"href":"https:\/\/berrygoodnews.fr\/index.php\/wp-json\/wp\/v2\/users\/2"}],"replies":[{"embeddable":true,"href":"https:\/\/berrygoodnews.fr\/index.php\/wp-json\/wp\/v2\/comments?post=11439"}],"version-history":[{"count":3,"href":"https:\/\/berrygoodnews.fr\/index.php\/wp-json\/wp\/v2\/posts\/11439\/revisions"}],"predecessor-version":[{"id":11448,"href":"https:\/\/berrygoodnews.fr\/index.php\/wp-json\/wp\/v2\/posts\/11439\/revisions\/11448"}],"wp:featuredmedia":[{"embeddable":true,"href":"https:\/\/berrygoodnews.fr\/index.php\/wp-json\/wp\/v2\/media\/11444"}],"wp:attachment":[{"href":"https:\/\/berrygoodnews.fr\/index.php\/wp-json\/wp\/v2\/media?parent=11439"}],"wp:term":[{"taxonomy":"category","embeddable":true,"href":"https:\/\/berrygoodnews.fr\/index.php\/wp-json\/wp\/v2\/categories?post=11439"},{"taxonomy":"post_tag","embeddable":true,"href":"https:\/\/berrygoodnews.fr\/index.php\/wp-json\/wp\/v2\/tags?post=11439"},{"taxonomy":"post_format","embeddable":true,"href":"https:\/\/berrygoodnews.fr\/index.php\/wp-json\/wp\/v2\/post_format?post=11439"},{"taxonomy":"flags","embeddable":true,"href":"https:\/\/berrygoodnews.fr\/index.php\/wp-json\/wp\/v2\/flags?post=11439"}],"curies":[{"name":"wp","href":"https:\/\/api.w.org\/{rel}","templated":true}]}}