{"id":11009,"date":"2022-05-02T16:09:31","date_gmt":"2022-05-02T14:09:31","guid":{"rendered":"https:\/\/berrygoodnews.fr\/?p=11009"},"modified":"2022-05-02T16:09:37","modified_gmt":"2022-05-02T14:09:37","slug":"cafe-oberry-pour-un-dimanche-familial","status":"publish","type":"post","link":"https:\/\/berrygoodnews.fr\/index.php\/2022\/05\/02\/cafe-oberry-pour-un-dimanche-familial\/","title":{"rendered":"Caf\u00e9 O&rsquo;berry, pour un dimanche familial."},"content":{"rendered":"\n<figure class=\"wp-block-embed-youtube wp-block-embed is-type-video is-provider-youtube wp-embed-aspect-16-9 wp-has-aspect-ratio\"><div class=\"wp-block-embed__wrapper\">\n<iframe loading=\"lazy\" title=\"Un 1er Mai au Caf\u00e9 O&#039;berry\" width=\"850\" height=\"478\" src=\"https:\/\/www.youtube.com\/embed\/ExXMI5Cz8YQ?feature=oembed\" frameborder=\"0\" allow=\"accelerometer; autoplay; clipboard-write; encrypted-media; gyroscope; picture-in-picture; web-share\" allowfullscreen><\/iframe>\n<\/div><figcaption>Abyr et Sebka au caf\u00e9 O&rsquo;berry<\/figcaption><\/figure>\n\n\n\n<p>Si vous d\u00e9sirez passez un dimanche en famille, venez donc faire un petit tour au Caf\u00e9 O&rsquo;berry, un lieu convivial, sans chichi qui sait accueillir les nouveaux et les anciens comme les membres d&rsquo;une m\u00eame famille. Des jeux de soci\u00e9t\u00e9, des artistes (Aujourd&rsquo;hui Abyr et Sebka), des collations et des petits riens qui vont vous ravir.<\/p>\n\n\n\n<figure class=\"wp-block-image\"><img loading=\"lazy\" decoding=\"async\" width=\"1024\" height=\"724\" src=\"https:\/\/berrygoodnews.fr\/wp-content\/uploads\/2020\/12\/logo-quartiers-cafes-1024x724.png\" alt=\"\" class=\"wp-image-9803\" srcset=\"https:\/\/berrygoodnews.fr\/wp-content\/uploads\/2020\/12\/logo-quartiers-cafes-1024x724.png 1024w, https:\/\/berrygoodnews.fr\/wp-content\/uploads\/2020\/12\/logo-quartiers-cafes-300x212.png 300w, https:\/\/berrygoodnews.fr\/wp-content\/uploads\/2020\/12\/logo-quartiers-cafes-768x543.png 768w, https:\/\/berrygoodnews.fr\/wp-content\/uploads\/2020\/12\/logo-quartiers-cafes-104x74.png 104w, https:\/\/berrygoodnews.fr\/wp-content\/uploads\/2020\/12\/logo-quartiers-cafes-845x597.png 845w\" sizes=\"auto, (max-width: 1024px) 100vw, 1024px\" \/><figcaption>caf\u00e9 o&rsquo;berry de Vierzon finaliste<\/figcaption><\/figure>\n\n\n\n<figure class=\"wp-block-image\"><img loading=\"lazy\" decoding=\"async\" width=\"940\" height=\"788\" src=\"https:\/\/berrygoodnews.fr\/wp-content\/uploads\/2022\/05\/278572750_1230739061004134_6521972512401364610_n.png\" alt=\"\" class=\"wp-image-11010\" srcset=\"https:\/\/berrygoodnews.fr\/wp-content\/uploads\/2022\/05\/278572750_1230739061004134_6521972512401364610_n.png 940w, https:\/\/berrygoodnews.fr\/wp-content\/uploads\/2022\/05\/278572750_1230739061004134_6521972512401364610_n-300x251.png 300w, https:\/\/berrygoodnews.fr\/wp-content\/uploads\/2022\/05\/278572750_1230739061004134_6521972512401364610_n-768x644.png 768w, https:\/\/berrygoodnews.fr\/wp-content\/uploads\/2022\/05\/278572750_1230739061004134_6521972512401364610_n-845x708.png 845w\" sizes=\"auto, (max-width: 940px) 100vw, 940px\" \/><figcaption> <br>Abyr et Sebka au Caf\u00e9 O&rsquo;berry<\/figcaption><\/figure>\n\n\n\n<p>Alors n&rsquo;h\u00e9sitez plus venez prendre un petit verre dans cet espace qui est con\u00e7u pour vous les vierzonnais et tous ceux qui aiment la convivialit\u00e9 autour d&rsquo;un petit verre et une \u00ab\u00a0grignoterie\u00a0\u00bb.<\/p>\n","protected":false},"excerpt":{"rendered":"<p>Si vous d\u00e9sirez passez un dimanche en famille, venez donc faire un petit tour au Caf\u00e9 O&rsquo;berry, un lieu convivial, sans chichi qui sait accueillir les nouveaux et les anciens comme les membres d&rsquo;une m\u00eame famille. Des jeux de soci\u00e9t\u00e9, des artistes (Aujourd&rsquo;hui Abyr et Sebka), des collations et des petits riens qui vont vous &hellip;<\/p>\n","protected":false},"author":2,"featured_media":5662,"comment_status":"open","ping_status":"open","sticky":false,"template":"","format":"standard","meta":{"footnotes":""},"categories":[14,43],"tags":[1519,946,1285,27],"post_format":[],"flags":[],"class_list":["post-11009","post","type-post","status-publish","format-standard","has-post-thumbnail","hentry","category-vierzon-et-ses-environs","category-vous","tag-abyr-et-sebka","tag-berrygoodnews-fr","tag-cafe-oberry","tag-vierzon"],"yoast_head":"<!-- This site is optimized with the Yoast SEO plugin v27.6 - https:\/\/yoast.com\/product\/yoast-seo-wordpress\/ -->\n<title>Caf\u00e9 O&#039;berry, pour un dimanche familial. - Berry Good News<\/title>\n<meta name=\"robots\" content=\"index, follow, max-snippet:-1, max-image-preview:large, max-video-preview:-1\" \/>\n<link rel=\"canonical\" href=\"https:\/\/berrygoodnews.fr\/index.php\/2022\/05\/02\/cafe-oberry-pour-un-dimanche-familial\/\" \/>\n<meta property=\"og:locale\" content=\"fr_FR\" \/>\n<meta property=\"og:type\" content=\"article\" \/>\n<meta property=\"og:title\" content=\"Caf\u00e9 O&#039;berry, pour un dimanche familial. - Berry Good News\" \/>\n<meta property=\"og:description\" content=\"Si vous d\u00e9sirez passez un dimanche en famille, venez donc faire un petit tour au Caf\u00e9 O&rsquo;berry, un lieu convivial, sans chichi qui sait accueillir les nouveaux et les anciens comme les membres d&rsquo;une m\u00eame famille. Des jeux de soci\u00e9t\u00e9, des artistes (Aujourd&rsquo;hui Abyr et Sebka), des collations et des petits riens qui vont vous &hellip;\" \/>\n<meta property=\"og:url\" content=\"https:\/\/berrygoodnews.fr\/index.php\/2022\/05\/02\/cafe-oberry-pour-un-dimanche-familial\/\" \/>\n<meta property=\"og:site_name\" content=\"Berry Good News\" \/>\n<meta property=\"article:publisher\" content=\"https:\/\/www.facebook.com\/berrygoodnews\/\" \/>\n<meta property=\"article:published_time\" content=\"2022-05-02T14:09:31+00:00\" \/>\n<meta property=\"article:modified_time\" content=\"2022-05-02T14:09:37+00:00\" \/>\n<meta property=\"og:image\" content=\"https:\/\/i0.wp.com\/berrygoodnews.fr\/wp-content\/uploads\/2018\/10\/caf\u00e9_1539089648.jpg?fit=1280%2C853&ssl=1\" \/>\n\t<meta property=\"og:image:width\" content=\"1280\" \/>\n\t<meta property=\"og:image:height\" content=\"853\" \/>\n\t<meta property=\"og:image:type\" content=\"image\/jpeg\" \/>\n<meta name=\"author\" content=\"Berry Good News\" \/>\n<meta name=\"twitter:card\" content=\"summary_large_image\" \/>\n<meta name=\"twitter:label1\" content=\"\u00c9crit par\" \/>\n\t<meta name=\"twitter:data1\" content=\"Berry Good News\" \/>\n\t<meta name=\"twitter:label2\" content=\"Dur\u00e9e de lecture estim\u00e9e\" \/>\n\t<meta name=\"twitter:data2\" content=\"1 minute\" \/>\n<script type=\"application\/ld+json\" class=\"yoast-schema-graph\">{\"@context\":\"https:\\\/\\\/schema.org\",\"@graph\":[{\"@type\":\"Article\",\"@id\":\"https:\\\/\\\/berrygoodnews.fr\\\/index.php\\\/2022\\\/05\\\/02\\\/cafe-oberry-pour-un-dimanche-familial\\\/#article\",\"isPartOf\":{\"@id\":\"https:\\\/\\\/berrygoodnews.fr\\\/index.php\\\/2022\\\/05\\\/02\\\/cafe-oberry-pour-un-dimanche-familial\\\/\"},\"author\":{\"name\":\"Berry Good News\",\"@id\":\"https:\\\/\\\/berrygoodnews.fr\\\/#\\\/schema\\\/person\\\/6dbdc03bea7806cc92376ffe2fcd047d\"},\"headline\":\"Caf\u00e9 O&rsquo;berry, pour un dimanche familial.\",\"datePublished\":\"2022-05-02T14:09:31+00:00\",\"dateModified\":\"2022-05-02T14:09:37+00:00\",\"mainEntityOfPage\":{\"@id\":\"https:\\\/\\\/berrygoodnews.fr\\\/index.php\\\/2022\\\/05\\\/02\\\/cafe-oberry-pour-un-dimanche-familial\\\/\"},\"wordCount\":131,\"commentCount\":0,\"publisher\":{\"@id\":\"https:\\\/\\\/berrygoodnews.fr\\\/#organization\"},\"image\":{\"@id\":\"https:\\\/\\\/berrygoodnews.fr\\\/index.php\\\/2022\\\/05\\\/02\\\/cafe-oberry-pour-un-dimanche-familial\\\/#primaryimage\"},\"thumbnailUrl\":\"https:\\\/\\\/berrygoodnews.fr\\\/wp-content\\\/uploads\\\/2018\\\/10\\\/caf\u00e9_1539089648.jpg\",\"keywords\":[\"Abyr et Sebka\",\"berrygoodnews.fr\",\"caf\u00e9 o'berry\",\"vierzon\"],\"articleSection\":[\"Vierzon et ses Environs\",\"Vivre mieux\"],\"inLanguage\":\"fr-FR\",\"potentialAction\":[{\"@type\":\"CommentAction\",\"name\":\"Comment\",\"target\":[\"https:\\\/\\\/berrygoodnews.fr\\\/index.php\\\/2022\\\/05\\\/02\\\/cafe-oberry-pour-un-dimanche-familial\\\/#respond\"]}]},{\"@type\":\"WebPage\",\"@id\":\"https:\\\/\\\/berrygoodnews.fr\\\/index.php\\\/2022\\\/05\\\/02\\\/cafe-oberry-pour-un-dimanche-familial\\\/\",\"url\":\"https:\\\/\\\/berrygoodnews.fr\\\/index.php\\\/2022\\\/05\\\/02\\\/cafe-oberry-pour-un-dimanche-familial\\\/\",\"name\":\"Caf\u00e9 O'berry, pour un dimanche familial. - Berry Good News\",\"isPartOf\":{\"@id\":\"https:\\\/\\\/berrygoodnews.fr\\\/#website\"},\"primaryImageOfPage\":{\"@id\":\"https:\\\/\\\/berrygoodnews.fr\\\/index.php\\\/2022\\\/05\\\/02\\\/cafe-oberry-pour-un-dimanche-familial\\\/#primaryimage\"},\"image\":{\"@id\":\"https:\\\/\\\/berrygoodnews.fr\\\/index.php\\\/2022\\\/05\\\/02\\\/cafe-oberry-pour-un-dimanche-familial\\\/#primaryimage\"},\"thumbnailUrl\":\"https:\\\/\\\/berrygoodnews.fr\\\/wp-content\\\/uploads\\\/2018\\\/10\\\/caf\u00e9_1539089648.jpg\",\"datePublished\":\"2022-05-02T14:09:31+00:00\",\"dateModified\":\"2022-05-02T14:09:37+00:00\",\"breadcrumb\":{\"@id\":\"https:\\\/\\\/berrygoodnews.fr\\\/index.php\\\/2022\\\/05\\\/02\\\/cafe-oberry-pour-un-dimanche-familial\\\/#breadcrumb\"},\"inLanguage\":\"fr-FR\",\"potentialAction\":[{\"@type\":\"ReadAction\",\"target\":[\"https:\\\/\\\/berrygoodnews.fr\\\/index.php\\\/2022\\\/05\\\/02\\\/cafe-oberry-pour-un-dimanche-familial\\\/\"]}]},{\"@type\":\"ImageObject\",\"inLanguage\":\"fr-FR\",\"@id\":\"https:\\\/\\\/berrygoodnews.fr\\\/index.php\\\/2022\\\/05\\\/02\\\/cafe-oberry-pour-un-dimanche-familial\\\/#primaryimage\",\"url\":\"https:\\\/\\\/berrygoodnews.fr\\\/wp-content\\\/uploads\\\/2018\\\/10\\\/caf\u00e9_1539089648.jpg\",\"contentUrl\":\"https:\\\/\\\/berrygoodnews.fr\\\/wp-content\\\/uploads\\\/2018\\\/10\\\/caf\u00e9_1539089648.jpg\",\"width\":1280,\"height\":853},{\"@type\":\"BreadcrumbList\",\"@id\":\"https:\\\/\\\/berrygoodnews.fr\\\/index.php\\\/2022\\\/05\\\/02\\\/cafe-oberry-pour-un-dimanche-familial\\\/#breadcrumb\",\"itemListElement\":[{\"@type\":\"ListItem\",\"position\":1,\"name\":\"Accueil\",\"item\":\"https:\\\/\\\/berrygoodnews.fr\\\/\"},{\"@type\":\"ListItem\",\"position\":2,\"name\":\"Caf\u00e9 O&rsquo;berry, pour un dimanche familial.\"}]},{\"@type\":\"WebSite\",\"@id\":\"https:\\\/\\\/berrygoodnews.fr\\\/#website\",\"url\":\"https:\\\/\\\/berrygoodnews.fr\\\/\",\"name\":\"Berry Good News\",\"description\":\"Le Centre En Action\",\"publisher\":{\"@id\":\"https:\\\/\\\/berrygoodnews.fr\\\/#organization\"},\"potentialAction\":[{\"@type\":\"SearchAction\",\"target\":{\"@type\":\"EntryPoint\",\"urlTemplate\":\"https:\\\/\\\/berrygoodnews.fr\\\/?s={search_term_string}\"},\"query-input\":{\"@type\":\"PropertyValueSpecification\",\"valueRequired\":true,\"valueName\":\"search_term_string\"}}],\"inLanguage\":\"fr-FR\"},{\"@type\":\"Organization\",\"@id\":\"https:\\\/\\\/berrygoodnews.fr\\\/#organization\",\"name\":\"Berry Good News\",\"url\":\"https:\\\/\\\/berrygoodnews.fr\\\/\",\"logo\":{\"@type\":\"ImageObject\",\"inLanguage\":\"fr-FR\",\"@id\":\"https:\\\/\\\/berrygoodnews.fr\\\/#\\\/schema\\\/logo\\\/image\\\/\",\"url\":\"https:\\\/\\\/i0.wp.com\\\/berrygoodnews.fr\\\/wp-content\\\/uploads\\\/2023\\\/05\\\/LogoBGNCouleur.png?fit=318%2C181&ssl=1\",\"contentUrl\":\"https:\\\/\\\/i0.wp.com\\\/berrygoodnews.fr\\\/wp-content\\\/uploads\\\/2023\\\/05\\\/LogoBGNCouleur.png?fit=318%2C181&ssl=1\",\"width\":318,\"height\":181,\"caption\":\"Berry Good News\"},\"image\":{\"@id\":\"https:\\\/\\\/berrygoodnews.fr\\\/#\\\/schema\\\/logo\\\/image\\\/\"},\"sameAs\":[\"https:\\\/\\\/www.facebook.com\\\/berrygoodnews\\\/\",\"https:\\\/\\\/www.youtube.com\\\/channel\\\/UCdNcluXQMXIRcNvap69zaWg\"]},{\"@type\":\"Person\",\"@id\":\"https:\\\/\\\/berrygoodnews.fr\\\/#\\\/schema\\\/person\\\/6dbdc03bea7806cc92376ffe2fcd047d\",\"name\":\"Berry Good News\",\"image\":{\"@type\":\"ImageObject\",\"inLanguage\":\"fr-FR\",\"@id\":\"https:\\\/\\\/secure.gravatar.com\\\/avatar\\\/dc97e2c83b7805754cf833611fb0eaf80fd556a613a9819de1842868762ec883?s=96&d=mm&r=g\",\"url\":\"https:\\\/\\\/secure.gravatar.com\\\/avatar\\\/dc97e2c83b7805754cf833611fb0eaf80fd556a613a9819de1842868762ec883?s=96&d=mm&r=g\",\"contentUrl\":\"https:\\\/\\\/secure.gravatar.com\\\/avatar\\\/dc97e2c83b7805754cf833611fb0eaf80fd556a613a9819de1842868762ec883?s=96&d=mm&r=g\",\"caption\":\"Berry Good News\"},\"description\":\"Ex-parisienne, qui a choisi de s'installer il y a six ans \u00e0 Vierzon avec une activit\u00e9 de chambres d'h\u00f4tes. J'ai d\u00e9cid\u00e9 de montrer les bonnes initiatives. Je suis tr\u00e8s optimiste car on a beaucoup de talents ici. J'avais envie de changer la vision que certains ont sur la ville.\",\"url\":\"https:\\\/\\\/berrygoodnews.fr\\\/index.php\\\/author\\\/hv\\\/\"}]}<\/script>\n<!-- \/ Yoast SEO plugin. -->","yoast_head_json":{"title":"Caf\u00e9 O'berry, pour un dimanche familial. - Berry Good News","robots":{"index":"index","follow":"follow","max-snippet":"max-snippet:-1","max-image-preview":"max-image-preview:large","max-video-preview":"max-video-preview:-1"},"canonical":"https:\/\/berrygoodnews.fr\/index.php\/2022\/05\/02\/cafe-oberry-pour-un-dimanche-familial\/","og_locale":"fr_FR","og_type":"article","og_title":"Caf\u00e9 O'berry, pour un dimanche familial. - Berry Good News","og_description":"Si vous d\u00e9sirez passez un dimanche en famille, venez donc faire un petit tour au Caf\u00e9 O&rsquo;berry, un lieu convivial, sans chichi qui sait accueillir les nouveaux et les anciens comme les membres d&rsquo;une m\u00eame famille. Des jeux de soci\u00e9t\u00e9, des artistes (Aujourd&rsquo;hui Abyr et Sebka), des collations et des petits riens qui vont vous &hellip;","og_url":"https:\/\/berrygoodnews.fr\/index.php\/2022\/05\/02\/cafe-oberry-pour-un-dimanche-familial\/","og_site_name":"Berry Good News","article_publisher":"https:\/\/www.facebook.com\/berrygoodnews\/","article_published_time":"2022-05-02T14:09:31+00:00","article_modified_time":"2022-05-02T14:09:37+00:00","og_image":[{"width":1280,"height":853,"url":"https:\/\/i0.wp.com\/berrygoodnews.fr\/wp-content\/uploads\/2018\/10\/caf\u00e9_1539089648.jpg?fit=1280%2C853&ssl=1","type":"image\/jpeg"}],"author":"Berry Good News","twitter_card":"summary_large_image","twitter_misc":{"\u00c9crit par":"Berry Good News","Dur\u00e9e de lecture estim\u00e9e":"1 minute"},"schema":{"@context":"https:\/\/schema.org","@graph":[{"@type":"Article","@id":"https:\/\/berrygoodnews.fr\/index.php\/2022\/05\/02\/cafe-oberry-pour-un-dimanche-familial\/#article","isPartOf":{"@id":"https:\/\/berrygoodnews.fr\/index.php\/2022\/05\/02\/cafe-oberry-pour-un-dimanche-familial\/"},"author":{"name":"Berry Good News","@id":"https:\/\/berrygoodnews.fr\/#\/schema\/person\/6dbdc03bea7806cc92376ffe2fcd047d"},"headline":"Caf\u00e9 O&rsquo;berry, pour un dimanche familial.","datePublished":"2022-05-02T14:09:31+00:00","dateModified":"2022-05-02T14:09:37+00:00","mainEntityOfPage":{"@id":"https:\/\/berrygoodnews.fr\/index.php\/2022\/05\/02\/cafe-oberry-pour-un-dimanche-familial\/"},"wordCount":131,"commentCount":0,"publisher":{"@id":"https:\/\/berrygoodnews.fr\/#organization"},"image":{"@id":"https:\/\/berrygoodnews.fr\/index.php\/2022\/05\/02\/cafe-oberry-pour-un-dimanche-familial\/#primaryimage"},"thumbnailUrl":"https:\/\/berrygoodnews.fr\/wp-content\/uploads\/2018\/10\/caf\u00e9_1539089648.jpg","keywords":["Abyr et Sebka","berrygoodnews.fr","caf\u00e9 o'berry","vierzon"],"articleSection":["Vierzon et ses Environs","Vivre mieux"],"inLanguage":"fr-FR","potentialAction":[{"@type":"CommentAction","name":"Comment","target":["https:\/\/berrygoodnews.fr\/index.php\/2022\/05\/02\/cafe-oberry-pour-un-dimanche-familial\/#respond"]}]},{"@type":"WebPage","@id":"https:\/\/berrygoodnews.fr\/index.php\/2022\/05\/02\/cafe-oberry-pour-un-dimanche-familial\/","url":"https:\/\/berrygoodnews.fr\/index.php\/2022\/05\/02\/cafe-oberry-pour-un-dimanche-familial\/","name":"Caf\u00e9 O'berry, pour un dimanche familial. - Berry Good News","isPartOf":{"@id":"https:\/\/berrygoodnews.fr\/#website"},"primaryImageOfPage":{"@id":"https:\/\/berrygoodnews.fr\/index.php\/2022\/05\/02\/cafe-oberry-pour-un-dimanche-familial\/#primaryimage"},"image":{"@id":"https:\/\/berrygoodnews.fr\/index.php\/2022\/05\/02\/cafe-oberry-pour-un-dimanche-familial\/#primaryimage"},"thumbnailUrl":"https:\/\/berrygoodnews.fr\/wp-content\/uploads\/2018\/10\/caf\u00e9_1539089648.jpg","datePublished":"2022-05-02T14:09:31+00:00","dateModified":"2022-05-02T14:09:37+00:00","breadcrumb":{"@id":"https:\/\/berrygoodnews.fr\/index.php\/2022\/05\/02\/cafe-oberry-pour-un-dimanche-familial\/#breadcrumb"},"inLanguage":"fr-FR","potentialAction":[{"@type":"ReadAction","target":["https:\/\/berrygoodnews.fr\/index.php\/2022\/05\/02\/cafe-oberry-pour-un-dimanche-familial\/"]}]},{"@type":"ImageObject","inLanguage":"fr-FR","@id":"https:\/\/berrygoodnews.fr\/index.php\/2022\/05\/02\/cafe-oberry-pour-un-dimanche-familial\/#primaryimage","url":"https:\/\/berrygoodnews.fr\/wp-content\/uploads\/2018\/10\/caf\u00e9_1539089648.jpg","contentUrl":"https:\/\/berrygoodnews.fr\/wp-content\/uploads\/2018\/10\/caf\u00e9_1539089648.jpg","width":1280,"height":853},{"@type":"BreadcrumbList","@id":"https:\/\/berrygoodnews.fr\/index.php\/2022\/05\/02\/cafe-oberry-pour-un-dimanche-familial\/#breadcrumb","itemListElement":[{"@type":"ListItem","position":1,"name":"Accueil","item":"https:\/\/berrygoodnews.fr\/"},{"@type":"ListItem","position":2,"name":"Caf\u00e9 O&rsquo;berry, pour un dimanche familial."}]},{"@type":"WebSite","@id":"https:\/\/berrygoodnews.fr\/#website","url":"https:\/\/berrygoodnews.fr\/","name":"Berry Good News","description":"Le Centre En Action","publisher":{"@id":"https:\/\/berrygoodnews.fr\/#organization"},"potentialAction":[{"@type":"SearchAction","target":{"@type":"EntryPoint","urlTemplate":"https:\/\/berrygoodnews.fr\/?s={search_term_string}"},"query-input":{"@type":"PropertyValueSpecification","valueRequired":true,"valueName":"search_term_string"}}],"inLanguage":"fr-FR"},{"@type":"Organization","@id":"https:\/\/berrygoodnews.fr\/#organization","name":"Berry Good News","url":"https:\/\/berrygoodnews.fr\/","logo":{"@type":"ImageObject","inLanguage":"fr-FR","@id":"https:\/\/berrygoodnews.fr\/#\/schema\/logo\/image\/","url":"https:\/\/i0.wp.com\/berrygoodnews.fr\/wp-content\/uploads\/2023\/05\/LogoBGNCouleur.png?fit=318%2C181&ssl=1","contentUrl":"https:\/\/i0.wp.com\/berrygoodnews.fr\/wp-content\/uploads\/2023\/05\/LogoBGNCouleur.png?fit=318%2C181&ssl=1","width":318,"height":181,"caption":"Berry Good News"},"image":{"@id":"https:\/\/berrygoodnews.fr\/#\/schema\/logo\/image\/"},"sameAs":["https:\/\/www.facebook.com\/berrygoodnews\/","https:\/\/www.youtube.com\/channel\/UCdNcluXQMXIRcNvap69zaWg"]},{"@type":"Person","@id":"https:\/\/berrygoodnews.fr\/#\/schema\/person\/6dbdc03bea7806cc92376ffe2fcd047d","name":"Berry Good News","image":{"@type":"ImageObject","inLanguage":"fr-FR","@id":"https:\/\/secure.gravatar.com\/avatar\/dc97e2c83b7805754cf833611fb0eaf80fd556a613a9819de1842868762ec883?s=96&d=mm&r=g","url":"https:\/\/secure.gravatar.com\/avatar\/dc97e2c83b7805754cf833611fb0eaf80fd556a613a9819de1842868762ec883?s=96&d=mm&r=g","contentUrl":"https:\/\/secure.gravatar.com\/avatar\/dc97e2c83b7805754cf833611fb0eaf80fd556a613a9819de1842868762ec883?s=96&d=mm&r=g","caption":"Berry Good News"},"description":"Ex-parisienne, qui a choisi de s'installer il y a six ans \u00e0 Vierzon avec une activit\u00e9 de chambres d'h\u00f4tes. J'ai d\u00e9cid\u00e9 de montrer les bonnes initiatives. Je suis tr\u00e8s optimiste car on a beaucoup de talents ici. J'avais envie de changer la vision que certains ont sur la ville.","url":"https:\/\/berrygoodnews.fr\/index.php\/author\/hv\/"}]}},"_links":{"self":[{"href":"https:\/\/berrygoodnews.fr\/index.php\/wp-json\/wp\/v2\/posts\/11009","targetHints":{"allow":["GET"]}}],"collection":[{"href":"https:\/\/berrygoodnews.fr\/index.php\/wp-json\/wp\/v2\/posts"}],"about":[{"href":"https:\/\/berrygoodnews.fr\/index.php\/wp-json\/wp\/v2\/types\/post"}],"author":[{"embeddable":true,"href":"https:\/\/berrygoodnews.fr\/index.php\/wp-json\/wp\/v2\/users\/2"}],"replies":[{"embeddable":true,"href":"https:\/\/berrygoodnews.fr\/index.php\/wp-json\/wp\/v2\/comments?post=11009"}],"version-history":[{"count":1,"href":"https:\/\/berrygoodnews.fr\/index.php\/wp-json\/wp\/v2\/posts\/11009\/revisions"}],"predecessor-version":[{"id":11011,"href":"https:\/\/berrygoodnews.fr\/index.php\/wp-json\/wp\/v2\/posts\/11009\/revisions\/11011"}],"wp:featuredmedia":[{"embeddable":true,"href":"https:\/\/berrygoodnews.fr\/index.php\/wp-json\/wp\/v2\/media\/5662"}],"wp:attachment":[{"href":"https:\/\/berrygoodnews.fr\/index.php\/wp-json\/wp\/v2\/media?parent=11009"}],"wp:term":[{"taxonomy":"category","embeddable":true,"href":"https:\/\/berrygoodnews.fr\/index.php\/wp-json\/wp\/v2\/categories?post=11009"},{"taxonomy":"post_tag","embeddable":true,"href":"https:\/\/berrygoodnews.fr\/index.php\/wp-json\/wp\/v2\/tags?post=11009"},{"taxonomy":"post_format","embeddable":true,"href":"https:\/\/berrygoodnews.fr\/index.php\/wp-json\/wp\/v2\/post_format?post=11009"},{"taxonomy":"flags","embeddable":true,"href":"https:\/\/berrygoodnews.fr\/index.php\/wp-json\/wp\/v2\/flags?post=11009"}],"curies":[{"name":"wp","href":"https:\/\/api.w.org\/{rel}","templated":true}]}}