{"id":10581,"date":"2021-11-27T19:53:46","date_gmt":"2021-11-27T18:53:46","guid":{"rendered":"https:\/\/berrygoodnews.fr\/?p=10581"},"modified":"2021-11-27T20:54:38","modified_gmt":"2021-11-27T19:54:38","slug":"double-evenement-au-super-u-de-vierzon","status":"publish","type":"post","link":"https:\/\/berrygoodnews.fr\/index.php\/2021\/11\/27\/double-evenement-au-super-u-de-vierzon\/","title":{"rendered":"Double \u00e9v\u00e9nement au Super U de Vierzon"},"content":{"rendered":"\n<figure class=\"wp-block-embed-youtube wp-block-embed is-type-video is-provider-youtube wp-embed-aspect-16-9 wp-has-aspect-ratio\"><div class=\"wp-block-embed__wrapper\">\n<iframe loading=\"lazy\" title=\"Double \u00e9v\u00e9nement au Super U\" width=\"850\" height=\"478\" src=\"https:\/\/www.youtube.com\/embed\/4yGbQHRQqDA?feature=oembed\" frameborder=\"0\" allow=\"accelerometer; autoplay; clipboard-write; encrypted-media; gyroscope; picture-in-picture; web-share\" allowfullscreen><\/iframe>\n<\/div><figcaption><em>Mr Gauthier directeur du Super U de Vierzon interview\u00e9 par le journaliste\/animateur de Radio Tintouin David Bernard<\/em><\/figcaption><\/figure>\n\n\n\n<p>Aujourd&rsquo;hui un Double \u00e9v\u00e9nement au Super U de Vierzon. Nous pouvions assister \u00e0 l&rsquo;habituelle collecte pour les restos du C\u0153ur qui aujourd&rsquo;hui est une machine bien rod\u00e9e avec soit quelques nouveaut\u00e9s, ainsi que conjointement l&rsquo;inauguration officielle de la \u00ab\u00a0P&rsquo;tite bo\u00eete\u00a0\u00bb by Mademoiselle George. <\/p>\n\n\n\n<figure class=\"wp-block-image\"><img data-recalc-dims=\"1\" loading=\"lazy\" decoding=\"async\" width=\"850\" height=\"478\" data-attachment-id=\"10584\" data-permalink=\"https:\/\/berrygoodnews.fr\/index.php\/2021\/11\/27\/double-evenement-au-super-u-de-vierzon\/vlcsnap-2021-11-27-17h55m58s252\/\" data-orig-file=\"https:\/\/i0.wp.com\/berrygoodnews.fr\/wp-content\/uploads\/2021\/11\/vlcsnap-2021-11-27-17h55m58s252.png?fit=1920%2C1080&amp;ssl=1\" data-orig-size=\"1920,1080\" data-comments-opened=\"1\" data-image-meta=\"{&quot;aperture&quot;:&quot;0&quot;,&quot;credit&quot;:&quot;&quot;,&quot;camera&quot;:&quot;&quot;,&quot;caption&quot;:&quot;&quot;,&quot;created_timestamp&quot;:&quot;0&quot;,&quot;copyright&quot;:&quot;&quot;,&quot;focal_length&quot;:&quot;0&quot;,&quot;iso&quot;:&quot;0&quot;,&quot;shutter_speed&quot;:&quot;0&quot;,&quot;title&quot;:&quot;&quot;,&quot;orientation&quot;:&quot;0&quot;}\" data-image-title=\"vlcsnap-2021-11-27-17h55m58s252\" data-image-description=\"\" data-image-caption=\"\" data-medium-file=\"https:\/\/i0.wp.com\/berrygoodnews.fr\/wp-content\/uploads\/2021\/11\/vlcsnap-2021-11-27-17h55m58s252.png?fit=300%2C169&amp;ssl=1\" data-large-file=\"https:\/\/i0.wp.com\/berrygoodnews.fr\/wp-content\/uploads\/2021\/11\/vlcsnap-2021-11-27-17h55m58s252.png?fit=850%2C478&amp;ssl=1\" src=\"https:\/\/i0.wp.com\/berrygoodnews.fr\/wp-content\/uploads\/2021\/11\/vlcsnap-2021-11-27-17h55m58s252.png?resize=850%2C478&#038;ssl=1\" alt=\"\" class=\"wp-image-10584\" srcset=\"https:\/\/i0.wp.com\/berrygoodnews.fr\/wp-content\/uploads\/2021\/11\/vlcsnap-2021-11-27-17h55m58s252.png?resize=1024%2C576&amp;ssl=1 1024w, https:\/\/i0.wp.com\/berrygoodnews.fr\/wp-content\/uploads\/2021\/11\/vlcsnap-2021-11-27-17h55m58s252.png?resize=300%2C169&amp;ssl=1 300w, https:\/\/i0.wp.com\/berrygoodnews.fr\/wp-content\/uploads\/2021\/11\/vlcsnap-2021-11-27-17h55m58s252.png?resize=768%2C432&amp;ssl=1 768w, https:\/\/i0.wp.com\/berrygoodnews.fr\/wp-content\/uploads\/2021\/11\/vlcsnap-2021-11-27-17h55m58s252.png?resize=845%2C475&amp;ssl=1 845w, https:\/\/i0.wp.com\/berrygoodnews.fr\/wp-content\/uploads\/2021\/11\/vlcsnap-2021-11-27-17h55m58s252.png?resize=1240%2C698&amp;ssl=1 1240w, https:\/\/i0.wp.com\/berrygoodnews.fr\/wp-content\/uploads\/2021\/11\/vlcsnap-2021-11-27-17h55m58s252.png?w=1920&amp;ssl=1 1920w, https:\/\/i0.wp.com\/berrygoodnews.fr\/wp-content\/uploads\/2021\/11\/vlcsnap-2021-11-27-17h55m58s252.png?w=1700&amp;ssl=1 1700w\" sizes=\"auto, (max-width: 850px) 100vw, 850px\" \/><\/figure>\n\n\n\n<figure class=\"wp-block-image\"><img data-recalc-dims=\"1\" loading=\"lazy\" decoding=\"async\" width=\"850\" height=\"478\" data-attachment-id=\"10586\" data-permalink=\"https:\/\/berrygoodnews.fr\/index.php\/2021\/11\/27\/double-evenement-au-super-u-de-vierzon\/vlcsnap-2021-11-27-17h58m47s035\/\" data-orig-file=\"https:\/\/i0.wp.com\/berrygoodnews.fr\/wp-content\/uploads\/2021\/11\/vlcsnap-2021-11-27-17h58m47s035.png?fit=1920%2C1080&amp;ssl=1\" data-orig-size=\"1920,1080\" data-comments-opened=\"1\" data-image-meta=\"{&quot;aperture&quot;:&quot;0&quot;,&quot;credit&quot;:&quot;&quot;,&quot;camera&quot;:&quot;&quot;,&quot;caption&quot;:&quot;&quot;,&quot;created_timestamp&quot;:&quot;0&quot;,&quot;copyright&quot;:&quot;&quot;,&quot;focal_length&quot;:&quot;0&quot;,&quot;iso&quot;:&quot;0&quot;,&quot;shutter_speed&quot;:&quot;0&quot;,&quot;title&quot;:&quot;&quot;,&quot;orientation&quot;:&quot;0&quot;}\" data-image-title=\"vlcsnap-2021-11-27-17h58m47s035\" data-image-description=\"\" data-image-caption=\"\" data-medium-file=\"https:\/\/i0.wp.com\/berrygoodnews.fr\/wp-content\/uploads\/2021\/11\/vlcsnap-2021-11-27-17h58m47s035.png?fit=300%2C169&amp;ssl=1\" data-large-file=\"https:\/\/i0.wp.com\/berrygoodnews.fr\/wp-content\/uploads\/2021\/11\/vlcsnap-2021-11-27-17h58m47s035.png?fit=850%2C478&amp;ssl=1\" src=\"https:\/\/i0.wp.com\/berrygoodnews.fr\/wp-content\/uploads\/2021\/11\/vlcsnap-2021-11-27-17h58m47s035.png?resize=850%2C478&#038;ssl=1\" alt=\"\" class=\"wp-image-10586\" srcset=\"https:\/\/i0.wp.com\/berrygoodnews.fr\/wp-content\/uploads\/2021\/11\/vlcsnap-2021-11-27-17h58m47s035.png?resize=1024%2C576&amp;ssl=1 1024w, https:\/\/i0.wp.com\/berrygoodnews.fr\/wp-content\/uploads\/2021\/11\/vlcsnap-2021-11-27-17h58m47s035.png?resize=300%2C169&amp;ssl=1 300w, https:\/\/i0.wp.com\/berrygoodnews.fr\/wp-content\/uploads\/2021\/11\/vlcsnap-2021-11-27-17h58m47s035.png?resize=768%2C432&amp;ssl=1 768w, https:\/\/i0.wp.com\/berrygoodnews.fr\/wp-content\/uploads\/2021\/11\/vlcsnap-2021-11-27-17h58m47s035.png?resize=845%2C475&amp;ssl=1 845w, https:\/\/i0.wp.com\/berrygoodnews.fr\/wp-content\/uploads\/2021\/11\/vlcsnap-2021-11-27-17h58m47s035.png?resize=1240%2C698&amp;ssl=1 1240w, https:\/\/i0.wp.com\/berrygoodnews.fr\/wp-content\/uploads\/2021\/11\/vlcsnap-2021-11-27-17h58m47s035.png?w=1920&amp;ssl=1 1920w, https:\/\/i0.wp.com\/berrygoodnews.fr\/wp-content\/uploads\/2021\/11\/vlcsnap-2021-11-27-17h58m47s035.png?w=1700&amp;ssl=1 1700w\" sizes=\"auto, (max-width: 850px) 100vw, 850px\" \/><\/figure>\n\n\n\n<p>Dans cette vid\u00e9o  Mr Gauthier directeur du Super U de Vierzon fid\u00e8le \u00e0 la philosophie de l&rsquo;enseigne Super U, ancrage local des produits, donne la chance \u00e0 Val\u00e9rie Jarraud la cr\u00e9atrice et entrepreneuse de talent, d&rsquo;avoir une r\u00e9elle visibilit\u00e9 ce qui est indispensable \u00e0 la diffusion da la \u00ab\u00a0P&rsquo;tite bo\u00eete\u00a0\u00bb, le coffret qui vous veut du bien. Cette derni\u00e8re est un concentr\u00e9 de \u00ab\u00a0Bien- \u00eatre\u00a0\u00bb dont les acteurs  sont tous issus de la r\u00e9gion (environ 60 kms alentours).<\/p>\n\n\n\n<div class=\"wp-block-image\"><figure class=\"aligncenter\"><img data-recalc-dims=\"1\" loading=\"lazy\" decoding=\"async\" width=\"850\" height=\"478\" data-attachment-id=\"10585\" data-permalink=\"https:\/\/berrygoodnews.fr\/index.php\/2021\/11\/27\/double-evenement-au-super-u-de-vierzon\/vlcsnap-2021-11-27-17h58m31s126\/\" data-orig-file=\"https:\/\/i0.wp.com\/berrygoodnews.fr\/wp-content\/uploads\/2021\/11\/vlcsnap-2021-11-27-17h58m31s126.png?fit=1920%2C1080&amp;ssl=1\" data-orig-size=\"1920,1080\" data-comments-opened=\"1\" data-image-meta=\"{&quot;aperture&quot;:&quot;0&quot;,&quot;credit&quot;:&quot;&quot;,&quot;camera&quot;:&quot;&quot;,&quot;caption&quot;:&quot;&quot;,&quot;created_timestamp&quot;:&quot;0&quot;,&quot;copyright&quot;:&quot;&quot;,&quot;focal_length&quot;:&quot;0&quot;,&quot;iso&quot;:&quot;0&quot;,&quot;shutter_speed&quot;:&quot;0&quot;,&quot;title&quot;:&quot;&quot;,&quot;orientation&quot;:&quot;0&quot;}\" data-image-title=\"vlcsnap-2021-11-27-17h58m31s126\" data-image-description=\"\" data-image-caption=\"\" data-medium-file=\"https:\/\/i0.wp.com\/berrygoodnews.fr\/wp-content\/uploads\/2021\/11\/vlcsnap-2021-11-27-17h58m31s126.png?fit=300%2C169&amp;ssl=1\" data-large-file=\"https:\/\/i0.wp.com\/berrygoodnews.fr\/wp-content\/uploads\/2021\/11\/vlcsnap-2021-11-27-17h58m31s126.png?fit=850%2C478&amp;ssl=1\" src=\"https:\/\/i0.wp.com\/berrygoodnews.fr\/wp-content\/uploads\/2021\/11\/vlcsnap-2021-11-27-17h58m31s126.png?resize=850%2C478&#038;ssl=1\" alt=\"\" class=\"wp-image-10585\" srcset=\"https:\/\/i0.wp.com\/berrygoodnews.fr\/wp-content\/uploads\/2021\/11\/vlcsnap-2021-11-27-17h58m31s126.png?resize=1024%2C576&amp;ssl=1 1024w, https:\/\/i0.wp.com\/berrygoodnews.fr\/wp-content\/uploads\/2021\/11\/vlcsnap-2021-11-27-17h58m31s126.png?resize=300%2C169&amp;ssl=1 300w, https:\/\/i0.wp.com\/berrygoodnews.fr\/wp-content\/uploads\/2021\/11\/vlcsnap-2021-11-27-17h58m31s126.png?resize=768%2C432&amp;ssl=1 768w, https:\/\/i0.wp.com\/berrygoodnews.fr\/wp-content\/uploads\/2021\/11\/vlcsnap-2021-11-27-17h58m31s126.png?resize=845%2C475&amp;ssl=1 845w, https:\/\/i0.wp.com\/berrygoodnews.fr\/wp-content\/uploads\/2021\/11\/vlcsnap-2021-11-27-17h58m31s126.png?resize=1240%2C698&amp;ssl=1 1240w, https:\/\/i0.wp.com\/berrygoodnews.fr\/wp-content\/uploads\/2021\/11\/vlcsnap-2021-11-27-17h58m31s126.png?w=1920&amp;ssl=1 1920w, https:\/\/i0.wp.com\/berrygoodnews.fr\/wp-content\/uploads\/2021\/11\/vlcsnap-2021-11-27-17h58m31s126.png?w=1700&amp;ssl=1 1700w\" sizes=\"auto, (max-width: 850px) 100vw, 850px\" \/><figcaption><em>La cr\u00e9atrice <\/em><\/figcaption><\/figure><\/div>\n\n\n\n<div class=\"wp-block-image\"><figure class=\"alignleft is-resized\"><img data-recalc-dims=\"1\" loading=\"lazy\" decoding=\"async\" data-attachment-id=\"10597\" data-permalink=\"https:\/\/berrygoodnews.fr\/index.php\/2021\/11\/27\/double-evenement-au-super-u-de-vierzon\/logo-mademoiselle-george-carrelogo-mademoiselle-george-carre\/\" data-orig-file=\"https:\/\/i0.wp.com\/berrygoodnews.fr\/wp-content\/uploads\/2021\/11\/Logo-Mademoiselle-George-carre%CC%81logo-Mademoiselle-George-carre.png?fit=332%2C552&amp;ssl=1\" data-orig-size=\"332,552\" data-comments-opened=\"1\" data-image-meta=\"{&quot;aperture&quot;:&quot;0&quot;,&quot;credit&quot;:&quot;&quot;,&quot;camera&quot;:&quot;&quot;,&quot;caption&quot;:&quot;&quot;,&quot;created_timestamp&quot;:&quot;0&quot;,&quot;copyright&quot;:&quot;&quot;,&quot;focal_length&quot;:&quot;0&quot;,&quot;iso&quot;:&quot;0&quot;,&quot;shutter_speed&quot;:&quot;0&quot;,&quot;title&quot;:&quot;&quot;,&quot;orientation&quot;:&quot;0&quot;}\" data-image-title=\"Logo-Mademoiselle-George-carre\u0301logo-Mademoiselle-George-carre\" data-image-description=\"\" data-image-caption=\"\" data-medium-file=\"https:\/\/i0.wp.com\/berrygoodnews.fr\/wp-content\/uploads\/2021\/11\/Logo-Mademoiselle-George-carre%CC%81logo-Mademoiselle-George-carre.png?fit=180%2C300&amp;ssl=1\" data-large-file=\"https:\/\/i0.wp.com\/berrygoodnews.fr\/wp-content\/uploads\/2021\/11\/Logo-Mademoiselle-George-carre%CC%81logo-Mademoiselle-George-carre.png?fit=332%2C552&amp;ssl=1\" src=\"https:\/\/i0.wp.com\/berrygoodnews.fr\/wp-content\/uploads\/2021\/11\/Logo-Mademoiselle-George-carre%CC%81logo-Mademoiselle-George-carre.png?resize=102%2C170&#038;ssl=1\" alt=\"\" class=\"wp-image-10597\" width=\"102\" height=\"170\" srcset=\"https:\/\/i0.wp.com\/berrygoodnews.fr\/wp-content\/uploads\/2021\/11\/Logo-Mademoiselle-George-carre%CC%81logo-Mademoiselle-George-carre.png?w=332&amp;ssl=1 332w, https:\/\/i0.wp.com\/berrygoodnews.fr\/wp-content\/uploads\/2021\/11\/Logo-Mademoiselle-George-carre%CC%81logo-Mademoiselle-George-carre.png?resize=180%2C300&amp;ssl=1 180w\" sizes=\"auto, (max-width: 102px) 100vw, 102px\" \/><\/figure><\/div>\n\n\n\n<h2 class=\"wp-block-heading\">Mademoiselle George a plus d\u2019un tour dans sa bo\u00eete !<\/h2>\n\n\n\n<p>Cette petite bo\u00eete, vous pourrez vous&nbsp;<strong>l\u2019offrir<\/strong>, vous la faire offrir ou l\u2019offrir \u00e0 votre amoureux(se), votre belle-m\u00e8re, votre coll\u00e8gue de la compta, votre nounou, votre pote G\u00e9g\u00e9, vos employ\u00e9s, vos clients \u2026 \u00e0 qui vous voulez&nbsp;<strong>faire plaisir<\/strong>, en fait.<\/p>\n\n\n\n<p>Dedans il y aura des goodies, mais surtout&nbsp;<strong>un bon cadeau<\/strong>, qui permettra de choisir&nbsp;<strong>un soin<\/strong>&nbsp;parmi ceux propos\u00e9s par une large s\u00e9lection de th\u00e9rapies et de&nbsp;<strong>th\u00e9rapeutes LOCAUX<\/strong>&nbsp;!!!<br>De l\u2019hypnose, du magn\u00e9tisme, de la nutrith\u00e9rapie, de du coaching, des massages, de la reflexologie et plein d\u2019autres choses \u2026 \u00e0 60 km autour de Vierzon. Que du bonheur&nbsp;!<\/p>\n\n\n\n<p>Et tout au long de l\u2019ann\u00e9e, Mademoiselle George interviewera sa communaut\u00e9 de th\u00e9rapeutes pour vous concocter des articles, des vid\u00e9os, des bons plans \u2026 pour que l\u2019univers du bien-\u00eatre n\u2019ait plus de secret pour vous.<\/p>\n\n\n\n<p>Vous voulez \u00eatre tenu inform\u00e9(e) de la suite&nbsp;et faire partie en exclusivit\u00e9 des tous premiers b\u00e9n\u00e9ficiaires de cette offre? Inscrivez-vous \u00e0 notre newsletter.<\/p>\n\n\n\n<p><strong> Un beau cadeau pour les f\u00eates!<\/strong><\/p>\n","protected":false},"excerpt":{"rendered":"<p>Aujourd&rsquo;hui un Double \u00e9v\u00e9nement au Super U de Vierzon. Nous pouvions assister \u00e0 l&rsquo;habituelle collecte pour les restos du C\u0153ur qui aujourd&rsquo;hui est une machine bien rod\u00e9e avec soit quelques nouveaut\u00e9s, ainsi que conjointement l&rsquo;inauguration officielle de la \u00ab\u00a0P&rsquo;tite bo\u00eete\u00a0\u00bb by Mademoiselle George. Dans cette vid\u00e9o Mr Gauthier directeur du Super U de Vierzon fid\u00e8le &hellip;<\/p>\n","protected":false},"author":2,"featured_media":10597,"comment_status":"open","ping_status":"open","sticky":false,"template":"","format":"standard","meta":{"jetpack_post_was_ever_published":false,"_jetpack_newsletter_access":"","_jetpack_dont_email_post_to_subs":false,"_jetpack_newsletter_tier_id":0,"_jetpack_memberships_contains_paywalled_content":false,"_jetpack_memberships_contains_paid_content":false,"footnotes":"","jetpack_publicize_message":"","jetpack_publicize_feature_enabled":true,"jetpack_social_post_already_shared":true,"jetpack_social_options":{"image_generator_settings":{"template":"highway","default_image_id":0,"font":"","enabled":false},"version":2}},"categories":[14],"tags":[946,1340,252,1439,27],"post_format":[],"flags":[],"class_list":["post-10581","post","type-post","status-publish","format-standard","has-post-thumbnail","hentry","category-vierzon-et-ses-environs","tag-berrygoodnews-fr","tag-david-bernard","tag-radio-tintouin","tag-super-u","tag-vierzon"],"yoast_head":"<!-- This site is optimized with the Yoast SEO plugin v26.8 - https:\/\/yoast.com\/product\/yoast-seo-wordpress\/ -->\n<title>Double \u00e9v\u00e9nement au Super U de Vierzon - Berry Good News<\/title>\n<meta name=\"robots\" content=\"index, follow, max-snippet:-1, max-image-preview:large, max-video-preview:-1\" \/>\n<link rel=\"canonical\" href=\"https:\/\/berrygoodnews.fr\/index.php\/2021\/11\/27\/double-evenement-au-super-u-de-vierzon\/\" \/>\n<meta property=\"og:locale\" content=\"fr_FR\" \/>\n<meta property=\"og:type\" content=\"article\" \/>\n<meta property=\"og:title\" content=\"Double \u00e9v\u00e9nement au Super U de Vierzon - Berry Good News\" \/>\n<meta property=\"og:description\" content=\"Aujourd&rsquo;hui un Double \u00e9v\u00e9nement au Super U de Vierzon. Nous pouvions assister \u00e0 l&rsquo;habituelle collecte pour les restos du C\u0153ur qui aujourd&rsquo;hui est une machine bien rod\u00e9e avec soit quelques nouveaut\u00e9s, ainsi que conjointement l&rsquo;inauguration officielle de la \u00ab\u00a0P&rsquo;tite bo\u00eete\u00a0\u00bb by Mademoiselle George. Dans cette vid\u00e9o Mr Gauthier directeur du Super U de Vierzon fid\u00e8le &hellip;\" \/>\n<meta property=\"og:url\" content=\"https:\/\/berrygoodnews.fr\/index.php\/2021\/11\/27\/double-evenement-au-super-u-de-vierzon\/\" \/>\n<meta property=\"og:site_name\" content=\"Berry Good News\" \/>\n<meta property=\"article:publisher\" content=\"https:\/\/www.facebook.com\/berrygoodnews\/\" \/>\n<meta property=\"article:published_time\" content=\"2021-11-27T18:53:46+00:00\" \/>\n<meta property=\"article:modified_time\" content=\"2021-11-27T19:54:38+00:00\" \/>\n<meta property=\"og:image\" content=\"https:\/\/i0.wp.com\/berrygoodnews.fr\/wp-content\/uploads\/2021\/11\/Logo-Mademoiselle-George-carre\u0301logo-Mademoiselle-George-carre.png?fit=332%2C552&ssl=1\" \/>\n\t<meta property=\"og:image:width\" content=\"332\" \/>\n\t<meta property=\"og:image:height\" content=\"552\" \/>\n\t<meta property=\"og:image:type\" content=\"image\/png\" \/>\n<meta name=\"author\" content=\"Berry Good News\" \/>\n<meta name=\"twitter:card\" content=\"summary_large_image\" \/>\n<meta name=\"twitter:label1\" content=\"\u00c9crit par\" \/>\n\t<meta name=\"twitter:data1\" content=\"Berry Good News\" \/>\n\t<meta name=\"twitter:label2\" content=\"Dur\u00e9e de lecture estim\u00e9e\" \/>\n\t<meta name=\"twitter:data2\" content=\"2 minutes\" \/>\n<script type=\"application\/ld+json\" class=\"yoast-schema-graph\">{\"@context\":\"https:\/\/schema.org\",\"@graph\":[{\"@type\":\"Article\",\"@id\":\"https:\/\/berrygoodnews.fr\/index.php\/2021\/11\/27\/double-evenement-au-super-u-de-vierzon\/#article\",\"isPartOf\":{\"@id\":\"https:\/\/berrygoodnews.fr\/index.php\/2021\/11\/27\/double-evenement-au-super-u-de-vierzon\/\"},\"author\":{\"name\":\"Berry Good News\",\"@id\":\"https:\/\/berrygoodnews.fr\/#\/schema\/person\/6dbdc03bea7806cc92376ffe2fcd047d\"},\"headline\":\"Double \u00e9v\u00e9nement au Super U de Vierzon\",\"datePublished\":\"2021-11-27T18:53:46+00:00\",\"dateModified\":\"2021-11-27T19:54:38+00:00\",\"mainEntityOfPage\":{\"@id\":\"https:\/\/berrygoodnews.fr\/index.php\/2021\/11\/27\/double-evenement-au-super-u-de-vierzon\/\"},\"wordCount\":377,\"commentCount\":0,\"publisher\":{\"@id\":\"https:\/\/berrygoodnews.fr\/#organization\"},\"image\":{\"@id\":\"https:\/\/berrygoodnews.fr\/index.php\/2021\/11\/27\/double-evenement-au-super-u-de-vierzon\/#primaryimage\"},\"thumbnailUrl\":\"https:\/\/i0.wp.com\/berrygoodnews.fr\/wp-content\/uploads\/2021\/11\/Logo-Mademoiselle-George-carre%CC%81logo-Mademoiselle-George-carre.png?fit=332%2C552&ssl=1\",\"keywords\":[\"berrygoodnews.fr\",\"David bernard\",\"radio tintouin\",\"super U\",\"vierzon\"],\"articleSection\":[\"Vierzon et ses Environs\"],\"inLanguage\":\"fr-FR\",\"potentialAction\":[{\"@type\":\"CommentAction\",\"name\":\"Comment\",\"target\":[\"https:\/\/berrygoodnews.fr\/index.php\/2021\/11\/27\/double-evenement-au-super-u-de-vierzon\/#respond\"]}]},{\"@type\":\"WebPage\",\"@id\":\"https:\/\/berrygoodnews.fr\/index.php\/2021\/11\/27\/double-evenement-au-super-u-de-vierzon\/\",\"url\":\"https:\/\/berrygoodnews.fr\/index.php\/2021\/11\/27\/double-evenement-au-super-u-de-vierzon\/\",\"name\":\"Double \u00e9v\u00e9nement au Super U de Vierzon - Berry Good News\",\"isPartOf\":{\"@id\":\"https:\/\/berrygoodnews.fr\/#website\"},\"primaryImageOfPage\":{\"@id\":\"https:\/\/berrygoodnews.fr\/index.php\/2021\/11\/27\/double-evenement-au-super-u-de-vierzon\/#primaryimage\"},\"image\":{\"@id\":\"https:\/\/berrygoodnews.fr\/index.php\/2021\/11\/27\/double-evenement-au-super-u-de-vierzon\/#primaryimage\"},\"thumbnailUrl\":\"https:\/\/i0.wp.com\/berrygoodnews.fr\/wp-content\/uploads\/2021\/11\/Logo-Mademoiselle-George-carre%CC%81logo-Mademoiselle-George-carre.png?fit=332%2C552&ssl=1\",\"datePublished\":\"2021-11-27T18:53:46+00:00\",\"dateModified\":\"2021-11-27T19:54:38+00:00\",\"breadcrumb\":{\"@id\":\"https:\/\/berrygoodnews.fr\/index.php\/2021\/11\/27\/double-evenement-au-super-u-de-vierzon\/#breadcrumb\"},\"inLanguage\":\"fr-FR\",\"potentialAction\":[{\"@type\":\"ReadAction\",\"target\":[\"https:\/\/berrygoodnews.fr\/index.php\/2021\/11\/27\/double-evenement-au-super-u-de-vierzon\/\"]}]},{\"@type\":\"ImageObject\",\"inLanguage\":\"fr-FR\",\"@id\":\"https:\/\/berrygoodnews.fr\/index.php\/2021\/11\/27\/double-evenement-au-super-u-de-vierzon\/#primaryimage\",\"url\":\"https:\/\/i0.wp.com\/berrygoodnews.fr\/wp-content\/uploads\/2021\/11\/Logo-Mademoiselle-George-carre%CC%81logo-Mademoiselle-George-carre.png?fit=332%2C552&ssl=1\",\"contentUrl\":\"https:\/\/i0.wp.com\/berrygoodnews.fr\/wp-content\/uploads\/2021\/11\/Logo-Mademoiselle-George-carre%CC%81logo-Mademoiselle-George-carre.png?fit=332%2C552&ssl=1\",\"width\":332,\"height\":552},{\"@type\":\"BreadcrumbList\",\"@id\":\"https:\/\/berrygoodnews.fr\/index.php\/2021\/11\/27\/double-evenement-au-super-u-de-vierzon\/#breadcrumb\",\"itemListElement\":[{\"@type\":\"ListItem\",\"position\":1,\"name\":\"Accueil\",\"item\":\"https:\/\/berrygoodnews.fr\/\"},{\"@type\":\"ListItem\",\"position\":2,\"name\":\"Double \u00e9v\u00e9nement au Super U de Vierzon\"}]},{\"@type\":\"WebSite\",\"@id\":\"https:\/\/berrygoodnews.fr\/#website\",\"url\":\"https:\/\/berrygoodnews.fr\/\",\"name\":\"Berry Good News\",\"description\":\"Le Centre En Action\",\"publisher\":{\"@id\":\"https:\/\/berrygoodnews.fr\/#organization\"},\"potentialAction\":[{\"@type\":\"SearchAction\",\"target\":{\"@type\":\"EntryPoint\",\"urlTemplate\":\"https:\/\/berrygoodnews.fr\/?s={search_term_string}\"},\"query-input\":{\"@type\":\"PropertyValueSpecification\",\"valueRequired\":true,\"valueName\":\"search_term_string\"}}],\"inLanguage\":\"fr-FR\"},{\"@type\":\"Organization\",\"@id\":\"https:\/\/berrygoodnews.fr\/#organization\",\"name\":\"Berry Good News\",\"url\":\"https:\/\/berrygoodnews.fr\/\",\"logo\":{\"@type\":\"ImageObject\",\"inLanguage\":\"fr-FR\",\"@id\":\"https:\/\/berrygoodnews.fr\/#\/schema\/logo\/image\/\",\"url\":\"https:\/\/i0.wp.com\/berrygoodnews.fr\/wp-content\/uploads\/2023\/05\/LogoBGNCouleur.png?fit=318%2C181&ssl=1\",\"contentUrl\":\"https:\/\/i0.wp.com\/berrygoodnews.fr\/wp-content\/uploads\/2023\/05\/LogoBGNCouleur.png?fit=318%2C181&ssl=1\",\"width\":318,\"height\":181,\"caption\":\"Berry Good News\"},\"image\":{\"@id\":\"https:\/\/berrygoodnews.fr\/#\/schema\/logo\/image\/\"},\"sameAs\":[\"https:\/\/www.facebook.com\/berrygoodnews\/\",\"https:\/\/www.youtube.com\/channel\/UCdNcluXQMXIRcNvap69zaWg\"]},{\"@type\":\"Person\",\"@id\":\"https:\/\/berrygoodnews.fr\/#\/schema\/person\/6dbdc03bea7806cc92376ffe2fcd047d\",\"name\":\"Berry Good News\",\"image\":{\"@type\":\"ImageObject\",\"inLanguage\":\"fr-FR\",\"@id\":\"https:\/\/berrygoodnews.fr\/#\/schema\/person\/image\/\",\"url\":\"https:\/\/secure.gravatar.com\/avatar\/dc97e2c83b7805754cf833611fb0eaf80fd556a613a9819de1842868762ec883?s=96&d=mm&r=g\",\"contentUrl\":\"https:\/\/secure.gravatar.com\/avatar\/dc97e2c83b7805754cf833611fb0eaf80fd556a613a9819de1842868762ec883?s=96&d=mm&r=g\",\"caption\":\"Berry Good News\"},\"description\":\"Ex-parisienne, qui a choisi de s'installer il y a six ans \u00e0 Vierzon avec une activit\u00e9 de chambres d'h\u00f4tes. J'ai d\u00e9cid\u00e9 de montrer les bonnes initiatives. Je suis tr\u00e8s optimiste car on a beaucoup de talents ici. J'avais envie de changer la vision que certains ont sur la ville.\",\"url\":\"https:\/\/berrygoodnews.fr\/index.php\/author\/hv\/\"}]}<\/script>\n<!-- \/ Yoast SEO plugin. -->","yoast_head_json":{"title":"Double \u00e9v\u00e9nement au Super U de Vierzon - Berry Good News","robots":{"index":"index","follow":"follow","max-snippet":"max-snippet:-1","max-image-preview":"max-image-preview:large","max-video-preview":"max-video-preview:-1"},"canonical":"https:\/\/berrygoodnews.fr\/index.php\/2021\/11\/27\/double-evenement-au-super-u-de-vierzon\/","og_locale":"fr_FR","og_type":"article","og_title":"Double \u00e9v\u00e9nement au Super U de Vierzon - Berry Good News","og_description":"Aujourd&rsquo;hui un Double \u00e9v\u00e9nement au Super U de Vierzon. Nous pouvions assister \u00e0 l&rsquo;habituelle collecte pour les restos du C\u0153ur qui aujourd&rsquo;hui est une machine bien rod\u00e9e avec soit quelques nouveaut\u00e9s, ainsi que conjointement l&rsquo;inauguration officielle de la \u00ab\u00a0P&rsquo;tite bo\u00eete\u00a0\u00bb by Mademoiselle George. Dans cette vid\u00e9o Mr Gauthier directeur du Super U de Vierzon fid\u00e8le &hellip;","og_url":"https:\/\/berrygoodnews.fr\/index.php\/2021\/11\/27\/double-evenement-au-super-u-de-vierzon\/","og_site_name":"Berry Good News","article_publisher":"https:\/\/www.facebook.com\/berrygoodnews\/","article_published_time":"2021-11-27T18:53:46+00:00","article_modified_time":"2021-11-27T19:54:38+00:00","og_image":[{"width":332,"height":552,"url":"https:\/\/i0.wp.com\/berrygoodnews.fr\/wp-content\/uploads\/2021\/11\/Logo-Mademoiselle-George-carre\u0301logo-Mademoiselle-George-carre.png?fit=332%2C552&ssl=1","type":"image\/png"}],"author":"Berry Good News","twitter_card":"summary_large_image","twitter_misc":{"\u00c9crit par":"Berry Good News","Dur\u00e9e de lecture estim\u00e9e":"2 minutes"},"schema":{"@context":"https:\/\/schema.org","@graph":[{"@type":"Article","@id":"https:\/\/berrygoodnews.fr\/index.php\/2021\/11\/27\/double-evenement-au-super-u-de-vierzon\/#article","isPartOf":{"@id":"https:\/\/berrygoodnews.fr\/index.php\/2021\/11\/27\/double-evenement-au-super-u-de-vierzon\/"},"author":{"name":"Berry Good News","@id":"https:\/\/berrygoodnews.fr\/#\/schema\/person\/6dbdc03bea7806cc92376ffe2fcd047d"},"headline":"Double \u00e9v\u00e9nement au Super U de Vierzon","datePublished":"2021-11-27T18:53:46+00:00","dateModified":"2021-11-27T19:54:38+00:00","mainEntityOfPage":{"@id":"https:\/\/berrygoodnews.fr\/index.php\/2021\/11\/27\/double-evenement-au-super-u-de-vierzon\/"},"wordCount":377,"commentCount":0,"publisher":{"@id":"https:\/\/berrygoodnews.fr\/#organization"},"image":{"@id":"https:\/\/berrygoodnews.fr\/index.php\/2021\/11\/27\/double-evenement-au-super-u-de-vierzon\/#primaryimage"},"thumbnailUrl":"https:\/\/i0.wp.com\/berrygoodnews.fr\/wp-content\/uploads\/2021\/11\/Logo-Mademoiselle-George-carre%CC%81logo-Mademoiselle-George-carre.png?fit=332%2C552&ssl=1","keywords":["berrygoodnews.fr","David bernard","radio tintouin","super U","vierzon"],"articleSection":["Vierzon et ses Environs"],"inLanguage":"fr-FR","potentialAction":[{"@type":"CommentAction","name":"Comment","target":["https:\/\/berrygoodnews.fr\/index.php\/2021\/11\/27\/double-evenement-au-super-u-de-vierzon\/#respond"]}]},{"@type":"WebPage","@id":"https:\/\/berrygoodnews.fr\/index.php\/2021\/11\/27\/double-evenement-au-super-u-de-vierzon\/","url":"https:\/\/berrygoodnews.fr\/index.php\/2021\/11\/27\/double-evenement-au-super-u-de-vierzon\/","name":"Double \u00e9v\u00e9nement au Super U de Vierzon - Berry Good News","isPartOf":{"@id":"https:\/\/berrygoodnews.fr\/#website"},"primaryImageOfPage":{"@id":"https:\/\/berrygoodnews.fr\/index.php\/2021\/11\/27\/double-evenement-au-super-u-de-vierzon\/#primaryimage"},"image":{"@id":"https:\/\/berrygoodnews.fr\/index.php\/2021\/11\/27\/double-evenement-au-super-u-de-vierzon\/#primaryimage"},"thumbnailUrl":"https:\/\/i0.wp.com\/berrygoodnews.fr\/wp-content\/uploads\/2021\/11\/Logo-Mademoiselle-George-carre%CC%81logo-Mademoiselle-George-carre.png?fit=332%2C552&ssl=1","datePublished":"2021-11-27T18:53:46+00:00","dateModified":"2021-11-27T19:54:38+00:00","breadcrumb":{"@id":"https:\/\/berrygoodnews.fr\/index.php\/2021\/11\/27\/double-evenement-au-super-u-de-vierzon\/#breadcrumb"},"inLanguage":"fr-FR","potentialAction":[{"@type":"ReadAction","target":["https:\/\/berrygoodnews.fr\/index.php\/2021\/11\/27\/double-evenement-au-super-u-de-vierzon\/"]}]},{"@type":"ImageObject","inLanguage":"fr-FR","@id":"https:\/\/berrygoodnews.fr\/index.php\/2021\/11\/27\/double-evenement-au-super-u-de-vierzon\/#primaryimage","url":"https:\/\/i0.wp.com\/berrygoodnews.fr\/wp-content\/uploads\/2021\/11\/Logo-Mademoiselle-George-carre%CC%81logo-Mademoiselle-George-carre.png?fit=332%2C552&ssl=1","contentUrl":"https:\/\/i0.wp.com\/berrygoodnews.fr\/wp-content\/uploads\/2021\/11\/Logo-Mademoiselle-George-carre%CC%81logo-Mademoiselle-George-carre.png?fit=332%2C552&ssl=1","width":332,"height":552},{"@type":"BreadcrumbList","@id":"https:\/\/berrygoodnews.fr\/index.php\/2021\/11\/27\/double-evenement-au-super-u-de-vierzon\/#breadcrumb","itemListElement":[{"@type":"ListItem","position":1,"name":"Accueil","item":"https:\/\/berrygoodnews.fr\/"},{"@type":"ListItem","position":2,"name":"Double \u00e9v\u00e9nement au Super U de Vierzon"}]},{"@type":"WebSite","@id":"https:\/\/berrygoodnews.fr\/#website","url":"https:\/\/berrygoodnews.fr\/","name":"Berry Good News","description":"Le Centre En Action","publisher":{"@id":"https:\/\/berrygoodnews.fr\/#organization"},"potentialAction":[{"@type":"SearchAction","target":{"@type":"EntryPoint","urlTemplate":"https:\/\/berrygoodnews.fr\/?s={search_term_string}"},"query-input":{"@type":"PropertyValueSpecification","valueRequired":true,"valueName":"search_term_string"}}],"inLanguage":"fr-FR"},{"@type":"Organization","@id":"https:\/\/berrygoodnews.fr\/#organization","name":"Berry Good News","url":"https:\/\/berrygoodnews.fr\/","logo":{"@type":"ImageObject","inLanguage":"fr-FR","@id":"https:\/\/berrygoodnews.fr\/#\/schema\/logo\/image\/","url":"https:\/\/i0.wp.com\/berrygoodnews.fr\/wp-content\/uploads\/2023\/05\/LogoBGNCouleur.png?fit=318%2C181&ssl=1","contentUrl":"https:\/\/i0.wp.com\/berrygoodnews.fr\/wp-content\/uploads\/2023\/05\/LogoBGNCouleur.png?fit=318%2C181&ssl=1","width":318,"height":181,"caption":"Berry Good News"},"image":{"@id":"https:\/\/berrygoodnews.fr\/#\/schema\/logo\/image\/"},"sameAs":["https:\/\/www.facebook.com\/berrygoodnews\/","https:\/\/www.youtube.com\/channel\/UCdNcluXQMXIRcNvap69zaWg"]},{"@type":"Person","@id":"https:\/\/berrygoodnews.fr\/#\/schema\/person\/6dbdc03bea7806cc92376ffe2fcd047d","name":"Berry Good News","image":{"@type":"ImageObject","inLanguage":"fr-FR","@id":"https:\/\/berrygoodnews.fr\/#\/schema\/person\/image\/","url":"https:\/\/secure.gravatar.com\/avatar\/dc97e2c83b7805754cf833611fb0eaf80fd556a613a9819de1842868762ec883?s=96&d=mm&r=g","contentUrl":"https:\/\/secure.gravatar.com\/avatar\/dc97e2c83b7805754cf833611fb0eaf80fd556a613a9819de1842868762ec883?s=96&d=mm&r=g","caption":"Berry Good News"},"description":"Ex-parisienne, qui a choisi de s'installer il y a six ans \u00e0 Vierzon avec une activit\u00e9 de chambres d'h\u00f4tes. J'ai d\u00e9cid\u00e9 de montrer les bonnes initiatives. Je suis tr\u00e8s optimiste car on a beaucoup de talents ici. J'avais envie de changer la vision que certains ont sur la ville.","url":"https:\/\/berrygoodnews.fr\/index.php\/author\/hv\/"}]}},"jetpack_publicize_connections":[],"jetpack_featured_media_url":"https:\/\/i0.wp.com\/berrygoodnews.fr\/wp-content\/uploads\/2021\/11\/Logo-Mademoiselle-George-carre%CC%81logo-Mademoiselle-George-carre.png?fit=332%2C552&ssl=1","jetpack_shortlink":"https:\/\/wp.me\/paGqD8-2KF","jetpack-related-posts":[],"jetpack_sharing_enabled":true,"_links":{"self":[{"href":"https:\/\/berrygoodnews.fr\/index.php\/wp-json\/wp\/v2\/posts\/10581","targetHints":{"allow":["GET"]}}],"collection":[{"href":"https:\/\/berrygoodnews.fr\/index.php\/wp-json\/wp\/v2\/posts"}],"about":[{"href":"https:\/\/berrygoodnews.fr\/index.php\/wp-json\/wp\/v2\/types\/post"}],"author":[{"embeddable":true,"href":"https:\/\/berrygoodnews.fr\/index.php\/wp-json\/wp\/v2\/users\/2"}],"replies":[{"embeddable":true,"href":"https:\/\/berrygoodnews.fr\/index.php\/wp-json\/wp\/v2\/comments?post=10581"}],"version-history":[{"count":6,"href":"https:\/\/berrygoodnews.fr\/index.php\/wp-json\/wp\/v2\/posts\/10581\/revisions"}],"predecessor-version":[{"id":10602,"href":"https:\/\/berrygoodnews.fr\/index.php\/wp-json\/wp\/v2\/posts\/10581\/revisions\/10602"}],"wp:featuredmedia":[{"embeddable":true,"href":"https:\/\/berrygoodnews.fr\/index.php\/wp-json\/wp\/v2\/media\/10597"}],"wp:attachment":[{"href":"https:\/\/berrygoodnews.fr\/index.php\/wp-json\/wp\/v2\/media?parent=10581"}],"wp:term":[{"taxonomy":"category","embeddable":true,"href":"https:\/\/berrygoodnews.fr\/index.php\/wp-json\/wp\/v2\/categories?post=10581"},{"taxonomy":"post_tag","embeddable":true,"href":"https:\/\/berrygoodnews.fr\/index.php\/wp-json\/wp\/v2\/tags?post=10581"},{"taxonomy":"post_format","embeddable":true,"href":"https:\/\/berrygoodnews.fr\/index.php\/wp-json\/wp\/v2\/post_format?post=10581"},{"taxonomy":"flags","embeddable":true,"href":"https:\/\/berrygoodnews.fr\/index.php\/wp-json\/wp\/v2\/flags?post=10581"}],"curies":[{"name":"wp","href":"https:\/\/api.w.org\/{rel}","templated":true}]}}