{"id":10492,"date":"2021-11-20T11:21:45","date_gmt":"2021-11-20T10:21:45","guid":{"rendered":"https:\/\/berrygoodnews.fr\/?p=10492"},"modified":"2021-11-20T11:21:50","modified_gmt":"2021-11-20T10:21:50","slug":"maison-du-blues-recoit-eric-ter-blues","status":"publish","type":"post","link":"https:\/\/berrygoodnews.fr\/index.php\/2021\/11\/20\/maison-du-blues-recoit-eric-ter-blues\/","title":{"rendered":"Maison du Blues re\u00e7oit ERIC TER BLUES"},"content":{"rendered":"\n<figure class=\"wp-block-embed-youtube wp-block-embed is-type-video is-provider-youtube wp-embed-aspect-16-9 wp-has-aspect-ratio\"><div class=\"wp-block-embed__wrapper\">\n<iframe loading=\"lazy\" title=\"Eric Ter - &quot;The Fella&quot;\" width=\"850\" height=\"478\" src=\"https:\/\/www.youtube.com\/embed\/DP4mls23TGY?feature=oembed\" frameborder=\"0\" allow=\"accelerometer; autoplay; clipboard-write; encrypted-media; gyroscope; picture-in-picture; web-share\" allowfullscreen><\/iframe>\n<\/div><\/figure>\n\n\n\n<p><strong>Il reste quelques places pour voir&nbsp;cet<\/strong>&nbsp;<strong>artiste Atypique<\/strong>&nbsp; &nbsp;:<\/p>\n\n\n\n<p><strong>ERIC TER BLUES TRIO&nbsp;<\/strong><strong>(FR)<\/strong><strong><\/strong><\/p>\n\n\n\n<p><strong>Cet auteur compositeur a r\u00e9alis\u00e9 ses deux derniers albums en fran\u00e7ais, c\u2019est aussi un guitariste exceptionnel.<br><\/strong><\/p>\n\n\n\n<p><strong>I<\/strong><\/p>\n\n\n\n<p><strong>Artiste rare sur sc\u00e8ne, il sera&nbsp;<\/strong><strong>&nbsp;\u00e0 la Maison du Blues.<\/strong><strong>pour un seul concert :<\/strong><\/p>\n\n\n\n<ul class=\"wp-block-list\"><li><strong>&nbsp;Samedi 20 novembre 2021 \u00e0 21h<\/strong><\/li><\/ul>\n\n\n\n<p><em>Ouverture des portes \u00e0 19h pour la petite restauration,&nbsp;<\/em><strong><em>Nous vous proposerons un rougail de saucisses et quelques desserts<br><\/em><\/strong><br><em><strong>Pour ceux qui n&rsquo;ont pas encore de carte d&rsquo;adh\u00e9rent annuel, nous vous proposons d\u00e9j\u00e0 celle de 2022 pour que vous puissiez b\u00e9n\u00e9ficier de 14 mois de musique live de qualit\u00e9 \u00e0 un tarif pr\u00e9f\u00e9rentiel !!<\/strong><\/em><br><strong>R\u00e9servations&nbsp; et renseignements :<\/strong><a href=\"tel:06.24.77.71.58\" target=\"_blank\" rel=\"noreferrer noopener\">06.24.77.71.58<\/a>ou par mail :&nbsp;<a href=\"mailto:lamaisondublues@gmail.com\" rel=\"noreferrer noopener\" target=\"_blank\">lamaisondublues@gmail.com<\/a>Pensez bien \u00e0 nous pr\u00e9ciser dans la mesure du possible si vous prenez la petite restaurationcela facilite notre organisation et votre satisfaction<br>Nous vous accueillons&nbsp;<strong>avec un pass sanitaire<\/strong>&nbsp;: vaccination ou un test PCR de moins de 72 het le gel hydroalcoolique offert par la maison !!Nous vous rappelons que nous ne prenons pas de carte bancaire, uniquement des esp\u00e8ces ou des ch\u00e8ques.<br><strong>A vos r\u00e9servations!<\/strong><strong>et \u00e0 tr\u00e8s bient\u00f4t pour ces moments indispensables en cette p\u00e9riode !!!<\/strong><\/p>\n\n\n\n<p>&#8212;<br><strong>BLACK JACK BLUES ASSOCIATION<\/strong><br>Jacques\u00a0\u00bbBlack Jack\u00a0\u00bbGarcia<br>42 rue du 11 novembre 1918<br>41320 ch\u00e2tres sur Cher<br>T\u00e9l : 06 66 42 70 24 ou 02 36 45 91 23<br>E-mail :&nbsp;<a href=\"mailto:lamaisondublues@gmail.com\" target=\"_blank\" rel=\"noreferrer noopener\">lamaisondublues@gmail.com<\/a><br><\/p>\n\n\n\n<table class=\"wp-block-table\"><tbody><tr><td><\/td><td>R\u00e9pondreTransf\u00e9rer<\/td><\/tr><\/tbody><\/table>\n","protected":false},"excerpt":{"rendered":"<p>Il reste quelques places pour voir&nbsp;cet&nbsp;artiste Atypique&nbsp; &nbsp;: ERIC TER BLUES TRIO&nbsp;(FR) Cet auteur compositeur a r\u00e9alis\u00e9 ses deux derniers albums en fran\u00e7ais, c\u2019est aussi un guitariste exceptionnel. I Artiste rare sur sc\u00e8ne, il sera&nbsp;&nbsp;\u00e0 la Maison du Blues.pour un seul concert : &nbsp;Samedi 20 novembre 2021 \u00e0 21h Ouverture des portes \u00e0 19h pour &hellip;<\/p>\n","protected":false},"author":2,"featured_media":10493,"comment_status":"open","ping_status":"open","sticky":false,"template":"","format":"standard","meta":{"jetpack_post_was_ever_published":false,"_jetpack_newsletter_access":"","_jetpack_dont_email_post_to_subs":false,"_jetpack_newsletter_tier_id":0,"_jetpack_memberships_contains_paywalled_content":false,"_jetpack_memberships_contains_paid_content":false,"footnotes":"","jetpack_publicize_message":"","jetpack_publicize_feature_enabled":true,"jetpack_social_post_already_shared":true,"jetpack_social_options":{"image_generator_settings":{"template":"highway","default_image_id":0,"font":"","enabled":false},"version":2}},"categories":[862,14,43],"tags":[431,438,1431,434,1018],"post_format":[],"flags":[],"class_list":["post-10492","post","type-post","status-publish","format-standard","has-post-thumbnail","hentry","category-central-region","category-vierzon-et-ses-environs","category-vous","tag-blues","tag-chatres-sur-cher","tag-eric-ter-blues","tag-maison-du-blues","tag-musee-europeen-du-blues"],"yoast_head":"<!-- This site is optimized with the Yoast SEO plugin v26.8 - https:\/\/yoast.com\/product\/yoast-seo-wordpress\/ -->\n<title>Maison du Blues re\u00e7oit ERIC TER BLUES - Berry Good News<\/title>\n<meta name=\"robots\" content=\"index, follow, max-snippet:-1, max-image-preview:large, max-video-preview:-1\" \/>\n<link rel=\"canonical\" href=\"https:\/\/berrygoodnews.fr\/index.php\/2021\/11\/20\/maison-du-blues-recoit-eric-ter-blues\/\" \/>\n<meta property=\"og:locale\" content=\"fr_FR\" \/>\n<meta property=\"og:type\" content=\"article\" \/>\n<meta property=\"og:title\" content=\"Maison du Blues re\u00e7oit ERIC TER BLUES - Berry Good News\" \/>\n<meta property=\"og:description\" content=\"Il reste quelques places pour voir&nbsp;cet&nbsp;artiste Atypique&nbsp; &nbsp;: ERIC TER BLUES TRIO&nbsp;(FR) Cet auteur compositeur a r\u00e9alis\u00e9 ses deux derniers albums en fran\u00e7ais, c\u2019est aussi un guitariste exceptionnel. I Artiste rare sur sc\u00e8ne, il sera&nbsp;&nbsp;\u00e0 la Maison du Blues.pour un seul concert : &nbsp;Samedi 20 novembre 2021 \u00e0 21h Ouverture des portes \u00e0 19h pour &hellip;\" \/>\n<meta property=\"og:url\" content=\"https:\/\/berrygoodnews.fr\/index.php\/2021\/11\/20\/maison-du-blues-recoit-eric-ter-blues\/\" \/>\n<meta property=\"og:site_name\" content=\"Berry Good News\" \/>\n<meta property=\"article:publisher\" content=\"https:\/\/www.facebook.com\/berrygoodnews\/\" \/>\n<meta property=\"article:published_time\" content=\"2021-11-20T10:21:45+00:00\" \/>\n<meta property=\"article:modified_time\" content=\"2021-11-20T10:21:50+00:00\" \/>\n<meta property=\"og:image\" content=\"https:\/\/i0.wp.com\/berrygoodnews.fr\/wp-content\/uploads\/2021\/11\/32144.jpg?fit=180%2C248&ssl=1\" \/>\n\t<meta property=\"og:image:width\" content=\"180\" \/>\n\t<meta property=\"og:image:height\" content=\"248\" \/>\n\t<meta property=\"og:image:type\" content=\"image\/jpeg\" \/>\n<meta name=\"author\" content=\"Berry Good News\" \/>\n<meta name=\"twitter:card\" content=\"summary_large_image\" \/>\n<meta name=\"twitter:label1\" content=\"\u00c9crit par\" \/>\n\t<meta name=\"twitter:data1\" content=\"Berry Good News\" \/>\n\t<meta name=\"twitter:label2\" content=\"Dur\u00e9e de lecture estim\u00e9e\" \/>\n\t<meta name=\"twitter:data2\" content=\"1 minute\" \/>\n<script type=\"application\/ld+json\" class=\"yoast-schema-graph\">{\"@context\":\"https:\/\/schema.org\",\"@graph\":[{\"@type\":\"Article\",\"@id\":\"https:\/\/berrygoodnews.fr\/index.php\/2021\/11\/20\/maison-du-blues-recoit-eric-ter-blues\/#article\",\"isPartOf\":{\"@id\":\"https:\/\/berrygoodnews.fr\/index.php\/2021\/11\/20\/maison-du-blues-recoit-eric-ter-blues\/\"},\"author\":{\"name\":\"Berry Good News\",\"@id\":\"https:\/\/berrygoodnews.fr\/#\/schema\/person\/6dbdc03bea7806cc92376ffe2fcd047d\"},\"headline\":\"Maison du Blues re\u00e7oit ERIC TER BLUES\",\"datePublished\":\"2021-11-20T10:21:45+00:00\",\"dateModified\":\"2021-11-20T10:21:50+00:00\",\"mainEntityOfPage\":{\"@id\":\"https:\/\/berrygoodnews.fr\/index.php\/2021\/11\/20\/maison-du-blues-recoit-eric-ter-blues\/\"},\"wordCount\":254,\"commentCount\":0,\"publisher\":{\"@id\":\"https:\/\/berrygoodnews.fr\/#organization\"},\"image\":{\"@id\":\"https:\/\/berrygoodnews.fr\/index.php\/2021\/11\/20\/maison-du-blues-recoit-eric-ter-blues\/#primaryimage\"},\"thumbnailUrl\":\"https:\/\/i0.wp.com\/berrygoodnews.fr\/wp-content\/uploads\/2021\/11\/32144.jpg?fit=180%2C248&ssl=1\",\"keywords\":[\"blues\",\"Ch\u00e2tres sur Cher\",\"ERIC TER BLUES\",\"maison du Blues\",\"Mus\u00e9e Europ\u00e9en du Blues\"],\"articleSection\":[\"Central Region\",\"Vierzon et ses Environs\",\"Vivre mieux\"],\"inLanguage\":\"fr-FR\",\"potentialAction\":[{\"@type\":\"CommentAction\",\"name\":\"Comment\",\"target\":[\"https:\/\/berrygoodnews.fr\/index.php\/2021\/11\/20\/maison-du-blues-recoit-eric-ter-blues\/#respond\"]}]},{\"@type\":\"WebPage\",\"@id\":\"https:\/\/berrygoodnews.fr\/index.php\/2021\/11\/20\/maison-du-blues-recoit-eric-ter-blues\/\",\"url\":\"https:\/\/berrygoodnews.fr\/index.php\/2021\/11\/20\/maison-du-blues-recoit-eric-ter-blues\/\",\"name\":\"Maison du Blues re\u00e7oit ERIC TER BLUES - Berry Good News\",\"isPartOf\":{\"@id\":\"https:\/\/berrygoodnews.fr\/#website\"},\"primaryImageOfPage\":{\"@id\":\"https:\/\/berrygoodnews.fr\/index.php\/2021\/11\/20\/maison-du-blues-recoit-eric-ter-blues\/#primaryimage\"},\"image\":{\"@id\":\"https:\/\/berrygoodnews.fr\/index.php\/2021\/11\/20\/maison-du-blues-recoit-eric-ter-blues\/#primaryimage\"},\"thumbnailUrl\":\"https:\/\/i0.wp.com\/berrygoodnews.fr\/wp-content\/uploads\/2021\/11\/32144.jpg?fit=180%2C248&ssl=1\",\"datePublished\":\"2021-11-20T10:21:45+00:00\",\"dateModified\":\"2021-11-20T10:21:50+00:00\",\"breadcrumb\":{\"@id\":\"https:\/\/berrygoodnews.fr\/index.php\/2021\/11\/20\/maison-du-blues-recoit-eric-ter-blues\/#breadcrumb\"},\"inLanguage\":\"fr-FR\",\"potentialAction\":[{\"@type\":\"ReadAction\",\"target\":[\"https:\/\/berrygoodnews.fr\/index.php\/2021\/11\/20\/maison-du-blues-recoit-eric-ter-blues\/\"]}]},{\"@type\":\"ImageObject\",\"inLanguage\":\"fr-FR\",\"@id\":\"https:\/\/berrygoodnews.fr\/index.php\/2021\/11\/20\/maison-du-blues-recoit-eric-ter-blues\/#primaryimage\",\"url\":\"https:\/\/i0.wp.com\/berrygoodnews.fr\/wp-content\/uploads\/2021\/11\/32144.jpg?fit=180%2C248&ssl=1\",\"contentUrl\":\"https:\/\/i0.wp.com\/berrygoodnews.fr\/wp-content\/uploads\/2021\/11\/32144.jpg?fit=180%2C248&ssl=1\",\"width\":180,\"height\":248},{\"@type\":\"BreadcrumbList\",\"@id\":\"https:\/\/berrygoodnews.fr\/index.php\/2021\/11\/20\/maison-du-blues-recoit-eric-ter-blues\/#breadcrumb\",\"itemListElement\":[{\"@type\":\"ListItem\",\"position\":1,\"name\":\"Accueil\",\"item\":\"https:\/\/berrygoodnews.fr\/\"},{\"@type\":\"ListItem\",\"position\":2,\"name\":\"Maison du Blues re\u00e7oit ERIC TER BLUES\"}]},{\"@type\":\"WebSite\",\"@id\":\"https:\/\/berrygoodnews.fr\/#website\",\"url\":\"https:\/\/berrygoodnews.fr\/\",\"name\":\"Berry Good News\",\"description\":\"Le Centre En Action\",\"publisher\":{\"@id\":\"https:\/\/berrygoodnews.fr\/#organization\"},\"potentialAction\":[{\"@type\":\"SearchAction\",\"target\":{\"@type\":\"EntryPoint\",\"urlTemplate\":\"https:\/\/berrygoodnews.fr\/?s={search_term_string}\"},\"query-input\":{\"@type\":\"PropertyValueSpecification\",\"valueRequired\":true,\"valueName\":\"search_term_string\"}}],\"inLanguage\":\"fr-FR\"},{\"@type\":\"Organization\",\"@id\":\"https:\/\/berrygoodnews.fr\/#organization\",\"name\":\"Berry Good News\",\"url\":\"https:\/\/berrygoodnews.fr\/\",\"logo\":{\"@type\":\"ImageObject\",\"inLanguage\":\"fr-FR\",\"@id\":\"https:\/\/berrygoodnews.fr\/#\/schema\/logo\/image\/\",\"url\":\"https:\/\/i0.wp.com\/berrygoodnews.fr\/wp-content\/uploads\/2023\/05\/LogoBGNCouleur.png?fit=318%2C181&ssl=1\",\"contentUrl\":\"https:\/\/i0.wp.com\/berrygoodnews.fr\/wp-content\/uploads\/2023\/05\/LogoBGNCouleur.png?fit=318%2C181&ssl=1\",\"width\":318,\"height\":181,\"caption\":\"Berry Good News\"},\"image\":{\"@id\":\"https:\/\/berrygoodnews.fr\/#\/schema\/logo\/image\/\"},\"sameAs\":[\"https:\/\/www.facebook.com\/berrygoodnews\/\",\"https:\/\/www.youtube.com\/channel\/UCdNcluXQMXIRcNvap69zaWg\"]},{\"@type\":\"Person\",\"@id\":\"https:\/\/berrygoodnews.fr\/#\/schema\/person\/6dbdc03bea7806cc92376ffe2fcd047d\",\"name\":\"Berry Good News\",\"image\":{\"@type\":\"ImageObject\",\"inLanguage\":\"fr-FR\",\"@id\":\"https:\/\/berrygoodnews.fr\/#\/schema\/person\/image\/\",\"url\":\"https:\/\/secure.gravatar.com\/avatar\/dc97e2c83b7805754cf833611fb0eaf80fd556a613a9819de1842868762ec883?s=96&d=mm&r=g\",\"contentUrl\":\"https:\/\/secure.gravatar.com\/avatar\/dc97e2c83b7805754cf833611fb0eaf80fd556a613a9819de1842868762ec883?s=96&d=mm&r=g\",\"caption\":\"Berry Good News\"},\"description\":\"Ex-parisienne, qui a choisi de s'installer il y a six ans \u00e0 Vierzon avec une activit\u00e9 de chambres d'h\u00f4tes. J'ai d\u00e9cid\u00e9 de montrer les bonnes initiatives. Je suis tr\u00e8s optimiste car on a beaucoup de talents ici. J'avais envie de changer la vision que certains ont sur la ville.\",\"url\":\"https:\/\/berrygoodnews.fr\/index.php\/author\/hv\/\"}]}<\/script>\n<!-- \/ Yoast SEO plugin. -->","yoast_head_json":{"title":"Maison du Blues re\u00e7oit ERIC TER BLUES - Berry Good News","robots":{"index":"index","follow":"follow","max-snippet":"max-snippet:-1","max-image-preview":"max-image-preview:large","max-video-preview":"max-video-preview:-1"},"canonical":"https:\/\/berrygoodnews.fr\/index.php\/2021\/11\/20\/maison-du-blues-recoit-eric-ter-blues\/","og_locale":"fr_FR","og_type":"article","og_title":"Maison du Blues re\u00e7oit ERIC TER BLUES - Berry Good News","og_description":"Il reste quelques places pour voir&nbsp;cet&nbsp;artiste Atypique&nbsp; &nbsp;: ERIC TER BLUES TRIO&nbsp;(FR) Cet auteur compositeur a r\u00e9alis\u00e9 ses deux derniers albums en fran\u00e7ais, c\u2019est aussi un guitariste exceptionnel. I Artiste rare sur sc\u00e8ne, il sera&nbsp;&nbsp;\u00e0 la Maison du Blues.pour un seul concert : &nbsp;Samedi 20 novembre 2021 \u00e0 21h Ouverture des portes \u00e0 19h pour &hellip;","og_url":"https:\/\/berrygoodnews.fr\/index.php\/2021\/11\/20\/maison-du-blues-recoit-eric-ter-blues\/","og_site_name":"Berry Good News","article_publisher":"https:\/\/www.facebook.com\/berrygoodnews\/","article_published_time":"2021-11-20T10:21:45+00:00","article_modified_time":"2021-11-20T10:21:50+00:00","og_image":[{"width":180,"height":248,"url":"https:\/\/i0.wp.com\/berrygoodnews.fr\/wp-content\/uploads\/2021\/11\/32144.jpg?fit=180%2C248&ssl=1","type":"image\/jpeg"}],"author":"Berry Good News","twitter_card":"summary_large_image","twitter_misc":{"\u00c9crit par":"Berry Good News","Dur\u00e9e de lecture estim\u00e9e":"1 minute"},"schema":{"@context":"https:\/\/schema.org","@graph":[{"@type":"Article","@id":"https:\/\/berrygoodnews.fr\/index.php\/2021\/11\/20\/maison-du-blues-recoit-eric-ter-blues\/#article","isPartOf":{"@id":"https:\/\/berrygoodnews.fr\/index.php\/2021\/11\/20\/maison-du-blues-recoit-eric-ter-blues\/"},"author":{"name":"Berry Good News","@id":"https:\/\/berrygoodnews.fr\/#\/schema\/person\/6dbdc03bea7806cc92376ffe2fcd047d"},"headline":"Maison du Blues re\u00e7oit ERIC TER BLUES","datePublished":"2021-11-20T10:21:45+00:00","dateModified":"2021-11-20T10:21:50+00:00","mainEntityOfPage":{"@id":"https:\/\/berrygoodnews.fr\/index.php\/2021\/11\/20\/maison-du-blues-recoit-eric-ter-blues\/"},"wordCount":254,"commentCount":0,"publisher":{"@id":"https:\/\/berrygoodnews.fr\/#organization"},"image":{"@id":"https:\/\/berrygoodnews.fr\/index.php\/2021\/11\/20\/maison-du-blues-recoit-eric-ter-blues\/#primaryimage"},"thumbnailUrl":"https:\/\/i0.wp.com\/berrygoodnews.fr\/wp-content\/uploads\/2021\/11\/32144.jpg?fit=180%2C248&ssl=1","keywords":["blues","Ch\u00e2tres sur Cher","ERIC TER BLUES","maison du Blues","Mus\u00e9e Europ\u00e9en du Blues"],"articleSection":["Central Region","Vierzon et ses Environs","Vivre mieux"],"inLanguage":"fr-FR","potentialAction":[{"@type":"CommentAction","name":"Comment","target":["https:\/\/berrygoodnews.fr\/index.php\/2021\/11\/20\/maison-du-blues-recoit-eric-ter-blues\/#respond"]}]},{"@type":"WebPage","@id":"https:\/\/berrygoodnews.fr\/index.php\/2021\/11\/20\/maison-du-blues-recoit-eric-ter-blues\/","url":"https:\/\/berrygoodnews.fr\/index.php\/2021\/11\/20\/maison-du-blues-recoit-eric-ter-blues\/","name":"Maison du Blues re\u00e7oit ERIC TER BLUES - Berry Good News","isPartOf":{"@id":"https:\/\/berrygoodnews.fr\/#website"},"primaryImageOfPage":{"@id":"https:\/\/berrygoodnews.fr\/index.php\/2021\/11\/20\/maison-du-blues-recoit-eric-ter-blues\/#primaryimage"},"image":{"@id":"https:\/\/berrygoodnews.fr\/index.php\/2021\/11\/20\/maison-du-blues-recoit-eric-ter-blues\/#primaryimage"},"thumbnailUrl":"https:\/\/i0.wp.com\/berrygoodnews.fr\/wp-content\/uploads\/2021\/11\/32144.jpg?fit=180%2C248&ssl=1","datePublished":"2021-11-20T10:21:45+00:00","dateModified":"2021-11-20T10:21:50+00:00","breadcrumb":{"@id":"https:\/\/berrygoodnews.fr\/index.php\/2021\/11\/20\/maison-du-blues-recoit-eric-ter-blues\/#breadcrumb"},"inLanguage":"fr-FR","potentialAction":[{"@type":"ReadAction","target":["https:\/\/berrygoodnews.fr\/index.php\/2021\/11\/20\/maison-du-blues-recoit-eric-ter-blues\/"]}]},{"@type":"ImageObject","inLanguage":"fr-FR","@id":"https:\/\/berrygoodnews.fr\/index.php\/2021\/11\/20\/maison-du-blues-recoit-eric-ter-blues\/#primaryimage","url":"https:\/\/i0.wp.com\/berrygoodnews.fr\/wp-content\/uploads\/2021\/11\/32144.jpg?fit=180%2C248&ssl=1","contentUrl":"https:\/\/i0.wp.com\/berrygoodnews.fr\/wp-content\/uploads\/2021\/11\/32144.jpg?fit=180%2C248&ssl=1","width":180,"height":248},{"@type":"BreadcrumbList","@id":"https:\/\/berrygoodnews.fr\/index.php\/2021\/11\/20\/maison-du-blues-recoit-eric-ter-blues\/#breadcrumb","itemListElement":[{"@type":"ListItem","position":1,"name":"Accueil","item":"https:\/\/berrygoodnews.fr\/"},{"@type":"ListItem","position":2,"name":"Maison du Blues re\u00e7oit ERIC TER BLUES"}]},{"@type":"WebSite","@id":"https:\/\/berrygoodnews.fr\/#website","url":"https:\/\/berrygoodnews.fr\/","name":"Berry Good News","description":"Le Centre En Action","publisher":{"@id":"https:\/\/berrygoodnews.fr\/#organization"},"potentialAction":[{"@type":"SearchAction","target":{"@type":"EntryPoint","urlTemplate":"https:\/\/berrygoodnews.fr\/?s={search_term_string}"},"query-input":{"@type":"PropertyValueSpecification","valueRequired":true,"valueName":"search_term_string"}}],"inLanguage":"fr-FR"},{"@type":"Organization","@id":"https:\/\/berrygoodnews.fr\/#organization","name":"Berry Good News","url":"https:\/\/berrygoodnews.fr\/","logo":{"@type":"ImageObject","inLanguage":"fr-FR","@id":"https:\/\/berrygoodnews.fr\/#\/schema\/logo\/image\/","url":"https:\/\/i0.wp.com\/berrygoodnews.fr\/wp-content\/uploads\/2023\/05\/LogoBGNCouleur.png?fit=318%2C181&ssl=1","contentUrl":"https:\/\/i0.wp.com\/berrygoodnews.fr\/wp-content\/uploads\/2023\/05\/LogoBGNCouleur.png?fit=318%2C181&ssl=1","width":318,"height":181,"caption":"Berry Good News"},"image":{"@id":"https:\/\/berrygoodnews.fr\/#\/schema\/logo\/image\/"},"sameAs":["https:\/\/www.facebook.com\/berrygoodnews\/","https:\/\/www.youtube.com\/channel\/UCdNcluXQMXIRcNvap69zaWg"]},{"@type":"Person","@id":"https:\/\/berrygoodnews.fr\/#\/schema\/person\/6dbdc03bea7806cc92376ffe2fcd047d","name":"Berry Good News","image":{"@type":"ImageObject","inLanguage":"fr-FR","@id":"https:\/\/berrygoodnews.fr\/#\/schema\/person\/image\/","url":"https:\/\/secure.gravatar.com\/avatar\/dc97e2c83b7805754cf833611fb0eaf80fd556a613a9819de1842868762ec883?s=96&d=mm&r=g","contentUrl":"https:\/\/secure.gravatar.com\/avatar\/dc97e2c83b7805754cf833611fb0eaf80fd556a613a9819de1842868762ec883?s=96&d=mm&r=g","caption":"Berry Good News"},"description":"Ex-parisienne, qui a choisi de s'installer il y a six ans \u00e0 Vierzon avec une activit\u00e9 de chambres d'h\u00f4tes. J'ai d\u00e9cid\u00e9 de montrer les bonnes initiatives. Je suis tr\u00e8s optimiste car on a beaucoup de talents ici. J'avais envie de changer la vision que certains ont sur la ville.","url":"https:\/\/berrygoodnews.fr\/index.php\/author\/hv\/"}]}},"jetpack_publicize_connections":[],"jetpack_featured_media_url":"https:\/\/i0.wp.com\/berrygoodnews.fr\/wp-content\/uploads\/2021\/11\/32144.jpg?fit=180%2C248&ssl=1","jetpack_shortlink":"https:\/\/wp.me\/paGqD8-2Je","jetpack-related-posts":[],"jetpack_sharing_enabled":true,"_links":{"self":[{"href":"https:\/\/berrygoodnews.fr\/index.php\/wp-json\/wp\/v2\/posts\/10492","targetHints":{"allow":["GET"]}}],"collection":[{"href":"https:\/\/berrygoodnews.fr\/index.php\/wp-json\/wp\/v2\/posts"}],"about":[{"href":"https:\/\/berrygoodnews.fr\/index.php\/wp-json\/wp\/v2\/types\/post"}],"author":[{"embeddable":true,"href":"https:\/\/berrygoodnews.fr\/index.php\/wp-json\/wp\/v2\/users\/2"}],"replies":[{"embeddable":true,"href":"https:\/\/berrygoodnews.fr\/index.php\/wp-json\/wp\/v2\/comments?post=10492"}],"version-history":[{"count":1,"href":"https:\/\/berrygoodnews.fr\/index.php\/wp-json\/wp\/v2\/posts\/10492\/revisions"}],"predecessor-version":[{"id":10494,"href":"https:\/\/berrygoodnews.fr\/index.php\/wp-json\/wp\/v2\/posts\/10492\/revisions\/10494"}],"wp:featuredmedia":[{"embeddable":true,"href":"https:\/\/berrygoodnews.fr\/index.php\/wp-json\/wp\/v2\/media\/10493"}],"wp:attachment":[{"href":"https:\/\/berrygoodnews.fr\/index.php\/wp-json\/wp\/v2\/media?parent=10492"}],"wp:term":[{"taxonomy":"category","embeddable":true,"href":"https:\/\/berrygoodnews.fr\/index.php\/wp-json\/wp\/v2\/categories?post=10492"},{"taxonomy":"post_tag","embeddable":true,"href":"https:\/\/berrygoodnews.fr\/index.php\/wp-json\/wp\/v2\/tags?post=10492"},{"taxonomy":"post_format","embeddable":true,"href":"https:\/\/berrygoodnews.fr\/index.php\/wp-json\/wp\/v2\/post_format?post=10492"},{"taxonomy":"flags","embeddable":true,"href":"https:\/\/berrygoodnews.fr\/index.php\/wp-json\/wp\/v2\/flags?post=10492"}],"curies":[{"name":"wp","href":"https:\/\/api.w.org\/{rel}","templated":true}]}}