{"id":1021,"date":"2017-06-20T18:16:53","date_gmt":"2017-06-20T16:16:53","guid":{"rendered":"https:\/\/berrygoodvierzon.fr\/?p=1021"},"modified":"2023-11-06T17:36:14","modified_gmt":"2023-11-06T16:36:14","slug":"stephane-mousset-vierzon","status":"publish","type":"post","link":"https:\/\/berrygoodnews.fr\/index.php\/2017\/06\/20\/stephane-mousset-vierzon\/","title":{"rendered":"St\u00e9phane Mousset, une \u00ab\u00a0sensibilit\u00e9\u00a0\u00bb de Vierzon"},"content":{"rendered":"<p><img data-recalc-dims=\"1\" decoding=\"async\" loading=\"lazy\" class=\"alignleft\" src=\"https:\/\/i0.wp.com\/berrygoodnews.fr\/wp-content\/uploads\/2017\/06\/IMG_0046.JPG?resize=128%2C171\" alt='St\u00e9phane MOUSSET' width=\"128\" height=\"171\" \/>Vierzon cache derri\u00e8re une population qui semble parfois aust\u00e8re, des personnes d&rsquo;une grande sensibilit\u00e9 qu&rsquo;on appelle \u00ab\u00a0po\u00e8tes\u00a0\u00bb. Derri\u00e8re les puissants ordinateurs aux m\u00e9moires infernales on peut parfois d\u00e9celer un moment d&rsquo;\u00e9motion, un instant hors du temps qui nous permet de comprendre que la r\u00e9ussite, le pouvoir ou l&rsquo;argent ne sont parfois que des mirages cr\u00e9\u00e9s par une soci\u00e9t\u00e9 au bord de l&rsquo;agonie o\u00f9 les vraies valeurs sont oubli\u00e9es au profit des notions de profits.<\/p>\n<p>Un chef d&rsquo;entreprise mais avant tout un \u00eatre sensible qui se cache derri\u00e8re \u00ab\u00a0Grande Gueule\u00a0\u00bb. Une personnalit\u00e9 \u00e0 d\u00e9couvrir!<\/p>\n<p>Alors abandonnons nous et laissons nous bercer par par cette petite le\u00e7on\u00a0\u00ab\u00a0\u00e9cologique\u00a0\u00bb. A Vierzon de vrais talents se cachent pr\u00e8s de nous, \u00e0 port\u00e9e de mains, mais nous ne les voyons pas!<\/p>\n<p>&nbsp;<\/p>\n<h3><b><a href=\"http:\/\/stephane-mousset.blogspot.fr\/search\/label\/30%20-%20Un%20peu%20de%20moi\" target=\"_blank\" rel=\"noopener noreferrer\">LE PETIT FURET EST MORT<\/a>\u00a0<\/b><\/h3>\n<p>En ce jour de No\u00ebl, j&rsquo;ai eu envie de le remettre en ligne.<\/p>\n<p>&nbsp;<\/p>\n<figure id=\"attachment_1026\" aria-describedby=\"caption-attachment-1026\" style=\"width: 299px\" class=\"wp-caption alignleft\"><img data-recalc-dims=\"1\" data-attachment-id=\"1026\" data-permalink=\"https:\/\/berrygoodnews.fr\/furet\/\" data-orig-file=\"https:\/\/i0.wp.com\/berrygoodnews.fr\/wp-content\/uploads\/2017\/06\/furet_1497974888.jpg?fit=1280%2C937&amp;ssl=1\" data-orig-size=\"1280,937\" data-comments-opened=\"1\" data-image-meta=\"{&quot;aperture&quot;:&quot;0&quot;,&quot;credit&quot;:&quot;&quot;,&quot;camera&quot;:&quot;&quot;,&quot;caption&quot;:&quot;&quot;,&quot;created_timestamp&quot;:&quot;0&quot;,&quot;copyright&quot;:&quot;&quot;,&quot;focal_length&quot;:&quot;0&quot;,&quot;iso&quot;:&quot;0&quot;,&quot;shutter_speed&quot;:&quot;0&quot;,&quot;title&quot;:&quot;&quot;,&quot;orientation&quot;:&quot;0&quot;}\" data-image-title=\"Furet\" data-image-description=\"\" data-image-caption=\"&lt;p&gt;&lt;a href=&quot;https:\/\/pixabay.com\/users\/skeeze\/&quot;&gt;skeeze&lt;\/a&gt; \/ Pixabay&lt;\/p&gt;\n\" data-medium-file=\"https:\/\/i0.wp.com\/berrygoodnews.fr\/wp-content\/uploads\/2017\/06\/furet_1497974888.jpg?fit=300%2C220&amp;ssl=1\" data-large-file=\"https:\/\/i0.wp.com\/berrygoodnews.fr\/wp-content\/uploads\/2017\/06\/furet_1497974888.jpg?fit=850%2C623&amp;ssl=1\" decoding=\"async\" loading=\"lazy\" class=\"wp-image-1026\" src=\"https:\/\/i0.wp.com\/berrygoodnews.fr\/wp-content\/uploads\/2017\/06\/5c40d2b14f3d3_furet_1497974888-300x220.jpg?resize=299%2C219\" alt='' width=\"299\" height=\"219\" \/><figcaption id=\"caption-attachment-1026\" class=\"wp-caption-text\"><a href=\"https:\/\/pixabay.com\/users\/skeeze\/\">skeeze<\/a> \/ Pixabay<\/figcaption><\/figure>\n<p>\u00c7a aurait pu \u00eatre un chat. Un chien. Un enfant. C\u2019\u00e9tait juste un furet. Du moins je crois. Un petit furet qui voulait traverser la route. Pour chasser, se nourrir. Ou pour rejoindre ses petits. Ou pour leur ramener \u00e0 manger. Je ne sais pas et ne le saurais jamais. Ce que je sais, c\u2019est qu\u2019il est mort, heurt\u00e9 par une voiture roulant peut-\u00eatre, s\u00fbrement trop vite.<\/p>\n<p>Ce n\u2019est pas la peur du gendarme qui m\u2019a fait lever le pied, moi qui roule tant pour des raisons professionnelles. Ce sont plut\u00f4t des sc\u00e8nes comme celles-ci. Des sc\u00e8nes qui me font regretter d\u2019\u00eatre un \u00eatre humain, d\u2019appartenir \u00e0 une esp\u00e8ce de tueurs, si peu soucieuse de son environnement, de la flore qui l\u2019entoure, de la faune qui partage son univers, de son avenir, de leur avenir, de notre avenir.<\/p>\n<p>&nbsp;<\/p>\n<p>Lors d\u2019une conf\u00e9rence donn\u00e9e sur Vierzon, il y a quelques mois (maintenant, il y a quelques ann\u00e9es), un des intervenants nous avait cont\u00e9 une<\/p>\n<figure id=\"attachment_1023\" aria-describedby=\"caption-attachment-1023\" style=\"width: 300px\" class=\"wp-caption alignright\"><img data-recalc-dims=\"1\" data-attachment-id=\"1023\" data-permalink=\"https:\/\/berrygoodnews.fr\/colibri\/\" data-orig-file=\"https:\/\/i0.wp.com\/berrygoodnews.fr\/wp-content\/uploads\/2017\/06\/colibri_1497974765.jpg?fit=640%2C426&amp;ssl=1\" data-orig-size=\"640,426\" data-comments-opened=\"1\" data-image-meta=\"{&quot;aperture&quot;:&quot;0&quot;,&quot;credit&quot;:&quot;&quot;,&quot;camera&quot;:&quot;&quot;,&quot;caption&quot;:&quot;&quot;,&quot;created_timestamp&quot;:&quot;0&quot;,&quot;copyright&quot;:&quot;&quot;,&quot;focal_length&quot;:&quot;0&quot;,&quot;iso&quot;:&quot;0&quot;,&quot;shutter_speed&quot;:&quot;0&quot;,&quot;title&quot;:&quot;&quot;,&quot;orientation&quot;:&quot;0&quot;}\" data-image-title=\"Colibri\" data-image-description=\"\" data-image-caption=\"&lt;p&gt;&lt;a href=&quot;https:\/\/pixabay.com\/users\/dMz\/&quot;&gt;dMz&lt;\/a&gt; \/ Pixabay&lt;\/p&gt;\n\" data-medium-file=\"https:\/\/i0.wp.com\/berrygoodnews.fr\/wp-content\/uploads\/2017\/06\/colibri_1497974765.jpg?fit=300%2C200&amp;ssl=1\" data-large-file=\"https:\/\/i0.wp.com\/berrygoodnews.fr\/wp-content\/uploads\/2017\/06\/colibri_1497974765.jpg?fit=640%2C426&amp;ssl=1\" decoding=\"async\" loading=\"lazy\" class=\"size-medium wp-image-1023\" src=\"https:\/\/i0.wp.com\/berrygoodnews.fr\/wp-content\/uploads\/2017\/06\/5c40d2b163153_colibri_1497974765-300x200.jpg?resize=300%2C200\" alt='' width=\"300\" height=\"200\" \/><figcaption id=\"caption-attachment-1023\" class=\"wp-caption-text\"><a href=\"https:\/\/pixabay.com\/users\/dMz\/\">dMz<\/a> \/ Pixabay<\/figcaption><\/figure>\n<p>parabole prenant pour acteur le colibri, ce tout petit oiseau des Am\u00e9riques. La sc\u00e8ne se d\u00e9roule dans la for\u00eat \u00e9quatoriale. Elle est en flammes. Tous les animaux de la for\u00eat fuient le brasier, chacun pour soi. Sauf un. Notre colibri. Avec son bec, il vole \u00e0 l\u2019\u00e9tang le plus proche de la fournaise, prend quelques gouttes d\u2019eau et vient les jeter au plus proche du d\u00e9sastre, tentant d\u2019\u00e9teindre le feu. Interloqu\u00e9s, d\u2019autres animaux s\u2019arr\u00eatent de courir pour observer les efforts du tout petit pompier. Ils finissent par l\u2019arr\u00eater, lui criant\u00a0: \u201cTu es fou. Tu vois bien que \u00e7a ne sert rien. Que tu es bien trop petit pour parvenir \u00e0 circonscrire l\u2019incendie\u201d. Le colibri, essouffl\u00e9, leur r\u00e9pond\u00a0: \u201cJe sais. Mais j\u2019aurais au moins essay\u00e9\u201d.<\/p>\n<p>&nbsp;<\/p>\n<p>L\u2019histoire ne dit pas si les autres animaux ont aid\u00e9 notre colibri. Ce que je sais, c\u2019est que j\u2019essaie chaque jour d\u2019\u00eatre un colibri, triant mes d\u00e9chets, surveillant ma consommation d\u2019\u00e9lectricit\u00e9, de gaz, ramassant les paquets de cigarettes que d\u2019autres\u2026 \u201canimaux\u201d jettent dans la rue, levant le pied. Et je r\u00eave\u2026 Je r\u00eave que nous sommes tous des colibris. Je r\u00eave que plus aucun petit furet ne mourra heurt\u00e9 par une voiture conduite par un \u00eatre qui n\u2019aura d\u2019\u00eatre humain que le nom.<\/p>\n<p>St\u00e9phane Mousset (<span dir=\"ltr\">Un peu de moi).<\/span><\/p>\n<p><img data-recalc-dims=\"1\" data-attachment-id=\"1027\" data-permalink=\"https:\/\/berrygoodnews.fr\/img_0046\/\" data-orig-file=\"https:\/\/i0.wp.com\/berrygoodnews.fr\/wp-content\/uploads\/2017\/06\/IMG_0046.jpg?fit=1195%2C1600&amp;ssl=1\" data-orig-size=\"1195,1600\" data-comments-opened=\"1\" data-image-meta=\"{&quot;aperture&quot;:&quot;0&quot;,&quot;credit&quot;:&quot;&quot;,&quot;camera&quot;:&quot;&quot;,&quot;caption&quot;:&quot;&quot;,&quot;created_timestamp&quot;:&quot;0&quot;,&quot;copyright&quot;:&quot;&quot;,&quot;focal_length&quot;:&quot;0&quot;,&quot;iso&quot;:&quot;0&quot;,&quot;shutter_speed&quot;:&quot;0&quot;,&quot;title&quot;:&quot;&quot;,&quot;orientation&quot;:&quot;0&quot;}\" data-image-title=\"mousser\" data-image-description=\"\" data-image-caption=\"\" data-medium-file=\"https:\/\/i0.wp.com\/berrygoodnews.fr\/wp-content\/uploads\/2017\/06\/IMG_0046.jpg?fit=224%2C300&amp;ssl=1\" data-large-file=\"https:\/\/i0.wp.com\/berrygoodnews.fr\/wp-content\/uploads\/2017\/06\/IMG_0046.jpg?fit=765%2C1024&amp;ssl=1\" decoding=\"async\" loading=\"lazy\" class=\"wp-image-1027 alignleft\" src=\"https:\/\/i0.wp.com\/berrygoodnews.fr\/wp-content\/uploads\/2017\/06\/5c40d2b1768c4_IMG_0046-224x300.jpg?resize=70%2C94\" alt='' width=\"70\" height=\"94\" \/>St\u00e9phane Mousset<\/p>\n<p>&nbsp;<\/p>\n<p>&nbsp;<\/p>\n<p style=\"text-align: center;\"><span style=\"color: #ff0000;\"><strong>A NOS LECTEURS<\/strong><\/span><\/p>\n<p style=\"text-align: center;\">Ce site est le votre, vous pouvez \u00e9crire des artic<img data-recalc-dims=\"1\" data-attachment-id=\"1077\" data-permalink=\"https:\/\/berrygoodnews.fr\/loisir_journal05\/\" data-orig-file=\"https:\/\/i0.wp.com\/berrygoodnews.fr\/wp-content\/uploads\/2017\/06\/loisir_journal05.gif?fit=120%2C60&amp;ssl=1\" data-orig-size=\"120,60\" data-comments-opened=\"1\" data-image-meta=\"{&quot;aperture&quot;:&quot;0&quot;,&quot;credit&quot;:&quot;&quot;,&quot;camera&quot;:&quot;&quot;,&quot;caption&quot;:&quot;&quot;,&quot;created_timestamp&quot;:&quot;0&quot;,&quot;copyright&quot;:&quot;&quot;,&quot;focal_length&quot;:&quot;0&quot;,&quot;iso&quot;:&quot;0&quot;,&quot;shutter_speed&quot;:&quot;0&quot;,&quot;title&quot;:&quot;&quot;,&quot;orientation&quot;:&quot;0&quot;}\" data-image-title=\"loisir_journal05\" data-image-description=\"&lt;p&gt;&lt;![CDATA[]]&gt;    \t&lt;\/p&gt;\n\" data-image-caption=\"\" data-medium-file=\"https:\/\/i0.wp.com\/berrygoodnews.fr\/wp-content\/uploads\/2017\/06\/loisir_journal05.gif?fit=120%2C60&amp;ssl=1\" data-large-file=\"https:\/\/i0.wp.com\/berrygoodnews.fr\/wp-content\/uploads\/2017\/06\/loisir_journal05.gif?fit=120%2C60&amp;ssl=1\" decoding=\"async\" loading=\"lazy\" class=\"size-full wp-image-1077 alignleft\" src=\"https:\/\/i0.wp.com\/berrygoodnews.fr\/wp-content\/uploads\/2017\/06\/loisir_journal05.gif?resize=120%2C60\" alt='' width=\"120\" height=\"60\" \/>les, si vous le d\u00e9sirez\u00a0et \u00e9videmment si le sujet est r\u00e9solument \u00ab\u00a0positif. Pas de lamentation, pas de j\u00e9r\u00e9miade, que de la joie et du dynamisme. Berry Good Vierzon (BGV) vous appartient car il est aussi le votre. Vous connaissez certainement des gens autour de vous des artistes cr\u00e9atifs, des personnes qui font des choses pour les autres, de vrais optimistes des locomotives pour la r\u00e9gion de Vierzon, alors parlez en et nous nous ferons un plaisir d&rsquo;\u00eatre la courroie de transmission.<\/p>\n","protected":false},"excerpt":{"rendered":"<p>Vierzon cache derri\u00e8re une population qui semble parfois aust\u00e8re, des personnes d&rsquo;une grande sensibilit\u00e9 qu&rsquo;on appelle \u00ab\u00a0po\u00e8tes\u00a0\u00bb. Derri\u00e8re les puissants ordinateurs aux m\u00e9moires infernales on peut parfois d\u00e9celer un moment d&rsquo;\u00e9motion, un instant hors du temps qui nous permet de comprendre que la r\u00e9ussite, le pouvoir ou l&rsquo;argent ne sont parfois que des mirages cr\u00e9\u00e9s &hellip;<\/p>\n","protected":false},"author":2,"featured_media":1028,"comment_status":"open","ping_status":"open","sticky":false,"template":"","format":"standard","meta":{"jetpack_post_was_ever_published":false,"_jetpack_newsletter_access":"","_jetpack_dont_email_post_to_subs":false,"_jetpack_newsletter_tier_id":0,"_jetpack_memberships_contains_paywalled_content":false,"_jetpack_memberships_contains_paid_content":false,"footnotes":"","jetpack_publicize_message":"","jetpack_publicize_feature_enabled":true,"jetpack_social_post_already_shared":false,"jetpack_social_options":{"image_generator_settings":{"template":"highway","default_image_id":0,"font":"","enabled":false},"version":2}},"categories":[14],"tags":[29,17,19,21,22,23,31,103,104,26,105,106,27,65,42],"post_format":[],"flags":[],"class_list":["post-1021","post","type-post","status-publish","format-standard","has-post-thumbnail","hentry","category-vierzon-et-ses-environs","tag-berry","tag-berry-good-vierzon","tag-berrygoodvierzon-fr","tag-centre","tag-changer","tag-cher","tag-eve-elisabeth-martin","tag-furet","tag-poete","tag-region-centre","tag-stephane-mousset","tag-viertzon","tag-vierzon","tag-vierzonitude","tag-vierzonnais"],"yoast_head":"<!-- This site is optimized with the Yoast SEO plugin v26.8 - https:\/\/yoast.com\/product\/yoast-seo-wordpress\/ -->\n<title>St\u00e9phane Mousset, une &quot;sensibilit\u00e9&quot; de Vierzon - Berry Good News<\/title>\n<meta name=\"description\" content=\"A Vierzon des talents cach\u00e9s, des personnalit\u00e9s \u00e0 d\u00e9couvrir, de vrais talents. D&#039;ailleurs lisez ce texte si \u00e9mouvant de St\u00e9phane Mousset.\" \/>\n<meta name=\"robots\" content=\"index, follow, max-snippet:-1, max-image-preview:large, max-video-preview:-1\" \/>\n<link rel=\"canonical\" href=\"https:\/\/berrygoodnews.fr\/index.php\/2017\/06\/20\/stephane-mousset-vierzon\/\" \/>\n<meta property=\"og:locale\" content=\"fr_FR\" \/>\n<meta property=\"og:type\" content=\"article\" \/>\n<meta property=\"og:title\" content=\"St\u00e9phane Mousset, une &quot;sensibilit\u00e9&quot; de Vierzon - Berry Good News\" \/>\n<meta property=\"og:description\" content=\"A Vierzon des talents cach\u00e9s, des personnalit\u00e9s \u00e0 d\u00e9couvrir, de vrais talents. D&#039;ailleurs lisez ce texte si \u00e9mouvant de St\u00e9phane Mousset.\" \/>\n<meta property=\"og:url\" content=\"https:\/\/berrygoodnews.fr\/index.php\/2017\/06\/20\/stephane-mousset-vierzon\/\" \/>\n<meta property=\"og:site_name\" content=\"Berry Good News\" \/>\n<meta property=\"article:publisher\" content=\"https:\/\/www.facebook.com\/berrygoodnews\/\" \/>\n<meta property=\"article:published_time\" content=\"2017-06-20T16:16:53+00:00\" \/>\n<meta property=\"article:modified_time\" content=\"2023-11-06T16:36:14+00:00\" \/>\n<meta property=\"og:image\" content=\"https:\/\/i0.wp.com\/berrygoodnews.fr\/wp-content\/uploads\/2017\/06\/colibri_1497975392.jpg?fit=1280%2C853&ssl=1\" \/>\n\t<meta property=\"og:image:width\" content=\"1280\" \/>\n\t<meta property=\"og:image:height\" content=\"853\" \/>\n\t<meta property=\"og:image:type\" content=\"image\/jpeg\" \/>\n<meta name=\"author\" content=\"Berry Good News\" \/>\n<meta name=\"twitter:card\" content=\"summary_large_image\" \/>\n<meta name=\"twitter:label1\" content=\"\u00c9crit par\" \/>\n\t<meta name=\"twitter:data1\" content=\"Berry Good News\" \/>\n\t<meta name=\"twitter:label2\" content=\"Dur\u00e9e de lecture estim\u00e9e\" \/>\n\t<meta name=\"twitter:data2\" content=\"4 minutes\" \/>\n<script type=\"application\/ld+json\" class=\"yoast-schema-graph\">{\"@context\":\"https:\/\/schema.org\",\"@graph\":[{\"@type\":\"Article\",\"@id\":\"https:\/\/berrygoodnews.fr\/index.php\/2017\/06\/20\/stephane-mousset-vierzon\/#article\",\"isPartOf\":{\"@id\":\"https:\/\/berrygoodnews.fr\/index.php\/2017\/06\/20\/stephane-mousset-vierzon\/\"},\"author\":{\"name\":\"Berry Good News\",\"@id\":\"https:\/\/berrygoodnews.fr\/#\/schema\/person\/6dbdc03bea7806cc92376ffe2fcd047d\"},\"headline\":\"St\u00e9phane Mousset, une \u00ab\u00a0sensibilit\u00e9\u00a0\u00bb de Vierzon\",\"datePublished\":\"2017-06-20T16:16:53+00:00\",\"dateModified\":\"2023-11-06T16:36:14+00:00\",\"mainEntityOfPage\":{\"@id\":\"https:\/\/berrygoodnews.fr\/index.php\/2017\/06\/20\/stephane-mousset-vierzon\/\"},\"wordCount\":714,\"commentCount\":0,\"publisher\":{\"@id\":\"https:\/\/berrygoodnews.fr\/#organization\"},\"image\":{\"@id\":\"https:\/\/berrygoodnews.fr\/index.php\/2017\/06\/20\/stephane-mousset-vierzon\/#primaryimage\"},\"thumbnailUrl\":\"https:\/\/i0.wp.com\/berrygoodnews.fr\/wp-content\/uploads\/2017\/06\/colibri_1497975392.jpg?fit=1280%2C853&ssl=1\",\"keywords\":[\"berry\",\"Berry Good Vierzon\",\"berrygoodvierzon.fr\",\"centre\",\"changer\",\"Cher\",\"Eve- Elisabeth Martin\",\"furet\",\"po\u00e8te\",\"region centre\",\"St\u00e9phane Mousset\",\"viertzon\",\"vierzon\",\"Vierzonitude\",\"vierzonnais\"],\"articleSection\":[\"Vierzon et ses Environs\"],\"inLanguage\":\"fr-FR\",\"potentialAction\":[{\"@type\":\"CommentAction\",\"name\":\"Comment\",\"target\":[\"https:\/\/berrygoodnews.fr\/index.php\/2017\/06\/20\/stephane-mousset-vierzon\/#respond\"]}]},{\"@type\":\"WebPage\",\"@id\":\"https:\/\/berrygoodnews.fr\/index.php\/2017\/06\/20\/stephane-mousset-vierzon\/\",\"url\":\"https:\/\/berrygoodnews.fr\/index.php\/2017\/06\/20\/stephane-mousset-vierzon\/\",\"name\":\"St\u00e9phane Mousset, une \\\"sensibilit\u00e9\\\" de Vierzon - Berry Good News\",\"isPartOf\":{\"@id\":\"https:\/\/berrygoodnews.fr\/#website\"},\"primaryImageOfPage\":{\"@id\":\"https:\/\/berrygoodnews.fr\/index.php\/2017\/06\/20\/stephane-mousset-vierzon\/#primaryimage\"},\"image\":{\"@id\":\"https:\/\/berrygoodnews.fr\/index.php\/2017\/06\/20\/stephane-mousset-vierzon\/#primaryimage\"},\"thumbnailUrl\":\"https:\/\/i0.wp.com\/berrygoodnews.fr\/wp-content\/uploads\/2017\/06\/colibri_1497975392.jpg?fit=1280%2C853&ssl=1\",\"datePublished\":\"2017-06-20T16:16:53+00:00\",\"dateModified\":\"2023-11-06T16:36:14+00:00\",\"description\":\"A Vierzon des talents cach\u00e9s, des personnalit\u00e9s \u00e0 d\u00e9couvrir, de vrais talents. D'ailleurs lisez ce texte si \u00e9mouvant de St\u00e9phane Mousset.\",\"breadcrumb\":{\"@id\":\"https:\/\/berrygoodnews.fr\/index.php\/2017\/06\/20\/stephane-mousset-vierzon\/#breadcrumb\"},\"inLanguage\":\"fr-FR\",\"potentialAction\":[{\"@type\":\"ReadAction\",\"target\":[\"https:\/\/berrygoodnews.fr\/index.php\/2017\/06\/20\/stephane-mousset-vierzon\/\"]}]},{\"@type\":\"ImageObject\",\"inLanguage\":\"fr-FR\",\"@id\":\"https:\/\/berrygoodnews.fr\/index.php\/2017\/06\/20\/stephane-mousset-vierzon\/#primaryimage\",\"url\":\"https:\/\/i0.wp.com\/berrygoodnews.fr\/wp-content\/uploads\/2017\/06\/colibri_1497975392.jpg?fit=1280%2C853&ssl=1\",\"contentUrl\":\"https:\/\/i0.wp.com\/berrygoodnews.fr\/wp-content\/uploads\/2017\/06\/colibri_1497975392.jpg?fit=1280%2C853&ssl=1\",\"width\":1280,\"height\":853,\"caption\":\"dMz \/ Pixabay\"},{\"@type\":\"BreadcrumbList\",\"@id\":\"https:\/\/berrygoodnews.fr\/index.php\/2017\/06\/20\/stephane-mousset-vierzon\/#breadcrumb\",\"itemListElement\":[{\"@type\":\"ListItem\",\"position\":1,\"name\":\"Accueil\",\"item\":\"https:\/\/berrygoodnews.fr\/\"},{\"@type\":\"ListItem\",\"position\":2,\"name\":\"St\u00e9phane Mousset, une \u00ab\u00a0sensibilit\u00e9\u00a0\u00bb de Vierzon\"}]},{\"@type\":\"WebSite\",\"@id\":\"https:\/\/berrygoodnews.fr\/#website\",\"url\":\"https:\/\/berrygoodnews.fr\/\",\"name\":\"Berry Good News\",\"description\":\"Le Centre En Action\",\"publisher\":{\"@id\":\"https:\/\/berrygoodnews.fr\/#organization\"},\"potentialAction\":[{\"@type\":\"SearchAction\",\"target\":{\"@type\":\"EntryPoint\",\"urlTemplate\":\"https:\/\/berrygoodnews.fr\/?s={search_term_string}\"},\"query-input\":{\"@type\":\"PropertyValueSpecification\",\"valueRequired\":true,\"valueName\":\"search_term_string\"}}],\"inLanguage\":\"fr-FR\"},{\"@type\":\"Organization\",\"@id\":\"https:\/\/berrygoodnews.fr\/#organization\",\"name\":\"Berry Good News\",\"url\":\"https:\/\/berrygoodnews.fr\/\",\"logo\":{\"@type\":\"ImageObject\",\"inLanguage\":\"fr-FR\",\"@id\":\"https:\/\/berrygoodnews.fr\/#\/schema\/logo\/image\/\",\"url\":\"https:\/\/i0.wp.com\/berrygoodnews.fr\/wp-content\/uploads\/2023\/05\/LogoBGNCouleur.png?fit=318%2C181&ssl=1\",\"contentUrl\":\"https:\/\/i0.wp.com\/berrygoodnews.fr\/wp-content\/uploads\/2023\/05\/LogoBGNCouleur.png?fit=318%2C181&ssl=1\",\"width\":318,\"height\":181,\"caption\":\"Berry Good News\"},\"image\":{\"@id\":\"https:\/\/berrygoodnews.fr\/#\/schema\/logo\/image\/\"},\"sameAs\":[\"https:\/\/www.facebook.com\/berrygoodnews\/\",\"https:\/\/www.youtube.com\/channel\/UCdNcluXQMXIRcNvap69zaWg\"]},{\"@type\":\"Person\",\"@id\":\"https:\/\/berrygoodnews.fr\/#\/schema\/person\/6dbdc03bea7806cc92376ffe2fcd047d\",\"name\":\"Berry Good News\",\"image\":{\"@type\":\"ImageObject\",\"inLanguage\":\"fr-FR\",\"@id\":\"https:\/\/berrygoodnews.fr\/#\/schema\/person\/image\/\",\"url\":\"https:\/\/secure.gravatar.com\/avatar\/dc97e2c83b7805754cf833611fb0eaf80fd556a613a9819de1842868762ec883?s=96&d=mm&r=g\",\"contentUrl\":\"https:\/\/secure.gravatar.com\/avatar\/dc97e2c83b7805754cf833611fb0eaf80fd556a613a9819de1842868762ec883?s=96&d=mm&r=g\",\"caption\":\"Berry Good News\"},\"description\":\"Ex-parisienne, qui a choisi de s'installer il y a six ans \u00e0 Vierzon avec une activit\u00e9 de chambres d'h\u00f4tes. J'ai d\u00e9cid\u00e9 de montrer les bonnes initiatives. Je suis tr\u00e8s optimiste car on a beaucoup de talents ici. J'avais envie de changer la vision que certains ont sur la ville.\",\"url\":\"https:\/\/berrygoodnews.fr\/index.php\/author\/hv\/\"}]}<\/script>\n<!-- \/ Yoast SEO plugin. -->","yoast_head_json":{"title":"St\u00e9phane Mousset, une \"sensibilit\u00e9\" de Vierzon - Berry Good News","description":"A Vierzon des talents cach\u00e9s, des personnalit\u00e9s \u00e0 d\u00e9couvrir, de vrais talents. D'ailleurs lisez ce texte si \u00e9mouvant de St\u00e9phane Mousset.","robots":{"index":"index","follow":"follow","max-snippet":"max-snippet:-1","max-image-preview":"max-image-preview:large","max-video-preview":"max-video-preview:-1"},"canonical":"https:\/\/berrygoodnews.fr\/index.php\/2017\/06\/20\/stephane-mousset-vierzon\/","og_locale":"fr_FR","og_type":"article","og_title":"St\u00e9phane Mousset, une \"sensibilit\u00e9\" de Vierzon - Berry Good News","og_description":"A Vierzon des talents cach\u00e9s, des personnalit\u00e9s \u00e0 d\u00e9couvrir, de vrais talents. D'ailleurs lisez ce texte si \u00e9mouvant de St\u00e9phane Mousset.","og_url":"https:\/\/berrygoodnews.fr\/index.php\/2017\/06\/20\/stephane-mousset-vierzon\/","og_site_name":"Berry Good News","article_publisher":"https:\/\/www.facebook.com\/berrygoodnews\/","article_published_time":"2017-06-20T16:16:53+00:00","article_modified_time":"2023-11-06T16:36:14+00:00","og_image":[{"width":1280,"height":853,"url":"https:\/\/i0.wp.com\/berrygoodnews.fr\/wp-content\/uploads\/2017\/06\/colibri_1497975392.jpg?fit=1280%2C853&ssl=1","type":"image\/jpeg"}],"author":"Berry Good News","twitter_card":"summary_large_image","twitter_misc":{"\u00c9crit par":"Berry Good News","Dur\u00e9e de lecture estim\u00e9e":"4 minutes"},"schema":{"@context":"https:\/\/schema.org","@graph":[{"@type":"Article","@id":"https:\/\/berrygoodnews.fr\/index.php\/2017\/06\/20\/stephane-mousset-vierzon\/#article","isPartOf":{"@id":"https:\/\/berrygoodnews.fr\/index.php\/2017\/06\/20\/stephane-mousset-vierzon\/"},"author":{"name":"Berry Good News","@id":"https:\/\/berrygoodnews.fr\/#\/schema\/person\/6dbdc03bea7806cc92376ffe2fcd047d"},"headline":"St\u00e9phane Mousset, une \u00ab\u00a0sensibilit\u00e9\u00a0\u00bb de Vierzon","datePublished":"2017-06-20T16:16:53+00:00","dateModified":"2023-11-06T16:36:14+00:00","mainEntityOfPage":{"@id":"https:\/\/berrygoodnews.fr\/index.php\/2017\/06\/20\/stephane-mousset-vierzon\/"},"wordCount":714,"commentCount":0,"publisher":{"@id":"https:\/\/berrygoodnews.fr\/#organization"},"image":{"@id":"https:\/\/berrygoodnews.fr\/index.php\/2017\/06\/20\/stephane-mousset-vierzon\/#primaryimage"},"thumbnailUrl":"https:\/\/i0.wp.com\/berrygoodnews.fr\/wp-content\/uploads\/2017\/06\/colibri_1497975392.jpg?fit=1280%2C853&ssl=1","keywords":["berry","Berry Good Vierzon","berrygoodvierzon.fr","centre","changer","Cher","Eve- Elisabeth Martin","furet","po\u00e8te","region centre","St\u00e9phane Mousset","viertzon","vierzon","Vierzonitude","vierzonnais"],"articleSection":["Vierzon et ses Environs"],"inLanguage":"fr-FR","potentialAction":[{"@type":"CommentAction","name":"Comment","target":["https:\/\/berrygoodnews.fr\/index.php\/2017\/06\/20\/stephane-mousset-vierzon\/#respond"]}]},{"@type":"WebPage","@id":"https:\/\/berrygoodnews.fr\/index.php\/2017\/06\/20\/stephane-mousset-vierzon\/","url":"https:\/\/berrygoodnews.fr\/index.php\/2017\/06\/20\/stephane-mousset-vierzon\/","name":"St\u00e9phane Mousset, une \"sensibilit\u00e9\" de Vierzon - Berry Good News","isPartOf":{"@id":"https:\/\/berrygoodnews.fr\/#website"},"primaryImageOfPage":{"@id":"https:\/\/berrygoodnews.fr\/index.php\/2017\/06\/20\/stephane-mousset-vierzon\/#primaryimage"},"image":{"@id":"https:\/\/berrygoodnews.fr\/index.php\/2017\/06\/20\/stephane-mousset-vierzon\/#primaryimage"},"thumbnailUrl":"https:\/\/i0.wp.com\/berrygoodnews.fr\/wp-content\/uploads\/2017\/06\/colibri_1497975392.jpg?fit=1280%2C853&ssl=1","datePublished":"2017-06-20T16:16:53+00:00","dateModified":"2023-11-06T16:36:14+00:00","description":"A Vierzon des talents cach\u00e9s, des personnalit\u00e9s \u00e0 d\u00e9couvrir, de vrais talents. D'ailleurs lisez ce texte si \u00e9mouvant de St\u00e9phane Mousset.","breadcrumb":{"@id":"https:\/\/berrygoodnews.fr\/index.php\/2017\/06\/20\/stephane-mousset-vierzon\/#breadcrumb"},"inLanguage":"fr-FR","potentialAction":[{"@type":"ReadAction","target":["https:\/\/berrygoodnews.fr\/index.php\/2017\/06\/20\/stephane-mousset-vierzon\/"]}]},{"@type":"ImageObject","inLanguage":"fr-FR","@id":"https:\/\/berrygoodnews.fr\/index.php\/2017\/06\/20\/stephane-mousset-vierzon\/#primaryimage","url":"https:\/\/i0.wp.com\/berrygoodnews.fr\/wp-content\/uploads\/2017\/06\/colibri_1497975392.jpg?fit=1280%2C853&ssl=1","contentUrl":"https:\/\/i0.wp.com\/berrygoodnews.fr\/wp-content\/uploads\/2017\/06\/colibri_1497975392.jpg?fit=1280%2C853&ssl=1","width":1280,"height":853,"caption":"dMz \/ Pixabay"},{"@type":"BreadcrumbList","@id":"https:\/\/berrygoodnews.fr\/index.php\/2017\/06\/20\/stephane-mousset-vierzon\/#breadcrumb","itemListElement":[{"@type":"ListItem","position":1,"name":"Accueil","item":"https:\/\/berrygoodnews.fr\/"},{"@type":"ListItem","position":2,"name":"St\u00e9phane Mousset, une \u00ab\u00a0sensibilit\u00e9\u00a0\u00bb de Vierzon"}]},{"@type":"WebSite","@id":"https:\/\/berrygoodnews.fr\/#website","url":"https:\/\/berrygoodnews.fr\/","name":"Berry Good News","description":"Le Centre En Action","publisher":{"@id":"https:\/\/berrygoodnews.fr\/#organization"},"potentialAction":[{"@type":"SearchAction","target":{"@type":"EntryPoint","urlTemplate":"https:\/\/berrygoodnews.fr\/?s={search_term_string}"},"query-input":{"@type":"PropertyValueSpecification","valueRequired":true,"valueName":"search_term_string"}}],"inLanguage":"fr-FR"},{"@type":"Organization","@id":"https:\/\/berrygoodnews.fr\/#organization","name":"Berry Good News","url":"https:\/\/berrygoodnews.fr\/","logo":{"@type":"ImageObject","inLanguage":"fr-FR","@id":"https:\/\/berrygoodnews.fr\/#\/schema\/logo\/image\/","url":"https:\/\/i0.wp.com\/berrygoodnews.fr\/wp-content\/uploads\/2023\/05\/LogoBGNCouleur.png?fit=318%2C181&ssl=1","contentUrl":"https:\/\/i0.wp.com\/berrygoodnews.fr\/wp-content\/uploads\/2023\/05\/LogoBGNCouleur.png?fit=318%2C181&ssl=1","width":318,"height":181,"caption":"Berry Good News"},"image":{"@id":"https:\/\/berrygoodnews.fr\/#\/schema\/logo\/image\/"},"sameAs":["https:\/\/www.facebook.com\/berrygoodnews\/","https:\/\/www.youtube.com\/channel\/UCdNcluXQMXIRcNvap69zaWg"]},{"@type":"Person","@id":"https:\/\/berrygoodnews.fr\/#\/schema\/person\/6dbdc03bea7806cc92376ffe2fcd047d","name":"Berry Good News","image":{"@type":"ImageObject","inLanguage":"fr-FR","@id":"https:\/\/berrygoodnews.fr\/#\/schema\/person\/image\/","url":"https:\/\/secure.gravatar.com\/avatar\/dc97e2c83b7805754cf833611fb0eaf80fd556a613a9819de1842868762ec883?s=96&d=mm&r=g","contentUrl":"https:\/\/secure.gravatar.com\/avatar\/dc97e2c83b7805754cf833611fb0eaf80fd556a613a9819de1842868762ec883?s=96&d=mm&r=g","caption":"Berry Good News"},"description":"Ex-parisienne, qui a choisi de s'installer il y a six ans \u00e0 Vierzon avec une activit\u00e9 de chambres d'h\u00f4tes. J'ai d\u00e9cid\u00e9 de montrer les bonnes initiatives. Je suis tr\u00e8s optimiste car on a beaucoup de talents ici. J'avais envie de changer la vision que certains ont sur la ville.","url":"https:\/\/berrygoodnews.fr\/index.php\/author\/hv\/"}]}},"jetpack_publicize_connections":[],"jetpack_featured_media_url":"https:\/\/i0.wp.com\/berrygoodnews.fr\/wp-content\/uploads\/2017\/06\/colibri_1497975392.jpg?fit=1280%2C853&ssl=1","jetpack_shortlink":"https:\/\/wp.me\/paGqD8-gt","jetpack-related-posts":[],"jetpack_sharing_enabled":true,"_links":{"self":[{"href":"https:\/\/berrygoodnews.fr\/index.php\/wp-json\/wp\/v2\/posts\/1021","targetHints":{"allow":["GET"]}}],"collection":[{"href":"https:\/\/berrygoodnews.fr\/index.php\/wp-json\/wp\/v2\/posts"}],"about":[{"href":"https:\/\/berrygoodnews.fr\/index.php\/wp-json\/wp\/v2\/types\/post"}],"author":[{"embeddable":true,"href":"https:\/\/berrygoodnews.fr\/index.php\/wp-json\/wp\/v2\/users\/2"}],"replies":[{"embeddable":true,"href":"https:\/\/berrygoodnews.fr\/index.php\/wp-json\/wp\/v2\/comments?post=1021"}],"version-history":[{"count":2,"href":"https:\/\/berrygoodnews.fr\/index.php\/wp-json\/wp\/v2\/posts\/1021\/revisions"}],"predecessor-version":[{"id":12721,"href":"https:\/\/berrygoodnews.fr\/index.php\/wp-json\/wp\/v2\/posts\/1021\/revisions\/12721"}],"wp:featuredmedia":[{"embeddable":true,"href":"https:\/\/berrygoodnews.fr\/index.php\/wp-json\/wp\/v2\/media\/1028"}],"wp:attachment":[{"href":"https:\/\/berrygoodnews.fr\/index.php\/wp-json\/wp\/v2\/media?parent=1021"}],"wp:term":[{"taxonomy":"category","embeddable":true,"href":"https:\/\/berrygoodnews.fr\/index.php\/wp-json\/wp\/v2\/categories?post=1021"},{"taxonomy":"post_tag","embeddable":true,"href":"https:\/\/berrygoodnews.fr\/index.php\/wp-json\/wp\/v2\/tags?post=1021"},{"taxonomy":"post_format","embeddable":true,"href":"https:\/\/berrygoodnews.fr\/index.php\/wp-json\/wp\/v2\/post_format?post=1021"},{"taxonomy":"flags","embeddable":true,"href":"https:\/\/berrygoodnews.fr\/index.php\/wp-json\/wp\/v2\/flags?post=1021"}],"curies":[{"name":"wp","href":"https:\/\/api.w.org\/{rel}","templated":true}]}}